{"id":48454,"date":"2020-11-27T01:15:06","date_gmt":"2020-11-27T06:15:06","guid":{"rendered":"https:\/\/www.dev.nitu.mx\/?p=48454"},"modified":"2020-11-27T02:01:46","modified_gmt":"2020-11-27T07:01:46","slug":"aerolineas-mexicanas-perfilan-una-recuperacion-de-pasajeros","status":"publish","type":"post","link":"https:\/\/nitu.mx\/index.php\/2020\/11\/27\/aerolineas-mexicanas-perfilan-una-recuperacion-de-pasajeros\/","title":{"rendered":"Aerol\u00edneas mexicanas perfilan una recuperaci\u00f3n de pasajeros"},"content":{"rendered":"<p>Durante octubre, las aerol\u00edneas mexicanas atendieron a casi 4 millones de pasajeros, un 51% del nivel previo a la pandemia del COVID-19, en donde se reflej\u00f3 un notorio avance del segmento \u2018low-cost\u2019 y un avance lento de diferentes firmas.<\/p>\n<p>El mercado nacional recuper\u00f3 un 59% de los pasajeros, con un flujo de 2.7 millones de pasajeros, contra los 4.6 millones del mismo mes del 2019; y el internacional tuvo 1.3 millones de usuarios, una recuperaci\u00f3n del 40 por ciento.<\/p>\n<p>En este universo, Volaris registr\u00f3 el mayor n\u00famero de pasajeros en el pa\u00eds, 1.2 millones, que represent\u00f3 un 75% de los usuarios atendidos en el d\u00e9cimo mes de 2019. Mientas que Viva Aerobus tuvo m\u00e1s de 803,000 usuarios en octubre pasado.<\/p>\n<p>Aerom\u00e9xico recuper\u00f3 un 51% de los usuarios de 2019 con un flujo de m\u00e1s de 858 mil pasajeros. Mientras que Interjet es la \u00fanica aerol\u00ednea que no logr\u00f3 un avance, y que se extender\u00e1 unos meses m\u00e1s dada su situaci\u00f3n fiscal actual.<\/p>\n<p>Aeromar transport\u00f3 un total de 27 mil 120 pasajeros, mientras que A\u00e9reo Calafia llev\u00f3 a 5 mil 614 viajeros, y Transportes A\u00e9reos Regionales, a un total de 14 mil 897 usuario en el mes de referencia. (<a title=\"Aerol\u00edneas mexicanas en riesgo de desaparecer de no recibir apoyo del gobierno: IATA\" href=\"https:\/\/www.dev.nitu.mx\/index.php\/2020\/04\/13\/aerolineas-mexicanas-en-riesgo-de-desaparecer-de-no-recibir-apoyo-del-gobierno-iata\/\" rel=\"bookmark\">Aerol\u00edneas mexicanas en riesgo de desaparecer de no recibir apoyo del gobierno: IATA<\/a>).<\/p>\n<p>En un anuncio reciente, la Asociaci\u00f3n Internacional de Transporte A\u00e9reo (IATA) destac\u00f3 que la capacidad a\u00e9rea en M\u00e9xico se encuentra solamente un 5% por debajo de lo registrado en el 2019. (realestatemarket).<\/p>\n","protected":false},"excerpt":{"rendered":"<p>Durante octubre, las aerol\u00edneas mexicanas atendieron a casi 4 millones de pasajeros, un 51% del nivel previo a la pandemia del COVID-19, en donde se reflej\u00f3 un notorio avance del segmento \u2018low-cost\u2019 y un avance lento de diferentes firmas. El mercado nacional recuper\u00f3 un 59% de los pasajeros, con un flujo de 2.7 millones de [&hellip;]<\/p>\n","protected":false},"author":17,"featured_media":3796,"comment_status":"open","ping_status":"open","sticky":false,"template":"","format":"standard","meta":{"footnotes":""},"categories":[29,6],"tags":[1600,172,2102,131],"yoast_head":"<!-- This site is optimized with the Yoast SEO plugin v22.2 - https:\/\/yoast.com\/wordpress\/plugins\/seo\/ -->\n<title>Aerol\u00edneas mexicanas perfilan una recuperaci\u00f3n de pasajeros - Nitu - Noticias de la Industria Turistica<\/title>\n<meta name=\"robots\" content=\"index, follow, max-snippet:-1, max-image-preview:large, max-video-preview:-1\" \/>\n<link rel=\"canonical\" href=\"https:\/\/nitu.mx\/index.php\/2020\/11\/27\/aerolineas-mexicanas-perfilan-una-recuperacion-de-pasajeros\/\" \/>\n<meta name=\"twitter:card\" content=\"summary_large_image\" \/>\n<meta name=\"twitter:title\" content=\"Aerol\u00edneas mexicanas perfilan una recuperaci\u00f3n de pasajeros - Nitu - Noticias de la Industria Turistica\" \/>\n<meta name=\"twitter:description\" content=\"Durante octubre, las aerol\u00edneas mexicanas atendieron a casi 4 millones de pasajeros, un 51% del nivel previo a la pandemia del COVID-19, en donde se reflej\u00f3 un notorio avance del segmento \u2018low-cost\u2019 y un avance lento de diferentes firmas. El mercado nacional recuper\u00f3 un 59% de los pasajeros, con un flujo de 2.7 millones de [&hellip;]\" \/>\n<meta name=\"twitter:image\" content=\"https:\/\/nitu.mx\/wp-content\/uploads\/2016\/11\/aerolineas-mexicanas.jpg\" \/>\n<meta name=\"twitter:creator\" content=\"@NITUmx\" \/>\n<meta name=\"twitter:site\" content=\"@Arturo_Medina_G\" \/>\n<meta name=\"twitter:label1\" content=\"Escrito por\" \/>\n\t<meta name=\"twitter:data1\" content=\"Redacci\u00f3n\" \/>\n\t<meta name=\"twitter:label2\" content=\"Tiempo de lectura\" \/>\n\t<meta name=\"twitter:data2\" content=\"1 minuto\" \/>\n<script type=\"application\/ld+json\" class=\"yoast-schema-graph\">{\"@context\":\"https:\/\/schema.org\",\"@graph\":[{\"@type\":\"Article\",\"@id\":\"https:\/\/nitu.mx\/index.php\/2020\/11\/27\/aerolineas-mexicanas-perfilan-una-recuperacion-de-pasajeros\/#article\",\"isPartOf\":{\"@id\":\"https:\/\/nitu.mx\/index.php\/2020\/11\/27\/aerolineas-mexicanas-perfilan-una-recuperacion-de-pasajeros\/\"},\"author\":{\"name\":\"Redacci\u00f3n\",\"@id\":\"https:\/\/nitu.mx\/#\/schema\/person\/4a28fe9bd65924f7c90623773daf1b0b\"},\"headline\":\"Aerol\u00edneas mexicanas perfilan una recuperaci\u00f3n de pasajeros\",\"datePublished\":\"2020-11-27T06:15:06+00:00\",\"dateModified\":\"2020-11-27T07:01:46+00:00\",\"mainEntityOfPage\":{\"@id\":\"https:\/\/nitu.mx\/index.php\/2020\/11\/27\/aerolineas-mexicanas-perfilan-una-recuperacion-de-pasajeros\/\"},\"wordCount\":247,\"commentCount\":0,\"publisher\":{\"@id\":\"https:\/\/nitu.mx\/#\/schema\/person\/ae7a53426417292d3dd07b45a33e01bc\"},\"image\":{\"@id\":\"https:\/\/nitu.mx\/index.php\/2020\/11\/27\/aerolineas-mexicanas-perfilan-una-recuperacion-de-pasajeros\/#primaryimage\"},\"thumbnailUrl\":\"https:\/\/nitu.mx\/wp-content\/uploads\/2016\/11\/aerolineas-mexicanas.jpg\",\"keywords\":[\"aerol\u00edneas mexicanas\",\"Interjet\",\"Viva Aerobus\",\"Volaris\"],\"articleSection\":[\"Aerol\u00edneas\",\"M\u00e9xico\"],\"inLanguage\":\"es-MX\",\"potentialAction\":[{\"@type\":\"CommentAction\",\"name\":\"Comment\",\"target\":[\"https:\/\/nitu.mx\/index.php\/2020\/11\/27\/aerolineas-mexicanas-perfilan-una-recuperacion-de-pasajeros\/#respond\"]}]},{\"@type\":\"WebPage\",\"@id\":\"https:\/\/nitu.mx\/index.php\/2020\/11\/27\/aerolineas-mexicanas-perfilan-una-recuperacion-de-pasajeros\/\",\"url\":\"https:\/\/nitu.mx\/index.php\/2020\/11\/27\/aerolineas-mexicanas-perfilan-una-recuperacion-de-pasajeros\/\",\"name\":\"Aerol\u00edneas mexicanas perfilan una recuperaci\u00f3n de pasajeros - Nitu - Noticias de la Industria Turistica\",\"isPartOf\":{\"@id\":\"https:\/\/nitu.mx\/#website\"},\"primaryImageOfPage\":{\"@id\":\"https:\/\/nitu.mx\/index.php\/2020\/11\/27\/aerolineas-mexicanas-perfilan-una-recuperacion-de-pasajeros\/#primaryimage\"},\"image\":{\"@id\":\"https:\/\/nitu.mx\/index.php\/2020\/11\/27\/aerolineas-mexicanas-perfilan-una-recuperacion-de-pasajeros\/#primaryimage\"},\"thumbnailUrl\":\"https:\/\/nitu.mx\/wp-content\/uploads\/2016\/11\/aerolineas-mexicanas.jpg\",\"datePublished\":\"2020-11-27T06:15:06+00:00\",\"dateModified\":\"2020-11-27T07:01:46+00:00\",\"breadcrumb\":{\"@id\":\"https:\/\/nitu.mx\/index.php\/2020\/11\/27\/aerolineas-mexicanas-perfilan-una-recuperacion-de-pasajeros\/#breadcrumb\"},\"inLanguage\":\"es-MX\",\"potentialAction\":[{\"@type\":\"ReadAction\",\"target\":[\"https:\/\/nitu.mx\/index.php\/2020\/11\/27\/aerolineas-mexicanas-perfilan-una-recuperacion-de-pasajeros\/\"]}]},{\"@type\":\"ImageObject\",\"inLanguage\":\"es-MX\",\"@id\":\"https:\/\/nitu.mx\/index.php\/2020\/11\/27\/aerolineas-mexicanas-perfilan-una-recuperacion-de-pasajeros\/#primaryimage\",\"url\":\"https:\/\/nitu.mx\/wp-content\/uploads\/2016\/11\/aerolineas-mexicanas.jpg\",\"contentUrl\":\"https:\/\/nitu.mx\/wp-content\/uploads\/2016\/11\/aerolineas-mexicanas.jpg\",\"width\":1474,\"height\":926,\"caption\":\"aerolineas mexicanas Profeco\"},{\"@type\":\"BreadcrumbList\",\"@id\":\"https:\/\/nitu.mx\/index.php\/2020\/11\/27\/aerolineas-mexicanas-perfilan-una-recuperacion-de-pasajeros\/#breadcrumb\",\"itemListElement\":[{\"@type\":\"ListItem\",\"position\":1,\"name\":\"Inicio\",\"item\":\"https:\/\/nitu.mx\/\"},{\"@type\":\"ListItem\",\"position\":2,\"name\":\"Aerol\u00edneas mexicanas perfilan una recuperaci\u00f3n de pasajeros\"}]},{\"@type\":\"WebSite\",\"@id\":\"https:\/\/nitu.mx\/#website\",\"url\":\"https:\/\/nitu.mx\/\",\"name\":\"Nitu - Noticias de la Industria Turistica\",\"description\":\"Noticias de la Industria Turistica\",\"publisher\":{\"@id\":\"https:\/\/nitu.mx\/#\/schema\/person\/ae7a53426417292d3dd07b45a33e01bc\"},\"alternateName\":\"Noticias de la Industria Turistica\",\"potentialAction\":[{\"@type\":\"SearchAction\",\"target\":{\"@type\":\"EntryPoint\",\"urlTemplate\":\"https:\/\/nitu.mx\/?s={search_term_string}\"},\"query-input\":\"required name=search_term_string\"}],\"inLanguage\":\"es-MX\"},{\"@type\":[\"Person\",\"Organization\"],\"@id\":\"https:\/\/nitu.mx\/#\/schema\/person\/ae7a53426417292d3dd07b45a33e01bc\",\"name\":\"Arturo Medina\",\"image\":{\"@type\":\"ImageObject\",\"inLanguage\":\"es-MX\",\"@id\":\"https:\/\/nitu.mx\/#\/schema\/person\/image\/\",\"url\":\"https:\/\/nitu.mx\/wp-content\/uploads\/2024\/04\/4A315622-1904-4D5C-B022-878CDC840E04-90x90-1.jpeg\",\"contentUrl\":\"https:\/\/nitu.mx\/wp-content\/uploads\/2024\/04\/4A315622-1904-4D5C-B022-878CDC840E04-90x90-1.jpeg\",\"width\":90,\"height\":90,\"caption\":\"Arturo Medina\"},\"logo\":{\"@id\":\"https:\/\/nitu.mx\/#\/schema\/person\/image\/\"},\"description\":\"Director NITU.mx, Egresado de la Escuela de Periodismo Carlos Septi\u00e9n Garc\u00eda. Periodista y analista especializado en turismo desde hace 35 a\u00f1os, radicado en Canc\u00fan Q.Roo. arturo@nitu.mx\",\"sameAs\":[\"https:\/\/nitu.mx\",\"https:\/\/www.facebook.com\/NITUmx\/\",\"medinacancun\",\"https:\/\/twitter.com\/@Arturo_Medina_G\"]},{\"@type\":\"Person\",\"@id\":\"https:\/\/nitu.mx\/#\/schema\/person\/4a28fe9bd65924f7c90623773daf1b0b\",\"name\":\"Redacci\u00f3n\",\"image\":{\"@type\":\"ImageObject\",\"inLanguage\":\"es-MX\",\"@id\":\"https:\/\/nitu.mx\/#\/schema\/person\/image\/\",\"url\":\"https:\/\/secure.gravatar.com\/avatar\/5dd011c8ccfc5cd7e4c81e42252aab38?s=96&d=mm&r=g\",\"contentUrl\":\"https:\/\/secure.gravatar.com\/avatar\/5dd011c8ccfc5cd7e4c81e42252aab38?s=96&d=mm&r=g\",\"caption\":\"Redacci\u00f3n\"},\"url\":\"https:\/\/nitu.mx\/index.php\/author\/redaccion\/\"}]}<\/script>\n<!-- \/ Yoast SEO plugin. -->","yoast_head_json":{"title":"Aerol\u00edneas mexicanas perfilan una recuperaci\u00f3n de pasajeros - Nitu - Noticias de la Industria Turistica","robots":{"index":"index","follow":"follow","max-snippet":"max-snippet:-1","max-image-preview":"max-image-preview:large","max-video-preview":"max-video-preview:-1"},"canonical":"https:\/\/nitu.mx\/index.php\/2020\/11\/27\/aerolineas-mexicanas-perfilan-una-recuperacion-de-pasajeros\/","twitter_card":"summary_large_image","twitter_title":"Aerol\u00edneas mexicanas perfilan una recuperaci\u00f3n de pasajeros - Nitu - Noticias de la Industria Turistica","twitter_description":"Durante octubre, las aerol\u00edneas mexicanas atendieron a casi 4 millones de pasajeros, un 51% del nivel previo a la pandemia del COVID-19, en donde se reflej\u00f3 un notorio avance del segmento \u2018low-cost\u2019 y un avance lento de diferentes firmas. El mercado nacional recuper\u00f3 un 59% de los pasajeros, con un flujo de 2.7 millones de [&hellip;]","twitter_image":"https:\/\/nitu.mx\/wp-content\/uploads\/2016\/11\/aerolineas-mexicanas.jpg","twitter_creator":"@NITUmx","twitter_site":"@Arturo_Medina_G","twitter_misc":{"Escrito por":"Redacci\u00f3n","Tiempo de lectura":"1 minuto"},"schema":{"@context":"https:\/\/schema.org","@graph":[{"@type":"Article","@id":"https:\/\/nitu.mx\/index.php\/2020\/11\/27\/aerolineas-mexicanas-perfilan-una-recuperacion-de-pasajeros\/#article","isPartOf":{"@id":"https:\/\/nitu.mx\/index.php\/2020\/11\/27\/aerolineas-mexicanas-perfilan-una-recuperacion-de-pasajeros\/"},"author":{"name":"Redacci\u00f3n","@id":"https:\/\/nitu.mx\/#\/schema\/person\/4a28fe9bd65924f7c90623773daf1b0b"},"headline":"Aerol\u00edneas mexicanas perfilan una recuperaci\u00f3n de pasajeros","datePublished":"2020-11-27T06:15:06+00:00","dateModified":"2020-11-27T07:01:46+00:00","mainEntityOfPage":{"@id":"https:\/\/nitu.mx\/index.php\/2020\/11\/27\/aerolineas-mexicanas-perfilan-una-recuperacion-de-pasajeros\/"},"wordCount":247,"commentCount":0,"publisher":{"@id":"https:\/\/nitu.mx\/#\/schema\/person\/ae7a53426417292d3dd07b45a33e01bc"},"image":{"@id":"https:\/\/nitu.mx\/index.php\/2020\/11\/27\/aerolineas-mexicanas-perfilan-una-recuperacion-de-pasajeros\/#primaryimage"},"thumbnailUrl":"https:\/\/nitu.mx\/wp-content\/uploads\/2016\/11\/aerolineas-mexicanas.jpg","keywords":["aerol\u00edneas mexicanas","Interjet","Viva Aerobus","Volaris"],"articleSection":["Aerol\u00edneas","M\u00e9xico"],"inLanguage":"es-MX","potentialAction":[{"@type":"CommentAction","name":"Comment","target":["https:\/\/nitu.mx\/index.php\/2020\/11\/27\/aerolineas-mexicanas-perfilan-una-recuperacion-de-pasajeros\/#respond"]}]},{"@type":"WebPage","@id":"https:\/\/nitu.mx\/index.php\/2020\/11\/27\/aerolineas-mexicanas-perfilan-una-recuperacion-de-pasajeros\/","url":"https:\/\/nitu.mx\/index.php\/2020\/11\/27\/aerolineas-mexicanas-perfilan-una-recuperacion-de-pasajeros\/","name":"Aerol\u00edneas mexicanas perfilan una recuperaci\u00f3n de pasajeros - Nitu - Noticias de la Industria Turistica","isPartOf":{"@id":"https:\/\/nitu.mx\/#website"},"primaryImageOfPage":{"@id":"https:\/\/nitu.mx\/index.php\/2020\/11\/27\/aerolineas-mexicanas-perfilan-una-recuperacion-de-pasajeros\/#primaryimage"},"image":{"@id":"https:\/\/nitu.mx\/index.php\/2020\/11\/27\/aerolineas-mexicanas-perfilan-una-recuperacion-de-pasajeros\/#primaryimage"},"thumbnailUrl":"https:\/\/nitu.mx\/wp-content\/uploads\/2016\/11\/aerolineas-mexicanas.jpg","datePublished":"2020-11-27T06:15:06+00:00","dateModified":"2020-11-27T07:01:46+00:00","breadcrumb":{"@id":"https:\/\/nitu.mx\/index.php\/2020\/11\/27\/aerolineas-mexicanas-perfilan-una-recuperacion-de-pasajeros\/#breadcrumb"},"inLanguage":"es-MX","potentialAction":[{"@type":"ReadAction","target":["https:\/\/nitu.mx\/index.php\/2020\/11\/27\/aerolineas-mexicanas-perfilan-una-recuperacion-de-pasajeros\/"]}]},{"@type":"ImageObject","inLanguage":"es-MX","@id":"https:\/\/nitu.mx\/index.php\/2020\/11\/27\/aerolineas-mexicanas-perfilan-una-recuperacion-de-pasajeros\/#primaryimage","url":"https:\/\/nitu.mx\/wp-content\/uploads\/2016\/11\/aerolineas-mexicanas.jpg","contentUrl":"https:\/\/nitu.mx\/wp-content\/uploads\/2016\/11\/aerolineas-mexicanas.jpg","width":1474,"height":926,"caption":"aerolineas mexicanas Profeco"},{"@type":"BreadcrumbList","@id":"https:\/\/nitu.mx\/index.php\/2020\/11\/27\/aerolineas-mexicanas-perfilan-una-recuperacion-de-pasajeros\/#breadcrumb","itemListElement":[{"@type":"ListItem","position":1,"name":"Inicio","item":"https:\/\/nitu.mx\/"},{"@type":"ListItem","position":2,"name":"Aerol\u00edneas mexicanas perfilan una recuperaci\u00f3n de pasajeros"}]},{"@type":"WebSite","@id":"https:\/\/nitu.mx\/#website","url":"https:\/\/nitu.mx\/","name":"Nitu - Noticias de la Industria Turistica","description":"Noticias de la Industria Turistica","publisher":{"@id":"https:\/\/nitu.mx\/#\/schema\/person\/ae7a53426417292d3dd07b45a33e01bc"},"alternateName":"Noticias de la Industria Turistica","potentialAction":[{"@type":"SearchAction","target":{"@type":"EntryPoint","urlTemplate":"https:\/\/nitu.mx\/?s={search_term_string}"},"query-input":"required name=search_term_string"}],"inLanguage":"es-MX"},{"@type":["Person","Organization"],"@id":"https:\/\/nitu.mx\/#\/schema\/person\/ae7a53426417292d3dd07b45a33e01bc","name":"Arturo Medina","image":{"@type":"ImageObject","inLanguage":"es-MX","@id":"https:\/\/nitu.mx\/#\/schema\/person\/image\/","url":"https:\/\/nitu.mx\/wp-content\/uploads\/2024\/04\/4A315622-1904-4D5C-B022-878CDC840E04-90x90-1.jpeg","contentUrl":"https:\/\/nitu.mx\/wp-content\/uploads\/2024\/04\/4A315622-1904-4D5C-B022-878CDC840E04-90x90-1.jpeg","width":90,"height":90,"caption":"Arturo Medina"},"logo":{"@id":"https:\/\/nitu.mx\/#\/schema\/person\/image\/"},"description":"Director NITU.mx, Egresado de la Escuela de Periodismo Carlos Septi\u00e9n Garc\u00eda. Periodista y analista especializado en turismo desde hace 35 a\u00f1os, radicado en Canc\u00fan Q.Roo. arturo@nitu.mx","sameAs":["https:\/\/nitu.mx","https:\/\/www.facebook.com\/NITUmx\/","medinacancun","https:\/\/twitter.com\/@Arturo_Medina_G"]},{"@type":"Person","@id":"https:\/\/nitu.mx\/#\/schema\/person\/4a28fe9bd65924f7c90623773daf1b0b","name":"Redacci\u00f3n","image":{"@type":"ImageObject","inLanguage":"es-MX","@id":"https:\/\/nitu.mx\/#\/schema\/person\/image\/","url":"https:\/\/secure.gravatar.com\/avatar\/5dd011c8ccfc5cd7e4c81e42252aab38?s=96&d=mm&r=g","contentUrl":"https:\/\/secure.gravatar.com\/avatar\/5dd011c8ccfc5cd7e4c81e42252aab38?s=96&d=mm&r=g","caption":"Redacci\u00f3n"},"url":"https:\/\/nitu.mx\/index.php\/author\/redaccion\/"}]}},"views":254,"_links":{"self":[{"href":"https:\/\/nitu.mx\/index.php\/wp-json\/wp\/v2\/posts\/48454"}],"collection":[{"href":"https:\/\/nitu.mx\/index.php\/wp-json\/wp\/v2\/posts"}],"about":[{"href":"https:\/\/nitu.mx\/index.php\/wp-json\/wp\/v2\/types\/post"}],"author":[{"embeddable":true,"href":"https:\/\/nitu.mx\/index.php\/wp-json\/wp\/v2\/users\/17"}],"replies":[{"embeddable":true,"href":"https:\/\/nitu.mx\/index.php\/wp-json\/wp\/v2\/comments?post=48454"}],"version-history":[{"count":4,"href":"https:\/\/nitu.mx\/index.php\/wp-json\/wp\/v2\/posts\/48454\/revisions"}],"predecessor-version":[{"id":48485,"href":"https:\/\/nitu.mx\/index.php\/wp-json\/wp\/v2\/posts\/48454\/revisions\/48485"}],"wp:featuredmedia":[{"embeddable":true,"href":"https:\/\/nitu.mx\/index.php\/wp-json\/wp\/v2\/media\/3796"}],"wp:attachment":[{"href":"https:\/\/nitu.mx\/index.php\/wp-json\/wp\/v2\/media?parent=48454"}],"wp:term":[{"taxonomy":"category","embeddable":true,"href":"https:\/\/nitu.mx\/index.php\/wp-json\/wp\/v2\/categories?post=48454"},{"taxonomy":"post_tag","embeddable":true,"href":"https:\/\/nitu.mx\/index.php\/wp-json\/wp\/v2\/tags?post=48454"}],"curies":[{"name":"wp","href":"https:\/\/api.w.org\/{rel}","templated":true}]}}