{"id":48449,"date":"2020-11-26T17:40:59","date_gmt":"2020-11-26T22:40:59","guid":{"rendered":"https:\/\/www.dev.nitu.mx\/?p=48449"},"modified":"2020-11-27T01:49:14","modified_gmt":"2020-11-27T06:49:14","slug":"puerto-vallarta-estima-cerrar-noviembre-con-45-de-ocupacion-hotelera","status":"publish","type":"post","link":"https:\/\/nitu.mx\/index.php\/2020\/11\/26\/puerto-vallarta-estima-cerrar-noviembre-con-45-de-ocupacion-hotelera\/","title":{"rendered":"Puerto Vallarta estima cerrar noviembre con 45% de ocupaci\u00f3n hotelera"},"content":{"rendered":"<p>La reactivaci\u00f3n tur\u00edstica en Puerto Vallarta sigue un paso acelerado principalmente de septiembre a la fecha, pues ese mes registr\u00f3 30 por ciento de ocupaci\u00f3n hotelera, misma que aument\u00f3 a 40 en octubre y para noviembre estima cerrar con 45 por ciento.<\/p>\n<p>Seg\u00fan cifras del Fideicomiso de Promoci\u00f3n y Publicidad Tur\u00edstica de Puerto Vallarta, los fines de semana de noviembre ya superaron 40 por ciento de ocupaci\u00f3n, principalmente en el \u00faltimo fin de semana largo del a\u00f1o, y se tiene una buena expectativa por el D\u00eda de Acci\u00f3n de Gracias.<\/p>\n<p>Esta fecha es muy socorrida por los turistas estadounidenses para visitar alguno de los c\u00e1lidos destinos de M\u00e9xico, por lo que se espera un importante arribo de viajeros pese a la advertencia lanzada hace unos d\u00edas por los CDC de Estados Unidos para evitar viajar a nuestro pa\u00eds.<\/p>\n<p>Grupo Aeroportuario del Pac\u00edfico, que tiene a su cargo el Aeropuerto de Puerto Vallarta, inform\u00f3 que desde junio, mes en que inici\u00f3 la reapertura tur\u00edstica, hasta octubre, han llegado 289 mil 100 pasajeros, tanto nacionales como internacionales.<\/p>\n<p>El n\u00famero de vuelos tambi\u00e9n ha tenido un incremento al pasar de 322 en junio a mil 006 en octubre, y para noviembre se calcula que habr\u00e1 mil 323 frecuencias a\u00e9reas.<\/p>\n<p>Luis Villase\u00f1or, director interino del Fidetur Puerto Vallarta, destaca que estos logros son producto de la estrategia de 360 grados que han impulsado en conjunto con el sector hotelero para hacer promoci\u00f3n, publicidad, mercadotecnia, relaciones p\u00fablicas y una adecuada estrategia digital.<\/p>\n<p>Con esto se ha promovido una reactivaci\u00f3n tur\u00edstica responsable, apegados a los lineamientos que indican las autoridades de salud.<\/p>\n<p>Al interior del pa\u00eds se han dirigido a mercados potenciales como el Baj\u00edo y el Noroeste, a trav\u00e9s de webinars, mientras que al exterior ha habido 49 actividades dirigidas a las ciudades emisoras de Estados Unidos con capacitaciones, conferencias y tradeshows.<\/p>\n<p>De la mano de socios comerciales como Apple Leisure Group, Costco Vacations, Expedia, Vax Vacations, Classic Vacations, Pleasant Holidays, American Airlines Vacations, Delta Vacations, RCI, Volaris, Aerom\u00e9xico, Volaris, entre otros, se ha capacitado a m\u00e1s de 4 mil 700 asesores de viajes en la oferta tur\u00edstica de Puerto Vallarta.\u00a0<a title=\"Aeromar reactiva ruta CDMX-Puerto Vallarta con vuelos todos los d\u00edas\" href=\"https:\/\/www.dev.nitu.mx\/index.php\/2020\/09\/15\/aeromar-reactiva-ruta-cdmx-puerto-vallarta-con-vuelos-todos-los-dias\/\" rel=\"bookmark\">(Aeromar reactiva ruta CDMX-Puerto Vallarta con vuelos todos los d\u00edas<\/a>).<\/p>\n","protected":false},"excerpt":{"rendered":"<p>La reactivaci\u00f3n tur\u00edstica en Puerto Vallarta sigue un paso acelerado principalmente de septiembre a la fecha, pues ese mes registr\u00f3 30 por ciento de ocupaci\u00f3n hotelera, misma que aument\u00f3 a 40 en octubre y para noviembre estima cerrar con 45 por ciento. Seg\u00fan cifras del Fideicomiso de Promoci\u00f3n y Publicidad Tur\u00edstica de Puerto Vallarta, los [&hellip;]<\/p>\n","protected":false},"author":18,"featured_media":45581,"comment_status":"open","ping_status":"open","sticky":false,"template":"","format":"standard","meta":{"footnotes":""},"categories":[5],"tags":[30,1206,10938,471,131],"yoast_head":"<!-- This site is optimized with the Yoast SEO plugin v22.2 - https:\/\/yoast.com\/wordpress\/plugins\/seo\/ -->\n<title>Puerto Vallarta estima cerrar noviembre con 45% de ocupaci\u00f3n hotelera - Nitu - Noticias de la Industria Turistica<\/title>\n<meta name=\"robots\" content=\"index, follow, max-snippet:-1, max-image-preview:large, max-video-preview:-1\" \/>\n<link rel=\"canonical\" href=\"https:\/\/nitu.mx\/index.php\/2020\/11\/26\/puerto-vallarta-estima-cerrar-noviembre-con-45-de-ocupacion-hotelera\/\" \/>\n<meta name=\"twitter:card\" content=\"summary_large_image\" \/>\n<meta name=\"twitter:title\" content=\"Puerto Vallarta estima cerrar noviembre con 45% de ocupaci\u00f3n hotelera - Nitu - Noticias de la Industria Turistica\" \/>\n<meta name=\"twitter:description\" content=\"La reactivaci\u00f3n tur\u00edstica en Puerto Vallarta sigue un paso acelerado principalmente de septiembre a la fecha, pues ese mes registr\u00f3 30 por ciento de ocupaci\u00f3n hotelera, misma que aument\u00f3 a 40 en octubre y para noviembre estima cerrar con 45 por ciento. Seg\u00fan cifras del Fideicomiso de Promoci\u00f3n y Publicidad Tur\u00edstica de Puerto Vallarta, los [&hellip;]\" \/>\n<meta name=\"twitter:image\" content=\"https:\/\/nitu.mx\/wp-content\/uploads\/2020\/08\/Puerto-Vallarta-postal.jpg\" \/>\n<meta name=\"twitter:creator\" content=\"@NITUmx\" \/>\n<meta name=\"twitter:site\" content=\"@Arturo_Medina_G\" \/>\n<meta name=\"twitter:label1\" content=\"Escrito por\" \/>\n\t<meta name=\"twitter:data1\" content=\"Guadalupe Sixto\" \/>\n\t<meta name=\"twitter:label2\" content=\"Tiempo de lectura\" \/>\n\t<meta name=\"twitter:data2\" content=\"2 minutos\" \/>\n<script type=\"application\/ld+json\" class=\"yoast-schema-graph\">{\"@context\":\"https:\/\/schema.org\",\"@graph\":[{\"@type\":\"Article\",\"@id\":\"https:\/\/nitu.mx\/index.php\/2020\/11\/26\/puerto-vallarta-estima-cerrar-noviembre-con-45-de-ocupacion-hotelera\/#article\",\"isPartOf\":{\"@id\":\"https:\/\/nitu.mx\/index.php\/2020\/11\/26\/puerto-vallarta-estima-cerrar-noviembre-con-45-de-ocupacion-hotelera\/\"},\"author\":{\"name\":\"Guadalupe Sixto\",\"@id\":\"https:\/\/nitu.mx\/#\/schema\/person\/3df3082b5e46037e3f13614d28ee0b77\"},\"headline\":\"Puerto Vallarta estima cerrar noviembre con 45% de ocupaci\u00f3n hotelera\",\"datePublished\":\"2020-11-26T22:40:59+00:00\",\"dateModified\":\"2020-11-27T06:49:14+00:00\",\"mainEntityOfPage\":{\"@id\":\"https:\/\/nitu.mx\/index.php\/2020\/11\/26\/puerto-vallarta-estima-cerrar-noviembre-con-45-de-ocupacion-hotelera\/\"},\"wordCount\":394,\"commentCount\":0,\"publisher\":{\"@id\":\"https:\/\/nitu.mx\/#\/schema\/person\/ae7a53426417292d3dd07b45a33e01bc\"},\"image\":{\"@id\":\"https:\/\/nitu.mx\/index.php\/2020\/11\/26\/puerto-vallarta-estima-cerrar-noviembre-con-45-de-ocupacion-hotelera\/#primaryimage\"},\"thumbnailUrl\":\"https:\/\/nitu.mx\/wp-content\/uploads\/2020\/08\/Puerto-Vallarta-postal.jpg\",\"keywords\":[\"Aerom\u00e9xico\",\"Apple Leisure Group\",\"Luis Villase\u00f1or\",\"Puerto Vallarta\",\"Volaris\"],\"articleSection\":[\"Destinos\"],\"inLanguage\":\"es-MX\",\"potentialAction\":[{\"@type\":\"CommentAction\",\"name\":\"Comment\",\"target\":[\"https:\/\/nitu.mx\/index.php\/2020\/11\/26\/puerto-vallarta-estima-cerrar-noviembre-con-45-de-ocupacion-hotelera\/#respond\"]}]},{\"@type\":\"WebPage\",\"@id\":\"https:\/\/nitu.mx\/index.php\/2020\/11\/26\/puerto-vallarta-estima-cerrar-noviembre-con-45-de-ocupacion-hotelera\/\",\"url\":\"https:\/\/nitu.mx\/index.php\/2020\/11\/26\/puerto-vallarta-estima-cerrar-noviembre-con-45-de-ocupacion-hotelera\/\",\"name\":\"Puerto Vallarta estima cerrar noviembre con 45% de ocupaci\u00f3n hotelera - Nitu - Noticias de la Industria Turistica\",\"isPartOf\":{\"@id\":\"https:\/\/nitu.mx\/#website\"},\"primaryImageOfPage\":{\"@id\":\"https:\/\/nitu.mx\/index.php\/2020\/11\/26\/puerto-vallarta-estima-cerrar-noviembre-con-45-de-ocupacion-hotelera\/#primaryimage\"},\"image\":{\"@id\":\"https:\/\/nitu.mx\/index.php\/2020\/11\/26\/puerto-vallarta-estima-cerrar-noviembre-con-45-de-ocupacion-hotelera\/#primaryimage\"},\"thumbnailUrl\":\"https:\/\/nitu.mx\/wp-content\/uploads\/2020\/08\/Puerto-Vallarta-postal.jpg\",\"datePublished\":\"2020-11-26T22:40:59+00:00\",\"dateModified\":\"2020-11-27T06:49:14+00:00\",\"breadcrumb\":{\"@id\":\"https:\/\/nitu.mx\/index.php\/2020\/11\/26\/puerto-vallarta-estima-cerrar-noviembre-con-45-de-ocupacion-hotelera\/#breadcrumb\"},\"inLanguage\":\"es-MX\",\"potentialAction\":[{\"@type\":\"ReadAction\",\"target\":[\"https:\/\/nitu.mx\/index.php\/2020\/11\/26\/puerto-vallarta-estima-cerrar-noviembre-con-45-de-ocupacion-hotelera\/\"]}]},{\"@type\":\"ImageObject\",\"inLanguage\":\"es-MX\",\"@id\":\"https:\/\/nitu.mx\/index.php\/2020\/11\/26\/puerto-vallarta-estima-cerrar-noviembre-con-45-de-ocupacion-hotelera\/#primaryimage\",\"url\":\"https:\/\/nitu.mx\/wp-content\/uploads\/2020\/08\/Puerto-Vallarta-postal.jpg\",\"contentUrl\":\"https:\/\/nitu.mx\/wp-content\/uploads\/2020\/08\/Puerto-Vallarta-postal.jpg\",\"width\":850,\"height\":480,\"caption\":\"Puerto Vallarta\"},{\"@type\":\"BreadcrumbList\",\"@id\":\"https:\/\/nitu.mx\/index.php\/2020\/11\/26\/puerto-vallarta-estima-cerrar-noviembre-con-45-de-ocupacion-hotelera\/#breadcrumb\",\"itemListElement\":[{\"@type\":\"ListItem\",\"position\":1,\"name\":\"Inicio\",\"item\":\"https:\/\/nitu.mx\/\"},{\"@type\":\"ListItem\",\"position\":2,\"name\":\"Puerto Vallarta estima cerrar noviembre con 45% de ocupaci\u00f3n hotelera\"}]},{\"@type\":\"WebSite\",\"@id\":\"https:\/\/nitu.mx\/#website\",\"url\":\"https:\/\/nitu.mx\/\",\"name\":\"Nitu - Noticias de la Industria Turistica\",\"description\":\"Noticias de la Industria Turistica\",\"publisher\":{\"@id\":\"https:\/\/nitu.mx\/#\/schema\/person\/ae7a53426417292d3dd07b45a33e01bc\"},\"alternateName\":\"Noticias de la Industria Turistica\",\"potentialAction\":[{\"@type\":\"SearchAction\",\"target\":{\"@type\":\"EntryPoint\",\"urlTemplate\":\"https:\/\/nitu.mx\/?s={search_term_string}\"},\"query-input\":\"required name=search_term_string\"}],\"inLanguage\":\"es-MX\"},{\"@type\":[\"Person\",\"Organization\"],\"@id\":\"https:\/\/nitu.mx\/#\/schema\/person\/ae7a53426417292d3dd07b45a33e01bc\",\"name\":\"Arturo Medina\",\"image\":{\"@type\":\"ImageObject\",\"inLanguage\":\"es-MX\",\"@id\":\"https:\/\/nitu.mx\/#\/schema\/person\/image\/\",\"url\":\"https:\/\/nitu.mx\/wp-content\/uploads\/2024\/04\/4A315622-1904-4D5C-B022-878CDC840E04-90x90-1.jpeg\",\"contentUrl\":\"https:\/\/nitu.mx\/wp-content\/uploads\/2024\/04\/4A315622-1904-4D5C-B022-878CDC840E04-90x90-1.jpeg\",\"width\":90,\"height\":90,\"caption\":\"Arturo Medina\"},\"logo\":{\"@id\":\"https:\/\/nitu.mx\/#\/schema\/person\/image\/\"},\"description\":\"Director NITU.mx, Egresado de la Escuela de Periodismo Carlos Septi\u00e9n Garc\u00eda. Periodista y analista especializado en turismo desde hace 35 a\u00f1os, radicado en Canc\u00fan Q.Roo. arturo@nitu.mx\",\"sameAs\":[\"https:\/\/nitu.mx\",\"https:\/\/www.facebook.com\/NITUmx\/\",\"medinacancun\",\"https:\/\/twitter.com\/@Arturo_Medina_G\"]},{\"@type\":\"Person\",\"@id\":\"https:\/\/nitu.mx\/#\/schema\/person\/3df3082b5e46037e3f13614d28ee0b77\",\"name\":\"Guadalupe Sixto\",\"image\":{\"@type\":\"ImageObject\",\"inLanguage\":\"es-MX\",\"@id\":\"https:\/\/nitu.mx\/#\/schema\/person\/image\/\",\"url\":\"https:\/\/secure.gravatar.com\/avatar\/13914e1b0e1919e91f9539de4dc584c4?s=96&d=mm&r=g\",\"contentUrl\":\"https:\/\/secure.gravatar.com\/avatar\/13914e1b0e1919e91f9539de4dc584c4?s=96&d=mm&r=g\",\"caption\":\"Guadalupe Sixto\"},\"url\":\"https:\/\/nitu.mx\/index.php\/author\/gsixto\/\"}]}<\/script>\n<!-- \/ Yoast SEO plugin. -->","yoast_head_json":{"title":"Puerto Vallarta estima cerrar noviembre con 45% de ocupaci\u00f3n hotelera - Nitu - Noticias de la Industria Turistica","robots":{"index":"index","follow":"follow","max-snippet":"max-snippet:-1","max-image-preview":"max-image-preview:large","max-video-preview":"max-video-preview:-1"},"canonical":"https:\/\/nitu.mx\/index.php\/2020\/11\/26\/puerto-vallarta-estima-cerrar-noviembre-con-45-de-ocupacion-hotelera\/","twitter_card":"summary_large_image","twitter_title":"Puerto Vallarta estima cerrar noviembre con 45% de ocupaci\u00f3n hotelera - Nitu - Noticias de la Industria Turistica","twitter_description":"La reactivaci\u00f3n tur\u00edstica en Puerto Vallarta sigue un paso acelerado principalmente de septiembre a la fecha, pues ese mes registr\u00f3 30 por ciento de ocupaci\u00f3n hotelera, misma que aument\u00f3 a 40 en octubre y para noviembre estima cerrar con 45 por ciento. Seg\u00fan cifras del Fideicomiso de Promoci\u00f3n y Publicidad Tur\u00edstica de Puerto Vallarta, los [&hellip;]","twitter_image":"https:\/\/nitu.mx\/wp-content\/uploads\/2020\/08\/Puerto-Vallarta-postal.jpg","twitter_creator":"@NITUmx","twitter_site":"@Arturo_Medina_G","twitter_misc":{"Escrito por":"Guadalupe Sixto","Tiempo de lectura":"2 minutos"},"schema":{"@context":"https:\/\/schema.org","@graph":[{"@type":"Article","@id":"https:\/\/nitu.mx\/index.php\/2020\/11\/26\/puerto-vallarta-estima-cerrar-noviembre-con-45-de-ocupacion-hotelera\/#article","isPartOf":{"@id":"https:\/\/nitu.mx\/index.php\/2020\/11\/26\/puerto-vallarta-estima-cerrar-noviembre-con-45-de-ocupacion-hotelera\/"},"author":{"name":"Guadalupe Sixto","@id":"https:\/\/nitu.mx\/#\/schema\/person\/3df3082b5e46037e3f13614d28ee0b77"},"headline":"Puerto Vallarta estima cerrar noviembre con 45% de ocupaci\u00f3n hotelera","datePublished":"2020-11-26T22:40:59+00:00","dateModified":"2020-11-27T06:49:14+00:00","mainEntityOfPage":{"@id":"https:\/\/nitu.mx\/index.php\/2020\/11\/26\/puerto-vallarta-estima-cerrar-noviembre-con-45-de-ocupacion-hotelera\/"},"wordCount":394,"commentCount":0,"publisher":{"@id":"https:\/\/nitu.mx\/#\/schema\/person\/ae7a53426417292d3dd07b45a33e01bc"},"image":{"@id":"https:\/\/nitu.mx\/index.php\/2020\/11\/26\/puerto-vallarta-estima-cerrar-noviembre-con-45-de-ocupacion-hotelera\/#primaryimage"},"thumbnailUrl":"https:\/\/nitu.mx\/wp-content\/uploads\/2020\/08\/Puerto-Vallarta-postal.jpg","keywords":["Aerom\u00e9xico","Apple Leisure Group","Luis Villase\u00f1or","Puerto Vallarta","Volaris"],"articleSection":["Destinos"],"inLanguage":"es-MX","potentialAction":[{"@type":"CommentAction","name":"Comment","target":["https:\/\/nitu.mx\/index.php\/2020\/11\/26\/puerto-vallarta-estima-cerrar-noviembre-con-45-de-ocupacion-hotelera\/#respond"]}]},{"@type":"WebPage","@id":"https:\/\/nitu.mx\/index.php\/2020\/11\/26\/puerto-vallarta-estima-cerrar-noviembre-con-45-de-ocupacion-hotelera\/","url":"https:\/\/nitu.mx\/index.php\/2020\/11\/26\/puerto-vallarta-estima-cerrar-noviembre-con-45-de-ocupacion-hotelera\/","name":"Puerto Vallarta estima cerrar noviembre con 45% de ocupaci\u00f3n hotelera - Nitu - Noticias de la Industria Turistica","isPartOf":{"@id":"https:\/\/nitu.mx\/#website"},"primaryImageOfPage":{"@id":"https:\/\/nitu.mx\/index.php\/2020\/11\/26\/puerto-vallarta-estima-cerrar-noviembre-con-45-de-ocupacion-hotelera\/#primaryimage"},"image":{"@id":"https:\/\/nitu.mx\/index.php\/2020\/11\/26\/puerto-vallarta-estima-cerrar-noviembre-con-45-de-ocupacion-hotelera\/#primaryimage"},"thumbnailUrl":"https:\/\/nitu.mx\/wp-content\/uploads\/2020\/08\/Puerto-Vallarta-postal.jpg","datePublished":"2020-11-26T22:40:59+00:00","dateModified":"2020-11-27T06:49:14+00:00","breadcrumb":{"@id":"https:\/\/nitu.mx\/index.php\/2020\/11\/26\/puerto-vallarta-estima-cerrar-noviembre-con-45-de-ocupacion-hotelera\/#breadcrumb"},"inLanguage":"es-MX","potentialAction":[{"@type":"ReadAction","target":["https:\/\/nitu.mx\/index.php\/2020\/11\/26\/puerto-vallarta-estima-cerrar-noviembre-con-45-de-ocupacion-hotelera\/"]}]},{"@type":"ImageObject","inLanguage":"es-MX","@id":"https:\/\/nitu.mx\/index.php\/2020\/11\/26\/puerto-vallarta-estima-cerrar-noviembre-con-45-de-ocupacion-hotelera\/#primaryimage","url":"https:\/\/nitu.mx\/wp-content\/uploads\/2020\/08\/Puerto-Vallarta-postal.jpg","contentUrl":"https:\/\/nitu.mx\/wp-content\/uploads\/2020\/08\/Puerto-Vallarta-postal.jpg","width":850,"height":480,"caption":"Puerto Vallarta"},{"@type":"BreadcrumbList","@id":"https:\/\/nitu.mx\/index.php\/2020\/11\/26\/puerto-vallarta-estima-cerrar-noviembre-con-45-de-ocupacion-hotelera\/#breadcrumb","itemListElement":[{"@type":"ListItem","position":1,"name":"Inicio","item":"https:\/\/nitu.mx\/"},{"@type":"ListItem","position":2,"name":"Puerto Vallarta estima cerrar noviembre con 45% de ocupaci\u00f3n hotelera"}]},{"@type":"WebSite","@id":"https:\/\/nitu.mx\/#website","url":"https:\/\/nitu.mx\/","name":"Nitu - Noticias de la Industria Turistica","description":"Noticias de la Industria Turistica","publisher":{"@id":"https:\/\/nitu.mx\/#\/schema\/person\/ae7a53426417292d3dd07b45a33e01bc"},"alternateName":"Noticias de la Industria Turistica","potentialAction":[{"@type":"SearchAction","target":{"@type":"EntryPoint","urlTemplate":"https:\/\/nitu.mx\/?s={search_term_string}"},"query-input":"required name=search_term_string"}],"inLanguage":"es-MX"},{"@type":["Person","Organization"],"@id":"https:\/\/nitu.mx\/#\/schema\/person\/ae7a53426417292d3dd07b45a33e01bc","name":"Arturo Medina","image":{"@type":"ImageObject","inLanguage":"es-MX","@id":"https:\/\/nitu.mx\/#\/schema\/person\/image\/","url":"https:\/\/nitu.mx\/wp-content\/uploads\/2024\/04\/4A315622-1904-4D5C-B022-878CDC840E04-90x90-1.jpeg","contentUrl":"https:\/\/nitu.mx\/wp-content\/uploads\/2024\/04\/4A315622-1904-4D5C-B022-878CDC840E04-90x90-1.jpeg","width":90,"height":90,"caption":"Arturo Medina"},"logo":{"@id":"https:\/\/nitu.mx\/#\/schema\/person\/image\/"},"description":"Director NITU.mx, Egresado de la Escuela de Periodismo Carlos Septi\u00e9n Garc\u00eda. Periodista y analista especializado en turismo desde hace 35 a\u00f1os, radicado en Canc\u00fan Q.Roo. arturo@nitu.mx","sameAs":["https:\/\/nitu.mx","https:\/\/www.facebook.com\/NITUmx\/","medinacancun","https:\/\/twitter.com\/@Arturo_Medina_G"]},{"@type":"Person","@id":"https:\/\/nitu.mx\/#\/schema\/person\/3df3082b5e46037e3f13614d28ee0b77","name":"Guadalupe Sixto","image":{"@type":"ImageObject","inLanguage":"es-MX","@id":"https:\/\/nitu.mx\/#\/schema\/person\/image\/","url":"https:\/\/secure.gravatar.com\/avatar\/13914e1b0e1919e91f9539de4dc584c4?s=96&d=mm&r=g","contentUrl":"https:\/\/secure.gravatar.com\/avatar\/13914e1b0e1919e91f9539de4dc584c4?s=96&d=mm&r=g","caption":"Guadalupe Sixto"},"url":"https:\/\/nitu.mx\/index.php\/author\/gsixto\/"}]}},"views":260,"_links":{"self":[{"href":"https:\/\/nitu.mx\/index.php\/wp-json\/wp\/v2\/posts\/48449"}],"collection":[{"href":"https:\/\/nitu.mx\/index.php\/wp-json\/wp\/v2\/posts"}],"about":[{"href":"https:\/\/nitu.mx\/index.php\/wp-json\/wp\/v2\/types\/post"}],"author":[{"embeddable":true,"href":"https:\/\/nitu.mx\/index.php\/wp-json\/wp\/v2\/users\/18"}],"replies":[{"embeddable":true,"href":"https:\/\/nitu.mx\/index.php\/wp-json\/wp\/v2\/comments?post=48449"}],"version-history":[{"count":1,"href":"https:\/\/nitu.mx\/index.php\/wp-json\/wp\/v2\/posts\/48449\/revisions"}],"predecessor-version":[{"id":48450,"href":"https:\/\/nitu.mx\/index.php\/wp-json\/wp\/v2\/posts\/48449\/revisions\/48450"}],"wp:featuredmedia":[{"embeddable":true,"href":"https:\/\/nitu.mx\/index.php\/wp-json\/wp\/v2\/media\/45581"}],"wp:attachment":[{"href":"https:\/\/nitu.mx\/index.php\/wp-json\/wp\/v2\/media?parent=48449"}],"wp:term":[{"taxonomy":"category","embeddable":true,"href":"https:\/\/nitu.mx\/index.php\/wp-json\/wp\/v2\/categories?post=48449"},{"taxonomy":"post_tag","embeddable":true,"href":"https:\/\/nitu.mx\/index.php\/wp-json\/wp\/v2\/tags?post=48449"}],"curies":[{"name":"wp","href":"https:\/\/api.w.org\/{rel}","templated":true}]}}