{"id":48349,"date":"2020-11-23T23:45:25","date_gmt":"2020-11-24T04:45:25","guid":{"rendered":"https:\/\/www.dev.nitu.mx\/?p=48349"},"modified":"2020-11-24T01:02:34","modified_gmt":"2020-11-24T06:02:34","slug":"air-france-transporta-la-primer-salida-grupal-desde-mexico","status":"publish","type":"post","link":"https:\/\/nitu.mx\/index.php\/2020\/11\/23\/air-france-transporta-la-primer-salida-grupal-desde-mexico\/","title":{"rendered":"Air France transporta la primer salida grupal desde M\u00e9xico"},"content":{"rendered":"<p>El 20 de noviembre, Air France transport\u00f3, desde el AICM al primer grupo de turistas mexicanos de su socio comercial estrat\u00e9gico Mega Travel, con rumbo a Turqu\u00eda, con conexi\u00f3n en el aeropuerto Par\u00eds-Charles de Gaulle, como parte del inicio de sus salidas grupales. Entusiasmados por el programa de 11 d\u00edas y 9 noches \u201cMagia Turca\u201d, que les esperaba al llegar a su destino, los m\u00e1s de 30 viajeros siguieron las estrictas medidas sanitarias que la aerol\u00ednea aplica, en cada etapa del viaje, desde el inicio de la pandemia, para combatir la Covid-19.<\/p>\n<p>Air France requiere, por ejemplo, que sus clientes utilicen cubre boca de tipo quir\u00fargico en todos sus vuelos. Tambi\u00e9n, intensific\u00f3 las operaciones de limpieza diaria de las aeronaves e introdujo un procedimiento espec\u00edfico para la desinfecci\u00f3n de cabinas con un producto virucida homologado. Para m\u00e1s detalles sobre el compromiso de la aerol\u00ednea con la salud e higiene, tanto en tierra como a bordo, le agradecemos visitar nuestra secci\u00f3n dedicada al programa Air France Protect.<\/p>\n<p>\u201cEstamos sumamente orgullosos y agradecidos de ser la aerol\u00ednea elegida por nuestro socio Mega Travel. Este grupo muestra la confianza que los viajeros mexicanos y las agencias tienen en la reactivaci\u00f3n de los viajes en la nueva normalidad, y en los protocolos de higiene y seguridad que estamos aplicando las distintas figuras de los sectores transporte y turismo. Como Turqu\u00eda es uno de los pocos pa\u00edses que ha abierto sus puertas al turismo, afirmo con gusto que Air France es la mejor opci\u00f3n para llevar a los pasajeros mexicanos hasta all\u00ed, de forma segura y en estricto cumplimiento de los m\u00e1s altos est\u00e1ndares de desinfecci\u00f3n. Estamos listos, esperando poder darles la bienvenida a m\u00e1s ciudadanos mexicanos a bordo\u201d, declar\u00f3 Maud Oostenbrink, directora comercial del grupo Air France-KLM en M\u00e9xico.<\/p>\n<p>Si bien Air France nunca detuvo su operaci\u00f3n desde la Ciudad de M\u00e9xico, el n\u00famero de frecuencias hacia Par\u00eds se redujo en el mes de marzo y regres\u00f3 al habitual, con siete vuelos semanales, hace pocas semanas, a\u00fan en el complejo contexto mundial y con las restricciones de viaje, ya que su \u00e1rea de Carga opera de forma activa en medio de la pandemia, y contin\u00faan traslad\u00e1ndose personas que cumplen con los requisitos impuestos por los pa\u00edses alrededor del mundo. El grupo Air France-KLM contin\u00faa as\u00ed contribuyendo al mantenimiento de las relaciones comerciales del pa\u00eds y de su conectividad, en su compromiso de ya 68 a\u00f1os con M\u00e9xico. (<a title=\"Air France reanuda la ruta Par\u00eds-Canc\u00fan-Par\u00eds\" href=\"https:\/\/www.dev.nitu.mx\/index.php\/2020\/10\/05\/air-france-reanuda-la-ruta-paris-cancun-paris\/\" rel=\"bookmark\">Air France reanuda la ruta Par\u00eds-Canc\u00fan-Par\u00eds<\/a>).<\/p>\n<p>El horario y d\u00edas de operaci\u00f3n de los vuelos Air France se pueden consultar en la p\u00e1gina www.airfrance.com.mx<\/p>\n<p><strong>Una pol\u00edtica comercial totalmente flexible<\/strong><\/p>\n<p>Air France adapta sus medidas comerciales para que los viajeros reserven su pr\u00f3ximo viaje con total confianza. Para m\u00e1s informaci\u00f3n sobre la pol\u00edtica comercial flexible, le invitamos a visitar nuestro sitio www.airfrance.com.mx<\/p>\n<p>Antes de viajar, Air France recomienda a sus clientes que verifiquen los requisitos vigentes de sus pa\u00edses de origen, tr\u00e1nsito y destino con las autoridades pertinentes o en airfrance.traveldoc.aero, ya que estos pueden haber sido modificados a ra\u00edz de la epidemia de Covid-19.<\/p>\n","protected":false},"excerpt":{"rendered":"<p>El 20 de noviembre, Air France transport\u00f3, desde el AICM al primer grupo de turistas mexicanos de su socio comercial estrat\u00e9gico Mega Travel, con rumbo a Turqu\u00eda, con conexi\u00f3n en el aeropuerto Par\u00eds-Charles de Gaulle, como parte del inicio de sus salidas grupales. Entusiasmados por el programa de 11 d\u00edas y 9 noches \u201cMagia Turca\u201d, [&hellip;]<\/p>\n","protected":false},"author":18,"featured_media":12010,"comment_status":"open","ping_status":"open","sticky":false,"template":"","format":"standard","meta":{"footnotes":""},"categories":[29],"tags":[294,1086,1187,1087,2649],"yoast_head":"<!-- This site is optimized with the Yoast SEO plugin v22.2 - https:\/\/yoast.com\/wordpress\/plugins\/seo\/ -->\n<title>Air France transporta la primer salida grupal desde M\u00e9xico - Nitu - Noticias de la Industria Turistica<\/title>\n<meta name=\"robots\" content=\"index, follow, max-snippet:-1, max-image-preview:large, max-video-preview:-1\" \/>\n<link rel=\"canonical\" href=\"https:\/\/nitu.mx\/index.php\/2020\/11\/23\/air-france-transporta-la-primer-salida-grupal-desde-mexico\/\" \/>\n<meta name=\"twitter:card\" content=\"summary_large_image\" \/>\n<meta name=\"twitter:title\" content=\"Air France transporta la primer salida grupal desde M\u00e9xico - Nitu - Noticias de la Industria Turistica\" \/>\n<meta name=\"twitter:description\" content=\"El 20 de noviembre, Air France transport\u00f3, desde el AICM al primer grupo de turistas mexicanos de su socio comercial estrat\u00e9gico Mega Travel, con rumbo a Turqu\u00eda, con conexi\u00f3n en el aeropuerto Par\u00eds-Charles de Gaulle, como parte del inicio de sus salidas grupales. Entusiasmados por el programa de 11 d\u00edas y 9 noches \u201cMagia Turca\u201d, [&hellip;]\" \/>\n<meta name=\"twitter:image\" content=\"https:\/\/nitu.mx\/wp-content\/uploads\/2017\/08\/Air-France-cancun.jpg\" \/>\n<meta name=\"twitter:creator\" content=\"@NITUmx\" \/>\n<meta name=\"twitter:site\" content=\"@Arturo_Medina_G\" \/>\n<meta name=\"twitter:label1\" content=\"Escrito por\" \/>\n\t<meta name=\"twitter:data1\" content=\"Guadalupe Sixto\" \/>\n\t<meta name=\"twitter:label2\" content=\"Tiempo de lectura\" \/>\n\t<meta name=\"twitter:data2\" content=\"3 minutos\" \/>\n<script type=\"application\/ld+json\" class=\"yoast-schema-graph\">{\"@context\":\"https:\/\/schema.org\",\"@graph\":[{\"@type\":\"Article\",\"@id\":\"https:\/\/nitu.mx\/index.php\/2020\/11\/23\/air-france-transporta-la-primer-salida-grupal-desde-mexico\/#article\",\"isPartOf\":{\"@id\":\"https:\/\/nitu.mx\/index.php\/2020\/11\/23\/air-france-transporta-la-primer-salida-grupal-desde-mexico\/\"},\"author\":{\"name\":\"Guadalupe Sixto\",\"@id\":\"https:\/\/nitu.mx\/#\/schema\/person\/3df3082b5e46037e3f13614d28ee0b77\"},\"headline\":\"Air France transporta la primer salida grupal desde M\u00e9xico\",\"datePublished\":\"2020-11-24T04:45:25+00:00\",\"dateModified\":\"2020-11-24T06:02:34+00:00\",\"mainEntityOfPage\":{\"@id\":\"https:\/\/nitu.mx\/index.php\/2020\/11\/23\/air-france-transporta-la-primer-salida-grupal-desde-mexico\/\"},\"wordCount\":570,\"commentCount\":0,\"publisher\":{\"@id\":\"https:\/\/nitu.mx\/#\/schema\/person\/ae7a53426417292d3dd07b45a33e01bc\"},\"image\":{\"@id\":\"https:\/\/nitu.mx\/index.php\/2020\/11\/23\/air-france-transporta-la-primer-salida-grupal-desde-mexico\/#primaryimage\"},\"thumbnailUrl\":\"https:\/\/nitu.mx\/wp-content\/uploads\/2017\/08\/Air-France-cancun.jpg\",\"keywords\":[\"AICM\",\"Air France\",\"Mega Travel\",\"Par\u00eds\",\"Turqu\u00eda\"],\"articleSection\":[\"Aerol\u00edneas\"],\"inLanguage\":\"es-MX\",\"potentialAction\":[{\"@type\":\"CommentAction\",\"name\":\"Comment\",\"target\":[\"https:\/\/nitu.mx\/index.php\/2020\/11\/23\/air-france-transporta-la-primer-salida-grupal-desde-mexico\/#respond\"]}]},{\"@type\":\"WebPage\",\"@id\":\"https:\/\/nitu.mx\/index.php\/2020\/11\/23\/air-france-transporta-la-primer-salida-grupal-desde-mexico\/\",\"url\":\"https:\/\/nitu.mx\/index.php\/2020\/11\/23\/air-france-transporta-la-primer-salida-grupal-desde-mexico\/\",\"name\":\"Air France transporta la primer salida grupal desde M\u00e9xico - Nitu - Noticias de la Industria Turistica\",\"isPartOf\":{\"@id\":\"https:\/\/nitu.mx\/#website\"},\"primaryImageOfPage\":{\"@id\":\"https:\/\/nitu.mx\/index.php\/2020\/11\/23\/air-france-transporta-la-primer-salida-grupal-desde-mexico\/#primaryimage\"},\"image\":{\"@id\":\"https:\/\/nitu.mx\/index.php\/2020\/11\/23\/air-france-transporta-la-primer-salida-grupal-desde-mexico\/#primaryimage\"},\"thumbnailUrl\":\"https:\/\/nitu.mx\/wp-content\/uploads\/2017\/08\/Air-France-cancun.jpg\",\"datePublished\":\"2020-11-24T04:45:25+00:00\",\"dateModified\":\"2020-11-24T06:02:34+00:00\",\"breadcrumb\":{\"@id\":\"https:\/\/nitu.mx\/index.php\/2020\/11\/23\/air-france-transporta-la-primer-salida-grupal-desde-mexico\/#breadcrumb\"},\"inLanguage\":\"es-MX\",\"potentialAction\":[{\"@type\":\"ReadAction\",\"target\":[\"https:\/\/nitu.mx\/index.php\/2020\/11\/23\/air-france-transporta-la-primer-salida-grupal-desde-mexico\/\"]}]},{\"@type\":\"ImageObject\",\"inLanguage\":\"es-MX\",\"@id\":\"https:\/\/nitu.mx\/index.php\/2020\/11\/23\/air-france-transporta-la-primer-salida-grupal-desde-mexico\/#primaryimage\",\"url\":\"https:\/\/nitu.mx\/wp-content\/uploads\/2017\/08\/Air-France-cancun.jpg\",\"contentUrl\":\"https:\/\/nitu.mx\/wp-content\/uploads\/2017\/08\/Air-France-cancun.jpg\",\"width\":850,\"height\":480,\"caption\":\"Air France\"},{\"@type\":\"BreadcrumbList\",\"@id\":\"https:\/\/nitu.mx\/index.php\/2020\/11\/23\/air-france-transporta-la-primer-salida-grupal-desde-mexico\/#breadcrumb\",\"itemListElement\":[{\"@type\":\"ListItem\",\"position\":1,\"name\":\"Inicio\",\"item\":\"https:\/\/nitu.mx\/\"},{\"@type\":\"ListItem\",\"position\":2,\"name\":\"Air France transporta la primer salida grupal desde M\u00e9xico\"}]},{\"@type\":\"WebSite\",\"@id\":\"https:\/\/nitu.mx\/#website\",\"url\":\"https:\/\/nitu.mx\/\",\"name\":\"Nitu - Noticias de la Industria Turistica\",\"description\":\"Noticias de la Industria Turistica\",\"publisher\":{\"@id\":\"https:\/\/nitu.mx\/#\/schema\/person\/ae7a53426417292d3dd07b45a33e01bc\"},\"alternateName\":\"Noticias de la Industria Turistica\",\"potentialAction\":[{\"@type\":\"SearchAction\",\"target\":{\"@type\":\"EntryPoint\",\"urlTemplate\":\"https:\/\/nitu.mx\/?s={search_term_string}\"},\"query-input\":\"required name=search_term_string\"}],\"inLanguage\":\"es-MX\"},{\"@type\":[\"Person\",\"Organization\"],\"@id\":\"https:\/\/nitu.mx\/#\/schema\/person\/ae7a53426417292d3dd07b45a33e01bc\",\"name\":\"Arturo Medina\",\"image\":{\"@type\":\"ImageObject\",\"inLanguage\":\"es-MX\",\"@id\":\"https:\/\/nitu.mx\/#\/schema\/person\/image\/\",\"url\":\"https:\/\/nitu.mx\/wp-content\/uploads\/2024\/04\/4A315622-1904-4D5C-B022-878CDC840E04-90x90-1.jpeg\",\"contentUrl\":\"https:\/\/nitu.mx\/wp-content\/uploads\/2024\/04\/4A315622-1904-4D5C-B022-878CDC840E04-90x90-1.jpeg\",\"width\":90,\"height\":90,\"caption\":\"Arturo Medina\"},\"logo\":{\"@id\":\"https:\/\/nitu.mx\/#\/schema\/person\/image\/\"},\"description\":\"Director NITU.mx, Egresado de la Escuela de Periodismo Carlos Septi\u00e9n Garc\u00eda. Periodista y analista especializado en turismo desde hace 35 a\u00f1os, radicado en Canc\u00fan Q.Roo. arturo@nitu.mx\",\"sameAs\":[\"https:\/\/nitu.mx\",\"https:\/\/www.facebook.com\/NITUmx\/\",\"medinacancun\",\"https:\/\/twitter.com\/@Arturo_Medina_G\"]},{\"@type\":\"Person\",\"@id\":\"https:\/\/nitu.mx\/#\/schema\/person\/3df3082b5e46037e3f13614d28ee0b77\",\"name\":\"Guadalupe Sixto\",\"image\":{\"@type\":\"ImageObject\",\"inLanguage\":\"es-MX\",\"@id\":\"https:\/\/nitu.mx\/#\/schema\/person\/image\/\",\"url\":\"https:\/\/secure.gravatar.com\/avatar\/13914e1b0e1919e91f9539de4dc584c4?s=96&d=mm&r=g\",\"contentUrl\":\"https:\/\/secure.gravatar.com\/avatar\/13914e1b0e1919e91f9539de4dc584c4?s=96&d=mm&r=g\",\"caption\":\"Guadalupe Sixto\"},\"url\":\"https:\/\/nitu.mx\/index.php\/author\/gsixto\/\"}]}<\/script>\n<!-- \/ Yoast SEO plugin. -->","yoast_head_json":{"title":"Air France transporta la primer salida grupal desde M\u00e9xico - Nitu - Noticias de la Industria Turistica","robots":{"index":"index","follow":"follow","max-snippet":"max-snippet:-1","max-image-preview":"max-image-preview:large","max-video-preview":"max-video-preview:-1"},"canonical":"https:\/\/nitu.mx\/index.php\/2020\/11\/23\/air-france-transporta-la-primer-salida-grupal-desde-mexico\/","twitter_card":"summary_large_image","twitter_title":"Air France transporta la primer salida grupal desde M\u00e9xico - Nitu - Noticias de la Industria Turistica","twitter_description":"El 20 de noviembre, Air France transport\u00f3, desde el AICM al primer grupo de turistas mexicanos de su socio comercial estrat\u00e9gico Mega Travel, con rumbo a Turqu\u00eda, con conexi\u00f3n en el aeropuerto Par\u00eds-Charles de Gaulle, como parte del inicio de sus salidas grupales. Entusiasmados por el programa de 11 d\u00edas y 9 noches \u201cMagia Turca\u201d, [&hellip;]","twitter_image":"https:\/\/nitu.mx\/wp-content\/uploads\/2017\/08\/Air-France-cancun.jpg","twitter_creator":"@NITUmx","twitter_site":"@Arturo_Medina_G","twitter_misc":{"Escrito por":"Guadalupe Sixto","Tiempo de lectura":"3 minutos"},"schema":{"@context":"https:\/\/schema.org","@graph":[{"@type":"Article","@id":"https:\/\/nitu.mx\/index.php\/2020\/11\/23\/air-france-transporta-la-primer-salida-grupal-desde-mexico\/#article","isPartOf":{"@id":"https:\/\/nitu.mx\/index.php\/2020\/11\/23\/air-france-transporta-la-primer-salida-grupal-desde-mexico\/"},"author":{"name":"Guadalupe Sixto","@id":"https:\/\/nitu.mx\/#\/schema\/person\/3df3082b5e46037e3f13614d28ee0b77"},"headline":"Air France transporta la primer salida grupal desde M\u00e9xico","datePublished":"2020-11-24T04:45:25+00:00","dateModified":"2020-11-24T06:02:34+00:00","mainEntityOfPage":{"@id":"https:\/\/nitu.mx\/index.php\/2020\/11\/23\/air-france-transporta-la-primer-salida-grupal-desde-mexico\/"},"wordCount":570,"commentCount":0,"publisher":{"@id":"https:\/\/nitu.mx\/#\/schema\/person\/ae7a53426417292d3dd07b45a33e01bc"},"image":{"@id":"https:\/\/nitu.mx\/index.php\/2020\/11\/23\/air-france-transporta-la-primer-salida-grupal-desde-mexico\/#primaryimage"},"thumbnailUrl":"https:\/\/nitu.mx\/wp-content\/uploads\/2017\/08\/Air-France-cancun.jpg","keywords":["AICM","Air France","Mega Travel","Par\u00eds","Turqu\u00eda"],"articleSection":["Aerol\u00edneas"],"inLanguage":"es-MX","potentialAction":[{"@type":"CommentAction","name":"Comment","target":["https:\/\/nitu.mx\/index.php\/2020\/11\/23\/air-france-transporta-la-primer-salida-grupal-desde-mexico\/#respond"]}]},{"@type":"WebPage","@id":"https:\/\/nitu.mx\/index.php\/2020\/11\/23\/air-france-transporta-la-primer-salida-grupal-desde-mexico\/","url":"https:\/\/nitu.mx\/index.php\/2020\/11\/23\/air-france-transporta-la-primer-salida-grupal-desde-mexico\/","name":"Air France transporta la primer salida grupal desde M\u00e9xico - Nitu - Noticias de la Industria Turistica","isPartOf":{"@id":"https:\/\/nitu.mx\/#website"},"primaryImageOfPage":{"@id":"https:\/\/nitu.mx\/index.php\/2020\/11\/23\/air-france-transporta-la-primer-salida-grupal-desde-mexico\/#primaryimage"},"image":{"@id":"https:\/\/nitu.mx\/index.php\/2020\/11\/23\/air-france-transporta-la-primer-salida-grupal-desde-mexico\/#primaryimage"},"thumbnailUrl":"https:\/\/nitu.mx\/wp-content\/uploads\/2017\/08\/Air-France-cancun.jpg","datePublished":"2020-11-24T04:45:25+00:00","dateModified":"2020-11-24T06:02:34+00:00","breadcrumb":{"@id":"https:\/\/nitu.mx\/index.php\/2020\/11\/23\/air-france-transporta-la-primer-salida-grupal-desde-mexico\/#breadcrumb"},"inLanguage":"es-MX","potentialAction":[{"@type":"ReadAction","target":["https:\/\/nitu.mx\/index.php\/2020\/11\/23\/air-france-transporta-la-primer-salida-grupal-desde-mexico\/"]}]},{"@type":"ImageObject","inLanguage":"es-MX","@id":"https:\/\/nitu.mx\/index.php\/2020\/11\/23\/air-france-transporta-la-primer-salida-grupal-desde-mexico\/#primaryimage","url":"https:\/\/nitu.mx\/wp-content\/uploads\/2017\/08\/Air-France-cancun.jpg","contentUrl":"https:\/\/nitu.mx\/wp-content\/uploads\/2017\/08\/Air-France-cancun.jpg","width":850,"height":480,"caption":"Air France"},{"@type":"BreadcrumbList","@id":"https:\/\/nitu.mx\/index.php\/2020\/11\/23\/air-france-transporta-la-primer-salida-grupal-desde-mexico\/#breadcrumb","itemListElement":[{"@type":"ListItem","position":1,"name":"Inicio","item":"https:\/\/nitu.mx\/"},{"@type":"ListItem","position":2,"name":"Air France transporta la primer salida grupal desde M\u00e9xico"}]},{"@type":"WebSite","@id":"https:\/\/nitu.mx\/#website","url":"https:\/\/nitu.mx\/","name":"Nitu - Noticias de la Industria Turistica","description":"Noticias de la Industria Turistica","publisher":{"@id":"https:\/\/nitu.mx\/#\/schema\/person\/ae7a53426417292d3dd07b45a33e01bc"},"alternateName":"Noticias de la Industria Turistica","potentialAction":[{"@type":"SearchAction","target":{"@type":"EntryPoint","urlTemplate":"https:\/\/nitu.mx\/?s={search_term_string}"},"query-input":"required name=search_term_string"}],"inLanguage":"es-MX"},{"@type":["Person","Organization"],"@id":"https:\/\/nitu.mx\/#\/schema\/person\/ae7a53426417292d3dd07b45a33e01bc","name":"Arturo Medina","image":{"@type":"ImageObject","inLanguage":"es-MX","@id":"https:\/\/nitu.mx\/#\/schema\/person\/image\/","url":"https:\/\/nitu.mx\/wp-content\/uploads\/2024\/04\/4A315622-1904-4D5C-B022-878CDC840E04-90x90-1.jpeg","contentUrl":"https:\/\/nitu.mx\/wp-content\/uploads\/2024\/04\/4A315622-1904-4D5C-B022-878CDC840E04-90x90-1.jpeg","width":90,"height":90,"caption":"Arturo Medina"},"logo":{"@id":"https:\/\/nitu.mx\/#\/schema\/person\/image\/"},"description":"Director NITU.mx, Egresado de la Escuela de Periodismo Carlos Septi\u00e9n Garc\u00eda. Periodista y analista especializado en turismo desde hace 35 a\u00f1os, radicado en Canc\u00fan Q.Roo. arturo@nitu.mx","sameAs":["https:\/\/nitu.mx","https:\/\/www.facebook.com\/NITUmx\/","medinacancun","https:\/\/twitter.com\/@Arturo_Medina_G"]},{"@type":"Person","@id":"https:\/\/nitu.mx\/#\/schema\/person\/3df3082b5e46037e3f13614d28ee0b77","name":"Guadalupe Sixto","image":{"@type":"ImageObject","inLanguage":"es-MX","@id":"https:\/\/nitu.mx\/#\/schema\/person\/image\/","url":"https:\/\/secure.gravatar.com\/avatar\/13914e1b0e1919e91f9539de4dc584c4?s=96&d=mm&r=g","contentUrl":"https:\/\/secure.gravatar.com\/avatar\/13914e1b0e1919e91f9539de4dc584c4?s=96&d=mm&r=g","caption":"Guadalupe Sixto"},"url":"https:\/\/nitu.mx\/index.php\/author\/gsixto\/"}]}},"views":772,"_links":{"self":[{"href":"https:\/\/nitu.mx\/index.php\/wp-json\/wp\/v2\/posts\/48349"}],"collection":[{"href":"https:\/\/nitu.mx\/index.php\/wp-json\/wp\/v2\/posts"}],"about":[{"href":"https:\/\/nitu.mx\/index.php\/wp-json\/wp\/v2\/types\/post"}],"author":[{"embeddable":true,"href":"https:\/\/nitu.mx\/index.php\/wp-json\/wp\/v2\/users\/18"}],"replies":[{"embeddable":true,"href":"https:\/\/nitu.mx\/index.php\/wp-json\/wp\/v2\/comments?post=48349"}],"version-history":[{"count":2,"href":"https:\/\/nitu.mx\/index.php\/wp-json\/wp\/v2\/posts\/48349\/revisions"}],"predecessor-version":[{"id":48362,"href":"https:\/\/nitu.mx\/index.php\/wp-json\/wp\/v2\/posts\/48349\/revisions\/48362"}],"wp:featuredmedia":[{"embeddable":true,"href":"https:\/\/nitu.mx\/index.php\/wp-json\/wp\/v2\/media\/12010"}],"wp:attachment":[{"href":"https:\/\/nitu.mx\/index.php\/wp-json\/wp\/v2\/media?parent=48349"}],"wp:term":[{"taxonomy":"category","embeddable":true,"href":"https:\/\/nitu.mx\/index.php\/wp-json\/wp\/v2\/categories?post=48349"},{"taxonomy":"post_tag","embeddable":true,"href":"https:\/\/nitu.mx\/index.php\/wp-json\/wp\/v2\/tags?post=48349"}],"curies":[{"name":"wp","href":"https:\/\/api.w.org\/{rel}","templated":true}]}}