{"id":48343,"date":"2020-11-23T20:14:23","date_gmt":"2020-11-24T01:14:23","guid":{"rendered":"https:\/\/www.dev.nitu.mx\/?p=48343"},"modified":"2020-11-24T01:02:48","modified_gmt":"2020-11-24T06:02:48","slug":"volaris-costa-rica-reinicia-operacion-de-la-ruta-san-jose-cancun","status":"publish","type":"post","link":"https:\/\/nitu.mx\/index.php\/2020\/11\/23\/volaris-costa-rica-reinicia-operacion-de-la-ruta-san-jose-cancun\/","title":{"rendered":"Volaris Costa Rica reinicia operaci\u00f3n de la ruta San Jos\u00e9 \u2013 Canc\u00fan"},"content":{"rendered":"<p>La aerol\u00ednea mexicana de bajo costo reinici\u00f3 sus operaciones en Centroam\u00e9rica a trav\u00e9s de la divisi\u00f3n Volaris Costa Rica, que incluye entre otras, la ruta San Jos\u00e9 a Canc\u00fan, lo que fortalece la conectividad del destino con esta regi\u00f3n.<\/p>\n<p>Volaris Costa Rica ofrecer\u00e1 cinco frecuencias semanales entre San Jos\u00e9 y Canc\u00fan, los d\u00edas martes, mi\u00e9rcoles, jueves, viernes y domingo; y ser\u00e1 uno de los 32 vuelos por semana que operar\u00e1 la aerol\u00ednea desde sus diferentes centros de operaci\u00f3n en Centroam\u00e9rica.<\/p>\n<p>En temporada alta, del 14 de diciembre de 2020 al 17 de enero de 2021, la compa\u00f1\u00eda a\u00e9rea incrementar\u00e1 sus frecuencias a 39 semanales, y retomar\u00e1 los 32 en las \u00faltimas semanas de enero del pr\u00f3ximo a\u00f1o.<\/p>\n<p>Adem\u00e1s de la ruta San Jos\u00e9 \u2013 Canc\u00fan, Volaris Costa Rica operar\u00e1 desde la capital costarricense vuelos a Ciudad de M\u00e9xico, El Salvador, Guatemala, y v\u00eda El Salvador llegar\u00e1 a Los \u00c1ngeles, Nueva York y Washington D. C.<\/p>\n<p>Desde El Salvador tambi\u00e9n conectar\u00e1 con Guatemala y San Jos\u00e9, y desde Guatemala tendr\u00e1 rutas a Ciudad de M\u00e9xico, Los \u00c1ngeles, El Salvador y San Jos\u00e9.<\/p>\n<p>Tal como lo hizo con su l\u00ednea en M\u00e9xico, para impulsar la reactivaci\u00f3n del turismo en Centroam\u00e9rica, Volaris Costa Rica trabaja en una estrategia conjunta con hoteleros y agencias de viajes; adem\u00e1s de ofrecer las tarifas m\u00e1s bajas del mercado.\u00a0<a title=\"Volaris y Sectur Jalisco entregan m\u00e1s de 3 mdp en cupones de descuentos\" href=\"https:\/\/www.dev.nitu.mx\/index.php\/2020\/11\/15\/volaris-y-sectur-jalisco-entregan-mas-de-3-mdp-en-cupones-de-descuentos\/\" rel=\"bookmark\">(Volaris y Sectur Jalisco entregan m\u00e1s de 3 mdp en cupones de descuentos<\/a>).<\/p>\n<p>Volaris entreg\u00f3 a la industria hotelera de Costa Rica, El Salvador y Guatemala m\u00e1s de dos mil vouchers\u00a0por 50 d\u00f3lares cada uno, para atraer turistas internacionales hacia sus hoteles y destinos.<\/p>\n<p>Tambi\u00e9n ofrece descuentos de hasta 70 por ciento en 42 mil asientos mensuales que volar\u00e1, con opci\u00f3n a viajar hasta octubre del pr\u00f3ximo a\u00f1o.<\/p>\n<p>El director general de Volaris, Enrique Beltranena, destac\u00f3 que \u201cNuestro compromiso con Centroam\u00e9rica es total. El mejor ejemplo de ello es el reinicio de nuestras operaciones de forma contundente, acompa\u00f1ado de un agresivo plan de impulso al turismo como el eje rector que incentivar\u00e1 el dinamismo y la recuperaci\u00f3n econ\u00f3mica en una regi\u00f3n muy afectada por la crisis sanitaria, pero con un alto potencial que le ayudar\u00e1 a superarla\u201d.<\/p>\n<p>\u201cEsta estrategia solo es posible gracias\u00a0a la cuidada gesti\u00f3n que hacemos de los costos y recursos que marca nuestro modelo de negocios, el cual\u00a0permite a los clientes decidir c\u00f3mo quieren viajar, pagando solo los servicios que desean utilizar, accediendo as\u00ed a los precios m\u00e1s bajos\u201d, asegur\u00f3 el Beltranena.<\/p>\n<p>&nbsp;<\/p>\n","protected":false},"excerpt":{"rendered":"<p>La aerol\u00ednea mexicana de bajo costo reinici\u00f3 sus operaciones en Centroam\u00e9rica a trav\u00e9s de la divisi\u00f3n Volaris Costa Rica, que incluye entre otras, la ruta San Jos\u00e9 a Canc\u00fan, lo que fortalece la conectividad del destino con esta regi\u00f3n. Volaris Costa Rica ofrecer\u00e1 cinco frecuencias semanales entre San Jos\u00e9 y Canc\u00fan, los d\u00edas martes, mi\u00e9rcoles, [&hellip;]<\/p>\n","protected":false},"author":18,"featured_media":27038,"comment_status":"open","ping_status":"open","sticky":false,"template":"","format":"standard","meta":{"footnotes":""},"categories":[29],"tags":[43,1421,1996,435,1638,1420,131],"yoast_head":"<!-- This site is optimized with the Yoast SEO plugin v22.2 - https:\/\/yoast.com\/wordpress\/plugins\/seo\/ -->\n<title>Volaris Costa Rica reinicia operaci\u00f3n de la ruta San Jos\u00e9 \u2013 Canc\u00fan - Nitu - Noticias de la Industria Turistica<\/title>\n<meta name=\"robots\" content=\"index, follow, max-snippet:-1, max-image-preview:large, max-video-preview:-1\" \/>\n<link rel=\"canonical\" href=\"https:\/\/nitu.mx\/index.php\/2020\/11\/23\/volaris-costa-rica-reinicia-operacion-de-la-ruta-san-jose-cancun\/\" \/>\n<meta name=\"twitter:card\" content=\"summary_large_image\" \/>\n<meta name=\"twitter:title\" content=\"Volaris Costa Rica reinicia operaci\u00f3n de la ruta San Jos\u00e9 \u2013 Canc\u00fan - Nitu - Noticias de la Industria Turistica\" \/>\n<meta name=\"twitter:description\" content=\"La aerol\u00ednea mexicana de bajo costo reinici\u00f3 sus operaciones en Centroam\u00e9rica a trav\u00e9s de la divisi\u00f3n Volaris Costa Rica, que incluye entre otras, la ruta San Jos\u00e9 a Canc\u00fan, lo que fortalece la conectividad del destino con esta regi\u00f3n. Volaris Costa Rica ofrecer\u00e1 cinco frecuencias semanales entre San Jos\u00e9 y Canc\u00fan, los d\u00edas martes, mi\u00e9rcoles, [&hellip;]\" \/>\n<meta name=\"twitter:image\" content=\"https:\/\/nitu.mx\/wp-content\/uploads\/2018\/11\/Avi\u00f3n-A320neo-Volaris.jpg\" \/>\n<meta name=\"twitter:creator\" content=\"@NITUmx\" \/>\n<meta name=\"twitter:site\" content=\"@Arturo_Medina_G\" \/>\n<meta name=\"twitter:label1\" content=\"Escrito por\" \/>\n\t<meta name=\"twitter:data1\" content=\"Guadalupe Sixto\" \/>\n\t<meta name=\"twitter:label2\" content=\"Tiempo de lectura\" \/>\n\t<meta name=\"twitter:data2\" content=\"2 minutos\" \/>\n<script type=\"application\/ld+json\" class=\"yoast-schema-graph\">{\"@context\":\"https:\/\/schema.org\",\"@graph\":[{\"@type\":\"Article\",\"@id\":\"https:\/\/nitu.mx\/index.php\/2020\/11\/23\/volaris-costa-rica-reinicia-operacion-de-la-ruta-san-jose-cancun\/#article\",\"isPartOf\":{\"@id\":\"https:\/\/nitu.mx\/index.php\/2020\/11\/23\/volaris-costa-rica-reinicia-operacion-de-la-ruta-san-jose-cancun\/\"},\"author\":{\"name\":\"Guadalupe Sixto\",\"@id\":\"https:\/\/nitu.mx\/#\/schema\/person\/3df3082b5e46037e3f13614d28ee0b77\"},\"headline\":\"Volaris Costa Rica reinicia operaci\u00f3n de la ruta San Jos\u00e9 \u2013 Canc\u00fan\",\"datePublished\":\"2020-11-24T01:14:23+00:00\",\"dateModified\":\"2020-11-24T06:02:48+00:00\",\"mainEntityOfPage\":{\"@id\":\"https:\/\/nitu.mx\/index.php\/2020\/11\/23\/volaris-costa-rica-reinicia-operacion-de-la-ruta-san-jose-cancun\/\"},\"wordCount\":454,\"commentCount\":0,\"publisher\":{\"@id\":\"https:\/\/nitu.mx\/#\/schema\/person\/ae7a53426417292d3dd07b45a33e01bc\"},\"image\":{\"@id\":\"https:\/\/nitu.mx\/index.php\/2020\/11\/23\/volaris-costa-rica-reinicia-operacion-de-la-ruta-san-jose-cancun\/#primaryimage\"},\"thumbnailUrl\":\"https:\/\/nitu.mx\/wp-content\/uploads\/2018\/11\/Avi\u00f3n-A320neo-Volaris.jpg\",\"keywords\":[\"Canc\u00fan\",\"Costa Rica\",\"El Salvador\",\"Enrique Beltranena\",\"Guatemala\",\"San Jos\u00e9\",\"Volaris\"],\"articleSection\":[\"Aerol\u00edneas\"],\"inLanguage\":\"es-MX\",\"potentialAction\":[{\"@type\":\"CommentAction\",\"name\":\"Comment\",\"target\":[\"https:\/\/nitu.mx\/index.php\/2020\/11\/23\/volaris-costa-rica-reinicia-operacion-de-la-ruta-san-jose-cancun\/#respond\"]}]},{\"@type\":\"WebPage\",\"@id\":\"https:\/\/nitu.mx\/index.php\/2020\/11\/23\/volaris-costa-rica-reinicia-operacion-de-la-ruta-san-jose-cancun\/\",\"url\":\"https:\/\/nitu.mx\/index.php\/2020\/11\/23\/volaris-costa-rica-reinicia-operacion-de-la-ruta-san-jose-cancun\/\",\"name\":\"Volaris Costa Rica reinicia operaci\u00f3n de la ruta San Jos\u00e9 \u2013 Canc\u00fan - Nitu - Noticias de la Industria Turistica\",\"isPartOf\":{\"@id\":\"https:\/\/nitu.mx\/#website\"},\"primaryImageOfPage\":{\"@id\":\"https:\/\/nitu.mx\/index.php\/2020\/11\/23\/volaris-costa-rica-reinicia-operacion-de-la-ruta-san-jose-cancun\/#primaryimage\"},\"image\":{\"@id\":\"https:\/\/nitu.mx\/index.php\/2020\/11\/23\/volaris-costa-rica-reinicia-operacion-de-la-ruta-san-jose-cancun\/#primaryimage\"},\"thumbnailUrl\":\"https:\/\/nitu.mx\/wp-content\/uploads\/2018\/11\/Avi\u00f3n-A320neo-Volaris.jpg\",\"datePublished\":\"2020-11-24T01:14:23+00:00\",\"dateModified\":\"2020-11-24T06:02:48+00:00\",\"breadcrumb\":{\"@id\":\"https:\/\/nitu.mx\/index.php\/2020\/11\/23\/volaris-costa-rica-reinicia-operacion-de-la-ruta-san-jose-cancun\/#breadcrumb\"},\"inLanguage\":\"es-MX\",\"potentialAction\":[{\"@type\":\"ReadAction\",\"target\":[\"https:\/\/nitu.mx\/index.php\/2020\/11\/23\/volaris-costa-rica-reinicia-operacion-de-la-ruta-san-jose-cancun\/\"]}]},{\"@type\":\"ImageObject\",\"inLanguage\":\"es-MX\",\"@id\":\"https:\/\/nitu.mx\/index.php\/2020\/11\/23\/volaris-costa-rica-reinicia-operacion-de-la-ruta-san-jose-cancun\/#primaryimage\",\"url\":\"https:\/\/nitu.mx\/wp-content\/uploads\/2018\/11\/Avi\u00f3n-A320neo-Volaris.jpg\",\"contentUrl\":\"https:\/\/nitu.mx\/wp-content\/uploads\/2018\/11\/Avi\u00f3n-A320neo-Volaris.jpg\",\"width\":850,\"height\":480,\"caption\":\"Volaris BMV v.business Baja California Sur\"},{\"@type\":\"BreadcrumbList\",\"@id\":\"https:\/\/nitu.mx\/index.php\/2020\/11\/23\/volaris-costa-rica-reinicia-operacion-de-la-ruta-san-jose-cancun\/#breadcrumb\",\"itemListElement\":[{\"@type\":\"ListItem\",\"position\":1,\"name\":\"Inicio\",\"item\":\"https:\/\/nitu.mx\/\"},{\"@type\":\"ListItem\",\"position\":2,\"name\":\"Volaris Costa Rica reinicia operaci\u00f3n de la ruta San Jos\u00e9 \u2013 Canc\u00fan\"}]},{\"@type\":\"WebSite\",\"@id\":\"https:\/\/nitu.mx\/#website\",\"url\":\"https:\/\/nitu.mx\/\",\"name\":\"Nitu - Noticias de la Industria Turistica\",\"description\":\"Noticias de la Industria Turistica\",\"publisher\":{\"@id\":\"https:\/\/nitu.mx\/#\/schema\/person\/ae7a53426417292d3dd07b45a33e01bc\"},\"alternateName\":\"Noticias de la Industria Turistica\",\"potentialAction\":[{\"@type\":\"SearchAction\",\"target\":{\"@type\":\"EntryPoint\",\"urlTemplate\":\"https:\/\/nitu.mx\/?s={search_term_string}\"},\"query-input\":\"required name=search_term_string\"}],\"inLanguage\":\"es-MX\"},{\"@type\":[\"Person\",\"Organization\"],\"@id\":\"https:\/\/nitu.mx\/#\/schema\/person\/ae7a53426417292d3dd07b45a33e01bc\",\"name\":\"Arturo Medina\",\"image\":{\"@type\":\"ImageObject\",\"inLanguage\":\"es-MX\",\"@id\":\"https:\/\/nitu.mx\/#\/schema\/person\/image\/\",\"url\":\"https:\/\/nitu.mx\/wp-content\/uploads\/2024\/04\/4A315622-1904-4D5C-B022-878CDC840E04-90x90-1.jpeg\",\"contentUrl\":\"https:\/\/nitu.mx\/wp-content\/uploads\/2024\/04\/4A315622-1904-4D5C-B022-878CDC840E04-90x90-1.jpeg\",\"width\":90,\"height\":90,\"caption\":\"Arturo Medina\"},\"logo\":{\"@id\":\"https:\/\/nitu.mx\/#\/schema\/person\/image\/\"},\"description\":\"Director NITU.mx, Egresado de la Escuela de Periodismo Carlos Septi\u00e9n Garc\u00eda. Periodista y analista especializado en turismo desde hace 35 a\u00f1os, radicado en Canc\u00fan Q.Roo. arturo@nitu.mx\",\"sameAs\":[\"https:\/\/nitu.mx\",\"https:\/\/www.facebook.com\/NITUmx\/\",\"medinacancun\",\"https:\/\/twitter.com\/@Arturo_Medina_G\"]},{\"@type\":\"Person\",\"@id\":\"https:\/\/nitu.mx\/#\/schema\/person\/3df3082b5e46037e3f13614d28ee0b77\",\"name\":\"Guadalupe Sixto\",\"image\":{\"@type\":\"ImageObject\",\"inLanguage\":\"es-MX\",\"@id\":\"https:\/\/nitu.mx\/#\/schema\/person\/image\/\",\"url\":\"https:\/\/secure.gravatar.com\/avatar\/13914e1b0e1919e91f9539de4dc584c4?s=96&d=mm&r=g\",\"contentUrl\":\"https:\/\/secure.gravatar.com\/avatar\/13914e1b0e1919e91f9539de4dc584c4?s=96&d=mm&r=g\",\"caption\":\"Guadalupe Sixto\"},\"url\":\"https:\/\/nitu.mx\/index.php\/author\/gsixto\/\"}]}<\/script>\n<!-- \/ Yoast SEO plugin. -->","yoast_head_json":{"title":"Volaris Costa Rica reinicia operaci\u00f3n de la ruta San Jos\u00e9 \u2013 Canc\u00fan - Nitu - Noticias de la Industria Turistica","robots":{"index":"index","follow":"follow","max-snippet":"max-snippet:-1","max-image-preview":"max-image-preview:large","max-video-preview":"max-video-preview:-1"},"canonical":"https:\/\/nitu.mx\/index.php\/2020\/11\/23\/volaris-costa-rica-reinicia-operacion-de-la-ruta-san-jose-cancun\/","twitter_card":"summary_large_image","twitter_title":"Volaris Costa Rica reinicia operaci\u00f3n de la ruta San Jos\u00e9 \u2013 Canc\u00fan - Nitu - Noticias de la Industria Turistica","twitter_description":"La aerol\u00ednea mexicana de bajo costo reinici\u00f3 sus operaciones en Centroam\u00e9rica a trav\u00e9s de la divisi\u00f3n Volaris Costa Rica, que incluye entre otras, la ruta San Jos\u00e9 a Canc\u00fan, lo que fortalece la conectividad del destino con esta regi\u00f3n. Volaris Costa Rica ofrecer\u00e1 cinco frecuencias semanales entre San Jos\u00e9 y Canc\u00fan, los d\u00edas martes, mi\u00e9rcoles, [&hellip;]","twitter_image":"https:\/\/nitu.mx\/wp-content\/uploads\/2018\/11\/Avi\u00f3n-A320neo-Volaris.jpg","twitter_creator":"@NITUmx","twitter_site":"@Arturo_Medina_G","twitter_misc":{"Escrito por":"Guadalupe Sixto","Tiempo de lectura":"2 minutos"},"schema":{"@context":"https:\/\/schema.org","@graph":[{"@type":"Article","@id":"https:\/\/nitu.mx\/index.php\/2020\/11\/23\/volaris-costa-rica-reinicia-operacion-de-la-ruta-san-jose-cancun\/#article","isPartOf":{"@id":"https:\/\/nitu.mx\/index.php\/2020\/11\/23\/volaris-costa-rica-reinicia-operacion-de-la-ruta-san-jose-cancun\/"},"author":{"name":"Guadalupe Sixto","@id":"https:\/\/nitu.mx\/#\/schema\/person\/3df3082b5e46037e3f13614d28ee0b77"},"headline":"Volaris Costa Rica reinicia operaci\u00f3n de la ruta San Jos\u00e9 \u2013 Canc\u00fan","datePublished":"2020-11-24T01:14:23+00:00","dateModified":"2020-11-24T06:02:48+00:00","mainEntityOfPage":{"@id":"https:\/\/nitu.mx\/index.php\/2020\/11\/23\/volaris-costa-rica-reinicia-operacion-de-la-ruta-san-jose-cancun\/"},"wordCount":454,"commentCount":0,"publisher":{"@id":"https:\/\/nitu.mx\/#\/schema\/person\/ae7a53426417292d3dd07b45a33e01bc"},"image":{"@id":"https:\/\/nitu.mx\/index.php\/2020\/11\/23\/volaris-costa-rica-reinicia-operacion-de-la-ruta-san-jose-cancun\/#primaryimage"},"thumbnailUrl":"https:\/\/nitu.mx\/wp-content\/uploads\/2018\/11\/Avi\u00f3n-A320neo-Volaris.jpg","keywords":["Canc\u00fan","Costa Rica","El Salvador","Enrique Beltranena","Guatemala","San Jos\u00e9","Volaris"],"articleSection":["Aerol\u00edneas"],"inLanguage":"es-MX","potentialAction":[{"@type":"CommentAction","name":"Comment","target":["https:\/\/nitu.mx\/index.php\/2020\/11\/23\/volaris-costa-rica-reinicia-operacion-de-la-ruta-san-jose-cancun\/#respond"]}]},{"@type":"WebPage","@id":"https:\/\/nitu.mx\/index.php\/2020\/11\/23\/volaris-costa-rica-reinicia-operacion-de-la-ruta-san-jose-cancun\/","url":"https:\/\/nitu.mx\/index.php\/2020\/11\/23\/volaris-costa-rica-reinicia-operacion-de-la-ruta-san-jose-cancun\/","name":"Volaris Costa Rica reinicia operaci\u00f3n de la ruta San Jos\u00e9 \u2013 Canc\u00fan - Nitu - Noticias de la Industria Turistica","isPartOf":{"@id":"https:\/\/nitu.mx\/#website"},"primaryImageOfPage":{"@id":"https:\/\/nitu.mx\/index.php\/2020\/11\/23\/volaris-costa-rica-reinicia-operacion-de-la-ruta-san-jose-cancun\/#primaryimage"},"image":{"@id":"https:\/\/nitu.mx\/index.php\/2020\/11\/23\/volaris-costa-rica-reinicia-operacion-de-la-ruta-san-jose-cancun\/#primaryimage"},"thumbnailUrl":"https:\/\/nitu.mx\/wp-content\/uploads\/2018\/11\/Avi\u00f3n-A320neo-Volaris.jpg","datePublished":"2020-11-24T01:14:23+00:00","dateModified":"2020-11-24T06:02:48+00:00","breadcrumb":{"@id":"https:\/\/nitu.mx\/index.php\/2020\/11\/23\/volaris-costa-rica-reinicia-operacion-de-la-ruta-san-jose-cancun\/#breadcrumb"},"inLanguage":"es-MX","potentialAction":[{"@type":"ReadAction","target":["https:\/\/nitu.mx\/index.php\/2020\/11\/23\/volaris-costa-rica-reinicia-operacion-de-la-ruta-san-jose-cancun\/"]}]},{"@type":"ImageObject","inLanguage":"es-MX","@id":"https:\/\/nitu.mx\/index.php\/2020\/11\/23\/volaris-costa-rica-reinicia-operacion-de-la-ruta-san-jose-cancun\/#primaryimage","url":"https:\/\/nitu.mx\/wp-content\/uploads\/2018\/11\/Avi\u00f3n-A320neo-Volaris.jpg","contentUrl":"https:\/\/nitu.mx\/wp-content\/uploads\/2018\/11\/Avi\u00f3n-A320neo-Volaris.jpg","width":850,"height":480,"caption":"Volaris BMV v.business Baja California Sur"},{"@type":"BreadcrumbList","@id":"https:\/\/nitu.mx\/index.php\/2020\/11\/23\/volaris-costa-rica-reinicia-operacion-de-la-ruta-san-jose-cancun\/#breadcrumb","itemListElement":[{"@type":"ListItem","position":1,"name":"Inicio","item":"https:\/\/nitu.mx\/"},{"@type":"ListItem","position":2,"name":"Volaris Costa Rica reinicia operaci\u00f3n de la ruta San Jos\u00e9 \u2013 Canc\u00fan"}]},{"@type":"WebSite","@id":"https:\/\/nitu.mx\/#website","url":"https:\/\/nitu.mx\/","name":"Nitu - Noticias de la Industria Turistica","description":"Noticias de la Industria Turistica","publisher":{"@id":"https:\/\/nitu.mx\/#\/schema\/person\/ae7a53426417292d3dd07b45a33e01bc"},"alternateName":"Noticias de la Industria Turistica","potentialAction":[{"@type":"SearchAction","target":{"@type":"EntryPoint","urlTemplate":"https:\/\/nitu.mx\/?s={search_term_string}"},"query-input":"required name=search_term_string"}],"inLanguage":"es-MX"},{"@type":["Person","Organization"],"@id":"https:\/\/nitu.mx\/#\/schema\/person\/ae7a53426417292d3dd07b45a33e01bc","name":"Arturo Medina","image":{"@type":"ImageObject","inLanguage":"es-MX","@id":"https:\/\/nitu.mx\/#\/schema\/person\/image\/","url":"https:\/\/nitu.mx\/wp-content\/uploads\/2024\/04\/4A315622-1904-4D5C-B022-878CDC840E04-90x90-1.jpeg","contentUrl":"https:\/\/nitu.mx\/wp-content\/uploads\/2024\/04\/4A315622-1904-4D5C-B022-878CDC840E04-90x90-1.jpeg","width":90,"height":90,"caption":"Arturo Medina"},"logo":{"@id":"https:\/\/nitu.mx\/#\/schema\/person\/image\/"},"description":"Director NITU.mx, Egresado de la Escuela de Periodismo Carlos Septi\u00e9n Garc\u00eda. Periodista y analista especializado en turismo desde hace 35 a\u00f1os, radicado en Canc\u00fan Q.Roo. arturo@nitu.mx","sameAs":["https:\/\/nitu.mx","https:\/\/www.facebook.com\/NITUmx\/","medinacancun","https:\/\/twitter.com\/@Arturo_Medina_G"]},{"@type":"Person","@id":"https:\/\/nitu.mx\/#\/schema\/person\/3df3082b5e46037e3f13614d28ee0b77","name":"Guadalupe Sixto","image":{"@type":"ImageObject","inLanguage":"es-MX","@id":"https:\/\/nitu.mx\/#\/schema\/person\/image\/","url":"https:\/\/secure.gravatar.com\/avatar\/13914e1b0e1919e91f9539de4dc584c4?s=96&d=mm&r=g","contentUrl":"https:\/\/secure.gravatar.com\/avatar\/13914e1b0e1919e91f9539de4dc584c4?s=96&d=mm&r=g","caption":"Guadalupe Sixto"},"url":"https:\/\/nitu.mx\/index.php\/author\/gsixto\/"}]}},"views":518,"_links":{"self":[{"href":"https:\/\/nitu.mx\/index.php\/wp-json\/wp\/v2\/posts\/48343"}],"collection":[{"href":"https:\/\/nitu.mx\/index.php\/wp-json\/wp\/v2\/posts"}],"about":[{"href":"https:\/\/nitu.mx\/index.php\/wp-json\/wp\/v2\/types\/post"}],"author":[{"embeddable":true,"href":"https:\/\/nitu.mx\/index.php\/wp-json\/wp\/v2\/users\/18"}],"replies":[{"embeddable":true,"href":"https:\/\/nitu.mx\/index.php\/wp-json\/wp\/v2\/comments?post=48343"}],"version-history":[{"count":3,"href":"https:\/\/nitu.mx\/index.php\/wp-json\/wp\/v2\/posts\/48343\/revisions"}],"predecessor-version":[{"id":48348,"href":"https:\/\/nitu.mx\/index.php\/wp-json\/wp\/v2\/posts\/48343\/revisions\/48348"}],"wp:featuredmedia":[{"embeddable":true,"href":"https:\/\/nitu.mx\/index.php\/wp-json\/wp\/v2\/media\/27038"}],"wp:attachment":[{"href":"https:\/\/nitu.mx\/index.php\/wp-json\/wp\/v2\/media?parent=48343"}],"wp:term":[{"taxonomy":"category","embeddable":true,"href":"https:\/\/nitu.mx\/index.php\/wp-json\/wp\/v2\/categories?post=48343"},{"taxonomy":"post_tag","embeddable":true,"href":"https:\/\/nitu.mx\/index.php\/wp-json\/wp\/v2\/tags?post=48343"}],"curies":[{"name":"wp","href":"https:\/\/api.w.org\/{rel}","templated":true}]}}