{"id":48294,"date":"2020-11-23T01:31:13","date_gmt":"2020-11-23T06:31:13","guid":{"rendered":"https:\/\/www.dev.nitu.mx\/?p=48294"},"modified":"2020-11-23T02:37:49","modified_gmt":"2020-11-23T07:37:49","slug":"reactivacion-segura-del-turismo-prioridad-para-la-asetur","status":"publish","type":"post","link":"https:\/\/nitu.mx\/index.php\/2020\/11\/23\/reactivacion-segura-del-turismo-prioridad-para-la-asetur\/","title":{"rendered":"Reactivaci\u00f3n segura del turismo, prioridad para la ASETUR"},"content":{"rendered":"<p>En su nueva etapa para el periodo 2020-2021, la Asociaci\u00f3n de Secretarios de Turismo de M\u00e9xico (ASETUR), impulsar\u00e1 la unidad nacional y trabajar\u00e1 en tres ejes estrat\u00e9gicos, que permitan la reactivaci\u00f3n del sector, la seguridad-sustentabilidad y la promoci\u00f3n tur\u00edstica, afirm\u00f3 Juan Carlos Rivera Castellanos, Secretario de Turismo de Oaxaca y nuevo Presidente de la ASETUR.<\/p>\n<p>\u201cAhora m\u00e1s que nunca, a pesar de la devastadora situaci\u00f3n por la emergencia sanitaria de COVID-19, la ASETUR tiene la gran responsabilidad de conservar no solo la unidad y la armon\u00eda, sino el esfuerzo com\u00fan. Hemos trazado un plan de trabajo que involucra a todos los estados de la Rep\u00fablica, que dar\u00e1 continuidad a la labor desarrollada y que abarcar\u00e1 a todo el pa\u00eds, de norte a sur\u201d, explic\u00f3.<\/p>\n<p>Resalt\u00f3 que trabajar\u00e1 muy de cerca con la Secretar\u00eda de Turismo federal, que encabeza Miguel Torruco Marqu\u00e9s, con las Comisiones de Turismo en el Congreso de la Uni\u00f3n, con el Consejo de Diplomacia Tur\u00edstica, con el Fondo Nacional de Fomento al Turismo (FONATUR) y con las c\u00e1maras empresariales y dem\u00e1s actores involucrados, para impulsar el desarrollo del turismo y aprovechar las oportunidades que esta actividad brinda a nuestro pa\u00eds.<\/p>\n<p>\u201cS\u00e9 que contamos con la disposici\u00f3n del Secretario Miguel Torruco para activar la promoci\u00f3n tur\u00edstica de los estados en los mercados emisores, y que trabajaremos en las estrategias, en equipo y hacia una misma direcci\u00f3n\u201d, indic\u00f3.<\/p>\n<p>A los Secretarios del Turismo del pa\u00eds, les agradeci\u00f3 la confianza depositada en su persona para presidir la Mesa Directiva de la ASETUR, y les invito a refrendar el compromiso con la unidad y la gran alianza en favor del turismo. (<a title=\"ASETUR releva su mesa directiva, la preside Juan Carlos Rivera Castellanos\" href=\"https:\/\/www.dev.nitu.mx\/index.php\/2020\/11\/19\/asetur-releva-su-mesa-directiva-la-preside-juan-carlos-rivera-castellanos\/\" rel=\"bookmark\">ASETUR releva su mesa directiva, la preside Juan Carlos Rivera Castellanos<\/a>).<\/p>\n<p>Adicionalmente, Juan Carlos Rivera hizo un reconocimiento al trabajo desempe\u00f1ado por su antecesor, Luis Humberto Araiza, \u201cquien, a pesar de las adversidades de la pandemia, hizo todo y m\u00e1s para que la ASETUR mantuviera su misi\u00f3n y su rumbo\u201d.<\/p>\n<p>Finalmente, dijo que la ASETUR se ha caracterizado por ser una agrupaci\u00f3n en la que, m\u00e1s all\u00e1 de los colores y las formaciones, las divergencias se dialogan para construir las coincidencias, as\u00ed se ha hecho, y esta nueva mesa directiva toma el compromiso de respetar ese principio.<\/p>\n","protected":false},"excerpt":{"rendered":"<p>En su nueva etapa para el periodo 2020-2021, la Asociaci\u00f3n de Secretarios de Turismo de M\u00e9xico (ASETUR), impulsar\u00e1 la unidad nacional y trabajar\u00e1 en tres ejes estrat\u00e9gicos, que permitan la reactivaci\u00f3n del sector, la seguridad-sustentabilidad y la promoci\u00f3n tur\u00edstica, afirm\u00f3 Juan Carlos Rivera Castellanos, Secretario de Turismo de Oaxaca y nuevo Presidente de la ASETUR. [&hellip;]<\/p>\n","protected":false},"author":17,"featured_media":48324,"comment_status":"open","ping_status":"open","sticky":false,"template":"","format":"standard","meta":{"footnotes":""},"categories":[12,6],"tags":[1118,889,3329,910],"yoast_head":"<!-- This site is optimized with the Yoast SEO plugin v22.2 - https:\/\/yoast.com\/wordpress\/plugins\/seo\/ -->\n<title>Reactivaci\u00f3n segura del turismo, prioridad para la ASETUR - Nitu - Noticias de la Industria Turistica<\/title>\n<meta name=\"robots\" content=\"index, follow, max-snippet:-1, max-image-preview:large, max-video-preview:-1\" \/>\n<link rel=\"canonical\" href=\"https:\/\/nitu.mx\/index.php\/2020\/11\/23\/reactivacion-segura-del-turismo-prioridad-para-la-asetur\/\" \/>\n<meta name=\"twitter:card\" content=\"summary_large_image\" \/>\n<meta name=\"twitter:title\" content=\"Reactivaci\u00f3n segura del turismo, prioridad para la ASETUR - Nitu - Noticias de la Industria Turistica\" \/>\n<meta name=\"twitter:description\" content=\"En su nueva etapa para el periodo 2020-2021, la Asociaci\u00f3n de Secretarios de Turismo de M\u00e9xico (ASETUR), impulsar\u00e1 la unidad nacional y trabajar\u00e1 en tres ejes estrat\u00e9gicos, que permitan la reactivaci\u00f3n del sector, la seguridad-sustentabilidad y la promoci\u00f3n tur\u00edstica, afirm\u00f3 Juan Carlos Rivera Castellanos, Secretario de Turismo de Oaxaca y nuevo Presidente de la ASETUR. [&hellip;]\" \/>\n<meta name=\"twitter:image\" content=\"https:\/\/nitu.mx\/wp-content\/uploads\/2020\/11\/asetur-2020.jpg\" \/>\n<meta name=\"twitter:creator\" content=\"@NITUmx\" \/>\n<meta name=\"twitter:site\" content=\"@Arturo_Medina_G\" \/>\n<meta name=\"twitter:label1\" content=\"Escrito por\" \/>\n\t<meta name=\"twitter:data1\" content=\"Redacci\u00f3n\" \/>\n\t<meta name=\"twitter:label2\" content=\"Tiempo de lectura\" \/>\n\t<meta name=\"twitter:data2\" content=\"2 minutos\" \/>\n<script type=\"application\/ld+json\" class=\"yoast-schema-graph\">{\"@context\":\"https:\/\/schema.org\",\"@graph\":[{\"@type\":\"Article\",\"@id\":\"https:\/\/nitu.mx\/index.php\/2020\/11\/23\/reactivacion-segura-del-turismo-prioridad-para-la-asetur\/#article\",\"isPartOf\":{\"@id\":\"https:\/\/nitu.mx\/index.php\/2020\/11\/23\/reactivacion-segura-del-turismo-prioridad-para-la-asetur\/\"},\"author\":{\"name\":\"Redacci\u00f3n\",\"@id\":\"https:\/\/nitu.mx\/#\/schema\/person\/4a28fe9bd65924f7c90623773daf1b0b\"},\"headline\":\"Reactivaci\u00f3n segura del turismo, prioridad para la ASETUR\",\"datePublished\":\"2020-11-23T06:31:13+00:00\",\"dateModified\":\"2020-11-23T07:37:49+00:00\",\"mainEntityOfPage\":{\"@id\":\"https:\/\/nitu.mx\/index.php\/2020\/11\/23\/reactivacion-segura-del-turismo-prioridad-para-la-asetur\/\"},\"wordCount\":405,\"commentCount\":0,\"publisher\":{\"@id\":\"https:\/\/nitu.mx\/#\/schema\/person\/ae7a53426417292d3dd07b45a33e01bc\"},\"image\":{\"@id\":\"https:\/\/nitu.mx\/index.php\/2020\/11\/23\/reactivacion-segura-del-turismo-prioridad-para-la-asetur\/#primaryimage\"},\"thumbnailUrl\":\"https:\/\/nitu.mx\/wp-content\/uploads\/2020\/11\/asetur-2020.jpg\",\"keywords\":[\"Asetur\",\"Fonatur\",\"Juan Carlos Rivera Castellanos\",\"Miguel Torruco\"],\"articleSection\":[\"Marketing\",\"M\u00e9xico\"],\"inLanguage\":\"es-MX\",\"potentialAction\":[{\"@type\":\"CommentAction\",\"name\":\"Comment\",\"target\":[\"https:\/\/nitu.mx\/index.php\/2020\/11\/23\/reactivacion-segura-del-turismo-prioridad-para-la-asetur\/#respond\"]}]},{\"@type\":\"WebPage\",\"@id\":\"https:\/\/nitu.mx\/index.php\/2020\/11\/23\/reactivacion-segura-del-turismo-prioridad-para-la-asetur\/\",\"url\":\"https:\/\/nitu.mx\/index.php\/2020\/11\/23\/reactivacion-segura-del-turismo-prioridad-para-la-asetur\/\",\"name\":\"Reactivaci\u00f3n segura del turismo, prioridad para la ASETUR - Nitu - Noticias de la Industria Turistica\",\"isPartOf\":{\"@id\":\"https:\/\/nitu.mx\/#website\"},\"primaryImageOfPage\":{\"@id\":\"https:\/\/nitu.mx\/index.php\/2020\/11\/23\/reactivacion-segura-del-turismo-prioridad-para-la-asetur\/#primaryimage\"},\"image\":{\"@id\":\"https:\/\/nitu.mx\/index.php\/2020\/11\/23\/reactivacion-segura-del-turismo-prioridad-para-la-asetur\/#primaryimage\"},\"thumbnailUrl\":\"https:\/\/nitu.mx\/wp-content\/uploads\/2020\/11\/asetur-2020.jpg\",\"datePublished\":\"2020-11-23T06:31:13+00:00\",\"dateModified\":\"2020-11-23T07:37:49+00:00\",\"breadcrumb\":{\"@id\":\"https:\/\/nitu.mx\/index.php\/2020\/11\/23\/reactivacion-segura-del-turismo-prioridad-para-la-asetur\/#breadcrumb\"},\"inLanguage\":\"es-MX\",\"potentialAction\":[{\"@type\":\"ReadAction\",\"target\":[\"https:\/\/nitu.mx\/index.php\/2020\/11\/23\/reactivacion-segura-del-turismo-prioridad-para-la-asetur\/\"]}]},{\"@type\":\"ImageObject\",\"inLanguage\":\"es-MX\",\"@id\":\"https:\/\/nitu.mx\/index.php\/2020\/11\/23\/reactivacion-segura-del-turismo-prioridad-para-la-asetur\/#primaryimage\",\"url\":\"https:\/\/nitu.mx\/wp-content\/uploads\/2020\/11\/asetur-2020.jpg\",\"contentUrl\":\"https:\/\/nitu.mx\/wp-content\/uploads\/2020\/11\/asetur-2020.jpg\",\"width\":1200,\"height\":675},{\"@type\":\"BreadcrumbList\",\"@id\":\"https:\/\/nitu.mx\/index.php\/2020\/11\/23\/reactivacion-segura-del-turismo-prioridad-para-la-asetur\/#breadcrumb\",\"itemListElement\":[{\"@type\":\"ListItem\",\"position\":1,\"name\":\"Inicio\",\"item\":\"https:\/\/nitu.mx\/\"},{\"@type\":\"ListItem\",\"position\":2,\"name\":\"Reactivaci\u00f3n segura del turismo, prioridad para la ASETUR\"}]},{\"@type\":\"WebSite\",\"@id\":\"https:\/\/nitu.mx\/#website\",\"url\":\"https:\/\/nitu.mx\/\",\"name\":\"Nitu - Noticias de la Industria Turistica\",\"description\":\"Noticias de la Industria Turistica\",\"publisher\":{\"@id\":\"https:\/\/nitu.mx\/#\/schema\/person\/ae7a53426417292d3dd07b45a33e01bc\"},\"alternateName\":\"Noticias de la Industria Turistica\",\"potentialAction\":[{\"@type\":\"SearchAction\",\"target\":{\"@type\":\"EntryPoint\",\"urlTemplate\":\"https:\/\/nitu.mx\/?s={search_term_string}\"},\"query-input\":\"required name=search_term_string\"}],\"inLanguage\":\"es-MX\"},{\"@type\":[\"Person\",\"Organization\"],\"@id\":\"https:\/\/nitu.mx\/#\/schema\/person\/ae7a53426417292d3dd07b45a33e01bc\",\"name\":\"Arturo Medina\",\"image\":{\"@type\":\"ImageObject\",\"inLanguage\":\"es-MX\",\"@id\":\"https:\/\/nitu.mx\/#\/schema\/person\/image\/\",\"url\":\"https:\/\/nitu.mx\/wp-content\/uploads\/2024\/04\/4A315622-1904-4D5C-B022-878CDC840E04-90x90-1.jpeg\",\"contentUrl\":\"https:\/\/nitu.mx\/wp-content\/uploads\/2024\/04\/4A315622-1904-4D5C-B022-878CDC840E04-90x90-1.jpeg\",\"width\":90,\"height\":90,\"caption\":\"Arturo Medina\"},\"logo\":{\"@id\":\"https:\/\/nitu.mx\/#\/schema\/person\/image\/\"},\"description\":\"Director NITU.mx, Egresado de la Escuela de Periodismo Carlos Septi\u00e9n Garc\u00eda. Periodista y analista especializado en turismo desde hace 35 a\u00f1os, radicado en Canc\u00fan Q.Roo. arturo@nitu.mx\",\"sameAs\":[\"https:\/\/nitu.mx\",\"https:\/\/www.facebook.com\/NITUmx\/\",\"medinacancun\",\"https:\/\/twitter.com\/@Arturo_Medina_G\"]},{\"@type\":\"Person\",\"@id\":\"https:\/\/nitu.mx\/#\/schema\/person\/4a28fe9bd65924f7c90623773daf1b0b\",\"name\":\"Redacci\u00f3n\",\"image\":{\"@type\":\"ImageObject\",\"inLanguage\":\"es-MX\",\"@id\":\"https:\/\/nitu.mx\/#\/schema\/person\/image\/\",\"url\":\"https:\/\/secure.gravatar.com\/avatar\/5dd011c8ccfc5cd7e4c81e42252aab38?s=96&d=mm&r=g\",\"contentUrl\":\"https:\/\/secure.gravatar.com\/avatar\/5dd011c8ccfc5cd7e4c81e42252aab38?s=96&d=mm&r=g\",\"caption\":\"Redacci\u00f3n\"},\"url\":\"https:\/\/nitu.mx\/index.php\/author\/redaccion\/\"}]}<\/script>\n<!-- \/ Yoast SEO plugin. -->","yoast_head_json":{"title":"Reactivaci\u00f3n segura del turismo, prioridad para la ASETUR - Nitu - Noticias de la Industria Turistica","robots":{"index":"index","follow":"follow","max-snippet":"max-snippet:-1","max-image-preview":"max-image-preview:large","max-video-preview":"max-video-preview:-1"},"canonical":"https:\/\/nitu.mx\/index.php\/2020\/11\/23\/reactivacion-segura-del-turismo-prioridad-para-la-asetur\/","twitter_card":"summary_large_image","twitter_title":"Reactivaci\u00f3n segura del turismo, prioridad para la ASETUR - Nitu - Noticias de la Industria Turistica","twitter_description":"En su nueva etapa para el periodo 2020-2021, la Asociaci\u00f3n de Secretarios de Turismo de M\u00e9xico (ASETUR), impulsar\u00e1 la unidad nacional y trabajar\u00e1 en tres ejes estrat\u00e9gicos, que permitan la reactivaci\u00f3n del sector, la seguridad-sustentabilidad y la promoci\u00f3n tur\u00edstica, afirm\u00f3 Juan Carlos Rivera Castellanos, Secretario de Turismo de Oaxaca y nuevo Presidente de la ASETUR. [&hellip;]","twitter_image":"https:\/\/nitu.mx\/wp-content\/uploads\/2020\/11\/asetur-2020.jpg","twitter_creator":"@NITUmx","twitter_site":"@Arturo_Medina_G","twitter_misc":{"Escrito por":"Redacci\u00f3n","Tiempo de lectura":"2 minutos"},"schema":{"@context":"https:\/\/schema.org","@graph":[{"@type":"Article","@id":"https:\/\/nitu.mx\/index.php\/2020\/11\/23\/reactivacion-segura-del-turismo-prioridad-para-la-asetur\/#article","isPartOf":{"@id":"https:\/\/nitu.mx\/index.php\/2020\/11\/23\/reactivacion-segura-del-turismo-prioridad-para-la-asetur\/"},"author":{"name":"Redacci\u00f3n","@id":"https:\/\/nitu.mx\/#\/schema\/person\/4a28fe9bd65924f7c90623773daf1b0b"},"headline":"Reactivaci\u00f3n segura del turismo, prioridad para la ASETUR","datePublished":"2020-11-23T06:31:13+00:00","dateModified":"2020-11-23T07:37:49+00:00","mainEntityOfPage":{"@id":"https:\/\/nitu.mx\/index.php\/2020\/11\/23\/reactivacion-segura-del-turismo-prioridad-para-la-asetur\/"},"wordCount":405,"commentCount":0,"publisher":{"@id":"https:\/\/nitu.mx\/#\/schema\/person\/ae7a53426417292d3dd07b45a33e01bc"},"image":{"@id":"https:\/\/nitu.mx\/index.php\/2020\/11\/23\/reactivacion-segura-del-turismo-prioridad-para-la-asetur\/#primaryimage"},"thumbnailUrl":"https:\/\/nitu.mx\/wp-content\/uploads\/2020\/11\/asetur-2020.jpg","keywords":["Asetur","Fonatur","Juan Carlos Rivera Castellanos","Miguel Torruco"],"articleSection":["Marketing","M\u00e9xico"],"inLanguage":"es-MX","potentialAction":[{"@type":"CommentAction","name":"Comment","target":["https:\/\/nitu.mx\/index.php\/2020\/11\/23\/reactivacion-segura-del-turismo-prioridad-para-la-asetur\/#respond"]}]},{"@type":"WebPage","@id":"https:\/\/nitu.mx\/index.php\/2020\/11\/23\/reactivacion-segura-del-turismo-prioridad-para-la-asetur\/","url":"https:\/\/nitu.mx\/index.php\/2020\/11\/23\/reactivacion-segura-del-turismo-prioridad-para-la-asetur\/","name":"Reactivaci\u00f3n segura del turismo, prioridad para la ASETUR - Nitu - Noticias de la Industria Turistica","isPartOf":{"@id":"https:\/\/nitu.mx\/#website"},"primaryImageOfPage":{"@id":"https:\/\/nitu.mx\/index.php\/2020\/11\/23\/reactivacion-segura-del-turismo-prioridad-para-la-asetur\/#primaryimage"},"image":{"@id":"https:\/\/nitu.mx\/index.php\/2020\/11\/23\/reactivacion-segura-del-turismo-prioridad-para-la-asetur\/#primaryimage"},"thumbnailUrl":"https:\/\/nitu.mx\/wp-content\/uploads\/2020\/11\/asetur-2020.jpg","datePublished":"2020-11-23T06:31:13+00:00","dateModified":"2020-11-23T07:37:49+00:00","breadcrumb":{"@id":"https:\/\/nitu.mx\/index.php\/2020\/11\/23\/reactivacion-segura-del-turismo-prioridad-para-la-asetur\/#breadcrumb"},"inLanguage":"es-MX","potentialAction":[{"@type":"ReadAction","target":["https:\/\/nitu.mx\/index.php\/2020\/11\/23\/reactivacion-segura-del-turismo-prioridad-para-la-asetur\/"]}]},{"@type":"ImageObject","inLanguage":"es-MX","@id":"https:\/\/nitu.mx\/index.php\/2020\/11\/23\/reactivacion-segura-del-turismo-prioridad-para-la-asetur\/#primaryimage","url":"https:\/\/nitu.mx\/wp-content\/uploads\/2020\/11\/asetur-2020.jpg","contentUrl":"https:\/\/nitu.mx\/wp-content\/uploads\/2020\/11\/asetur-2020.jpg","width":1200,"height":675},{"@type":"BreadcrumbList","@id":"https:\/\/nitu.mx\/index.php\/2020\/11\/23\/reactivacion-segura-del-turismo-prioridad-para-la-asetur\/#breadcrumb","itemListElement":[{"@type":"ListItem","position":1,"name":"Inicio","item":"https:\/\/nitu.mx\/"},{"@type":"ListItem","position":2,"name":"Reactivaci\u00f3n segura del turismo, prioridad para la ASETUR"}]},{"@type":"WebSite","@id":"https:\/\/nitu.mx\/#website","url":"https:\/\/nitu.mx\/","name":"Nitu - Noticias de la Industria Turistica","description":"Noticias de la Industria Turistica","publisher":{"@id":"https:\/\/nitu.mx\/#\/schema\/person\/ae7a53426417292d3dd07b45a33e01bc"},"alternateName":"Noticias de la Industria Turistica","potentialAction":[{"@type":"SearchAction","target":{"@type":"EntryPoint","urlTemplate":"https:\/\/nitu.mx\/?s={search_term_string}"},"query-input":"required name=search_term_string"}],"inLanguage":"es-MX"},{"@type":["Person","Organization"],"@id":"https:\/\/nitu.mx\/#\/schema\/person\/ae7a53426417292d3dd07b45a33e01bc","name":"Arturo Medina","image":{"@type":"ImageObject","inLanguage":"es-MX","@id":"https:\/\/nitu.mx\/#\/schema\/person\/image\/","url":"https:\/\/nitu.mx\/wp-content\/uploads\/2024\/04\/4A315622-1904-4D5C-B022-878CDC840E04-90x90-1.jpeg","contentUrl":"https:\/\/nitu.mx\/wp-content\/uploads\/2024\/04\/4A315622-1904-4D5C-B022-878CDC840E04-90x90-1.jpeg","width":90,"height":90,"caption":"Arturo Medina"},"logo":{"@id":"https:\/\/nitu.mx\/#\/schema\/person\/image\/"},"description":"Director NITU.mx, Egresado de la Escuela de Periodismo Carlos Septi\u00e9n Garc\u00eda. Periodista y analista especializado en turismo desde hace 35 a\u00f1os, radicado en Canc\u00fan Q.Roo. arturo@nitu.mx","sameAs":["https:\/\/nitu.mx","https:\/\/www.facebook.com\/NITUmx\/","medinacancun","https:\/\/twitter.com\/@Arturo_Medina_G"]},{"@type":"Person","@id":"https:\/\/nitu.mx\/#\/schema\/person\/4a28fe9bd65924f7c90623773daf1b0b","name":"Redacci\u00f3n","image":{"@type":"ImageObject","inLanguage":"es-MX","@id":"https:\/\/nitu.mx\/#\/schema\/person\/image\/","url":"https:\/\/secure.gravatar.com\/avatar\/5dd011c8ccfc5cd7e4c81e42252aab38?s=96&d=mm&r=g","contentUrl":"https:\/\/secure.gravatar.com\/avatar\/5dd011c8ccfc5cd7e4c81e42252aab38?s=96&d=mm&r=g","caption":"Redacci\u00f3n"},"url":"https:\/\/nitu.mx\/index.php\/author\/redaccion\/"}]}},"views":259,"_links":{"self":[{"href":"https:\/\/nitu.mx\/index.php\/wp-json\/wp\/v2\/posts\/48294"}],"collection":[{"href":"https:\/\/nitu.mx\/index.php\/wp-json\/wp\/v2\/posts"}],"about":[{"href":"https:\/\/nitu.mx\/index.php\/wp-json\/wp\/v2\/types\/post"}],"author":[{"embeddable":true,"href":"https:\/\/nitu.mx\/index.php\/wp-json\/wp\/v2\/users\/17"}],"replies":[{"embeddable":true,"href":"https:\/\/nitu.mx\/index.php\/wp-json\/wp\/v2\/comments?post=48294"}],"version-history":[{"count":5,"href":"https:\/\/nitu.mx\/index.php\/wp-json\/wp\/v2\/posts\/48294\/revisions"}],"predecessor-version":[{"id":48340,"href":"https:\/\/nitu.mx\/index.php\/wp-json\/wp\/v2\/posts\/48294\/revisions\/48340"}],"wp:featuredmedia":[{"embeddable":true,"href":"https:\/\/nitu.mx\/index.php\/wp-json\/wp\/v2\/media\/48324"}],"wp:attachment":[{"href":"https:\/\/nitu.mx\/index.php\/wp-json\/wp\/v2\/media?parent=48294"}],"wp:term":[{"taxonomy":"category","embeddable":true,"href":"https:\/\/nitu.mx\/index.php\/wp-json\/wp\/v2\/categories?post=48294"},{"taxonomy":"post_tag","embeddable":true,"href":"https:\/\/nitu.mx\/index.php\/wp-json\/wp\/v2\/tags?post=48294"}],"curies":[{"name":"wp","href":"https:\/\/api.w.org\/{rel}","templated":true}]}}