{"id":48229,"date":"2020-11-20T01:56:15","date_gmt":"2020-11-20T06:56:15","guid":{"rendered":"https:\/\/www.dev.nitu.mx\/?p=48229"},"modified":"2020-11-23T01:37:06","modified_gmt":"2020-11-23T06:37:06","slug":"participa-director-general-del-cptq-en-encuentro-nacional-de-turismo","status":"publish","type":"post","link":"https:\/\/nitu.mx\/index.php\/2020\/11\/20\/participa-director-general-del-cptq-en-encuentro-nacional-de-turismo\/","title":{"rendered":"Participa Director General del CPTQ en Encuentro Nacional de Turismo"},"content":{"rendered":"<p>En representaci\u00f3n del gobernador de Quintana Roo, Carlos Joaqu\u00edn Gonz\u00e1lez, el director general del Consejo de Promoci\u00f3n Tur\u00edstica de Quintana Roo Dar\u00edo Flota Ocampo, particip\u00f3 en el Encuentro Nacional de Turismo realizado este mi\u00e9rcoles en la ciudad de Tijuana, Baja California.<\/p>\n<p>Dentro del panel denominado \u201cPromoci\u00f3n y Mercadotecnia Tur\u00edstica, Nuevos Productos y Mercados\u201d, Flota Ocampo expuso las etapas de reactivaci\u00f3n tur\u00edstica del Caribe Mexicano, la importancia de la Certificaci\u00f3n en Protecci\u00f3n y Prevenci\u00f3n Sanitaria (CPPSIT), desarrollada por la Secretar\u00eda de Turismo de Quintana Roo y la conectividad a\u00e9rea del Aeropuerto Internacional de Canc\u00fan, que ha sido fundamental en la etapa de reactivaci\u00f3n tur\u00edstica al tener un promedio de 150 llegadas diarias \u2013 nacionales e internacionales \u2013 y un notable ascenso en el n\u00famero de operaciones desde la reapertura de los destinos tur\u00edsticos del Caribe Mexicano, en junio pasado.<\/p>\n<p>Destac\u00f3 adem\u00e1s el bajo nivel de contagios en Quintana Roo y el esfuerzo que se hace por mantener el Sem\u00e1foro Epidemiol\u00f3gico estatal en nivel amarillo, as\u00ed como las actividades permitidas de acuerdo al n\u00famero de asistentes para eventos y establecimientos. (<a title=\"Dar\u00edo Flota: \u201cDebemos pensar en cambiar la manera de hacer las cosas\u201d\" href=\"https:\/\/www.dev.nitu.mx\/index.php\/2020\/07\/09\/dario-flota-debemos-pensar-en-cambiar-la-manera-de-hacer-las-cosas\/\" rel=\"bookmark\">Dar\u00edo Flota: \u201cDebemos pensar en cambiar la manera de hacer las cosas\u201d<\/a>).<\/p>\n<p>Finalmente, coment\u00f3 sobre los retos futuros del turismo, en donde mencion\u00f3 la disminuci\u00f3n de la demanda por el estancamiento de la econom\u00eda, desconfianza a viajar y nuevo confinamiento, as\u00ed como el retraso en el reinicio de operaciones de cruceros y la insuficiente promoci\u00f3n institucional del pa\u00eds, mientras que los destinos competidores mantienen una fuerte inversi\u00f3n en promoci\u00f3n y presencia medi\u00e1tica.<\/p>\n<p>El resto del panel fue conformado por Michelle Fridman, Secretaria de Turismo de Yucat\u00e1n; Carlos Mackinlay, Secretario de Turismo de la Ciudad de M\u00e9xico; y los presidentes municipales de Los Cabos, Ensenada y Los Mochis, Armida Castro Guzm\u00e1n, Armando Ayala, y Guillermo Chapman, respectivamente.<\/p>\n","protected":false},"excerpt":{"rendered":"<p>En representaci\u00f3n del gobernador de Quintana Roo, Carlos Joaqu\u00edn Gonz\u00e1lez, el director general del Consejo de Promoci\u00f3n Tur\u00edstica de Quintana Roo Dar\u00edo Flota Ocampo, particip\u00f3 en el Encuentro Nacional de Turismo realizado este mi\u00e9rcoles en la ciudad de Tijuana, Baja California. Dentro del panel denominado \u201cPromoci\u00f3n y Mercadotecnia Tur\u00edstica, Nuevos Productos y Mercados\u201d, Flota Ocampo [&hellip;]<\/p>\n","protected":false},"author":3,"featured_media":43535,"comment_status":"open","ping_status":"open","sticky":false,"template":"","format":"standard","meta":{"footnotes":""},"categories":[5,12],"tags":[43,874,21154,260],"yoast_head":"<!-- This site is optimized with the Yoast SEO plugin v22.2 - https:\/\/yoast.com\/wordpress\/plugins\/seo\/ -->\n<title>Participa Director General del CPTQ en Encuentro Nacional de Turismo - Nitu - Noticias de la Industria Turistica<\/title>\n<meta name=\"robots\" content=\"index, follow, max-snippet:-1, max-image-preview:large, max-video-preview:-1\" \/>\n<link rel=\"canonical\" href=\"https:\/\/nitu.mx\/index.php\/2020\/11\/20\/participa-director-general-del-cptq-en-encuentro-nacional-de-turismo\/\" \/>\n<meta name=\"twitter:card\" content=\"summary_large_image\" \/>\n<meta name=\"twitter:title\" content=\"Participa Director General del CPTQ en Encuentro Nacional de Turismo - Nitu - Noticias de la Industria Turistica\" \/>\n<meta name=\"twitter:description\" content=\"En representaci\u00f3n del gobernador de Quintana Roo, Carlos Joaqu\u00edn Gonz\u00e1lez, el director general del Consejo de Promoci\u00f3n Tur\u00edstica de Quintana Roo Dar\u00edo Flota Ocampo, particip\u00f3 en el Encuentro Nacional de Turismo realizado este mi\u00e9rcoles en la ciudad de Tijuana, Baja California. Dentro del panel denominado \u201cPromoci\u00f3n y Mercadotecnia Tur\u00edstica, Nuevos Productos y Mercados\u201d, Flota Ocampo [&hellip;]\" \/>\n<meta name=\"twitter:image\" content=\"https:\/\/nitu.mx\/wp-content\/uploads\/2020\/06\/Dario-Flota-protocolos-CPTQ.jpg\" \/>\n<meta name=\"twitter:creator\" content=\"@NITUmx\" \/>\n<meta name=\"twitter:site\" content=\"@Arturo_Medina_G\" \/>\n<meta name=\"twitter:label1\" content=\"Escrito por\" \/>\n\t<meta name=\"twitter:data1\" content=\"Alejandra Moncisbays\" \/>\n\t<meta name=\"twitter:label2\" content=\"Tiempo de lectura\" \/>\n\t<meta name=\"twitter:data2\" content=\"2 minutos\" \/>\n<script type=\"application\/ld+json\" class=\"yoast-schema-graph\">{\"@context\":\"https:\/\/schema.org\",\"@graph\":[{\"@type\":\"Article\",\"@id\":\"https:\/\/nitu.mx\/index.php\/2020\/11\/20\/participa-director-general-del-cptq-en-encuentro-nacional-de-turismo\/#article\",\"isPartOf\":{\"@id\":\"https:\/\/nitu.mx\/index.php\/2020\/11\/20\/participa-director-general-del-cptq-en-encuentro-nacional-de-turismo\/\"},\"author\":{\"name\":\"Alejandra Moncisbays\",\"@id\":\"https:\/\/nitu.mx\/#\/schema\/person\/2ecd887b19dfd3382d1f14fc5acf24a8\"},\"headline\":\"Participa Director General del CPTQ en Encuentro Nacional de Turismo\",\"datePublished\":\"2020-11-20T06:56:15+00:00\",\"dateModified\":\"2020-11-23T06:37:06+00:00\",\"mainEntityOfPage\":{\"@id\":\"https:\/\/nitu.mx\/index.php\/2020\/11\/20\/participa-director-general-del-cptq-en-encuentro-nacional-de-turismo\/\"},\"wordCount\":337,\"commentCount\":0,\"publisher\":{\"@id\":\"https:\/\/nitu.mx\/#\/schema\/person\/ae7a53426417292d3dd07b45a33e01bc\"},\"image\":{\"@id\":\"https:\/\/nitu.mx\/index.php\/2020\/11\/20\/participa-director-general-del-cptq-en-encuentro-nacional-de-turismo\/#primaryimage\"},\"thumbnailUrl\":\"https:\/\/nitu.mx\/wp-content\/uploads\/2020\/06\/Dario-Flota-protocolos-CPTQ.jpg\",\"keywords\":[\"Canc\u00fan\",\"Dar\u00edo Flota Ocampo\",\"Encuentro Nacional de Turismo\",\"Quintana Roo\"],\"articleSection\":[\"Destinos\",\"Marketing\"],\"inLanguage\":\"es-MX\",\"potentialAction\":[{\"@type\":\"CommentAction\",\"name\":\"Comment\",\"target\":[\"https:\/\/nitu.mx\/index.php\/2020\/11\/20\/participa-director-general-del-cptq-en-encuentro-nacional-de-turismo\/#respond\"]}]},{\"@type\":\"WebPage\",\"@id\":\"https:\/\/nitu.mx\/index.php\/2020\/11\/20\/participa-director-general-del-cptq-en-encuentro-nacional-de-turismo\/\",\"url\":\"https:\/\/nitu.mx\/index.php\/2020\/11\/20\/participa-director-general-del-cptq-en-encuentro-nacional-de-turismo\/\",\"name\":\"Participa Director General del CPTQ en Encuentro Nacional de Turismo - Nitu - Noticias de la Industria Turistica\",\"isPartOf\":{\"@id\":\"https:\/\/nitu.mx\/#website\"},\"primaryImageOfPage\":{\"@id\":\"https:\/\/nitu.mx\/index.php\/2020\/11\/20\/participa-director-general-del-cptq-en-encuentro-nacional-de-turismo\/#primaryimage\"},\"image\":{\"@id\":\"https:\/\/nitu.mx\/index.php\/2020\/11\/20\/participa-director-general-del-cptq-en-encuentro-nacional-de-turismo\/#primaryimage\"},\"thumbnailUrl\":\"https:\/\/nitu.mx\/wp-content\/uploads\/2020\/06\/Dario-Flota-protocolos-CPTQ.jpg\",\"datePublished\":\"2020-11-20T06:56:15+00:00\",\"dateModified\":\"2020-11-23T06:37:06+00:00\",\"breadcrumb\":{\"@id\":\"https:\/\/nitu.mx\/index.php\/2020\/11\/20\/participa-director-general-del-cptq-en-encuentro-nacional-de-turismo\/#breadcrumb\"},\"inLanguage\":\"es-MX\",\"potentialAction\":[{\"@type\":\"ReadAction\",\"target\":[\"https:\/\/nitu.mx\/index.php\/2020\/11\/20\/participa-director-general-del-cptq-en-encuentro-nacional-de-turismo\/\"]}]},{\"@type\":\"ImageObject\",\"inLanguage\":\"es-MX\",\"@id\":\"https:\/\/nitu.mx\/index.php\/2020\/11\/20\/participa-director-general-del-cptq-en-encuentro-nacional-de-turismo\/#primaryimage\",\"url\":\"https:\/\/nitu.mx\/wp-content\/uploads\/2020\/06\/Dario-Flota-protocolos-CPTQ.jpg\",\"contentUrl\":\"https:\/\/nitu.mx\/wp-content\/uploads\/2020\/06\/Dario-Flota-protocolos-CPTQ.jpg\",\"width\":850,\"height\":480,\"caption\":\"CPTQ\"},{\"@type\":\"BreadcrumbList\",\"@id\":\"https:\/\/nitu.mx\/index.php\/2020\/11\/20\/participa-director-general-del-cptq-en-encuentro-nacional-de-turismo\/#breadcrumb\",\"itemListElement\":[{\"@type\":\"ListItem\",\"position\":1,\"name\":\"Inicio\",\"item\":\"https:\/\/nitu.mx\/\"},{\"@type\":\"ListItem\",\"position\":2,\"name\":\"Participa Director General del CPTQ en Encuentro Nacional de Turismo\"}]},{\"@type\":\"WebSite\",\"@id\":\"https:\/\/nitu.mx\/#website\",\"url\":\"https:\/\/nitu.mx\/\",\"name\":\"Nitu - Noticias de la Industria Turistica\",\"description\":\"Noticias de la Industria Turistica\",\"publisher\":{\"@id\":\"https:\/\/nitu.mx\/#\/schema\/person\/ae7a53426417292d3dd07b45a33e01bc\"},\"alternateName\":\"Noticias de la Industria Turistica\",\"potentialAction\":[{\"@type\":\"SearchAction\",\"target\":{\"@type\":\"EntryPoint\",\"urlTemplate\":\"https:\/\/nitu.mx\/?s={search_term_string}\"},\"query-input\":\"required name=search_term_string\"}],\"inLanguage\":\"es-MX\"},{\"@type\":[\"Person\",\"Organization\"],\"@id\":\"https:\/\/nitu.mx\/#\/schema\/person\/ae7a53426417292d3dd07b45a33e01bc\",\"name\":\"Arturo Medina\",\"image\":{\"@type\":\"ImageObject\",\"inLanguage\":\"es-MX\",\"@id\":\"https:\/\/nitu.mx\/#\/schema\/person\/image\/\",\"url\":\"https:\/\/nitu.mx\/wp-content\/uploads\/2024\/04\/4A315622-1904-4D5C-B022-878CDC840E04-90x90-1.jpeg\",\"contentUrl\":\"https:\/\/nitu.mx\/wp-content\/uploads\/2024\/04\/4A315622-1904-4D5C-B022-878CDC840E04-90x90-1.jpeg\",\"width\":90,\"height\":90,\"caption\":\"Arturo Medina\"},\"logo\":{\"@id\":\"https:\/\/nitu.mx\/#\/schema\/person\/image\/\"},\"description\":\"Director NITU.mx, Egresado de la Escuela de Periodismo Carlos Septi\u00e9n Garc\u00eda. Periodista y analista especializado en turismo desde hace 35 a\u00f1os, radicado en Canc\u00fan Q.Roo. arturo@nitu.mx\",\"sameAs\":[\"https:\/\/nitu.mx\",\"https:\/\/www.facebook.com\/NITUmx\/\",\"medinacancun\",\"https:\/\/twitter.com\/@Arturo_Medina_G\"]},{\"@type\":\"Person\",\"@id\":\"https:\/\/nitu.mx\/#\/schema\/person\/2ecd887b19dfd3382d1f14fc5acf24a8\",\"name\":\"Alejandra Moncisbays\",\"image\":{\"@type\":\"ImageObject\",\"inLanguage\":\"es-MX\",\"@id\":\"https:\/\/nitu.mx\/#\/schema\/person\/image\/\",\"url\":\"https:\/\/secure.gravatar.com\/avatar\/e74f7af0be172b7804dacfd0bfbef787?s=96&d=mm&r=g\",\"contentUrl\":\"https:\/\/secure.gravatar.com\/avatar\/e74f7af0be172b7804dacfd0bfbef787?s=96&d=mm&r=g\",\"caption\":\"Alejandra Moncisbays\"},\"description\":\"Curs\u00e9 la carrera de Periodismo y Comunicaci\u00f3n en la Facultad de Estudios Profesionales Acatl\u00e1n. Vivo en Canc\u00fan desde hace 24 a\u00f1os. Fui reportera de La Tarde de Canc\u00fan, y Novedades de Quintana Roo, colabor\u00e9 en TVCUN, edit\u00e9 Cancun\u00edssimo y colabor\u00e9 en las revistas Latitud21, entre otras, con principal enfoque en los sectores empresarial y tur\u00edstico. Desde hace varios a\u00f1os soy Agente de Seguros con c\u00e9dula de la Comisi\u00f3n Nacional de Seguros y Fianzas. Actualmente, me desarrollo en los \u00e1mbitos del periodismo y el sector asegurador.\",\"sameAs\":[\"https:\/\/nitu.mx\"],\"url\":\"https:\/\/nitu.mx\/index.php\/author\/alejandra\/\"}]}<\/script>\n<!-- \/ Yoast SEO plugin. -->","yoast_head_json":{"title":"Participa Director General del CPTQ en Encuentro Nacional de Turismo - Nitu - Noticias de la Industria Turistica","robots":{"index":"index","follow":"follow","max-snippet":"max-snippet:-1","max-image-preview":"max-image-preview:large","max-video-preview":"max-video-preview:-1"},"canonical":"https:\/\/nitu.mx\/index.php\/2020\/11\/20\/participa-director-general-del-cptq-en-encuentro-nacional-de-turismo\/","twitter_card":"summary_large_image","twitter_title":"Participa Director General del CPTQ en Encuentro Nacional de Turismo - Nitu - Noticias de la Industria Turistica","twitter_description":"En representaci\u00f3n del gobernador de Quintana Roo, Carlos Joaqu\u00edn Gonz\u00e1lez, el director general del Consejo de Promoci\u00f3n Tur\u00edstica de Quintana Roo Dar\u00edo Flota Ocampo, particip\u00f3 en el Encuentro Nacional de Turismo realizado este mi\u00e9rcoles en la ciudad de Tijuana, Baja California. Dentro del panel denominado \u201cPromoci\u00f3n y Mercadotecnia Tur\u00edstica, Nuevos Productos y Mercados\u201d, Flota Ocampo [&hellip;]","twitter_image":"https:\/\/nitu.mx\/wp-content\/uploads\/2020\/06\/Dario-Flota-protocolos-CPTQ.jpg","twitter_creator":"@NITUmx","twitter_site":"@Arturo_Medina_G","twitter_misc":{"Escrito por":"Alejandra Moncisbays","Tiempo de lectura":"2 minutos"},"schema":{"@context":"https:\/\/schema.org","@graph":[{"@type":"Article","@id":"https:\/\/nitu.mx\/index.php\/2020\/11\/20\/participa-director-general-del-cptq-en-encuentro-nacional-de-turismo\/#article","isPartOf":{"@id":"https:\/\/nitu.mx\/index.php\/2020\/11\/20\/participa-director-general-del-cptq-en-encuentro-nacional-de-turismo\/"},"author":{"name":"Alejandra Moncisbays","@id":"https:\/\/nitu.mx\/#\/schema\/person\/2ecd887b19dfd3382d1f14fc5acf24a8"},"headline":"Participa Director General del CPTQ en Encuentro Nacional de Turismo","datePublished":"2020-11-20T06:56:15+00:00","dateModified":"2020-11-23T06:37:06+00:00","mainEntityOfPage":{"@id":"https:\/\/nitu.mx\/index.php\/2020\/11\/20\/participa-director-general-del-cptq-en-encuentro-nacional-de-turismo\/"},"wordCount":337,"commentCount":0,"publisher":{"@id":"https:\/\/nitu.mx\/#\/schema\/person\/ae7a53426417292d3dd07b45a33e01bc"},"image":{"@id":"https:\/\/nitu.mx\/index.php\/2020\/11\/20\/participa-director-general-del-cptq-en-encuentro-nacional-de-turismo\/#primaryimage"},"thumbnailUrl":"https:\/\/nitu.mx\/wp-content\/uploads\/2020\/06\/Dario-Flota-protocolos-CPTQ.jpg","keywords":["Canc\u00fan","Dar\u00edo Flota Ocampo","Encuentro Nacional de Turismo","Quintana Roo"],"articleSection":["Destinos","Marketing"],"inLanguage":"es-MX","potentialAction":[{"@type":"CommentAction","name":"Comment","target":["https:\/\/nitu.mx\/index.php\/2020\/11\/20\/participa-director-general-del-cptq-en-encuentro-nacional-de-turismo\/#respond"]}]},{"@type":"WebPage","@id":"https:\/\/nitu.mx\/index.php\/2020\/11\/20\/participa-director-general-del-cptq-en-encuentro-nacional-de-turismo\/","url":"https:\/\/nitu.mx\/index.php\/2020\/11\/20\/participa-director-general-del-cptq-en-encuentro-nacional-de-turismo\/","name":"Participa Director General del CPTQ en Encuentro Nacional de Turismo - Nitu - Noticias de la Industria Turistica","isPartOf":{"@id":"https:\/\/nitu.mx\/#website"},"primaryImageOfPage":{"@id":"https:\/\/nitu.mx\/index.php\/2020\/11\/20\/participa-director-general-del-cptq-en-encuentro-nacional-de-turismo\/#primaryimage"},"image":{"@id":"https:\/\/nitu.mx\/index.php\/2020\/11\/20\/participa-director-general-del-cptq-en-encuentro-nacional-de-turismo\/#primaryimage"},"thumbnailUrl":"https:\/\/nitu.mx\/wp-content\/uploads\/2020\/06\/Dario-Flota-protocolos-CPTQ.jpg","datePublished":"2020-11-20T06:56:15+00:00","dateModified":"2020-11-23T06:37:06+00:00","breadcrumb":{"@id":"https:\/\/nitu.mx\/index.php\/2020\/11\/20\/participa-director-general-del-cptq-en-encuentro-nacional-de-turismo\/#breadcrumb"},"inLanguage":"es-MX","potentialAction":[{"@type":"ReadAction","target":["https:\/\/nitu.mx\/index.php\/2020\/11\/20\/participa-director-general-del-cptq-en-encuentro-nacional-de-turismo\/"]}]},{"@type":"ImageObject","inLanguage":"es-MX","@id":"https:\/\/nitu.mx\/index.php\/2020\/11\/20\/participa-director-general-del-cptq-en-encuentro-nacional-de-turismo\/#primaryimage","url":"https:\/\/nitu.mx\/wp-content\/uploads\/2020\/06\/Dario-Flota-protocolos-CPTQ.jpg","contentUrl":"https:\/\/nitu.mx\/wp-content\/uploads\/2020\/06\/Dario-Flota-protocolos-CPTQ.jpg","width":850,"height":480,"caption":"CPTQ"},{"@type":"BreadcrumbList","@id":"https:\/\/nitu.mx\/index.php\/2020\/11\/20\/participa-director-general-del-cptq-en-encuentro-nacional-de-turismo\/#breadcrumb","itemListElement":[{"@type":"ListItem","position":1,"name":"Inicio","item":"https:\/\/nitu.mx\/"},{"@type":"ListItem","position":2,"name":"Participa Director General del CPTQ en Encuentro Nacional de Turismo"}]},{"@type":"WebSite","@id":"https:\/\/nitu.mx\/#website","url":"https:\/\/nitu.mx\/","name":"Nitu - Noticias de la Industria Turistica","description":"Noticias de la Industria Turistica","publisher":{"@id":"https:\/\/nitu.mx\/#\/schema\/person\/ae7a53426417292d3dd07b45a33e01bc"},"alternateName":"Noticias de la Industria Turistica","potentialAction":[{"@type":"SearchAction","target":{"@type":"EntryPoint","urlTemplate":"https:\/\/nitu.mx\/?s={search_term_string}"},"query-input":"required name=search_term_string"}],"inLanguage":"es-MX"},{"@type":["Person","Organization"],"@id":"https:\/\/nitu.mx\/#\/schema\/person\/ae7a53426417292d3dd07b45a33e01bc","name":"Arturo Medina","image":{"@type":"ImageObject","inLanguage":"es-MX","@id":"https:\/\/nitu.mx\/#\/schema\/person\/image\/","url":"https:\/\/nitu.mx\/wp-content\/uploads\/2024\/04\/4A315622-1904-4D5C-B022-878CDC840E04-90x90-1.jpeg","contentUrl":"https:\/\/nitu.mx\/wp-content\/uploads\/2024\/04\/4A315622-1904-4D5C-B022-878CDC840E04-90x90-1.jpeg","width":90,"height":90,"caption":"Arturo Medina"},"logo":{"@id":"https:\/\/nitu.mx\/#\/schema\/person\/image\/"},"description":"Director NITU.mx, Egresado de la Escuela de Periodismo Carlos Septi\u00e9n Garc\u00eda. Periodista y analista especializado en turismo desde hace 35 a\u00f1os, radicado en Canc\u00fan Q.Roo. arturo@nitu.mx","sameAs":["https:\/\/nitu.mx","https:\/\/www.facebook.com\/NITUmx\/","medinacancun","https:\/\/twitter.com\/@Arturo_Medina_G"]},{"@type":"Person","@id":"https:\/\/nitu.mx\/#\/schema\/person\/2ecd887b19dfd3382d1f14fc5acf24a8","name":"Alejandra Moncisbays","image":{"@type":"ImageObject","inLanguage":"es-MX","@id":"https:\/\/nitu.mx\/#\/schema\/person\/image\/","url":"https:\/\/secure.gravatar.com\/avatar\/e74f7af0be172b7804dacfd0bfbef787?s=96&d=mm&r=g","contentUrl":"https:\/\/secure.gravatar.com\/avatar\/e74f7af0be172b7804dacfd0bfbef787?s=96&d=mm&r=g","caption":"Alejandra Moncisbays"},"description":"Curs\u00e9 la carrera de Periodismo y Comunicaci\u00f3n en la Facultad de Estudios Profesionales Acatl\u00e1n. Vivo en Canc\u00fan desde hace 24 a\u00f1os. Fui reportera de La Tarde de Canc\u00fan, y Novedades de Quintana Roo, colabor\u00e9 en TVCUN, edit\u00e9 Cancun\u00edssimo y colabor\u00e9 en las revistas Latitud21, entre otras, con principal enfoque en los sectores empresarial y tur\u00edstico. Desde hace varios a\u00f1os soy Agente de Seguros con c\u00e9dula de la Comisi\u00f3n Nacional de Seguros y Fianzas. Actualmente, me desarrollo en los \u00e1mbitos del periodismo y el sector asegurador.","sameAs":["https:\/\/nitu.mx"],"url":"https:\/\/nitu.mx\/index.php\/author\/alejandra\/"}]}},"views":269,"_links":{"self":[{"href":"https:\/\/nitu.mx\/index.php\/wp-json\/wp\/v2\/posts\/48229"}],"collection":[{"href":"https:\/\/nitu.mx\/index.php\/wp-json\/wp\/v2\/posts"}],"about":[{"href":"https:\/\/nitu.mx\/index.php\/wp-json\/wp\/v2\/types\/post"}],"author":[{"embeddable":true,"href":"https:\/\/nitu.mx\/index.php\/wp-json\/wp\/v2\/users\/3"}],"replies":[{"embeddable":true,"href":"https:\/\/nitu.mx\/index.php\/wp-json\/wp\/v2\/comments?post=48229"}],"version-history":[{"count":5,"href":"https:\/\/nitu.mx\/index.php\/wp-json\/wp\/v2\/posts\/48229\/revisions"}],"predecessor-version":[{"id":48329,"href":"https:\/\/nitu.mx\/index.php\/wp-json\/wp\/v2\/posts\/48229\/revisions\/48329"}],"wp:featuredmedia":[{"embeddable":true,"href":"https:\/\/nitu.mx\/index.php\/wp-json\/wp\/v2\/media\/43535"}],"wp:attachment":[{"href":"https:\/\/nitu.mx\/index.php\/wp-json\/wp\/v2\/media?parent=48229"}],"wp:term":[{"taxonomy":"category","embeddable":true,"href":"https:\/\/nitu.mx\/index.php\/wp-json\/wp\/v2\/categories?post=48229"},{"taxonomy":"post_tag","embeddable":true,"href":"https:\/\/nitu.mx\/index.php\/wp-json\/wp\/v2\/tags?post=48229"}],"curies":[{"name":"wp","href":"https:\/\/api.w.org\/{rel}","templated":true}]}}