{"id":48176,"date":"2020-11-18T01:26:52","date_gmt":"2020-11-18T06:26:52","guid":{"rendered":"https:\/\/www.dev.nitu.mx\/?p=48176"},"modified":"2020-11-18T02:27:08","modified_gmt":"2020-11-18T07:27:08","slug":"grupo-oasis-hotels-resorts-uno-de-los-patrocinadores-que-han-creido-en-el-rally-maya-mexico","status":"publish","type":"post","link":"https:\/\/nitu.mx\/index.php\/2020\/11\/18\/grupo-oasis-hotels-resorts-uno-de-los-patrocinadores-que-han-creido-en-el-rally-maya-mexico\/","title":{"rendered":"Grupo Oasis Hotels &#038; Resorts uno de los patrocinadores que han cre\u00eddo en el Rally Maya M\u00e9xico"},"content":{"rendered":"<p>La cadena Oasis Hotels &amp; Resorts, con cerca de tres mil habitaciones en el estado de Quintana Roo, es y ha sido un gran aliado del Rally Maya M\u00e9xico. Desde aquel 2012 en el que se le present\u00f3 el proyecto del museo rodante a Don Pedro Pueyo Toldr\u00e1 (QEPD) Presidente de Oasis Hotels &amp; Resorts, no dudaron en unir esfuerzos y ser parte de est\u00e1 historia carretera que sigue escribi\u00e9ndose.<\/p>\n<p>El patrocinio de Hoteles Oasis ha sido de suma importancia debido a que con su apoyo, el objetivo del Rally Maya M\u00e9xico se ha podido cumplir, pudiendo llevar a cabo los campamentos de ni\u00f1os y j\u00f3venes con diabetes tipo 1 en las seis ediciones anteriores, brindando cada a\u00f1o la estancia \u201call inclusive\u201d en sus hoteles durante 4 o 5 d\u00edas para ni\u00f1os, j\u00f3venes, m\u00e9dicos, nutri\u00f3logos y dem\u00e1s personal.<\/p>\n<p>\u201cPara todos ha sido un a\u00f1o sumamente complicado, estamos redoblando esfuerzos para mejorar en todos los aspectos lo que hemos venido haciendo y en especial esta edici\u00f3n queremos lucirnos como homenaje para mi querido Pedro, quien desafortunadamente se nos adelant\u00f3 en el camino, seguiremos poniendo el nombre de Oasis Hotels &amp; Resorts muy en alto\u201d coment\u00f3 Benjam\u00edn de la Pe\u00f1a Mora, CEO y fundador del Rally Maya M\u00e9xico.<\/p>\n<p>El se\u00f1or Pueyo originario de Palma (Mallorca), fue uno de los impulsores de la hotelera Royaltur y propietario de Oasis Airlines; hoy es reconocido por haber sido uno de los primeros hoteleros en expandir su marca en M\u00e9xico y en las seis ediciones anteriores del RMM estuvo siempre atento a brindar un extra a los participantes del evento, quienes se hospedaban en su grupo.<\/p>\n<p>Adem\u00e1s, Grupo Oasis tambi\u00e9n ha puesto su parte en la difusi\u00f3n y promoci\u00f3n del museo rodante para el 2021. Como muestra est\u00e1n las veladas box\u00edsticas de talla mundial que se realizan en Oasis Arena, teniendo de ejemplo reciente la funci\u00f3n del pasado 31 de octubre cuando Yesenia &#8220;La Ni\u00f1a&#8221; G\u00f3mez defendi\u00f3 por cuarta ocasi\u00f3n su t\u00edtulo de peso mini mosca femenil del Consejo Mundial de Boxeo.<\/p>\n<p>En dicha velada donde la boxeadora quintanarroense retuvo su titulo, se pudo observar en las pantallas la presencia del Rally Maya M\u00e9xico, anunciando las fechas de lo que ser\u00e1 la s\u00e9ptima edici\u00f3n del evento automotriz m\u00e1s importante del sureste de la Rep\u00fablica Mexicana. (<a title=\"Caribe Mexicano empuja la nueva tendencia workation\" href=\"https:\/\/www.dev.nitu.mx\/index.php\/2020\/10\/27\/caribe-mexicano-empuja-la-nueva-tendencia-workation\/\" rel=\"bookmark\">Caribe Mexicano empuja la nueva tendencia workation<\/a>).<\/p>\n","protected":false},"excerpt":{"rendered":"<p>La cadena Oasis Hotels &amp; Resorts, con cerca de tres mil habitaciones en el estado de Quintana Roo, es y ha sido un gran aliado del Rally Maya M\u00e9xico. Desde aquel 2012 en el que se le present\u00f3 el proyecto del museo rodante a Don Pedro Pueyo Toldr\u00e1 (QEPD) Presidente de Oasis Hotels &amp; Resorts, [&hellip;]<\/p>\n","protected":false},"author":3,"featured_media":17055,"comment_status":"open","ping_status":"open","sticky":false,"template":"","format":"standard","meta":{"footnotes":""},"categories":[18475,2],"tags":[43,1224,21143,260,7672],"yoast_head":"<!-- This site is optimized with the Yoast SEO plugin v22.2 - https:\/\/yoast.com\/wordpress\/plugins\/seo\/ -->\n<title>Grupo Oasis Hotels &amp; Resorts uno de los patrocinadores que han cre\u00eddo en el Rally Maya M\u00e9xico - Nitu - Noticias de la Industria Turistica<\/title>\n<meta name=\"robots\" content=\"index, follow, max-snippet:-1, max-image-preview:large, max-video-preview:-1\" \/>\n<link rel=\"canonical\" href=\"https:\/\/nitu.mx\/index.php\/2020\/11\/18\/grupo-oasis-hotels-resorts-uno-de-los-patrocinadores-que-han-creido-en-el-rally-maya-mexico\/\" \/>\n<meta name=\"twitter:card\" content=\"summary_large_image\" \/>\n<meta name=\"twitter:title\" content=\"Grupo Oasis Hotels &amp; Resorts uno de los patrocinadores que han cre\u00eddo en el Rally Maya M\u00e9xico - Nitu - Noticias de la Industria Turistica\" \/>\n<meta name=\"twitter:description\" content=\"La cadena Oasis Hotels &amp; Resorts, con cerca de tres mil habitaciones en el estado de Quintana Roo, es y ha sido un gran aliado del Rally Maya M\u00e9xico. Desde aquel 2012 en el que se le present\u00f3 el proyecto del museo rodante a Don Pedro Pueyo Toldr\u00e1 (QEPD) Presidente de Oasis Hotels &amp; Resorts, [&hellip;]\" \/>\n<meta name=\"twitter:image\" content=\"https:\/\/nitu.mx\/wp-content\/uploads\/2018\/01\/Oasis-asociacion-hoteles-cancun.jpg\" \/>\n<meta name=\"twitter:creator\" content=\"@NITUmx\" \/>\n<meta name=\"twitter:site\" content=\"@Arturo_Medina_G\" \/>\n<meta name=\"twitter:label1\" content=\"Escrito por\" \/>\n\t<meta name=\"twitter:data1\" content=\"Alejandra Moncisbays\" \/>\n\t<meta name=\"twitter:label2\" content=\"Tiempo de lectura\" \/>\n\t<meta name=\"twitter:data2\" content=\"2 minutos\" \/>\n<script type=\"application\/ld+json\" class=\"yoast-schema-graph\">{\"@context\":\"https:\/\/schema.org\",\"@graph\":[{\"@type\":\"Article\",\"@id\":\"https:\/\/nitu.mx\/index.php\/2020\/11\/18\/grupo-oasis-hotels-resorts-uno-de-los-patrocinadores-que-han-creido-en-el-rally-maya-mexico\/#article\",\"isPartOf\":{\"@id\":\"https:\/\/nitu.mx\/index.php\/2020\/11\/18\/grupo-oasis-hotels-resorts-uno-de-los-patrocinadores-que-han-creido-en-el-rally-maya-mexico\/\"},\"author\":{\"name\":\"Alejandra Moncisbays\",\"@id\":\"https:\/\/nitu.mx\/#\/schema\/person\/2ecd887b19dfd3382d1f14fc5acf24a8\"},\"headline\":\"Grupo Oasis Hotels &#038; Resorts uno de los patrocinadores que han cre\u00eddo en el Rally Maya M\u00e9xico\",\"datePublished\":\"2020-11-18T06:26:52+00:00\",\"dateModified\":\"2020-11-18T07:27:08+00:00\",\"mainEntityOfPage\":{\"@id\":\"https:\/\/nitu.mx\/index.php\/2020\/11\/18\/grupo-oasis-hotels-resorts-uno-de-los-patrocinadores-que-han-creido-en-el-rally-maya-mexico\/\"},\"wordCount\":433,\"commentCount\":0,\"publisher\":{\"@id\":\"https:\/\/nitu.mx\/#\/schema\/person\/ae7a53426417292d3dd07b45a33e01bc\"},\"image\":{\"@id\":\"https:\/\/nitu.mx\/index.php\/2020\/11\/18\/grupo-oasis-hotels-resorts-uno-de-los-patrocinadores-que-han-creido-en-el-rally-maya-mexico\/#primaryimage\"},\"thumbnailUrl\":\"https:\/\/nitu.mx\/wp-content\/uploads\/2018\/01\/Oasis-asociacion-hoteles-cancun.jpg\",\"keywords\":[\"Canc\u00fan\",\"Grupo Oasis\",\"Hoteles Oasis\",\"Quintana Roo\",\"Rally Maya\"],\"articleSection\":[\"Caribe Mexicano\",\"Hoteles\"],\"inLanguage\":\"es-MX\",\"potentialAction\":[{\"@type\":\"CommentAction\",\"name\":\"Comment\",\"target\":[\"https:\/\/nitu.mx\/index.php\/2020\/11\/18\/grupo-oasis-hotels-resorts-uno-de-los-patrocinadores-que-han-creido-en-el-rally-maya-mexico\/#respond\"]}]},{\"@type\":\"WebPage\",\"@id\":\"https:\/\/nitu.mx\/index.php\/2020\/11\/18\/grupo-oasis-hotels-resorts-uno-de-los-patrocinadores-que-han-creido-en-el-rally-maya-mexico\/\",\"url\":\"https:\/\/nitu.mx\/index.php\/2020\/11\/18\/grupo-oasis-hotels-resorts-uno-de-los-patrocinadores-que-han-creido-en-el-rally-maya-mexico\/\",\"name\":\"Grupo Oasis Hotels & Resorts uno de los patrocinadores que han cre\u00eddo en el Rally Maya M\u00e9xico - Nitu - Noticias de la Industria Turistica\",\"isPartOf\":{\"@id\":\"https:\/\/nitu.mx\/#website\"},\"primaryImageOfPage\":{\"@id\":\"https:\/\/nitu.mx\/index.php\/2020\/11\/18\/grupo-oasis-hotels-resorts-uno-de-los-patrocinadores-que-han-creido-en-el-rally-maya-mexico\/#primaryimage\"},\"image\":{\"@id\":\"https:\/\/nitu.mx\/index.php\/2020\/11\/18\/grupo-oasis-hotels-resorts-uno-de-los-patrocinadores-que-han-creido-en-el-rally-maya-mexico\/#primaryimage\"},\"thumbnailUrl\":\"https:\/\/nitu.mx\/wp-content\/uploads\/2018\/01\/Oasis-asociacion-hoteles-cancun.jpg\",\"datePublished\":\"2020-11-18T06:26:52+00:00\",\"dateModified\":\"2020-11-18T07:27:08+00:00\",\"breadcrumb\":{\"@id\":\"https:\/\/nitu.mx\/index.php\/2020\/11\/18\/grupo-oasis-hotels-resorts-uno-de-los-patrocinadores-que-han-creido-en-el-rally-maya-mexico\/#breadcrumb\"},\"inLanguage\":\"es-MX\",\"potentialAction\":[{\"@type\":\"ReadAction\",\"target\":[\"https:\/\/nitu.mx\/index.php\/2020\/11\/18\/grupo-oasis-hotels-resorts-uno-de-los-patrocinadores-que-han-creido-en-el-rally-maya-mexico\/\"]}]},{\"@type\":\"ImageObject\",\"inLanguage\":\"es-MX\",\"@id\":\"https:\/\/nitu.mx\/index.php\/2020\/11\/18\/grupo-oasis-hotels-resorts-uno-de-los-patrocinadores-que-han-creido-en-el-rally-maya-mexico\/#primaryimage\",\"url\":\"https:\/\/nitu.mx\/wp-content\/uploads\/2018\/01\/Oasis-asociacion-hoteles-cancun.jpg\",\"contentUrl\":\"https:\/\/nitu.mx\/wp-content\/uploads\/2018\/01\/Oasis-asociacion-hoteles-cancun.jpg\",\"width\":850,\"height\":480,\"caption\":\"Oasis asociacion hoteles cancun\"},{\"@type\":\"BreadcrumbList\",\"@id\":\"https:\/\/nitu.mx\/index.php\/2020\/11\/18\/grupo-oasis-hotels-resorts-uno-de-los-patrocinadores-que-han-creido-en-el-rally-maya-mexico\/#breadcrumb\",\"itemListElement\":[{\"@type\":\"ListItem\",\"position\":1,\"name\":\"Inicio\",\"item\":\"https:\/\/nitu.mx\/\"},{\"@type\":\"ListItem\",\"position\":2,\"name\":\"Grupo Oasis Hotels &#038; Resorts uno de los patrocinadores que han cre\u00eddo en el Rally Maya M\u00e9xico\"}]},{\"@type\":\"WebSite\",\"@id\":\"https:\/\/nitu.mx\/#website\",\"url\":\"https:\/\/nitu.mx\/\",\"name\":\"Nitu - Noticias de la Industria Turistica\",\"description\":\"Noticias de la Industria Turistica\",\"publisher\":{\"@id\":\"https:\/\/nitu.mx\/#\/schema\/person\/ae7a53426417292d3dd07b45a33e01bc\"},\"alternateName\":\"Noticias de la Industria Turistica\",\"potentialAction\":[{\"@type\":\"SearchAction\",\"target\":{\"@type\":\"EntryPoint\",\"urlTemplate\":\"https:\/\/nitu.mx\/?s={search_term_string}\"},\"query-input\":\"required name=search_term_string\"}],\"inLanguage\":\"es-MX\"},{\"@type\":[\"Person\",\"Organization\"],\"@id\":\"https:\/\/nitu.mx\/#\/schema\/person\/ae7a53426417292d3dd07b45a33e01bc\",\"name\":\"Arturo Medina\",\"image\":{\"@type\":\"ImageObject\",\"inLanguage\":\"es-MX\",\"@id\":\"https:\/\/nitu.mx\/#\/schema\/person\/image\/\",\"url\":\"https:\/\/nitu.mx\/wp-content\/uploads\/2024\/04\/4A315622-1904-4D5C-B022-878CDC840E04-90x90-1.jpeg\",\"contentUrl\":\"https:\/\/nitu.mx\/wp-content\/uploads\/2024\/04\/4A315622-1904-4D5C-B022-878CDC840E04-90x90-1.jpeg\",\"width\":90,\"height\":90,\"caption\":\"Arturo Medina\"},\"logo\":{\"@id\":\"https:\/\/nitu.mx\/#\/schema\/person\/image\/\"},\"description\":\"Director NITU.mx, Egresado de la Escuela de Periodismo Carlos Septi\u00e9n Garc\u00eda. Periodista y analista especializado en turismo desde hace 35 a\u00f1os, radicado en Canc\u00fan Q.Roo. arturo@nitu.mx\",\"sameAs\":[\"https:\/\/nitu.mx\",\"https:\/\/www.facebook.com\/NITUmx\/\",\"medinacancun\",\"https:\/\/twitter.com\/@Arturo_Medina_G\"]},{\"@type\":\"Person\",\"@id\":\"https:\/\/nitu.mx\/#\/schema\/person\/2ecd887b19dfd3382d1f14fc5acf24a8\",\"name\":\"Alejandra Moncisbays\",\"image\":{\"@type\":\"ImageObject\",\"inLanguage\":\"es-MX\",\"@id\":\"https:\/\/nitu.mx\/#\/schema\/person\/image\/\",\"url\":\"https:\/\/secure.gravatar.com\/avatar\/e74f7af0be172b7804dacfd0bfbef787?s=96&d=mm&r=g\",\"contentUrl\":\"https:\/\/secure.gravatar.com\/avatar\/e74f7af0be172b7804dacfd0bfbef787?s=96&d=mm&r=g\",\"caption\":\"Alejandra Moncisbays\"},\"description\":\"Curs\u00e9 la carrera de Periodismo y Comunicaci\u00f3n en la Facultad de Estudios Profesionales Acatl\u00e1n. Vivo en Canc\u00fan desde hace 24 a\u00f1os. Fui reportera de La Tarde de Canc\u00fan, y Novedades de Quintana Roo, colabor\u00e9 en TVCUN, edit\u00e9 Cancun\u00edssimo y colabor\u00e9 en las revistas Latitud21, entre otras, con principal enfoque en los sectores empresarial y tur\u00edstico. Desde hace varios a\u00f1os soy Agente de Seguros con c\u00e9dula de la Comisi\u00f3n Nacional de Seguros y Fianzas. Actualmente, me desarrollo en los \u00e1mbitos del periodismo y el sector asegurador.\",\"sameAs\":[\"https:\/\/nitu.mx\"],\"url\":\"https:\/\/nitu.mx\/index.php\/author\/alejandra\/\"}]}<\/script>\n<!-- \/ Yoast SEO plugin. -->","yoast_head_json":{"title":"Grupo Oasis Hotels & Resorts uno de los patrocinadores que han cre\u00eddo en el Rally Maya M\u00e9xico - Nitu - Noticias de la Industria Turistica","robots":{"index":"index","follow":"follow","max-snippet":"max-snippet:-1","max-image-preview":"max-image-preview:large","max-video-preview":"max-video-preview:-1"},"canonical":"https:\/\/nitu.mx\/index.php\/2020\/11\/18\/grupo-oasis-hotels-resorts-uno-de-los-patrocinadores-que-han-creido-en-el-rally-maya-mexico\/","twitter_card":"summary_large_image","twitter_title":"Grupo Oasis Hotels & Resorts uno de los patrocinadores que han cre\u00eddo en el Rally Maya M\u00e9xico - Nitu - Noticias de la Industria Turistica","twitter_description":"La cadena Oasis Hotels &amp; Resorts, con cerca de tres mil habitaciones en el estado de Quintana Roo, es y ha sido un gran aliado del Rally Maya M\u00e9xico. Desde aquel 2012 en el que se le present\u00f3 el proyecto del museo rodante a Don Pedro Pueyo Toldr\u00e1 (QEPD) Presidente de Oasis Hotels &amp; Resorts, [&hellip;]","twitter_image":"https:\/\/nitu.mx\/wp-content\/uploads\/2018\/01\/Oasis-asociacion-hoteles-cancun.jpg","twitter_creator":"@NITUmx","twitter_site":"@Arturo_Medina_G","twitter_misc":{"Escrito por":"Alejandra Moncisbays","Tiempo de lectura":"2 minutos"},"schema":{"@context":"https:\/\/schema.org","@graph":[{"@type":"Article","@id":"https:\/\/nitu.mx\/index.php\/2020\/11\/18\/grupo-oasis-hotels-resorts-uno-de-los-patrocinadores-que-han-creido-en-el-rally-maya-mexico\/#article","isPartOf":{"@id":"https:\/\/nitu.mx\/index.php\/2020\/11\/18\/grupo-oasis-hotels-resorts-uno-de-los-patrocinadores-que-han-creido-en-el-rally-maya-mexico\/"},"author":{"name":"Alejandra Moncisbays","@id":"https:\/\/nitu.mx\/#\/schema\/person\/2ecd887b19dfd3382d1f14fc5acf24a8"},"headline":"Grupo Oasis Hotels &#038; Resorts uno de los patrocinadores que han cre\u00eddo en el Rally Maya M\u00e9xico","datePublished":"2020-11-18T06:26:52+00:00","dateModified":"2020-11-18T07:27:08+00:00","mainEntityOfPage":{"@id":"https:\/\/nitu.mx\/index.php\/2020\/11\/18\/grupo-oasis-hotels-resorts-uno-de-los-patrocinadores-que-han-creido-en-el-rally-maya-mexico\/"},"wordCount":433,"commentCount":0,"publisher":{"@id":"https:\/\/nitu.mx\/#\/schema\/person\/ae7a53426417292d3dd07b45a33e01bc"},"image":{"@id":"https:\/\/nitu.mx\/index.php\/2020\/11\/18\/grupo-oasis-hotels-resorts-uno-de-los-patrocinadores-que-han-creido-en-el-rally-maya-mexico\/#primaryimage"},"thumbnailUrl":"https:\/\/nitu.mx\/wp-content\/uploads\/2018\/01\/Oasis-asociacion-hoteles-cancun.jpg","keywords":["Canc\u00fan","Grupo Oasis","Hoteles Oasis","Quintana Roo","Rally Maya"],"articleSection":["Caribe Mexicano","Hoteles"],"inLanguage":"es-MX","potentialAction":[{"@type":"CommentAction","name":"Comment","target":["https:\/\/nitu.mx\/index.php\/2020\/11\/18\/grupo-oasis-hotels-resorts-uno-de-los-patrocinadores-que-han-creido-en-el-rally-maya-mexico\/#respond"]}]},{"@type":"WebPage","@id":"https:\/\/nitu.mx\/index.php\/2020\/11\/18\/grupo-oasis-hotels-resorts-uno-de-los-patrocinadores-que-han-creido-en-el-rally-maya-mexico\/","url":"https:\/\/nitu.mx\/index.php\/2020\/11\/18\/grupo-oasis-hotels-resorts-uno-de-los-patrocinadores-que-han-creido-en-el-rally-maya-mexico\/","name":"Grupo Oasis Hotels & Resorts uno de los patrocinadores que han cre\u00eddo en el Rally Maya M\u00e9xico - Nitu - Noticias de la Industria Turistica","isPartOf":{"@id":"https:\/\/nitu.mx\/#website"},"primaryImageOfPage":{"@id":"https:\/\/nitu.mx\/index.php\/2020\/11\/18\/grupo-oasis-hotels-resorts-uno-de-los-patrocinadores-que-han-creido-en-el-rally-maya-mexico\/#primaryimage"},"image":{"@id":"https:\/\/nitu.mx\/index.php\/2020\/11\/18\/grupo-oasis-hotels-resorts-uno-de-los-patrocinadores-que-han-creido-en-el-rally-maya-mexico\/#primaryimage"},"thumbnailUrl":"https:\/\/nitu.mx\/wp-content\/uploads\/2018\/01\/Oasis-asociacion-hoteles-cancun.jpg","datePublished":"2020-11-18T06:26:52+00:00","dateModified":"2020-11-18T07:27:08+00:00","breadcrumb":{"@id":"https:\/\/nitu.mx\/index.php\/2020\/11\/18\/grupo-oasis-hotels-resorts-uno-de-los-patrocinadores-que-han-creido-en-el-rally-maya-mexico\/#breadcrumb"},"inLanguage":"es-MX","potentialAction":[{"@type":"ReadAction","target":["https:\/\/nitu.mx\/index.php\/2020\/11\/18\/grupo-oasis-hotels-resorts-uno-de-los-patrocinadores-que-han-creido-en-el-rally-maya-mexico\/"]}]},{"@type":"ImageObject","inLanguage":"es-MX","@id":"https:\/\/nitu.mx\/index.php\/2020\/11\/18\/grupo-oasis-hotels-resorts-uno-de-los-patrocinadores-que-han-creido-en-el-rally-maya-mexico\/#primaryimage","url":"https:\/\/nitu.mx\/wp-content\/uploads\/2018\/01\/Oasis-asociacion-hoteles-cancun.jpg","contentUrl":"https:\/\/nitu.mx\/wp-content\/uploads\/2018\/01\/Oasis-asociacion-hoteles-cancun.jpg","width":850,"height":480,"caption":"Oasis asociacion hoteles cancun"},{"@type":"BreadcrumbList","@id":"https:\/\/nitu.mx\/index.php\/2020\/11\/18\/grupo-oasis-hotels-resorts-uno-de-los-patrocinadores-que-han-creido-en-el-rally-maya-mexico\/#breadcrumb","itemListElement":[{"@type":"ListItem","position":1,"name":"Inicio","item":"https:\/\/nitu.mx\/"},{"@type":"ListItem","position":2,"name":"Grupo Oasis Hotels &#038; Resorts uno de los patrocinadores que han cre\u00eddo en el Rally Maya M\u00e9xico"}]},{"@type":"WebSite","@id":"https:\/\/nitu.mx\/#website","url":"https:\/\/nitu.mx\/","name":"Nitu - Noticias de la Industria Turistica","description":"Noticias de la Industria Turistica","publisher":{"@id":"https:\/\/nitu.mx\/#\/schema\/person\/ae7a53426417292d3dd07b45a33e01bc"},"alternateName":"Noticias de la Industria Turistica","potentialAction":[{"@type":"SearchAction","target":{"@type":"EntryPoint","urlTemplate":"https:\/\/nitu.mx\/?s={search_term_string}"},"query-input":"required name=search_term_string"}],"inLanguage":"es-MX"},{"@type":["Person","Organization"],"@id":"https:\/\/nitu.mx\/#\/schema\/person\/ae7a53426417292d3dd07b45a33e01bc","name":"Arturo Medina","image":{"@type":"ImageObject","inLanguage":"es-MX","@id":"https:\/\/nitu.mx\/#\/schema\/person\/image\/","url":"https:\/\/nitu.mx\/wp-content\/uploads\/2024\/04\/4A315622-1904-4D5C-B022-878CDC840E04-90x90-1.jpeg","contentUrl":"https:\/\/nitu.mx\/wp-content\/uploads\/2024\/04\/4A315622-1904-4D5C-B022-878CDC840E04-90x90-1.jpeg","width":90,"height":90,"caption":"Arturo Medina"},"logo":{"@id":"https:\/\/nitu.mx\/#\/schema\/person\/image\/"},"description":"Director NITU.mx, Egresado de la Escuela de Periodismo Carlos Septi\u00e9n Garc\u00eda. Periodista y analista especializado en turismo desde hace 35 a\u00f1os, radicado en Canc\u00fan Q.Roo. arturo@nitu.mx","sameAs":["https:\/\/nitu.mx","https:\/\/www.facebook.com\/NITUmx\/","medinacancun","https:\/\/twitter.com\/@Arturo_Medina_G"]},{"@type":"Person","@id":"https:\/\/nitu.mx\/#\/schema\/person\/2ecd887b19dfd3382d1f14fc5acf24a8","name":"Alejandra Moncisbays","image":{"@type":"ImageObject","inLanguage":"es-MX","@id":"https:\/\/nitu.mx\/#\/schema\/person\/image\/","url":"https:\/\/secure.gravatar.com\/avatar\/e74f7af0be172b7804dacfd0bfbef787?s=96&d=mm&r=g","contentUrl":"https:\/\/secure.gravatar.com\/avatar\/e74f7af0be172b7804dacfd0bfbef787?s=96&d=mm&r=g","caption":"Alejandra Moncisbays"},"description":"Curs\u00e9 la carrera de Periodismo y Comunicaci\u00f3n en la Facultad de Estudios Profesionales Acatl\u00e1n. Vivo en Canc\u00fan desde hace 24 a\u00f1os. Fui reportera de La Tarde de Canc\u00fan, y Novedades de Quintana Roo, colabor\u00e9 en TVCUN, edit\u00e9 Cancun\u00edssimo y colabor\u00e9 en las revistas Latitud21, entre otras, con principal enfoque en los sectores empresarial y tur\u00edstico. Desde hace varios a\u00f1os soy Agente de Seguros con c\u00e9dula de la Comisi\u00f3n Nacional de Seguros y Fianzas. Actualmente, me desarrollo en los \u00e1mbitos del periodismo y el sector asegurador.","sameAs":["https:\/\/nitu.mx"],"url":"https:\/\/nitu.mx\/index.php\/author\/alejandra\/"}]}},"views":365,"_links":{"self":[{"href":"https:\/\/nitu.mx\/index.php\/wp-json\/wp\/v2\/posts\/48176"}],"collection":[{"href":"https:\/\/nitu.mx\/index.php\/wp-json\/wp\/v2\/posts"}],"about":[{"href":"https:\/\/nitu.mx\/index.php\/wp-json\/wp\/v2\/types\/post"}],"author":[{"embeddable":true,"href":"https:\/\/nitu.mx\/index.php\/wp-json\/wp\/v2\/users\/3"}],"replies":[{"embeddable":true,"href":"https:\/\/nitu.mx\/index.php\/wp-json\/wp\/v2\/comments?post=48176"}],"version-history":[{"count":3,"href":"https:\/\/nitu.mx\/index.php\/wp-json\/wp\/v2\/posts\/48176\/revisions"}],"predecessor-version":[{"id":48187,"href":"https:\/\/nitu.mx\/index.php\/wp-json\/wp\/v2\/posts\/48176\/revisions\/48187"}],"wp:featuredmedia":[{"embeddable":true,"href":"https:\/\/nitu.mx\/index.php\/wp-json\/wp\/v2\/media\/17055"}],"wp:attachment":[{"href":"https:\/\/nitu.mx\/index.php\/wp-json\/wp\/v2\/media?parent=48176"}],"wp:term":[{"taxonomy":"category","embeddable":true,"href":"https:\/\/nitu.mx\/index.php\/wp-json\/wp\/v2\/categories?post=48176"},{"taxonomy":"post_tag","embeddable":true,"href":"https:\/\/nitu.mx\/index.php\/wp-json\/wp\/v2\/tags?post=48176"}],"curies":[{"name":"wp","href":"https:\/\/api.w.org\/{rel}","templated":true}]}}