{"id":48114,"date":"2020-11-13T14:34:28","date_gmt":"2020-11-13T19:34:28","guid":{"rendered":"https:\/\/www.dev.nitu.mx\/?p=48114"},"modified":"2020-11-13T14:36:46","modified_gmt":"2020-11-13T19:36:46","slug":"confirman-cumbre-mundial-del-wttc-en-cancun-para-marzo-de-2021","status":"publish","type":"post","link":"https:\/\/nitu.mx\/index.php\/2020\/11\/13\/confirman-cumbre-mundial-del-wttc-en-cancun-para-marzo-de-2021\/","title":{"rendered":"Confirman Cumbre Mundial del WTTC en Canc\u00fan para marzo de 2021"},"content":{"rendered":"\n<p>Los pron\u00f3sticos se cumplieron y tal como adelantamos en <strong><em>NITU.mx<\/em><\/strong>, la Cumbre Mundial del Consejo Mundial de Viajes y Turismo (WTTC, por sus siglas en ingl\u00e9s) se pospuso del 24 al 26 de marzo de 2021, en Canc\u00fan.<\/p>\n\n\n\n<p>As\u00ed lo confirm\u00f3 la presidenta y CEO del WTTC, Gloria Guevara Manzo, en conferencia junto con el gobernador de Quintana Roo, Carlos Joaqu\u00edn Gonz\u00e1lez, y el presidente de Grupo Palace, Jos\u00e9 Chapur.<\/p>\n\n\n\n<p>La Cumbre Mundial del WTTC estaba originalmente planeada para realizarse en la primavera de 2020, sin embargo, la pandemia oblig\u00f3 a moverla para octubre. Por responsabilidad con la situaci\u00f3n sanitaria actual, es que se decide moverla nuevamente, coment\u00f3 Guevara Manzo.<\/p>\n\n\n\n<p>Como se anunci\u00f3 desde hace un a\u00f1o, ser\u00e1 la primera vez que el evento m\u00e1s importante del sector tur\u00edstico a nivel global llegue a M\u00e9xico y particularmente a Canc\u00fan, lo que proyectar\u00e1 al Caribe Mexicano como un destino seguro ante todo el mundo.<\/p>\n\n\n\n<p>Gloria Guevara destac\u00f3 que desde que se lanz\u00f3 el Sello Seguro del WTTC, Canc\u00fan y Quintana Roo estuvieron en la primera ronda de destinos que lo obtuvieron. \u201cEstaban muy avanzados en sus protocolos\u201d, se\u00f1ala.<\/p>\n\n\n\n<p>Adem\u00e1s de las cuatro iniciativas que se abordar\u00e1n en el evento, la Cumbre Mundial del WTTC ser\u00e1 la oportunidad para que los l\u00edderes del turismo, gobiernos e importantes oradores de todo el mundo trabajen en la recuperaci\u00f3n del sector y en la confianza de los viajeros.<\/p>\n\n\n\n<p>El evento se llevar\u00e1 a cabo en el hotel Moon Palace Canc\u00fan, que cuenta las instalaciones propicias para recibirlo alineado a las necesidades y protocolos estrictos que garanticen la seguridad de los asistentes.<\/p>\n\n\n\n<p>La Cumbre Mundial del WTTC tendr\u00e1 un formato h\u00edbrido con un n\u00famero limitado de asistentes presenciales que llegar\u00e1n por invitaci\u00f3n exclusiva y se estima que sean entre 800 y mil, y una parte virtual en donde se podr\u00edan superar los 20 mil participantes conectados.<\/p>\n\n\n\n<p>Jos\u00e9 Chapur destac\u00f3 que dentro de las medidas de seguridad en el hotel est\u00e1 el uso de cubrebocas, se da un kit de sanitizaci\u00f3n en las habitaciones, los hoteles admiten hasta 30 por ciento de capacidad, entre otras.<\/p>\n\n\n\n<p>Por su parte, el gobernador Calos Joaqu\u00edn reiter\u00f3 la importancia de realizar este evento en Canc\u00fan, por la trascendencia mundial. Destac\u00f3 los avances en materia de salud que hoy tienen a la entidad en sem\u00e1foro amarillo, como el bajo nivel de riesgo de enfermarse de covid-19, la ocupaci\u00f3n hospitalaria a 16 por ciento y una reducci\u00f3n en contagios y defunciones.<\/p>\n\n\n\n<p>En cuanto a la recuperaci\u00f3n del turismo, el mandatario coment\u00f3 que el Aeropuerto de Canc\u00fan ya supera las 300 operaciones diarias, tambi\u00e9n hay m\u00e1s vuelos hacia Chetumal y Cozumel, y la ocupaci\u00f3n hotelera ya casi llega a 50 por ciento. &nbsp;<a href=\"https:\/\/www.dev.nitu.mx\/index.php\/2020\/07\/01\/cumbre-mundial-del-wttc-en-cancun-podria-moverse-a-primavera-del-2021\/\">(Cumbre Mundial del WTTC en Canc\u00fan podr\u00eda moverse a primavera del 2021<\/a>)<\/p>\n","protected":false},"excerpt":{"rendered":"<p>Los pron\u00f3sticos se cumplieron y tal como adelantamos en NITU.mx, la Cumbre Mundial del Consejo Mundial de Viajes y Turismo (WTTC, por sus siglas en ingl\u00e9s) se pospuso del 24 al 26 de marzo de 2021, en Canc\u00fan. As\u00ed lo confirm\u00f3 la presidenta y CEO del WTTC, Gloria Guevara Manzo, en conferencia junto con el [&hellip;]<\/p>\n","protected":false},"author":18,"featured_media":48118,"comment_status":"open","ping_status":"open","sticky":false,"template":"","format":"standard","meta":{"footnotes":""},"categories":[18475],"tags":[43,384,18674,1494,10945,4931],"yoast_head":"<!-- This site is optimized with the Yoast SEO plugin v22.2 - https:\/\/yoast.com\/wordpress\/plugins\/seo\/ -->\n<title>Confirman Cumbre Mundial del WTTC en Canc\u00fan para marzo de 2021 - Nitu - Noticias de la Industria Turistica<\/title>\n<meta name=\"robots\" content=\"index, follow, max-snippet:-1, max-image-preview:large, max-video-preview:-1\" \/>\n<link rel=\"canonical\" href=\"https:\/\/nitu.mx\/index.php\/2020\/11\/13\/confirman-cumbre-mundial-del-wttc-en-cancun-para-marzo-de-2021\/\" \/>\n<meta name=\"twitter:card\" content=\"summary_large_image\" \/>\n<meta name=\"twitter:title\" content=\"Confirman Cumbre Mundial del WTTC en Canc\u00fan para marzo de 2021 - Nitu - Noticias de la Industria Turistica\" \/>\n<meta name=\"twitter:description\" content=\"Los pron\u00f3sticos se cumplieron y tal como adelantamos en NITU.mx, la Cumbre Mundial del Consejo Mundial de Viajes y Turismo (WTTC, por sus siglas en ingl\u00e9s) se pospuso del 24 al 26 de marzo de 2021, en Canc\u00fan. As\u00ed lo confirm\u00f3 la presidenta y CEO del WTTC, Gloria Guevara Manzo, en conferencia junto con el [&hellip;]\" \/>\n<meta name=\"twitter:image\" content=\"https:\/\/nitu.mx\/wp-content\/uploads\/2020\/11\/WTTC-Cumbre-Canc\u00fan-2021.jpg\" \/>\n<meta name=\"twitter:creator\" content=\"@NITUmx\" \/>\n<meta name=\"twitter:site\" content=\"@Arturo_Medina_G\" \/>\n<meta name=\"twitter:label1\" content=\"Escrito por\" \/>\n\t<meta name=\"twitter:data1\" content=\"Guadalupe Sixto\" \/>\n\t<meta name=\"twitter:label2\" content=\"Tiempo de lectura\" \/>\n\t<meta name=\"twitter:data2\" content=\"2 minutos\" \/>\n<script type=\"application\/ld+json\" class=\"yoast-schema-graph\">{\"@context\":\"https:\/\/schema.org\",\"@graph\":[{\"@type\":\"Article\",\"@id\":\"https:\/\/nitu.mx\/index.php\/2020\/11\/13\/confirman-cumbre-mundial-del-wttc-en-cancun-para-marzo-de-2021\/#article\",\"isPartOf\":{\"@id\":\"https:\/\/nitu.mx\/index.php\/2020\/11\/13\/confirman-cumbre-mundial-del-wttc-en-cancun-para-marzo-de-2021\/\"},\"author\":{\"name\":\"Guadalupe Sixto\",\"@id\":\"https:\/\/nitu.mx\/#\/schema\/person\/3df3082b5e46037e3f13614d28ee0b77\"},\"headline\":\"Confirman Cumbre Mundial del WTTC en Canc\u00fan para marzo de 2021\",\"datePublished\":\"2020-11-13T19:34:28+00:00\",\"dateModified\":\"2020-11-13T19:36:46+00:00\",\"mainEntityOfPage\":{\"@id\":\"https:\/\/nitu.mx\/index.php\/2020\/11\/13\/confirman-cumbre-mundial-del-wttc-en-cancun-para-marzo-de-2021\/\"},\"wordCount\":498,\"commentCount\":0,\"publisher\":{\"@id\":\"https:\/\/nitu.mx\/#\/schema\/person\/ae7a53426417292d3dd07b45a33e01bc\"},\"image\":{\"@id\":\"https:\/\/nitu.mx\/index.php\/2020\/11\/13\/confirman-cumbre-mundial-del-wttc-en-cancun-para-marzo-de-2021\/#primaryimage\"},\"thumbnailUrl\":\"https:\/\/nitu.mx\/wp-content\/uploads\/2020\/11\/WTTC-Cumbre-Canc\u00fan-2021.jpg\",\"keywords\":[\"Canc\u00fan\",\"Carlos Joaqu\u00edn\",\"Cumbre Mundial\",\"Gloria Guevara\",\"Grupo Palace\",\"WTTC\"],\"articleSection\":[\"Caribe Mexicano\"],\"inLanguage\":\"es-MX\",\"potentialAction\":[{\"@type\":\"CommentAction\",\"name\":\"Comment\",\"target\":[\"https:\/\/nitu.mx\/index.php\/2020\/11\/13\/confirman-cumbre-mundial-del-wttc-en-cancun-para-marzo-de-2021\/#respond\"]}]},{\"@type\":\"WebPage\",\"@id\":\"https:\/\/nitu.mx\/index.php\/2020\/11\/13\/confirman-cumbre-mundial-del-wttc-en-cancun-para-marzo-de-2021\/\",\"url\":\"https:\/\/nitu.mx\/index.php\/2020\/11\/13\/confirman-cumbre-mundial-del-wttc-en-cancun-para-marzo-de-2021\/\",\"name\":\"Confirman Cumbre Mundial del WTTC en Canc\u00fan para marzo de 2021 - Nitu - Noticias de la Industria Turistica\",\"isPartOf\":{\"@id\":\"https:\/\/nitu.mx\/#website\"},\"primaryImageOfPage\":{\"@id\":\"https:\/\/nitu.mx\/index.php\/2020\/11\/13\/confirman-cumbre-mundial-del-wttc-en-cancun-para-marzo-de-2021\/#primaryimage\"},\"image\":{\"@id\":\"https:\/\/nitu.mx\/index.php\/2020\/11\/13\/confirman-cumbre-mundial-del-wttc-en-cancun-para-marzo-de-2021\/#primaryimage\"},\"thumbnailUrl\":\"https:\/\/nitu.mx\/wp-content\/uploads\/2020\/11\/WTTC-Cumbre-Canc\u00fan-2021.jpg\",\"datePublished\":\"2020-11-13T19:34:28+00:00\",\"dateModified\":\"2020-11-13T19:36:46+00:00\",\"breadcrumb\":{\"@id\":\"https:\/\/nitu.mx\/index.php\/2020\/11\/13\/confirman-cumbre-mundial-del-wttc-en-cancun-para-marzo-de-2021\/#breadcrumb\"},\"inLanguage\":\"es-MX\",\"potentialAction\":[{\"@type\":\"ReadAction\",\"target\":[\"https:\/\/nitu.mx\/index.php\/2020\/11\/13\/confirman-cumbre-mundial-del-wttc-en-cancun-para-marzo-de-2021\/\"]}]},{\"@type\":\"ImageObject\",\"inLanguage\":\"es-MX\",\"@id\":\"https:\/\/nitu.mx\/index.php\/2020\/11\/13\/confirman-cumbre-mundial-del-wttc-en-cancun-para-marzo-de-2021\/#primaryimage\",\"url\":\"https:\/\/nitu.mx\/wp-content\/uploads\/2020\/11\/WTTC-Cumbre-Canc\u00fan-2021.jpg\",\"contentUrl\":\"https:\/\/nitu.mx\/wp-content\/uploads\/2020\/11\/WTTC-Cumbre-Canc\u00fan-2021.jpg\",\"width\":1200,\"height\":675,\"caption\":\"WTTC\"},{\"@type\":\"BreadcrumbList\",\"@id\":\"https:\/\/nitu.mx\/index.php\/2020\/11\/13\/confirman-cumbre-mundial-del-wttc-en-cancun-para-marzo-de-2021\/#breadcrumb\",\"itemListElement\":[{\"@type\":\"ListItem\",\"position\":1,\"name\":\"Inicio\",\"item\":\"https:\/\/nitu.mx\/\"},{\"@type\":\"ListItem\",\"position\":2,\"name\":\"Confirman Cumbre Mundial del WTTC en Canc\u00fan para marzo de 2021\"}]},{\"@type\":\"WebSite\",\"@id\":\"https:\/\/nitu.mx\/#website\",\"url\":\"https:\/\/nitu.mx\/\",\"name\":\"Nitu - Noticias de la Industria Turistica\",\"description\":\"Noticias de la Industria Turistica\",\"publisher\":{\"@id\":\"https:\/\/nitu.mx\/#\/schema\/person\/ae7a53426417292d3dd07b45a33e01bc\"},\"alternateName\":\"Noticias de la Industria Turistica\",\"potentialAction\":[{\"@type\":\"SearchAction\",\"target\":{\"@type\":\"EntryPoint\",\"urlTemplate\":\"https:\/\/nitu.mx\/?s={search_term_string}\"},\"query-input\":\"required name=search_term_string\"}],\"inLanguage\":\"es-MX\"},{\"@type\":[\"Person\",\"Organization\"],\"@id\":\"https:\/\/nitu.mx\/#\/schema\/person\/ae7a53426417292d3dd07b45a33e01bc\",\"name\":\"Arturo Medina\",\"image\":{\"@type\":\"ImageObject\",\"inLanguage\":\"es-MX\",\"@id\":\"https:\/\/nitu.mx\/#\/schema\/person\/image\/\",\"url\":\"https:\/\/nitu.mx\/wp-content\/uploads\/2024\/04\/4A315622-1904-4D5C-B022-878CDC840E04-90x90-1.jpeg\",\"contentUrl\":\"https:\/\/nitu.mx\/wp-content\/uploads\/2024\/04\/4A315622-1904-4D5C-B022-878CDC840E04-90x90-1.jpeg\",\"width\":90,\"height\":90,\"caption\":\"Arturo Medina\"},\"logo\":{\"@id\":\"https:\/\/nitu.mx\/#\/schema\/person\/image\/\"},\"description\":\"Director NITU.mx, Egresado de la Escuela de Periodismo Carlos Septi\u00e9n Garc\u00eda. Periodista y analista especializado en turismo desde hace 35 a\u00f1os, radicado en Canc\u00fan Q.Roo. arturo@nitu.mx\",\"sameAs\":[\"https:\/\/nitu.mx\",\"https:\/\/www.facebook.com\/NITUmx\/\",\"medinacancun\",\"https:\/\/twitter.com\/@Arturo_Medina_G\"]},{\"@type\":\"Person\",\"@id\":\"https:\/\/nitu.mx\/#\/schema\/person\/3df3082b5e46037e3f13614d28ee0b77\",\"name\":\"Guadalupe Sixto\",\"image\":{\"@type\":\"ImageObject\",\"inLanguage\":\"es-MX\",\"@id\":\"https:\/\/nitu.mx\/#\/schema\/person\/image\/\",\"url\":\"https:\/\/secure.gravatar.com\/avatar\/13914e1b0e1919e91f9539de4dc584c4?s=96&d=mm&r=g\",\"contentUrl\":\"https:\/\/secure.gravatar.com\/avatar\/13914e1b0e1919e91f9539de4dc584c4?s=96&d=mm&r=g\",\"caption\":\"Guadalupe Sixto\"},\"url\":\"https:\/\/nitu.mx\/index.php\/author\/gsixto\/\"}]}<\/script>\n<!-- \/ Yoast SEO plugin. -->","yoast_head_json":{"title":"Confirman Cumbre Mundial del WTTC en Canc\u00fan para marzo de 2021 - Nitu - Noticias de la Industria Turistica","robots":{"index":"index","follow":"follow","max-snippet":"max-snippet:-1","max-image-preview":"max-image-preview:large","max-video-preview":"max-video-preview:-1"},"canonical":"https:\/\/nitu.mx\/index.php\/2020\/11\/13\/confirman-cumbre-mundial-del-wttc-en-cancun-para-marzo-de-2021\/","twitter_card":"summary_large_image","twitter_title":"Confirman Cumbre Mundial del WTTC en Canc\u00fan para marzo de 2021 - Nitu - Noticias de la Industria Turistica","twitter_description":"Los pron\u00f3sticos se cumplieron y tal como adelantamos en NITU.mx, la Cumbre Mundial del Consejo Mundial de Viajes y Turismo (WTTC, por sus siglas en ingl\u00e9s) se pospuso del 24 al 26 de marzo de 2021, en Canc\u00fan. As\u00ed lo confirm\u00f3 la presidenta y CEO del WTTC, Gloria Guevara Manzo, en conferencia junto con el [&hellip;]","twitter_image":"https:\/\/nitu.mx\/wp-content\/uploads\/2020\/11\/WTTC-Cumbre-Canc\u00fan-2021.jpg","twitter_creator":"@NITUmx","twitter_site":"@Arturo_Medina_G","twitter_misc":{"Escrito por":"Guadalupe Sixto","Tiempo de lectura":"2 minutos"},"schema":{"@context":"https:\/\/schema.org","@graph":[{"@type":"Article","@id":"https:\/\/nitu.mx\/index.php\/2020\/11\/13\/confirman-cumbre-mundial-del-wttc-en-cancun-para-marzo-de-2021\/#article","isPartOf":{"@id":"https:\/\/nitu.mx\/index.php\/2020\/11\/13\/confirman-cumbre-mundial-del-wttc-en-cancun-para-marzo-de-2021\/"},"author":{"name":"Guadalupe Sixto","@id":"https:\/\/nitu.mx\/#\/schema\/person\/3df3082b5e46037e3f13614d28ee0b77"},"headline":"Confirman Cumbre Mundial del WTTC en Canc\u00fan para marzo de 2021","datePublished":"2020-11-13T19:34:28+00:00","dateModified":"2020-11-13T19:36:46+00:00","mainEntityOfPage":{"@id":"https:\/\/nitu.mx\/index.php\/2020\/11\/13\/confirman-cumbre-mundial-del-wttc-en-cancun-para-marzo-de-2021\/"},"wordCount":498,"commentCount":0,"publisher":{"@id":"https:\/\/nitu.mx\/#\/schema\/person\/ae7a53426417292d3dd07b45a33e01bc"},"image":{"@id":"https:\/\/nitu.mx\/index.php\/2020\/11\/13\/confirman-cumbre-mundial-del-wttc-en-cancun-para-marzo-de-2021\/#primaryimage"},"thumbnailUrl":"https:\/\/nitu.mx\/wp-content\/uploads\/2020\/11\/WTTC-Cumbre-Canc\u00fan-2021.jpg","keywords":["Canc\u00fan","Carlos Joaqu\u00edn","Cumbre Mundial","Gloria Guevara","Grupo Palace","WTTC"],"articleSection":["Caribe Mexicano"],"inLanguage":"es-MX","potentialAction":[{"@type":"CommentAction","name":"Comment","target":["https:\/\/nitu.mx\/index.php\/2020\/11\/13\/confirman-cumbre-mundial-del-wttc-en-cancun-para-marzo-de-2021\/#respond"]}]},{"@type":"WebPage","@id":"https:\/\/nitu.mx\/index.php\/2020\/11\/13\/confirman-cumbre-mundial-del-wttc-en-cancun-para-marzo-de-2021\/","url":"https:\/\/nitu.mx\/index.php\/2020\/11\/13\/confirman-cumbre-mundial-del-wttc-en-cancun-para-marzo-de-2021\/","name":"Confirman Cumbre Mundial del WTTC en Canc\u00fan para marzo de 2021 - Nitu - Noticias de la Industria Turistica","isPartOf":{"@id":"https:\/\/nitu.mx\/#website"},"primaryImageOfPage":{"@id":"https:\/\/nitu.mx\/index.php\/2020\/11\/13\/confirman-cumbre-mundial-del-wttc-en-cancun-para-marzo-de-2021\/#primaryimage"},"image":{"@id":"https:\/\/nitu.mx\/index.php\/2020\/11\/13\/confirman-cumbre-mundial-del-wttc-en-cancun-para-marzo-de-2021\/#primaryimage"},"thumbnailUrl":"https:\/\/nitu.mx\/wp-content\/uploads\/2020\/11\/WTTC-Cumbre-Canc\u00fan-2021.jpg","datePublished":"2020-11-13T19:34:28+00:00","dateModified":"2020-11-13T19:36:46+00:00","breadcrumb":{"@id":"https:\/\/nitu.mx\/index.php\/2020\/11\/13\/confirman-cumbre-mundial-del-wttc-en-cancun-para-marzo-de-2021\/#breadcrumb"},"inLanguage":"es-MX","potentialAction":[{"@type":"ReadAction","target":["https:\/\/nitu.mx\/index.php\/2020\/11\/13\/confirman-cumbre-mundial-del-wttc-en-cancun-para-marzo-de-2021\/"]}]},{"@type":"ImageObject","inLanguage":"es-MX","@id":"https:\/\/nitu.mx\/index.php\/2020\/11\/13\/confirman-cumbre-mundial-del-wttc-en-cancun-para-marzo-de-2021\/#primaryimage","url":"https:\/\/nitu.mx\/wp-content\/uploads\/2020\/11\/WTTC-Cumbre-Canc\u00fan-2021.jpg","contentUrl":"https:\/\/nitu.mx\/wp-content\/uploads\/2020\/11\/WTTC-Cumbre-Canc\u00fan-2021.jpg","width":1200,"height":675,"caption":"WTTC"},{"@type":"BreadcrumbList","@id":"https:\/\/nitu.mx\/index.php\/2020\/11\/13\/confirman-cumbre-mundial-del-wttc-en-cancun-para-marzo-de-2021\/#breadcrumb","itemListElement":[{"@type":"ListItem","position":1,"name":"Inicio","item":"https:\/\/nitu.mx\/"},{"@type":"ListItem","position":2,"name":"Confirman Cumbre Mundial del WTTC en Canc\u00fan para marzo de 2021"}]},{"@type":"WebSite","@id":"https:\/\/nitu.mx\/#website","url":"https:\/\/nitu.mx\/","name":"Nitu - Noticias de la Industria Turistica","description":"Noticias de la Industria Turistica","publisher":{"@id":"https:\/\/nitu.mx\/#\/schema\/person\/ae7a53426417292d3dd07b45a33e01bc"},"alternateName":"Noticias de la Industria Turistica","potentialAction":[{"@type":"SearchAction","target":{"@type":"EntryPoint","urlTemplate":"https:\/\/nitu.mx\/?s={search_term_string}"},"query-input":"required name=search_term_string"}],"inLanguage":"es-MX"},{"@type":["Person","Organization"],"@id":"https:\/\/nitu.mx\/#\/schema\/person\/ae7a53426417292d3dd07b45a33e01bc","name":"Arturo Medina","image":{"@type":"ImageObject","inLanguage":"es-MX","@id":"https:\/\/nitu.mx\/#\/schema\/person\/image\/","url":"https:\/\/nitu.mx\/wp-content\/uploads\/2024\/04\/4A315622-1904-4D5C-B022-878CDC840E04-90x90-1.jpeg","contentUrl":"https:\/\/nitu.mx\/wp-content\/uploads\/2024\/04\/4A315622-1904-4D5C-B022-878CDC840E04-90x90-1.jpeg","width":90,"height":90,"caption":"Arturo Medina"},"logo":{"@id":"https:\/\/nitu.mx\/#\/schema\/person\/image\/"},"description":"Director NITU.mx, Egresado de la Escuela de Periodismo Carlos Septi\u00e9n Garc\u00eda. Periodista y analista especializado en turismo desde hace 35 a\u00f1os, radicado en Canc\u00fan Q.Roo. arturo@nitu.mx","sameAs":["https:\/\/nitu.mx","https:\/\/www.facebook.com\/NITUmx\/","medinacancun","https:\/\/twitter.com\/@Arturo_Medina_G"]},{"@type":"Person","@id":"https:\/\/nitu.mx\/#\/schema\/person\/3df3082b5e46037e3f13614d28ee0b77","name":"Guadalupe Sixto","image":{"@type":"ImageObject","inLanguage":"es-MX","@id":"https:\/\/nitu.mx\/#\/schema\/person\/image\/","url":"https:\/\/secure.gravatar.com\/avatar\/13914e1b0e1919e91f9539de4dc584c4?s=96&d=mm&r=g","contentUrl":"https:\/\/secure.gravatar.com\/avatar\/13914e1b0e1919e91f9539de4dc584c4?s=96&d=mm&r=g","caption":"Guadalupe Sixto"},"url":"https:\/\/nitu.mx\/index.php\/author\/gsixto\/"}]}},"views":773,"_links":{"self":[{"href":"https:\/\/nitu.mx\/index.php\/wp-json\/wp\/v2\/posts\/48114"}],"collection":[{"href":"https:\/\/nitu.mx\/index.php\/wp-json\/wp\/v2\/posts"}],"about":[{"href":"https:\/\/nitu.mx\/index.php\/wp-json\/wp\/v2\/types\/post"}],"author":[{"embeddable":true,"href":"https:\/\/nitu.mx\/index.php\/wp-json\/wp\/v2\/users\/18"}],"replies":[{"embeddable":true,"href":"https:\/\/nitu.mx\/index.php\/wp-json\/wp\/v2\/comments?post=48114"}],"version-history":[{"count":5,"href":"https:\/\/nitu.mx\/index.php\/wp-json\/wp\/v2\/posts\/48114\/revisions"}],"predecessor-version":[{"id":48120,"href":"https:\/\/nitu.mx\/index.php\/wp-json\/wp\/v2\/posts\/48114\/revisions\/48120"}],"wp:featuredmedia":[{"embeddable":true,"href":"https:\/\/nitu.mx\/index.php\/wp-json\/wp\/v2\/media\/48118"}],"wp:attachment":[{"href":"https:\/\/nitu.mx\/index.php\/wp-json\/wp\/v2\/media?parent=48114"}],"wp:term":[{"taxonomy":"category","embeddable":true,"href":"https:\/\/nitu.mx\/index.php\/wp-json\/wp\/v2\/categories?post=48114"},{"taxonomy":"post_tag","embeddable":true,"href":"https:\/\/nitu.mx\/index.php\/wp-json\/wp\/v2\/tags?post=48114"}],"curies":[{"name":"wp","href":"https:\/\/api.w.org\/{rel}","templated":true}]}}