{"id":47740,"date":"2020-11-02T17:02:09","date_gmt":"2020-11-02T22:02:09","guid":{"rendered":"https:\/\/www.dev.nitu.mx\/?p=47740"},"modified":"2020-11-03T01:58:57","modified_gmt":"2020-11-03T06:58:57","slug":"la-paz-inicia-conectividad-internacional-con-vuelos-de-dallas-y-phoenix","status":"publish","type":"post","link":"https:\/\/nitu.mx\/index.php\/2020\/11\/02\/la-paz-inicia-conectividad-internacional-con-vuelos-de-dallas-y-phoenix\/","title":{"rendered":"La Paz inicia conectividad internacional con vuelos de Dallas y Phoenix"},"content":{"rendered":"\n<p>La Paz, Baja California Sur tendr\u00e1 sus primeras conexiones a\u00e9reas internacionales a trav\u00e9s de American Airlines y los vuelos estacionales que operar\u00e1 desde Dallas, Texas y Phoenix, Arizona.<\/p>\n\n\n\n<p>Con estas rutas de temporada, la capital sudcaliforniana potenciar\u00e1 la llegada de visitantes internacionales, que buscan un destino de poca saturaci\u00f3n y que ofrece experiencias \u00fanicas para disfrutar en el invierno.<\/p>\n\n\n\n<p>Los vuelos de American Airlines estar\u00e1n disponibles de diciembre a marzo y de junio a agosto. La ruta Dallas-La Paz iniciar\u00e1 operaciones el 19 de diciembre con un vuelo diario.<\/p>\n\n\n\n<p>En tanto, el vuelo Phoenix-La Paz operar\u00e1 cuatro veces por semana a partir del 18 de diciembre. Ambas rutas ser\u00e1n operadas en aeronaves CRJ-700.<\/p>\n\n\n\n<p>En los \u00faltimos meses, la Secretar\u00eda de Turismo, Econom\u00eda y Sustentabilidad de Baja California Sur (Setues) y el Fideicomiso de Turismo de La Paz han trabajado estrechamente por impulsar la promoci\u00f3n y conectividad a\u00e9rea hacia el destino.<\/p>\n\n\n\n<p>Los turistas estadounidenses podr\u00e1n disfrutar de la tranquilidad y relajaci\u00f3n que ofrece La Paz, gracias a que est\u00e1 rodeado de amplios espacios naturales y tranquilas playas, as\u00ed como realizar glamping a la orilla del mar en la Isla Esp\u00edritu Santo.<\/p>\n\n\n\n<p>Tambi\u00e9n se puede hacer avistamiento de ballenas y otras especies marinas que llegan esta temporada a las aguas el Mar de Cort\u00e9s, o practicar actividades como pesca deportiva, surf, kiteboarding, en La Ventana y El Sargento, playas cercanas a la capital sudcaliforniana.<\/p>\n\n\n\n<p>Calificado por Jaques Cousteau como el acuario m\u00e1s grande del mundo, La Paz tiene una biodiversidad que lo hace muy atractiva para parejas, personas en retiro, familias, y hasta turistas que gustan de actividades de aventura.<\/p>\n\n\n\n<p>La llegada de viajeros internacionales depend\u00eda del traslado terrestre de los que llegaban a Cabo San Lucas, que se encuentra a 135 kil\u00f3metros aproximadamente de La Paz, o con conexi\u00f3n en vuelos nacionales desde Tijuana o CDMX. Con las rutas estacionales de American Airlines, se potencia el arribo de extranjeros.<a href=\"https:\/\/www.dev.nitu.mx\/index.php\/2020\/09\/13\/gap-recibe-certificacion-sanitaria-para-sus-aeropuertos-de-la-paz-y-los-cabos\/\"> (GAP recibe certificaci\u00f3n sanitaria para sus aeropuertos de La Paz y Los Cabos)<\/a><\/p>\n","protected":false},"excerpt":{"rendered":"<p>La Paz, Baja California Sur tendr\u00e1 sus primeras conexiones a\u00e9reas internacionales a trav\u00e9s de American Airlines y los vuelos estacionales que operar\u00e1 desde Dallas, Texas y Phoenix, Arizona. Con estas rutas de temporada, la capital sudcaliforniana potenciar\u00e1 la llegada de visitantes internacionales, que buscan un destino de poca saturaci\u00f3n y que ofrece experiencias \u00fanicas para [&hellip;]<\/p>\n","protected":false},"author":18,"featured_media":47745,"comment_status":"open","ping_status":"open","sticky":false,"template":"","format":"standard","meta":{"footnotes":""},"categories":[29],"tags":[481,5817,132,9110,18037],"yoast_head":"<!-- This site is optimized with the Yoast SEO plugin v22.2 - https:\/\/yoast.com\/wordpress\/plugins\/seo\/ -->\n<title>La Paz inicia conectividad internacional con vuelos de Dallas y Phoenix - Nitu - Noticias de la Industria Turistica<\/title>\n<meta name=\"robots\" content=\"index, follow, max-snippet:-1, max-image-preview:large, max-video-preview:-1\" \/>\n<link rel=\"canonical\" href=\"https:\/\/nitu.mx\/index.php\/2020\/11\/02\/la-paz-inicia-conectividad-internacional-con-vuelos-de-dallas-y-phoenix\/\" \/>\n<meta name=\"twitter:card\" content=\"summary_large_image\" \/>\n<meta name=\"twitter:title\" content=\"La Paz inicia conectividad internacional con vuelos de Dallas y Phoenix - Nitu - Noticias de la Industria Turistica\" \/>\n<meta name=\"twitter:description\" content=\"La Paz, Baja California Sur tendr\u00e1 sus primeras conexiones a\u00e9reas internacionales a trav\u00e9s de American Airlines y los vuelos estacionales que operar\u00e1 desde Dallas, Texas y Phoenix, Arizona. Con estas rutas de temporada, la capital sudcaliforniana potenciar\u00e1 la llegada de visitantes internacionales, que buscan un destino de poca saturaci\u00f3n y que ofrece experiencias \u00fanicas para [&hellip;]\" \/>\n<meta name=\"twitter:image\" content=\"https:\/\/nitu.mx\/wp-content\/uploads\/2020\/11\/La-Paz-BCS.jpg\" \/>\n<meta name=\"twitter:creator\" content=\"@NITUmx\" \/>\n<meta name=\"twitter:site\" content=\"@Arturo_Medina_G\" \/>\n<meta name=\"twitter:label1\" content=\"Escrito por\" \/>\n\t<meta name=\"twitter:data1\" content=\"Guadalupe Sixto\" \/>\n\t<meta name=\"twitter:label2\" content=\"Tiempo de lectura\" \/>\n\t<meta name=\"twitter:data2\" content=\"2 minutos\" \/>\n<script type=\"application\/ld+json\" class=\"yoast-schema-graph\">{\"@context\":\"https:\/\/schema.org\",\"@graph\":[{\"@type\":\"Article\",\"@id\":\"https:\/\/nitu.mx\/index.php\/2020\/11\/02\/la-paz-inicia-conectividad-internacional-con-vuelos-de-dallas-y-phoenix\/#article\",\"isPartOf\":{\"@id\":\"https:\/\/nitu.mx\/index.php\/2020\/11\/02\/la-paz-inicia-conectividad-internacional-con-vuelos-de-dallas-y-phoenix\/\"},\"author\":{\"name\":\"Guadalupe Sixto\",\"@id\":\"https:\/\/nitu.mx\/#\/schema\/person\/3df3082b5e46037e3f13614d28ee0b77\"},\"headline\":\"La Paz inicia conectividad internacional con vuelos de Dallas y Phoenix\",\"datePublished\":\"2020-11-02T22:02:09+00:00\",\"dateModified\":\"2020-11-03T06:58:57+00:00\",\"mainEntityOfPage\":{\"@id\":\"https:\/\/nitu.mx\/index.php\/2020\/11\/02\/la-paz-inicia-conectividad-internacional-con-vuelos-de-dallas-y-phoenix\/\"},\"wordCount\":358,\"commentCount\":0,\"publisher\":{\"@id\":\"https:\/\/nitu.mx\/#\/schema\/person\/ae7a53426417292d3dd07b45a33e01bc\"},\"image\":{\"@id\":\"https:\/\/nitu.mx\/index.php\/2020\/11\/02\/la-paz-inicia-conectividad-internacional-con-vuelos-de-dallas-y-phoenix\/#primaryimage\"},\"thumbnailUrl\":\"https:\/\/nitu.mx\/wp-content\/uploads\/2020\/11\/La-Paz-BCS.jpg\",\"keywords\":[\"American AIrlines\",\"Dallas\",\"La Paz\",\"Phoenix\",\"Setues\"],\"articleSection\":[\"Aerol\u00edneas\"],\"inLanguage\":\"es-MX\",\"potentialAction\":[{\"@type\":\"CommentAction\",\"name\":\"Comment\",\"target\":[\"https:\/\/nitu.mx\/index.php\/2020\/11\/02\/la-paz-inicia-conectividad-internacional-con-vuelos-de-dallas-y-phoenix\/#respond\"]}]},{\"@type\":\"WebPage\",\"@id\":\"https:\/\/nitu.mx\/index.php\/2020\/11\/02\/la-paz-inicia-conectividad-internacional-con-vuelos-de-dallas-y-phoenix\/\",\"url\":\"https:\/\/nitu.mx\/index.php\/2020\/11\/02\/la-paz-inicia-conectividad-internacional-con-vuelos-de-dallas-y-phoenix\/\",\"name\":\"La Paz inicia conectividad internacional con vuelos de Dallas y Phoenix - Nitu - Noticias de la Industria Turistica\",\"isPartOf\":{\"@id\":\"https:\/\/nitu.mx\/#website\"},\"primaryImageOfPage\":{\"@id\":\"https:\/\/nitu.mx\/index.php\/2020\/11\/02\/la-paz-inicia-conectividad-internacional-con-vuelos-de-dallas-y-phoenix\/#primaryimage\"},\"image\":{\"@id\":\"https:\/\/nitu.mx\/index.php\/2020\/11\/02\/la-paz-inicia-conectividad-internacional-con-vuelos-de-dallas-y-phoenix\/#primaryimage\"},\"thumbnailUrl\":\"https:\/\/nitu.mx\/wp-content\/uploads\/2020\/11\/La-Paz-BCS.jpg\",\"datePublished\":\"2020-11-02T22:02:09+00:00\",\"dateModified\":\"2020-11-03T06:58:57+00:00\",\"breadcrumb\":{\"@id\":\"https:\/\/nitu.mx\/index.php\/2020\/11\/02\/la-paz-inicia-conectividad-internacional-con-vuelos-de-dallas-y-phoenix\/#breadcrumb\"},\"inLanguage\":\"es-MX\",\"potentialAction\":[{\"@type\":\"ReadAction\",\"target\":[\"https:\/\/nitu.mx\/index.php\/2020\/11\/02\/la-paz-inicia-conectividad-internacional-con-vuelos-de-dallas-y-phoenix\/\"]}]},{\"@type\":\"ImageObject\",\"inLanguage\":\"es-MX\",\"@id\":\"https:\/\/nitu.mx\/index.php\/2020\/11\/02\/la-paz-inicia-conectividad-internacional-con-vuelos-de-dallas-y-phoenix\/#primaryimage\",\"url\":\"https:\/\/nitu.mx\/wp-content\/uploads\/2020\/11\/La-Paz-BCS.jpg\",\"contentUrl\":\"https:\/\/nitu.mx\/wp-content\/uploads\/2020\/11\/La-Paz-BCS.jpg\",\"width\":1200,\"height\":675,\"caption\":\"La Paz\"},{\"@type\":\"BreadcrumbList\",\"@id\":\"https:\/\/nitu.mx\/index.php\/2020\/11\/02\/la-paz-inicia-conectividad-internacional-con-vuelos-de-dallas-y-phoenix\/#breadcrumb\",\"itemListElement\":[{\"@type\":\"ListItem\",\"position\":1,\"name\":\"Inicio\",\"item\":\"https:\/\/nitu.mx\/\"},{\"@type\":\"ListItem\",\"position\":2,\"name\":\"La Paz inicia conectividad internacional con vuelos de Dallas y Phoenix\"}]},{\"@type\":\"WebSite\",\"@id\":\"https:\/\/nitu.mx\/#website\",\"url\":\"https:\/\/nitu.mx\/\",\"name\":\"Nitu - Noticias de la Industria Turistica\",\"description\":\"Noticias de la Industria Turistica\",\"publisher\":{\"@id\":\"https:\/\/nitu.mx\/#\/schema\/person\/ae7a53426417292d3dd07b45a33e01bc\"},\"alternateName\":\"Noticias de la Industria Turistica\",\"potentialAction\":[{\"@type\":\"SearchAction\",\"target\":{\"@type\":\"EntryPoint\",\"urlTemplate\":\"https:\/\/nitu.mx\/?s={search_term_string}\"},\"query-input\":\"required name=search_term_string\"}],\"inLanguage\":\"es-MX\"},{\"@type\":[\"Person\",\"Organization\"],\"@id\":\"https:\/\/nitu.mx\/#\/schema\/person\/ae7a53426417292d3dd07b45a33e01bc\",\"name\":\"Arturo Medina\",\"image\":{\"@type\":\"ImageObject\",\"inLanguage\":\"es-MX\",\"@id\":\"https:\/\/nitu.mx\/#\/schema\/person\/image\/\",\"url\":\"https:\/\/nitu.mx\/wp-content\/uploads\/2024\/04\/4A315622-1904-4D5C-B022-878CDC840E04-90x90-1.jpeg\",\"contentUrl\":\"https:\/\/nitu.mx\/wp-content\/uploads\/2024\/04\/4A315622-1904-4D5C-B022-878CDC840E04-90x90-1.jpeg\",\"width\":90,\"height\":90,\"caption\":\"Arturo Medina\"},\"logo\":{\"@id\":\"https:\/\/nitu.mx\/#\/schema\/person\/image\/\"},\"description\":\"Director NITU.mx, Egresado de la Escuela de Periodismo Carlos Septi\u00e9n Garc\u00eda. Periodista y analista especializado en turismo desde hace 35 a\u00f1os, radicado en Canc\u00fan Q.Roo. arturo@nitu.mx\",\"sameAs\":[\"https:\/\/nitu.mx\",\"https:\/\/www.facebook.com\/NITUmx\/\",\"medinacancun\",\"https:\/\/twitter.com\/@Arturo_Medina_G\"]},{\"@type\":\"Person\",\"@id\":\"https:\/\/nitu.mx\/#\/schema\/person\/3df3082b5e46037e3f13614d28ee0b77\",\"name\":\"Guadalupe Sixto\",\"image\":{\"@type\":\"ImageObject\",\"inLanguage\":\"es-MX\",\"@id\":\"https:\/\/nitu.mx\/#\/schema\/person\/image\/\",\"url\":\"https:\/\/secure.gravatar.com\/avatar\/13914e1b0e1919e91f9539de4dc584c4?s=96&d=mm&r=g\",\"contentUrl\":\"https:\/\/secure.gravatar.com\/avatar\/13914e1b0e1919e91f9539de4dc584c4?s=96&d=mm&r=g\",\"caption\":\"Guadalupe Sixto\"},\"url\":\"https:\/\/nitu.mx\/index.php\/author\/gsixto\/\"}]}<\/script>\n<!-- \/ Yoast SEO plugin. -->","yoast_head_json":{"title":"La Paz inicia conectividad internacional con vuelos de Dallas y Phoenix - Nitu - Noticias de la Industria Turistica","robots":{"index":"index","follow":"follow","max-snippet":"max-snippet:-1","max-image-preview":"max-image-preview:large","max-video-preview":"max-video-preview:-1"},"canonical":"https:\/\/nitu.mx\/index.php\/2020\/11\/02\/la-paz-inicia-conectividad-internacional-con-vuelos-de-dallas-y-phoenix\/","twitter_card":"summary_large_image","twitter_title":"La Paz inicia conectividad internacional con vuelos de Dallas y Phoenix - Nitu - Noticias de la Industria Turistica","twitter_description":"La Paz, Baja California Sur tendr\u00e1 sus primeras conexiones a\u00e9reas internacionales a trav\u00e9s de American Airlines y los vuelos estacionales que operar\u00e1 desde Dallas, Texas y Phoenix, Arizona. Con estas rutas de temporada, la capital sudcaliforniana potenciar\u00e1 la llegada de visitantes internacionales, que buscan un destino de poca saturaci\u00f3n y que ofrece experiencias \u00fanicas para [&hellip;]","twitter_image":"https:\/\/nitu.mx\/wp-content\/uploads\/2020\/11\/La-Paz-BCS.jpg","twitter_creator":"@NITUmx","twitter_site":"@Arturo_Medina_G","twitter_misc":{"Escrito por":"Guadalupe Sixto","Tiempo de lectura":"2 minutos"},"schema":{"@context":"https:\/\/schema.org","@graph":[{"@type":"Article","@id":"https:\/\/nitu.mx\/index.php\/2020\/11\/02\/la-paz-inicia-conectividad-internacional-con-vuelos-de-dallas-y-phoenix\/#article","isPartOf":{"@id":"https:\/\/nitu.mx\/index.php\/2020\/11\/02\/la-paz-inicia-conectividad-internacional-con-vuelos-de-dallas-y-phoenix\/"},"author":{"name":"Guadalupe Sixto","@id":"https:\/\/nitu.mx\/#\/schema\/person\/3df3082b5e46037e3f13614d28ee0b77"},"headline":"La Paz inicia conectividad internacional con vuelos de Dallas y Phoenix","datePublished":"2020-11-02T22:02:09+00:00","dateModified":"2020-11-03T06:58:57+00:00","mainEntityOfPage":{"@id":"https:\/\/nitu.mx\/index.php\/2020\/11\/02\/la-paz-inicia-conectividad-internacional-con-vuelos-de-dallas-y-phoenix\/"},"wordCount":358,"commentCount":0,"publisher":{"@id":"https:\/\/nitu.mx\/#\/schema\/person\/ae7a53426417292d3dd07b45a33e01bc"},"image":{"@id":"https:\/\/nitu.mx\/index.php\/2020\/11\/02\/la-paz-inicia-conectividad-internacional-con-vuelos-de-dallas-y-phoenix\/#primaryimage"},"thumbnailUrl":"https:\/\/nitu.mx\/wp-content\/uploads\/2020\/11\/La-Paz-BCS.jpg","keywords":["American AIrlines","Dallas","La Paz","Phoenix","Setues"],"articleSection":["Aerol\u00edneas"],"inLanguage":"es-MX","potentialAction":[{"@type":"CommentAction","name":"Comment","target":["https:\/\/nitu.mx\/index.php\/2020\/11\/02\/la-paz-inicia-conectividad-internacional-con-vuelos-de-dallas-y-phoenix\/#respond"]}]},{"@type":"WebPage","@id":"https:\/\/nitu.mx\/index.php\/2020\/11\/02\/la-paz-inicia-conectividad-internacional-con-vuelos-de-dallas-y-phoenix\/","url":"https:\/\/nitu.mx\/index.php\/2020\/11\/02\/la-paz-inicia-conectividad-internacional-con-vuelos-de-dallas-y-phoenix\/","name":"La Paz inicia conectividad internacional con vuelos de Dallas y Phoenix - Nitu - Noticias de la Industria Turistica","isPartOf":{"@id":"https:\/\/nitu.mx\/#website"},"primaryImageOfPage":{"@id":"https:\/\/nitu.mx\/index.php\/2020\/11\/02\/la-paz-inicia-conectividad-internacional-con-vuelos-de-dallas-y-phoenix\/#primaryimage"},"image":{"@id":"https:\/\/nitu.mx\/index.php\/2020\/11\/02\/la-paz-inicia-conectividad-internacional-con-vuelos-de-dallas-y-phoenix\/#primaryimage"},"thumbnailUrl":"https:\/\/nitu.mx\/wp-content\/uploads\/2020\/11\/La-Paz-BCS.jpg","datePublished":"2020-11-02T22:02:09+00:00","dateModified":"2020-11-03T06:58:57+00:00","breadcrumb":{"@id":"https:\/\/nitu.mx\/index.php\/2020\/11\/02\/la-paz-inicia-conectividad-internacional-con-vuelos-de-dallas-y-phoenix\/#breadcrumb"},"inLanguage":"es-MX","potentialAction":[{"@type":"ReadAction","target":["https:\/\/nitu.mx\/index.php\/2020\/11\/02\/la-paz-inicia-conectividad-internacional-con-vuelos-de-dallas-y-phoenix\/"]}]},{"@type":"ImageObject","inLanguage":"es-MX","@id":"https:\/\/nitu.mx\/index.php\/2020\/11\/02\/la-paz-inicia-conectividad-internacional-con-vuelos-de-dallas-y-phoenix\/#primaryimage","url":"https:\/\/nitu.mx\/wp-content\/uploads\/2020\/11\/La-Paz-BCS.jpg","contentUrl":"https:\/\/nitu.mx\/wp-content\/uploads\/2020\/11\/La-Paz-BCS.jpg","width":1200,"height":675,"caption":"La Paz"},{"@type":"BreadcrumbList","@id":"https:\/\/nitu.mx\/index.php\/2020\/11\/02\/la-paz-inicia-conectividad-internacional-con-vuelos-de-dallas-y-phoenix\/#breadcrumb","itemListElement":[{"@type":"ListItem","position":1,"name":"Inicio","item":"https:\/\/nitu.mx\/"},{"@type":"ListItem","position":2,"name":"La Paz inicia conectividad internacional con vuelos de Dallas y Phoenix"}]},{"@type":"WebSite","@id":"https:\/\/nitu.mx\/#website","url":"https:\/\/nitu.mx\/","name":"Nitu - Noticias de la Industria Turistica","description":"Noticias de la Industria Turistica","publisher":{"@id":"https:\/\/nitu.mx\/#\/schema\/person\/ae7a53426417292d3dd07b45a33e01bc"},"alternateName":"Noticias de la Industria Turistica","potentialAction":[{"@type":"SearchAction","target":{"@type":"EntryPoint","urlTemplate":"https:\/\/nitu.mx\/?s={search_term_string}"},"query-input":"required name=search_term_string"}],"inLanguage":"es-MX"},{"@type":["Person","Organization"],"@id":"https:\/\/nitu.mx\/#\/schema\/person\/ae7a53426417292d3dd07b45a33e01bc","name":"Arturo Medina","image":{"@type":"ImageObject","inLanguage":"es-MX","@id":"https:\/\/nitu.mx\/#\/schema\/person\/image\/","url":"https:\/\/nitu.mx\/wp-content\/uploads\/2024\/04\/4A315622-1904-4D5C-B022-878CDC840E04-90x90-1.jpeg","contentUrl":"https:\/\/nitu.mx\/wp-content\/uploads\/2024\/04\/4A315622-1904-4D5C-B022-878CDC840E04-90x90-1.jpeg","width":90,"height":90,"caption":"Arturo Medina"},"logo":{"@id":"https:\/\/nitu.mx\/#\/schema\/person\/image\/"},"description":"Director NITU.mx, Egresado de la Escuela de Periodismo Carlos Septi\u00e9n Garc\u00eda. Periodista y analista especializado en turismo desde hace 35 a\u00f1os, radicado en Canc\u00fan Q.Roo. arturo@nitu.mx","sameAs":["https:\/\/nitu.mx","https:\/\/www.facebook.com\/NITUmx\/","medinacancun","https:\/\/twitter.com\/@Arturo_Medina_G"]},{"@type":"Person","@id":"https:\/\/nitu.mx\/#\/schema\/person\/3df3082b5e46037e3f13614d28ee0b77","name":"Guadalupe Sixto","image":{"@type":"ImageObject","inLanguage":"es-MX","@id":"https:\/\/nitu.mx\/#\/schema\/person\/image\/","url":"https:\/\/secure.gravatar.com\/avatar\/13914e1b0e1919e91f9539de4dc584c4?s=96&d=mm&r=g","contentUrl":"https:\/\/secure.gravatar.com\/avatar\/13914e1b0e1919e91f9539de4dc584c4?s=96&d=mm&r=g","caption":"Guadalupe Sixto"},"url":"https:\/\/nitu.mx\/index.php\/author\/gsixto\/"}]}},"views":338,"_links":{"self":[{"href":"https:\/\/nitu.mx\/index.php\/wp-json\/wp\/v2\/posts\/47740"}],"collection":[{"href":"https:\/\/nitu.mx\/index.php\/wp-json\/wp\/v2\/posts"}],"about":[{"href":"https:\/\/nitu.mx\/index.php\/wp-json\/wp\/v2\/types\/post"}],"author":[{"embeddable":true,"href":"https:\/\/nitu.mx\/index.php\/wp-json\/wp\/v2\/users\/18"}],"replies":[{"embeddable":true,"href":"https:\/\/nitu.mx\/index.php\/wp-json\/wp\/v2\/comments?post=47740"}],"version-history":[{"count":3,"href":"https:\/\/nitu.mx\/index.php\/wp-json\/wp\/v2\/posts\/47740\/revisions"}],"predecessor-version":[{"id":47746,"href":"https:\/\/nitu.mx\/index.php\/wp-json\/wp\/v2\/posts\/47740\/revisions\/47746"}],"wp:featuredmedia":[{"embeddable":true,"href":"https:\/\/nitu.mx\/index.php\/wp-json\/wp\/v2\/media\/47745"}],"wp:attachment":[{"href":"https:\/\/nitu.mx\/index.php\/wp-json\/wp\/v2\/media?parent=47740"}],"wp:term":[{"taxonomy":"category","embeddable":true,"href":"https:\/\/nitu.mx\/index.php\/wp-json\/wp\/v2\/categories?post=47740"},{"taxonomy":"post_tag","embeddable":true,"href":"https:\/\/nitu.mx\/index.php\/wp-json\/wp\/v2\/tags?post=47740"}],"curies":[{"name":"wp","href":"https:\/\/api.w.org\/{rel}","templated":true}]}}