{"id":47708,"date":"2020-11-01T15:36:43","date_gmt":"2020-11-01T20:36:43","guid":{"rendered":"https:\/\/www.dev.nitu.mx\/?p=47708"},"modified":"2020-11-02T01:03:04","modified_gmt":"2020-11-02T06:03:04","slug":"viva-aerobus-reactiva-la-totalidad-de-su-capacidad-operacional-en-noviembre","status":"publish","type":"post","link":"https:\/\/nitu.mx\/index.php\/2020\/11\/01\/viva-aerobus-reactiva-la-totalidad-de-su-capacidad-operacional-en-noviembre\/","title":{"rendered":"Viva Aerobus reactiva la totalidad de su capacidad operacional en noviembre"},"content":{"rendered":"\n<p>La aerol\u00ednea mexicana de bajo costo, Viva Aerobus, ofrecer\u00e1 en noviembre la misma cantidad de asientos que vol\u00f3 el mismo mes del a\u00f1o pasado, lo que representa la reactivaci\u00f3n del 100 por ciento de su capacidad.<\/p>\n\n\n\n<p>De esta manera, Viva Aerobus es la primera l\u00ednea a\u00e9rea del continente americano en reactivar su capacidad operacional, al volar 109 rutas de las cuales 96 son nacionales y 13 internacionales.<\/p>\n\n\n\n<p>Para este mes, la compa\u00f1\u00eda a\u00e9rea iniciar\u00e1 operaciones de la nueva ruta Canc\u00fan-Aguascalientes a partir de este 2 de noviembre, y Canc\u00fan-San Luis Potos\u00ed para el d\u00eda 4.<\/p>\n\n\n\n<p>Adem\u00e1s de las rutas desde CDMX a Acapulco, Campeche y Chetumal el d\u00eda 12 de noviembre, y a partir del 13 a Ciudad del Carmen y Dallas Fort Worth (DFW). Viva Aerobus reanudar\u00e1 a partir del 2 de noviembre, la ruta Monterrey-Los Mochis.<\/p>\n\n\n\n<p>\u201cNos enorgullece ser una de las primeras aerol\u00edneas en Am\u00e9rica en haber&nbsp;reactivado al 100 por ciento la capacidad operacional, liderando as\u00ed la recuperaci\u00f3n del sector a\u00e9reo y tur\u00edstico. Es decir, ya ofrecemos la misma cantidad de asientos que en noviembre del a\u00f1o pasado y esto s\u00f3lo ha sido posible gracias a la preferencia de los pasajeros que encuentran en Viva una propuesta de valor que combina precios bajos, m\u00e1s destinos y el cuidado de su salud\u201d, se\u00f1al\u00f3 Juan Carlos Zuazua, director general de Viva Aerobus.<\/p>\n\n\n\n<p>La reactivaci\u00f3n de rutas de la l\u00ednea a\u00e9rea ha sido de manera responsable, y en atenci\u00f3n a la demanda. Durante la contingencia sanitaria puso a la venta 20 nuevas rutas, de \u00e9stas 13 son nacionales y siete internacionales.<\/p>\n\n\n\n<p>Dentro de estas nuevas rutas est\u00e1n, adem\u00e1s de Canc\u00fan a Aguascalientes y San Luis Potos\u00ed, y de Monterrey a San Antonio y DFW, las rutas Mazatl\u00e1n \u2013Chihuahua; y de CDMX a Acapulco, Campeche, Ciudad del Carmen, Ciudad Obreg\u00f3n, Chetumal, Durango, Los Mochis, Tampico, Veracruz, La Paz, Chicago, DFW, Los \u00c1ngeles, Houston y San Antonio. (<a href=\"https:\/\/www.dev.nitu.mx\/index.php\/2020\/10\/05\/viva-aerobus-reactiva-anuncia-4-nuevos-vuelos-desde-cdmx\/\">Viva Aerobus reactiva 4 nuevos vuelos desde CDMX<\/a>)<\/p>\n\n\n\n<p>Viva Aerobus reiter\u00f3 que para garantizar la seguridad de los pasajeros implementa el programa Viva Contigo con apego a las recomendaciones y medidas sanitarias hechas por las autoridades nacionales e internacionales.<\/p>\n","protected":false},"excerpt":{"rendered":"<p>La aerol\u00ednea mexicana de bajo costo, Viva Aerobus, ofrecer\u00e1 en noviembre la misma cantidad de asientos que vol\u00f3 el mismo mes del a\u00f1o pasado, lo que representa la reactivaci\u00f3n del 100 por ciento de su capacidad. De esta manera, Viva Aerobus es la primera l\u00ednea a\u00e9rea del continente americano en reactivar su capacidad operacional, al [&hellip;]<\/p>\n","protected":false},"author":18,"featured_media":10972,"comment_status":"open","ping_status":"open","sticky":false,"template":"","format":"standard","meta":{"footnotes":""},"categories":[29],"tags":[43,587,295,491,2102],"yoast_head":"<!-- This site is optimized with the Yoast SEO plugin v22.2 - https:\/\/yoast.com\/wordpress\/plugins\/seo\/ -->\n<title>Viva Aerobus reactiva la totalidad de su capacidad operacional en noviembre - Nitu - Noticias de la Industria Turistica<\/title>\n<meta name=\"robots\" content=\"index, follow, max-snippet:-1, max-image-preview:large, max-video-preview:-1\" \/>\n<link rel=\"canonical\" href=\"https:\/\/nitu.mx\/index.php\/2020\/11\/01\/viva-aerobus-reactiva-la-totalidad-de-su-capacidad-operacional-en-noviembre\/\" \/>\n<meta name=\"twitter:card\" content=\"summary_large_image\" \/>\n<meta name=\"twitter:title\" content=\"Viva Aerobus reactiva la totalidad de su capacidad operacional en noviembre - Nitu - Noticias de la Industria Turistica\" \/>\n<meta name=\"twitter:description\" content=\"La aerol\u00ednea mexicana de bajo costo, Viva Aerobus, ofrecer\u00e1 en noviembre la misma cantidad de asientos que vol\u00f3 el mismo mes del a\u00f1o pasado, lo que representa la reactivaci\u00f3n del 100 por ciento de su capacidad. De esta manera, Viva Aerobus es la primera l\u00ednea a\u00e9rea del continente americano en reactivar su capacidad operacional, al [&hellip;]\" \/>\n<meta name=\"twitter:image\" content=\"https:\/\/nitu.mx\/wp-content\/uploads\/2017\/06\/vivaaerobus-1.jpg\" \/>\n<meta name=\"twitter:creator\" content=\"@NITUmx\" \/>\n<meta name=\"twitter:site\" content=\"@Arturo_Medina_G\" \/>\n<meta name=\"twitter:label1\" content=\"Escrito por\" \/>\n\t<meta name=\"twitter:data1\" content=\"Guadalupe Sixto\" \/>\n\t<meta name=\"twitter:label2\" content=\"Tiempo de lectura\" \/>\n\t<meta name=\"twitter:data2\" content=\"2 minutos\" \/>\n<script type=\"application\/ld+json\" class=\"yoast-schema-graph\">{\"@context\":\"https:\/\/schema.org\",\"@graph\":[{\"@type\":\"Article\",\"@id\":\"https:\/\/nitu.mx\/index.php\/2020\/11\/01\/viva-aerobus-reactiva-la-totalidad-de-su-capacidad-operacional-en-noviembre\/#article\",\"isPartOf\":{\"@id\":\"https:\/\/nitu.mx\/index.php\/2020\/11\/01\/viva-aerobus-reactiva-la-totalidad-de-su-capacidad-operacional-en-noviembre\/\"},\"author\":{\"name\":\"Guadalupe Sixto\",\"@id\":\"https:\/\/nitu.mx\/#\/schema\/person\/3df3082b5e46037e3f13614d28ee0b77\"},\"headline\":\"Viva Aerobus reactiva la totalidad de su capacidad operacional en noviembre\",\"datePublished\":\"2020-11-01T20:36:43+00:00\",\"dateModified\":\"2020-11-02T06:03:04+00:00\",\"mainEntityOfPage\":{\"@id\":\"https:\/\/nitu.mx\/index.php\/2020\/11\/01\/viva-aerobus-reactiva-la-totalidad-de-su-capacidad-operacional-en-noviembre\/\"},\"wordCount\":384,\"commentCount\":0,\"publisher\":{\"@id\":\"https:\/\/nitu.mx\/#\/schema\/person\/ae7a53426417292d3dd07b45a33e01bc\"},\"image\":{\"@id\":\"https:\/\/nitu.mx\/index.php\/2020\/11\/01\/viva-aerobus-reactiva-la-totalidad-de-su-capacidad-operacional-en-noviembre\/#primaryimage\"},\"thumbnailUrl\":\"https:\/\/nitu.mx\/wp-content\/uploads\/2017\/06\/vivaaerobus-1.jpg\",\"keywords\":[\"Canc\u00fan\",\"CDMX\",\"Juan Carlos Zuazua\",\"Monterrey\",\"Viva Aerobus\"],\"articleSection\":[\"Aerol\u00edneas\"],\"inLanguage\":\"es-MX\",\"potentialAction\":[{\"@type\":\"CommentAction\",\"name\":\"Comment\",\"target\":[\"https:\/\/nitu.mx\/index.php\/2020\/11\/01\/viva-aerobus-reactiva-la-totalidad-de-su-capacidad-operacional-en-noviembre\/#respond\"]}]},{\"@type\":\"WebPage\",\"@id\":\"https:\/\/nitu.mx\/index.php\/2020\/11\/01\/viva-aerobus-reactiva-la-totalidad-de-su-capacidad-operacional-en-noviembre\/\",\"url\":\"https:\/\/nitu.mx\/index.php\/2020\/11\/01\/viva-aerobus-reactiva-la-totalidad-de-su-capacidad-operacional-en-noviembre\/\",\"name\":\"Viva Aerobus reactiva la totalidad de su capacidad operacional en noviembre - Nitu - Noticias de la Industria Turistica\",\"isPartOf\":{\"@id\":\"https:\/\/nitu.mx\/#website\"},\"primaryImageOfPage\":{\"@id\":\"https:\/\/nitu.mx\/index.php\/2020\/11\/01\/viva-aerobus-reactiva-la-totalidad-de-su-capacidad-operacional-en-noviembre\/#primaryimage\"},\"image\":{\"@id\":\"https:\/\/nitu.mx\/index.php\/2020\/11\/01\/viva-aerobus-reactiva-la-totalidad-de-su-capacidad-operacional-en-noviembre\/#primaryimage\"},\"thumbnailUrl\":\"https:\/\/nitu.mx\/wp-content\/uploads\/2017\/06\/vivaaerobus-1.jpg\",\"datePublished\":\"2020-11-01T20:36:43+00:00\",\"dateModified\":\"2020-11-02T06:03:04+00:00\",\"breadcrumb\":{\"@id\":\"https:\/\/nitu.mx\/index.php\/2020\/11\/01\/viva-aerobus-reactiva-la-totalidad-de-su-capacidad-operacional-en-noviembre\/#breadcrumb\"},\"inLanguage\":\"es-MX\",\"potentialAction\":[{\"@type\":\"ReadAction\",\"target\":[\"https:\/\/nitu.mx\/index.php\/2020\/11\/01\/viva-aerobus-reactiva-la-totalidad-de-su-capacidad-operacional-en-noviembre\/\"]}]},{\"@type\":\"ImageObject\",\"inLanguage\":\"es-MX\",\"@id\":\"https:\/\/nitu.mx\/index.php\/2020\/11\/01\/viva-aerobus-reactiva-la-totalidad-de-su-capacidad-operacional-en-noviembre\/#primaryimage\",\"url\":\"https:\/\/nitu.mx\/wp-content\/uploads\/2017\/06\/vivaaerobus-1.jpg\",\"contentUrl\":\"https:\/\/nitu.mx\/wp-content\/uploads\/2017\/06\/vivaaerobus-1.jpg\",\"width\":850,\"height\":480,\"caption\":\"viva aerobus\"},{\"@type\":\"BreadcrumbList\",\"@id\":\"https:\/\/nitu.mx\/index.php\/2020\/11\/01\/viva-aerobus-reactiva-la-totalidad-de-su-capacidad-operacional-en-noviembre\/#breadcrumb\",\"itemListElement\":[{\"@type\":\"ListItem\",\"position\":1,\"name\":\"Inicio\",\"item\":\"https:\/\/nitu.mx\/\"},{\"@type\":\"ListItem\",\"position\":2,\"name\":\"Viva Aerobus reactiva la totalidad de su capacidad operacional en noviembre\"}]},{\"@type\":\"WebSite\",\"@id\":\"https:\/\/nitu.mx\/#website\",\"url\":\"https:\/\/nitu.mx\/\",\"name\":\"Nitu - Noticias de la Industria Turistica\",\"description\":\"Noticias de la Industria Turistica\",\"publisher\":{\"@id\":\"https:\/\/nitu.mx\/#\/schema\/person\/ae7a53426417292d3dd07b45a33e01bc\"},\"alternateName\":\"Noticias de la Industria Turistica\",\"potentialAction\":[{\"@type\":\"SearchAction\",\"target\":{\"@type\":\"EntryPoint\",\"urlTemplate\":\"https:\/\/nitu.mx\/?s={search_term_string}\"},\"query-input\":\"required name=search_term_string\"}],\"inLanguage\":\"es-MX\"},{\"@type\":[\"Person\",\"Organization\"],\"@id\":\"https:\/\/nitu.mx\/#\/schema\/person\/ae7a53426417292d3dd07b45a33e01bc\",\"name\":\"Arturo Medina\",\"image\":{\"@type\":\"ImageObject\",\"inLanguage\":\"es-MX\",\"@id\":\"https:\/\/nitu.mx\/#\/schema\/person\/image\/\",\"url\":\"https:\/\/nitu.mx\/wp-content\/uploads\/2024\/04\/4A315622-1904-4D5C-B022-878CDC840E04-90x90-1.jpeg\",\"contentUrl\":\"https:\/\/nitu.mx\/wp-content\/uploads\/2024\/04\/4A315622-1904-4D5C-B022-878CDC840E04-90x90-1.jpeg\",\"width\":90,\"height\":90,\"caption\":\"Arturo Medina\"},\"logo\":{\"@id\":\"https:\/\/nitu.mx\/#\/schema\/person\/image\/\"},\"description\":\"Director NITU.mx, Egresado de la Escuela de Periodismo Carlos Septi\u00e9n Garc\u00eda. Periodista y analista especializado en turismo desde hace 35 a\u00f1os, radicado en Canc\u00fan Q.Roo. arturo@nitu.mx\",\"sameAs\":[\"https:\/\/nitu.mx\",\"https:\/\/www.facebook.com\/NITUmx\/\",\"medinacancun\",\"https:\/\/twitter.com\/@Arturo_Medina_G\"]},{\"@type\":\"Person\",\"@id\":\"https:\/\/nitu.mx\/#\/schema\/person\/3df3082b5e46037e3f13614d28ee0b77\",\"name\":\"Guadalupe Sixto\",\"image\":{\"@type\":\"ImageObject\",\"inLanguage\":\"es-MX\",\"@id\":\"https:\/\/nitu.mx\/#\/schema\/person\/image\/\",\"url\":\"https:\/\/secure.gravatar.com\/avatar\/13914e1b0e1919e91f9539de4dc584c4?s=96&d=mm&r=g\",\"contentUrl\":\"https:\/\/secure.gravatar.com\/avatar\/13914e1b0e1919e91f9539de4dc584c4?s=96&d=mm&r=g\",\"caption\":\"Guadalupe Sixto\"},\"url\":\"https:\/\/nitu.mx\/index.php\/author\/gsixto\/\"}]}<\/script>\n<!-- \/ Yoast SEO plugin. -->","yoast_head_json":{"title":"Viva Aerobus reactiva la totalidad de su capacidad operacional en noviembre - Nitu - Noticias de la Industria Turistica","robots":{"index":"index","follow":"follow","max-snippet":"max-snippet:-1","max-image-preview":"max-image-preview:large","max-video-preview":"max-video-preview:-1"},"canonical":"https:\/\/nitu.mx\/index.php\/2020\/11\/01\/viva-aerobus-reactiva-la-totalidad-de-su-capacidad-operacional-en-noviembre\/","twitter_card":"summary_large_image","twitter_title":"Viva Aerobus reactiva la totalidad de su capacidad operacional en noviembre - Nitu - Noticias de la Industria Turistica","twitter_description":"La aerol\u00ednea mexicana de bajo costo, Viva Aerobus, ofrecer\u00e1 en noviembre la misma cantidad de asientos que vol\u00f3 el mismo mes del a\u00f1o pasado, lo que representa la reactivaci\u00f3n del 100 por ciento de su capacidad. De esta manera, Viva Aerobus es la primera l\u00ednea a\u00e9rea del continente americano en reactivar su capacidad operacional, al [&hellip;]","twitter_image":"https:\/\/nitu.mx\/wp-content\/uploads\/2017\/06\/vivaaerobus-1.jpg","twitter_creator":"@NITUmx","twitter_site":"@Arturo_Medina_G","twitter_misc":{"Escrito por":"Guadalupe Sixto","Tiempo de lectura":"2 minutos"},"schema":{"@context":"https:\/\/schema.org","@graph":[{"@type":"Article","@id":"https:\/\/nitu.mx\/index.php\/2020\/11\/01\/viva-aerobus-reactiva-la-totalidad-de-su-capacidad-operacional-en-noviembre\/#article","isPartOf":{"@id":"https:\/\/nitu.mx\/index.php\/2020\/11\/01\/viva-aerobus-reactiva-la-totalidad-de-su-capacidad-operacional-en-noviembre\/"},"author":{"name":"Guadalupe Sixto","@id":"https:\/\/nitu.mx\/#\/schema\/person\/3df3082b5e46037e3f13614d28ee0b77"},"headline":"Viva Aerobus reactiva la totalidad de su capacidad operacional en noviembre","datePublished":"2020-11-01T20:36:43+00:00","dateModified":"2020-11-02T06:03:04+00:00","mainEntityOfPage":{"@id":"https:\/\/nitu.mx\/index.php\/2020\/11\/01\/viva-aerobus-reactiva-la-totalidad-de-su-capacidad-operacional-en-noviembre\/"},"wordCount":384,"commentCount":0,"publisher":{"@id":"https:\/\/nitu.mx\/#\/schema\/person\/ae7a53426417292d3dd07b45a33e01bc"},"image":{"@id":"https:\/\/nitu.mx\/index.php\/2020\/11\/01\/viva-aerobus-reactiva-la-totalidad-de-su-capacidad-operacional-en-noviembre\/#primaryimage"},"thumbnailUrl":"https:\/\/nitu.mx\/wp-content\/uploads\/2017\/06\/vivaaerobus-1.jpg","keywords":["Canc\u00fan","CDMX","Juan Carlos Zuazua","Monterrey","Viva Aerobus"],"articleSection":["Aerol\u00edneas"],"inLanguage":"es-MX","potentialAction":[{"@type":"CommentAction","name":"Comment","target":["https:\/\/nitu.mx\/index.php\/2020\/11\/01\/viva-aerobus-reactiva-la-totalidad-de-su-capacidad-operacional-en-noviembre\/#respond"]}]},{"@type":"WebPage","@id":"https:\/\/nitu.mx\/index.php\/2020\/11\/01\/viva-aerobus-reactiva-la-totalidad-de-su-capacidad-operacional-en-noviembre\/","url":"https:\/\/nitu.mx\/index.php\/2020\/11\/01\/viva-aerobus-reactiva-la-totalidad-de-su-capacidad-operacional-en-noviembre\/","name":"Viva Aerobus reactiva la totalidad de su capacidad operacional en noviembre - Nitu - Noticias de la Industria Turistica","isPartOf":{"@id":"https:\/\/nitu.mx\/#website"},"primaryImageOfPage":{"@id":"https:\/\/nitu.mx\/index.php\/2020\/11\/01\/viva-aerobus-reactiva-la-totalidad-de-su-capacidad-operacional-en-noviembre\/#primaryimage"},"image":{"@id":"https:\/\/nitu.mx\/index.php\/2020\/11\/01\/viva-aerobus-reactiva-la-totalidad-de-su-capacidad-operacional-en-noviembre\/#primaryimage"},"thumbnailUrl":"https:\/\/nitu.mx\/wp-content\/uploads\/2017\/06\/vivaaerobus-1.jpg","datePublished":"2020-11-01T20:36:43+00:00","dateModified":"2020-11-02T06:03:04+00:00","breadcrumb":{"@id":"https:\/\/nitu.mx\/index.php\/2020\/11\/01\/viva-aerobus-reactiva-la-totalidad-de-su-capacidad-operacional-en-noviembre\/#breadcrumb"},"inLanguage":"es-MX","potentialAction":[{"@type":"ReadAction","target":["https:\/\/nitu.mx\/index.php\/2020\/11\/01\/viva-aerobus-reactiva-la-totalidad-de-su-capacidad-operacional-en-noviembre\/"]}]},{"@type":"ImageObject","inLanguage":"es-MX","@id":"https:\/\/nitu.mx\/index.php\/2020\/11\/01\/viva-aerobus-reactiva-la-totalidad-de-su-capacidad-operacional-en-noviembre\/#primaryimage","url":"https:\/\/nitu.mx\/wp-content\/uploads\/2017\/06\/vivaaerobus-1.jpg","contentUrl":"https:\/\/nitu.mx\/wp-content\/uploads\/2017\/06\/vivaaerobus-1.jpg","width":850,"height":480,"caption":"viva aerobus"},{"@type":"BreadcrumbList","@id":"https:\/\/nitu.mx\/index.php\/2020\/11\/01\/viva-aerobus-reactiva-la-totalidad-de-su-capacidad-operacional-en-noviembre\/#breadcrumb","itemListElement":[{"@type":"ListItem","position":1,"name":"Inicio","item":"https:\/\/nitu.mx\/"},{"@type":"ListItem","position":2,"name":"Viva Aerobus reactiva la totalidad de su capacidad operacional en noviembre"}]},{"@type":"WebSite","@id":"https:\/\/nitu.mx\/#website","url":"https:\/\/nitu.mx\/","name":"Nitu - Noticias de la Industria Turistica","description":"Noticias de la Industria Turistica","publisher":{"@id":"https:\/\/nitu.mx\/#\/schema\/person\/ae7a53426417292d3dd07b45a33e01bc"},"alternateName":"Noticias de la Industria Turistica","potentialAction":[{"@type":"SearchAction","target":{"@type":"EntryPoint","urlTemplate":"https:\/\/nitu.mx\/?s={search_term_string}"},"query-input":"required name=search_term_string"}],"inLanguage":"es-MX"},{"@type":["Person","Organization"],"@id":"https:\/\/nitu.mx\/#\/schema\/person\/ae7a53426417292d3dd07b45a33e01bc","name":"Arturo Medina","image":{"@type":"ImageObject","inLanguage":"es-MX","@id":"https:\/\/nitu.mx\/#\/schema\/person\/image\/","url":"https:\/\/nitu.mx\/wp-content\/uploads\/2024\/04\/4A315622-1904-4D5C-B022-878CDC840E04-90x90-1.jpeg","contentUrl":"https:\/\/nitu.mx\/wp-content\/uploads\/2024\/04\/4A315622-1904-4D5C-B022-878CDC840E04-90x90-1.jpeg","width":90,"height":90,"caption":"Arturo Medina"},"logo":{"@id":"https:\/\/nitu.mx\/#\/schema\/person\/image\/"},"description":"Director NITU.mx, Egresado de la Escuela de Periodismo Carlos Septi\u00e9n Garc\u00eda. Periodista y analista especializado en turismo desde hace 35 a\u00f1os, radicado en Canc\u00fan Q.Roo. arturo@nitu.mx","sameAs":["https:\/\/nitu.mx","https:\/\/www.facebook.com\/NITUmx\/","medinacancun","https:\/\/twitter.com\/@Arturo_Medina_G"]},{"@type":"Person","@id":"https:\/\/nitu.mx\/#\/schema\/person\/3df3082b5e46037e3f13614d28ee0b77","name":"Guadalupe Sixto","image":{"@type":"ImageObject","inLanguage":"es-MX","@id":"https:\/\/nitu.mx\/#\/schema\/person\/image\/","url":"https:\/\/secure.gravatar.com\/avatar\/13914e1b0e1919e91f9539de4dc584c4?s=96&d=mm&r=g","contentUrl":"https:\/\/secure.gravatar.com\/avatar\/13914e1b0e1919e91f9539de4dc584c4?s=96&d=mm&r=g","caption":"Guadalupe Sixto"},"url":"https:\/\/nitu.mx\/index.php\/author\/gsixto\/"}]}},"views":404,"_links":{"self":[{"href":"https:\/\/nitu.mx\/index.php\/wp-json\/wp\/v2\/posts\/47708"}],"collection":[{"href":"https:\/\/nitu.mx\/index.php\/wp-json\/wp\/v2\/posts"}],"about":[{"href":"https:\/\/nitu.mx\/index.php\/wp-json\/wp\/v2\/types\/post"}],"author":[{"embeddable":true,"href":"https:\/\/nitu.mx\/index.php\/wp-json\/wp\/v2\/users\/18"}],"replies":[{"embeddable":true,"href":"https:\/\/nitu.mx\/index.php\/wp-json\/wp\/v2\/comments?post=47708"}],"version-history":[{"count":1,"href":"https:\/\/nitu.mx\/index.php\/wp-json\/wp\/v2\/posts\/47708\/revisions"}],"predecessor-version":[{"id":47709,"href":"https:\/\/nitu.mx\/index.php\/wp-json\/wp\/v2\/posts\/47708\/revisions\/47709"}],"wp:featuredmedia":[{"embeddable":true,"href":"https:\/\/nitu.mx\/index.php\/wp-json\/wp\/v2\/media\/10972"}],"wp:attachment":[{"href":"https:\/\/nitu.mx\/index.php\/wp-json\/wp\/v2\/media?parent=47708"}],"wp:term":[{"taxonomy":"category","embeddable":true,"href":"https:\/\/nitu.mx\/index.php\/wp-json\/wp\/v2\/categories?post=47708"},{"taxonomy":"post_tag","embeddable":true,"href":"https:\/\/nitu.mx\/index.php\/wp-json\/wp\/v2\/tags?post=47708"}],"curies":[{"name":"wp","href":"https:\/\/api.w.org\/{rel}","templated":true}]}}