{"id":47666,"date":"2020-10-29T02:02:41","date_gmt":"2020-10-29T07:02:41","guid":{"rendered":"https:\/\/www.dev.nitu.mx\/?p=47666"},"modified":"2020-10-29T03:07:30","modified_gmt":"2020-10-29T08:07:30","slug":"xcaret-compartira-su-festival-de-vida-y-muerte-con-el-mundo","status":"publish","type":"post","link":"https:\/\/nitu.mx\/index.php\/2020\/10\/29\/xcaret-compartira-su-festival-de-vida-y-muerte-con-el-mundo\/","title":{"rendered":"XCARET compartir\u00e1 su Festival de Vida y Muerte con el mundo"},"content":{"rendered":"<p>El domingo 1\u00b0 de noviembre, Grupo Xcaret compartir\u00e1 su emblem\u00e1tico Festival de Tradiciones de Vida y Muerte en el canal de YouTube del parque Xcaret, con el objetivo de seguir conmemorando las tradiciones de M\u00e9xico.<br \/>\nA trav\u00e9s de una producci\u00f3n audiovisual, que se estrenar\u00e1 el primer d\u00eda de noviembre, la empresa mostrar\u00e1 a M\u00e9xico y el mundo la historia y celebraci\u00f3n que realiza a una de las tradiciones m\u00e1s emblem\u00e1ticas de nuestro pa\u00eds: el D\u00eda de los Muertos.<\/p>\n<p>\u201cHace algunos meses tomamos la decisi\u00f3n de posponer la realizaci\u00f3n de los eventos que ten\u00edamos programados para este a\u00f1o incluido el Festival de Tradiciones de Vida y Muerte con el compromiso de salvaguardar el bienestar de cada uno de nuestros visitantes, colaboradores y hu\u00e9spedes, atendiendo las medidas de seguridad emitidas por la Organizaci\u00f3n Mundial de la Salud de evitar eventos de alta concurrencia.<\/p>\n<p>\u201cSin embargo, buscamos la forma de reinventarnos para mantener viva esta tradici\u00f3n, considerada obra maestra del Patrimonio Oral e Intangible de la Humanidad, y compartirla con todo M\u00e9xico y el mundo gracias a la tecnolog\u00eda que, a pesar de la distancia, nos permite estar m\u00e1s cerca que nunca\u201d asegur\u00f3 Lizeth \u00c1lvarez Directora Ejecutiva Comercial de Grupo Xcaret.<\/p>\n<p>El video recopilatorio del festival se estrenar\u00e1 el pr\u00f3ximo 01 de noviembre a las 19:00 horas (horario de Canc\u00fan) y 18:00 horas (horario de Ciudad de M\u00e9xico) a trav\u00e9s del canal de YouTube de Parque Xcaret y ofrecer\u00e1 un recorrido por la historia del festival, su impacto sociocultural y las expresiones art\u00edsticas que conlleva esta tradici\u00f3n mexicana. Dicha producci\u00f3n, mostrar\u00e1 tambi\u00e9n algunos de los ic\u00f3nicos escenarios del parque Xcaret que forman parte del festival a\u00f1o con a\u00f1o como el Cementerio, la Cripta de los Suspiros y la Hacienda Henequenera.<\/p>\n<p>\u201cPara Grupo Xcaret el Festival de Tradiciones de Vida y Muerte tiene un gran significado, no solo porque nos permite enaltecer el valor de una tradici\u00f3n tan arraigada en el esp\u00edritu mexicano como lo es el D\u00eda de Muertos, sino porque desde su primera edici\u00f3n en 2006, nos da la oportunidad de mostrar la riqueza de nuestra cultura y sobre todo, preservar el legado hist\u00f3rico de esta celebraci\u00f3n, por ello, queremos agradecer a todos por su apoyo y comprensi\u00f3n e invitarlos a seguir conmemorando nuestras tradiciones juntos. La tecnolog\u00eda este a\u00f1o nos permitir\u00e1 llevar el festival hasta sus hogares, mientras tanto, nos estaremos preparando para recibirlos en 2021 en nuestro parque Xcaret y Hotel Xcaret M\u00e9xico para disfrutarlo, vivirlo y sentirlo en todo su esplendor\u201d agreg\u00f3 Lizeth \u00c1lvarez. (<a title=\"Pospone Grupo Xcaret 3 de sus eventos m\u00e1s emblem\u00e1ticos\" href=\"https:\/\/www.dev.nitu.mx\/index.php\/2020\/09\/07\/pospone-grupo-xcaret-3-de-sus-eventos-mas-emblematicos\/\" rel=\"bookmark\">Pospone Grupo Xcaret 3 de sus eventos m\u00e1s emblem\u00e1ticos<\/a>).<\/p>\n<p>Con esta iniciativa, Grupo Xcaret reitera su compromiso por preservar la riqueza cultural de M\u00e9xico y de seguir ofreciendo experiencias que enaltezcan el valor y significado de las tradiciones de nuestro pa\u00eds.<\/p>\n","protected":false},"excerpt":{"rendered":"<p>El domingo 1\u00b0 de noviembre, Grupo Xcaret compartir\u00e1 su emblem\u00e1tico Festival de Tradiciones de Vida y Muerte en el canal de YouTube del parque Xcaret, con el objetivo de seguir conmemorando las tradiciones de M\u00e9xico. A trav\u00e9s de una producci\u00f3n audiovisual, que se estrenar\u00e1 el primer d\u00eda de noviembre, la empresa mostrar\u00e1 a M\u00e9xico y [&hellip;]<\/p>\n","protected":false},"author":3,"featured_media":47670,"comment_status":"open","ping_status":"open","sticky":false,"template":"","format":"standard","meta":{"footnotes":""},"categories":[5,12],"tags":[21008,20552,3047,1603],"yoast_head":"<!-- This site is optimized with the Yoast SEO plugin v22.2 - https:\/\/yoast.com\/wordpress\/plugins\/seo\/ -->\n<title>XCARET compartir\u00e1 su Festival de Vida y Muerte con el mundo - Nitu - Noticias de la Industria Turistica<\/title>\n<meta name=\"robots\" content=\"index, follow, max-snippet:-1, max-image-preview:large, max-video-preview:-1\" \/>\n<link rel=\"canonical\" href=\"https:\/\/nitu.mx\/index.php\/2020\/10\/29\/xcaret-compartira-su-festival-de-vida-y-muerte-con-el-mundo\/\" \/>\n<meta name=\"twitter:card\" content=\"summary_large_image\" \/>\n<meta name=\"twitter:title\" content=\"XCARET compartir\u00e1 su Festival de Vida y Muerte con el mundo - Nitu - Noticias de la Industria Turistica\" \/>\n<meta name=\"twitter:description\" content=\"El domingo 1\u00b0 de noviembre, Grupo Xcaret compartir\u00e1 su emblem\u00e1tico Festival de Tradiciones de Vida y Muerte en el canal de YouTube del parque Xcaret, con el objetivo de seguir conmemorando las tradiciones de M\u00e9xico. A trav\u00e9s de una producci\u00f3n audiovisual, que se estrenar\u00e1 el primer d\u00eda de noviembre, la empresa mostrar\u00e1 a M\u00e9xico y [&hellip;]\" \/>\n<meta name=\"twitter:image\" content=\"https:\/\/nitu.mx\/wp-content\/uploads\/2020\/10\/Xcaret-vida-y-muerte.jpg\" \/>\n<meta name=\"twitter:creator\" content=\"@NITUmx\" \/>\n<meta name=\"twitter:site\" content=\"@Arturo_Medina_G\" \/>\n<meta name=\"twitter:label1\" content=\"Escrito por\" \/>\n\t<meta name=\"twitter:data1\" content=\"Alejandra Moncisbays\" \/>\n\t<meta name=\"twitter:label2\" content=\"Tiempo de lectura\" \/>\n\t<meta name=\"twitter:data2\" content=\"2 minutos\" \/>\n<script type=\"application\/ld+json\" class=\"yoast-schema-graph\">{\"@context\":\"https:\/\/schema.org\",\"@graph\":[{\"@type\":\"Article\",\"@id\":\"https:\/\/nitu.mx\/index.php\/2020\/10\/29\/xcaret-compartira-su-festival-de-vida-y-muerte-con-el-mundo\/#article\",\"isPartOf\":{\"@id\":\"https:\/\/nitu.mx\/index.php\/2020\/10\/29\/xcaret-compartira-su-festival-de-vida-y-muerte-con-el-mundo\/\"},\"author\":{\"name\":\"Alejandra Moncisbays\",\"@id\":\"https:\/\/nitu.mx\/#\/schema\/person\/2ecd887b19dfd3382d1f14fc5acf24a8\"},\"headline\":\"XCARET compartir\u00e1 su Festival de Vida y Muerte con el mundo\",\"datePublished\":\"2020-10-29T07:02:41+00:00\",\"dateModified\":\"2020-10-29T08:07:30+00:00\",\"mainEntityOfPage\":{\"@id\":\"https:\/\/nitu.mx\/index.php\/2020\/10\/29\/xcaret-compartira-su-festival-de-vida-y-muerte-con-el-mundo\/\"},\"wordCount\":506,\"commentCount\":0,\"publisher\":{\"@id\":\"https:\/\/nitu.mx\/#\/schema\/person\/ae7a53426417292d3dd07b45a33e01bc\"},\"image\":{\"@id\":\"https:\/\/nitu.mx\/index.php\/2020\/10\/29\/xcaret-compartira-su-festival-de-vida-y-muerte-con-el-mundo\/#primaryimage\"},\"thumbnailUrl\":\"https:\/\/nitu.mx\/wp-content\/uploads\/2020\/10\/Xcaret-vida-y-muerte.jpg\",\"keywords\":[\"1\u00b0 de noviembre\",\"Festival de Tradiciones de Vida y Muerte\",\"Grupo Xcaret\",\"Xcaret\"],\"articleSection\":[\"Destinos\",\"Marketing\"],\"inLanguage\":\"es-MX\",\"potentialAction\":[{\"@type\":\"CommentAction\",\"name\":\"Comment\",\"target\":[\"https:\/\/nitu.mx\/index.php\/2020\/10\/29\/xcaret-compartira-su-festival-de-vida-y-muerte-con-el-mundo\/#respond\"]}]},{\"@type\":\"WebPage\",\"@id\":\"https:\/\/nitu.mx\/index.php\/2020\/10\/29\/xcaret-compartira-su-festival-de-vida-y-muerte-con-el-mundo\/\",\"url\":\"https:\/\/nitu.mx\/index.php\/2020\/10\/29\/xcaret-compartira-su-festival-de-vida-y-muerte-con-el-mundo\/\",\"name\":\"XCARET compartir\u00e1 su Festival de Vida y Muerte con el mundo - Nitu - Noticias de la Industria Turistica\",\"isPartOf\":{\"@id\":\"https:\/\/nitu.mx\/#website\"},\"primaryImageOfPage\":{\"@id\":\"https:\/\/nitu.mx\/index.php\/2020\/10\/29\/xcaret-compartira-su-festival-de-vida-y-muerte-con-el-mundo\/#primaryimage\"},\"image\":{\"@id\":\"https:\/\/nitu.mx\/index.php\/2020\/10\/29\/xcaret-compartira-su-festival-de-vida-y-muerte-con-el-mundo\/#primaryimage\"},\"thumbnailUrl\":\"https:\/\/nitu.mx\/wp-content\/uploads\/2020\/10\/Xcaret-vida-y-muerte.jpg\",\"datePublished\":\"2020-10-29T07:02:41+00:00\",\"dateModified\":\"2020-10-29T08:07:30+00:00\",\"breadcrumb\":{\"@id\":\"https:\/\/nitu.mx\/index.php\/2020\/10\/29\/xcaret-compartira-su-festival-de-vida-y-muerte-con-el-mundo\/#breadcrumb\"},\"inLanguage\":\"es-MX\",\"potentialAction\":[{\"@type\":\"ReadAction\",\"target\":[\"https:\/\/nitu.mx\/index.php\/2020\/10\/29\/xcaret-compartira-su-festival-de-vida-y-muerte-con-el-mundo\/\"]}]},{\"@type\":\"ImageObject\",\"inLanguage\":\"es-MX\",\"@id\":\"https:\/\/nitu.mx\/index.php\/2020\/10\/29\/xcaret-compartira-su-festival-de-vida-y-muerte-con-el-mundo\/#primaryimage\",\"url\":\"https:\/\/nitu.mx\/wp-content\/uploads\/2020\/10\/Xcaret-vida-y-muerte.jpg\",\"contentUrl\":\"https:\/\/nitu.mx\/wp-content\/uploads\/2020\/10\/Xcaret-vida-y-muerte.jpg\",\"width\":1200,\"height\":675},{\"@type\":\"BreadcrumbList\",\"@id\":\"https:\/\/nitu.mx\/index.php\/2020\/10\/29\/xcaret-compartira-su-festival-de-vida-y-muerte-con-el-mundo\/#breadcrumb\",\"itemListElement\":[{\"@type\":\"ListItem\",\"position\":1,\"name\":\"Inicio\",\"item\":\"https:\/\/nitu.mx\/\"},{\"@type\":\"ListItem\",\"position\":2,\"name\":\"XCARET compartir\u00e1 su Festival de Vida y Muerte con el mundo\"}]},{\"@type\":\"WebSite\",\"@id\":\"https:\/\/nitu.mx\/#website\",\"url\":\"https:\/\/nitu.mx\/\",\"name\":\"Nitu - Noticias de la Industria Turistica\",\"description\":\"Noticias de la Industria Turistica\",\"publisher\":{\"@id\":\"https:\/\/nitu.mx\/#\/schema\/person\/ae7a53426417292d3dd07b45a33e01bc\"},\"alternateName\":\"Noticias de la Industria Turistica\",\"potentialAction\":[{\"@type\":\"SearchAction\",\"target\":{\"@type\":\"EntryPoint\",\"urlTemplate\":\"https:\/\/nitu.mx\/?s={search_term_string}\"},\"query-input\":\"required name=search_term_string\"}],\"inLanguage\":\"es-MX\"},{\"@type\":[\"Person\",\"Organization\"],\"@id\":\"https:\/\/nitu.mx\/#\/schema\/person\/ae7a53426417292d3dd07b45a33e01bc\",\"name\":\"Arturo Medina\",\"image\":{\"@type\":\"ImageObject\",\"inLanguage\":\"es-MX\",\"@id\":\"https:\/\/nitu.mx\/#\/schema\/person\/image\/\",\"url\":\"https:\/\/nitu.mx\/wp-content\/uploads\/2024\/04\/4A315622-1904-4D5C-B022-878CDC840E04-90x90-1.jpeg\",\"contentUrl\":\"https:\/\/nitu.mx\/wp-content\/uploads\/2024\/04\/4A315622-1904-4D5C-B022-878CDC840E04-90x90-1.jpeg\",\"width\":90,\"height\":90,\"caption\":\"Arturo Medina\"},\"logo\":{\"@id\":\"https:\/\/nitu.mx\/#\/schema\/person\/image\/\"},\"description\":\"Director NITU.mx, Egresado de la Escuela de Periodismo Carlos Septi\u00e9n Garc\u00eda. Periodista y analista especializado en turismo desde hace 35 a\u00f1os, radicado en Canc\u00fan Q.Roo. arturo@nitu.mx\",\"sameAs\":[\"https:\/\/nitu.mx\",\"https:\/\/www.facebook.com\/NITUmx\/\",\"medinacancun\",\"https:\/\/twitter.com\/@Arturo_Medina_G\"]},{\"@type\":\"Person\",\"@id\":\"https:\/\/nitu.mx\/#\/schema\/person\/2ecd887b19dfd3382d1f14fc5acf24a8\",\"name\":\"Alejandra Moncisbays\",\"image\":{\"@type\":\"ImageObject\",\"inLanguage\":\"es-MX\",\"@id\":\"https:\/\/nitu.mx\/#\/schema\/person\/image\/\",\"url\":\"https:\/\/secure.gravatar.com\/avatar\/e74f7af0be172b7804dacfd0bfbef787?s=96&d=mm&r=g\",\"contentUrl\":\"https:\/\/secure.gravatar.com\/avatar\/e74f7af0be172b7804dacfd0bfbef787?s=96&d=mm&r=g\",\"caption\":\"Alejandra Moncisbays\"},\"description\":\"Curs\u00e9 la carrera de Periodismo y Comunicaci\u00f3n en la Facultad de Estudios Profesionales Acatl\u00e1n. Vivo en Canc\u00fan desde hace 24 a\u00f1os. Fui reportera de La Tarde de Canc\u00fan, y Novedades de Quintana Roo, colabor\u00e9 en TVCUN, edit\u00e9 Cancun\u00edssimo y colabor\u00e9 en las revistas Latitud21, entre otras, con principal enfoque en los sectores empresarial y tur\u00edstico. Desde hace varios a\u00f1os soy Agente de Seguros con c\u00e9dula de la Comisi\u00f3n Nacional de Seguros y Fianzas. Actualmente, me desarrollo en los \u00e1mbitos del periodismo y el sector asegurador.\",\"sameAs\":[\"https:\/\/nitu.mx\"],\"url\":\"https:\/\/nitu.mx\/index.php\/author\/alejandra\/\"}]}<\/script>\n<!-- \/ Yoast SEO plugin. -->","yoast_head_json":{"title":"XCARET compartir\u00e1 su Festival de Vida y Muerte con el mundo - Nitu - Noticias de la Industria Turistica","robots":{"index":"index","follow":"follow","max-snippet":"max-snippet:-1","max-image-preview":"max-image-preview:large","max-video-preview":"max-video-preview:-1"},"canonical":"https:\/\/nitu.mx\/index.php\/2020\/10\/29\/xcaret-compartira-su-festival-de-vida-y-muerte-con-el-mundo\/","twitter_card":"summary_large_image","twitter_title":"XCARET compartir\u00e1 su Festival de Vida y Muerte con el mundo - Nitu - Noticias de la Industria Turistica","twitter_description":"El domingo 1\u00b0 de noviembre, Grupo Xcaret compartir\u00e1 su emblem\u00e1tico Festival de Tradiciones de Vida y Muerte en el canal de YouTube del parque Xcaret, con el objetivo de seguir conmemorando las tradiciones de M\u00e9xico. A trav\u00e9s de una producci\u00f3n audiovisual, que se estrenar\u00e1 el primer d\u00eda de noviembre, la empresa mostrar\u00e1 a M\u00e9xico y [&hellip;]","twitter_image":"https:\/\/nitu.mx\/wp-content\/uploads\/2020\/10\/Xcaret-vida-y-muerte.jpg","twitter_creator":"@NITUmx","twitter_site":"@Arturo_Medina_G","twitter_misc":{"Escrito por":"Alejandra Moncisbays","Tiempo de lectura":"2 minutos"},"schema":{"@context":"https:\/\/schema.org","@graph":[{"@type":"Article","@id":"https:\/\/nitu.mx\/index.php\/2020\/10\/29\/xcaret-compartira-su-festival-de-vida-y-muerte-con-el-mundo\/#article","isPartOf":{"@id":"https:\/\/nitu.mx\/index.php\/2020\/10\/29\/xcaret-compartira-su-festival-de-vida-y-muerte-con-el-mundo\/"},"author":{"name":"Alejandra Moncisbays","@id":"https:\/\/nitu.mx\/#\/schema\/person\/2ecd887b19dfd3382d1f14fc5acf24a8"},"headline":"XCARET compartir\u00e1 su Festival de Vida y Muerte con el mundo","datePublished":"2020-10-29T07:02:41+00:00","dateModified":"2020-10-29T08:07:30+00:00","mainEntityOfPage":{"@id":"https:\/\/nitu.mx\/index.php\/2020\/10\/29\/xcaret-compartira-su-festival-de-vida-y-muerte-con-el-mundo\/"},"wordCount":506,"commentCount":0,"publisher":{"@id":"https:\/\/nitu.mx\/#\/schema\/person\/ae7a53426417292d3dd07b45a33e01bc"},"image":{"@id":"https:\/\/nitu.mx\/index.php\/2020\/10\/29\/xcaret-compartira-su-festival-de-vida-y-muerte-con-el-mundo\/#primaryimage"},"thumbnailUrl":"https:\/\/nitu.mx\/wp-content\/uploads\/2020\/10\/Xcaret-vida-y-muerte.jpg","keywords":["1\u00b0 de noviembre","Festival de Tradiciones de Vida y Muerte","Grupo Xcaret","Xcaret"],"articleSection":["Destinos","Marketing"],"inLanguage":"es-MX","potentialAction":[{"@type":"CommentAction","name":"Comment","target":["https:\/\/nitu.mx\/index.php\/2020\/10\/29\/xcaret-compartira-su-festival-de-vida-y-muerte-con-el-mundo\/#respond"]}]},{"@type":"WebPage","@id":"https:\/\/nitu.mx\/index.php\/2020\/10\/29\/xcaret-compartira-su-festival-de-vida-y-muerte-con-el-mundo\/","url":"https:\/\/nitu.mx\/index.php\/2020\/10\/29\/xcaret-compartira-su-festival-de-vida-y-muerte-con-el-mundo\/","name":"XCARET compartir\u00e1 su Festival de Vida y Muerte con el mundo - Nitu - Noticias de la Industria Turistica","isPartOf":{"@id":"https:\/\/nitu.mx\/#website"},"primaryImageOfPage":{"@id":"https:\/\/nitu.mx\/index.php\/2020\/10\/29\/xcaret-compartira-su-festival-de-vida-y-muerte-con-el-mundo\/#primaryimage"},"image":{"@id":"https:\/\/nitu.mx\/index.php\/2020\/10\/29\/xcaret-compartira-su-festival-de-vida-y-muerte-con-el-mundo\/#primaryimage"},"thumbnailUrl":"https:\/\/nitu.mx\/wp-content\/uploads\/2020\/10\/Xcaret-vida-y-muerte.jpg","datePublished":"2020-10-29T07:02:41+00:00","dateModified":"2020-10-29T08:07:30+00:00","breadcrumb":{"@id":"https:\/\/nitu.mx\/index.php\/2020\/10\/29\/xcaret-compartira-su-festival-de-vida-y-muerte-con-el-mundo\/#breadcrumb"},"inLanguage":"es-MX","potentialAction":[{"@type":"ReadAction","target":["https:\/\/nitu.mx\/index.php\/2020\/10\/29\/xcaret-compartira-su-festival-de-vida-y-muerte-con-el-mundo\/"]}]},{"@type":"ImageObject","inLanguage":"es-MX","@id":"https:\/\/nitu.mx\/index.php\/2020\/10\/29\/xcaret-compartira-su-festival-de-vida-y-muerte-con-el-mundo\/#primaryimage","url":"https:\/\/nitu.mx\/wp-content\/uploads\/2020\/10\/Xcaret-vida-y-muerte.jpg","contentUrl":"https:\/\/nitu.mx\/wp-content\/uploads\/2020\/10\/Xcaret-vida-y-muerte.jpg","width":1200,"height":675},{"@type":"BreadcrumbList","@id":"https:\/\/nitu.mx\/index.php\/2020\/10\/29\/xcaret-compartira-su-festival-de-vida-y-muerte-con-el-mundo\/#breadcrumb","itemListElement":[{"@type":"ListItem","position":1,"name":"Inicio","item":"https:\/\/nitu.mx\/"},{"@type":"ListItem","position":2,"name":"XCARET compartir\u00e1 su Festival de Vida y Muerte con el mundo"}]},{"@type":"WebSite","@id":"https:\/\/nitu.mx\/#website","url":"https:\/\/nitu.mx\/","name":"Nitu - Noticias de la Industria Turistica","description":"Noticias de la Industria Turistica","publisher":{"@id":"https:\/\/nitu.mx\/#\/schema\/person\/ae7a53426417292d3dd07b45a33e01bc"},"alternateName":"Noticias de la Industria Turistica","potentialAction":[{"@type":"SearchAction","target":{"@type":"EntryPoint","urlTemplate":"https:\/\/nitu.mx\/?s={search_term_string}"},"query-input":"required name=search_term_string"}],"inLanguage":"es-MX"},{"@type":["Person","Organization"],"@id":"https:\/\/nitu.mx\/#\/schema\/person\/ae7a53426417292d3dd07b45a33e01bc","name":"Arturo Medina","image":{"@type":"ImageObject","inLanguage":"es-MX","@id":"https:\/\/nitu.mx\/#\/schema\/person\/image\/","url":"https:\/\/nitu.mx\/wp-content\/uploads\/2024\/04\/4A315622-1904-4D5C-B022-878CDC840E04-90x90-1.jpeg","contentUrl":"https:\/\/nitu.mx\/wp-content\/uploads\/2024\/04\/4A315622-1904-4D5C-B022-878CDC840E04-90x90-1.jpeg","width":90,"height":90,"caption":"Arturo Medina"},"logo":{"@id":"https:\/\/nitu.mx\/#\/schema\/person\/image\/"},"description":"Director NITU.mx, Egresado de la Escuela de Periodismo Carlos Septi\u00e9n Garc\u00eda. Periodista y analista especializado en turismo desde hace 35 a\u00f1os, radicado en Canc\u00fan Q.Roo. arturo@nitu.mx","sameAs":["https:\/\/nitu.mx","https:\/\/www.facebook.com\/NITUmx\/","medinacancun","https:\/\/twitter.com\/@Arturo_Medina_G"]},{"@type":"Person","@id":"https:\/\/nitu.mx\/#\/schema\/person\/2ecd887b19dfd3382d1f14fc5acf24a8","name":"Alejandra Moncisbays","image":{"@type":"ImageObject","inLanguage":"es-MX","@id":"https:\/\/nitu.mx\/#\/schema\/person\/image\/","url":"https:\/\/secure.gravatar.com\/avatar\/e74f7af0be172b7804dacfd0bfbef787?s=96&d=mm&r=g","contentUrl":"https:\/\/secure.gravatar.com\/avatar\/e74f7af0be172b7804dacfd0bfbef787?s=96&d=mm&r=g","caption":"Alejandra Moncisbays"},"description":"Curs\u00e9 la carrera de Periodismo y Comunicaci\u00f3n en la Facultad de Estudios Profesionales Acatl\u00e1n. Vivo en Canc\u00fan desde hace 24 a\u00f1os. Fui reportera de La Tarde de Canc\u00fan, y Novedades de Quintana Roo, colabor\u00e9 en TVCUN, edit\u00e9 Cancun\u00edssimo y colabor\u00e9 en las revistas Latitud21, entre otras, con principal enfoque en los sectores empresarial y tur\u00edstico. Desde hace varios a\u00f1os soy Agente de Seguros con c\u00e9dula de la Comisi\u00f3n Nacional de Seguros y Fianzas. Actualmente, me desarrollo en los \u00e1mbitos del periodismo y el sector asegurador.","sameAs":["https:\/\/nitu.mx"],"url":"https:\/\/nitu.mx\/index.php\/author\/alejandra\/"}]}},"views":787,"_links":{"self":[{"href":"https:\/\/nitu.mx\/index.php\/wp-json\/wp\/v2\/posts\/47666"}],"collection":[{"href":"https:\/\/nitu.mx\/index.php\/wp-json\/wp\/v2\/posts"}],"about":[{"href":"https:\/\/nitu.mx\/index.php\/wp-json\/wp\/v2\/types\/post"}],"author":[{"embeddable":true,"href":"https:\/\/nitu.mx\/index.php\/wp-json\/wp\/v2\/users\/3"}],"replies":[{"embeddable":true,"href":"https:\/\/nitu.mx\/index.php\/wp-json\/wp\/v2\/comments?post=47666"}],"version-history":[{"count":2,"href":"https:\/\/nitu.mx\/index.php\/wp-json\/wp\/v2\/posts\/47666\/revisions"}],"predecessor-version":[{"id":47674,"href":"https:\/\/nitu.mx\/index.php\/wp-json\/wp\/v2\/posts\/47666\/revisions\/47674"}],"wp:featuredmedia":[{"embeddable":true,"href":"https:\/\/nitu.mx\/index.php\/wp-json\/wp\/v2\/media\/47670"}],"wp:attachment":[{"href":"https:\/\/nitu.mx\/index.php\/wp-json\/wp\/v2\/media?parent=47666"}],"wp:term":[{"taxonomy":"category","embeddable":true,"href":"https:\/\/nitu.mx\/index.php\/wp-json\/wp\/v2\/categories?post=47666"},{"taxonomy":"post_tag","embeddable":true,"href":"https:\/\/nitu.mx\/index.php\/wp-json\/wp\/v2\/tags?post=47666"}],"curies":[{"name":"wp","href":"https:\/\/api.w.org\/{rel}","templated":true}]}}