{"id":47656,"date":"2020-10-29T02:07:35","date_gmt":"2020-10-29T07:07:35","guid":{"rendered":"https:\/\/www.dev.nitu.mx\/?p=47656"},"modified":"2020-10-29T02:14:39","modified_gmt":"2020-10-29T07:14:39","slug":"amex-60-de-consumidores-se-quedaran-en-casa-durante-temporada-navidena","status":"publish","type":"post","link":"https:\/\/nitu.mx\/index.php\/2020\/10\/29\/amex-60-de-consumidores-se-quedaran-en-casa-durante-temporada-navidena\/","title":{"rendered":"AMEX: 60% de consumidores se quedar\u00e1n en casa durante temporada navide\u00f1a"},"content":{"rendered":"\n<p>De cara a lo que tradicionalmente es una temporada de viajes ocupada, el Amex Trendex de American Express de este mes apunta que esta temporada navide\u00f1a ser\u00e1 diferente a la de a\u00f1os anteriores, con al menos tres de cada cinco consumidores, encuestados en siete pa\u00edses, que planean quedarse en casa durante las vacaciones este a\u00f1o.<\/p>\n\n\n\n<p>Sin embargo, en lugar de viajes de vacaciones, los consumidores est\u00e1n aprovechando el tiempo para desear y so\u00f1ar con viajes futuros.<\/p>\n\n\n\n<p>M\u00e1s de la mitad de los encuestados est\u00e1n de acuerdo en que est\u00e1n muy interesados \u200b\u200ben recibir un viaje nacional (58 por ciento) o internacional (54 por ciento) en 2021 como regalo en esta temporada navide\u00f1a.<\/p>\n\n\n\n<p>Tres de cada cinco (60 por ciento) dice que su resoluci\u00f3n para 2021 es tomar m\u00e1s tiempo de vacaciones que en 2020. Y dos tercios (67 por ciento) indicaron que debido a la pandemia, est\u00e1n ahorrando m\u00e1s dinero para su pr\u00f3ximo viaje.<\/p>\n\n\n\n<p>Quiz\u00e1s debido a lo estresante que ha sido 2020, el 64 por ciento de los consumidores estuvo de acuerdo en que, en comparaci\u00f3n con antes de la pandemia, ahora es m\u00e1s probable que reserven unas vacaciones en las que puedan relajarse y descansar en lugar de estar f\u00edsicamente activos (53 por ciento).<\/p>\n\n\n\n<p>Adem\u00e1s, debido a problemas de salud relacionados con COVID-19, los consumidores est\u00e1n dispuestos a pagar por la privacidad y el espacio. El ochenta por ciento est\u00e1 de acuerdo en que es m\u00e1s probable que reserven unas vacaciones en las que no haya mucha gente o que tengan acceso a alojamientos privados.<\/p>\n\n\n\n<p>Tres de cada cinco (61 por ciento) tienen m\u00e1s probabilidades de pagar m\u00e1s por un hotel con servicios privados (una piscina privada, por ejemplo) y poco m\u00e1s de la mitad (53 por ciento) indic\u00f3 que estar\u00eda dispuesto a pagar m\u00e1s por un hotel con una distancia social.<\/p>\n\n\n\n<p>American Express Travel encontr\u00f3 tendencias similares al analizar los datos globales de reserva de miembros de tarjetas para viajes reservados a trav\u00e9s de ellos en septiembre de 2020. Las tendencias incluyen:<\/p>\n\n\n\n<p>Staycations contin\u00faa creciendo: el 76 por ciento de las reservas de hoteles de miembros de tarjetas internacionales fueron para propiedades hoteleras nacionales (en comparaci\u00f3n con el 34 por ciento en septiembre del a\u00f1o pasado). Una cuarta parte (27 por ciento) de las reservas de hoteles de miembros de la tarjeta de EU, se realizaron en propiedades ubicadas en el estado donde reside el miembro de la tarjeta (en comparaci\u00f3n con el 15 por ciento en septiembre de 2019).<\/p>\n\n\n\n<p>Los titulares de tarjetas contin\u00faan haciendo reservas de \u00faltimo minuto: el 77 por ciento de las reservas de hoteles de miembros de tarjetas internacionales fueron para viajes dentro de los pr\u00f3ximos 30 d\u00edas (en comparaci\u00f3n con el 66 por ciento en septiembre de 2019), mientras que el 81 por ciento de las reservas de hoteles de miembros de tarjetas de EU, fueron para viajes dentro de los pr\u00f3ximos 30 d\u00edas. 30 d\u00edas (en comparaci\u00f3n con el 71 por ciento del a\u00f1o pasado).<\/p>\n\n\n\n<p>De manera similar, el 65 por ciento de las reservas a\u00e9reas de miembros de tarjetas internacionales se realizaron para viajar dentro de los pr\u00f3ximos 30 d\u00edas (en comparaci\u00f3n con el 50 por ciento en septiembre de 2019) y el 69 por ciento de las reservas a\u00e9reas de miembros de tarjetas de EU (Fuente: Amex Trendex)<\/p>\n","protected":false},"excerpt":{"rendered":"<p>De cara a lo que tradicionalmente es una temporada de viajes ocupada, el Amex Trendex de American Express de este mes apunta que esta temporada navide\u00f1a ser\u00e1 diferente a la de a\u00f1os anteriores, con al menos tres de cada cinco consumidores, encuestados en siete pa\u00edses, que planean quedarse en casa durante las vacaciones este a\u00f1o. [&hellip;]<\/p>\n","protected":false},"author":17,"featured_media":44567,"comment_status":"open","ping_status":"open","sticky":false,"template":"","format":"standard","meta":{"footnotes":""},"categories":[374,12],"tags":[21005,12645,21006,422],"yoast_head":"<!-- This site is optimized with the Yoast SEO plugin v22.2 - https:\/\/yoast.com\/wordpress\/plugins\/seo\/ -->\n<title>AMEX: 60% de consumidores se quedar\u00e1n en casa durante temporada navide\u00f1a - Nitu - Noticias de la Industria Turistica<\/title>\n<meta name=\"robots\" content=\"index, follow, max-snippet:-1, max-image-preview:large, max-video-preview:-1\" \/>\n<link rel=\"canonical\" href=\"https:\/\/nitu.mx\/index.php\/2020\/10\/29\/amex-60-de-consumidores-se-quedaran-en-casa-durante-temporada-navidena\/\" \/>\n<meta name=\"twitter:card\" content=\"summary_large_image\" \/>\n<meta name=\"twitter:title\" content=\"AMEX: 60% de consumidores se quedar\u00e1n en casa durante temporada navide\u00f1a - Nitu - Noticias de la Industria Turistica\" \/>\n<meta name=\"twitter:description\" content=\"De cara a lo que tradicionalmente es una temporada de viajes ocupada, el Amex Trendex de American Express de este mes apunta que esta temporada navide\u00f1a ser\u00e1 diferente a la de a\u00f1os anteriores, con al menos tres de cada cinco consumidores, encuestados en siete pa\u00edses, que planean quedarse en casa durante las vacaciones este a\u00f1o. [&hellip;]\" \/>\n<meta name=\"twitter:image\" content=\"https:\/\/nitu.mx\/wp-content\/uploads\/2020\/07\/viajes-turismo.jpg\" \/>\n<meta name=\"twitter:creator\" content=\"@NITUmx\" \/>\n<meta name=\"twitter:site\" content=\"@Arturo_Medina_G\" \/>\n<meta name=\"twitter:label1\" content=\"Escrito por\" \/>\n\t<meta name=\"twitter:data1\" content=\"Redacci\u00f3n\" \/>\n\t<meta name=\"twitter:label2\" content=\"Tiempo de lectura\" \/>\n\t<meta name=\"twitter:data2\" content=\"3 minutos\" \/>\n<script type=\"application\/ld+json\" class=\"yoast-schema-graph\">{\"@context\":\"https:\/\/schema.org\",\"@graph\":[{\"@type\":\"Article\",\"@id\":\"https:\/\/nitu.mx\/index.php\/2020\/10\/29\/amex-60-de-consumidores-se-quedaran-en-casa-durante-temporada-navidena\/#article\",\"isPartOf\":{\"@id\":\"https:\/\/nitu.mx\/index.php\/2020\/10\/29\/amex-60-de-consumidores-se-quedaran-en-casa-durante-temporada-navidena\/\"},\"author\":{\"name\":\"Redacci\u00f3n\",\"@id\":\"https:\/\/nitu.mx\/#\/schema\/person\/4a28fe9bd65924f7c90623773daf1b0b\"},\"headline\":\"AMEX: 60% de consumidores se quedar\u00e1n en casa durante temporada navide\u00f1a\",\"datePublished\":\"2020-10-29T07:07:35+00:00\",\"dateModified\":\"2020-10-29T07:14:39+00:00\",\"mainEntityOfPage\":{\"@id\":\"https:\/\/nitu.mx\/index.php\/2020\/10\/29\/amex-60-de-consumidores-se-quedaran-en-casa-durante-temporada-navidena\/\"},\"wordCount\":577,\"commentCount\":0,\"publisher\":{\"@id\":\"https:\/\/nitu.mx\/#\/schema\/person\/ae7a53426417292d3dd07b45a33e01bc\"},\"image\":{\"@id\":\"https:\/\/nitu.mx\/index.php\/2020\/10\/29\/amex-60-de-consumidores-se-quedaran-en-casa-durante-temporada-navidena\/#primaryimage\"},\"thumbnailUrl\":\"https:\/\/nitu.mx\/wp-content\/uploads\/2020\/07\/viajes-turismo.jpg\",\"keywords\":[\"AMEX\",\"consumidores\",\"temporada navide\u00f1a\",\"Viajes\"],\"articleSection\":[\"Internacional\",\"Marketing\"],\"inLanguage\":\"es-MX\",\"potentialAction\":[{\"@type\":\"CommentAction\",\"name\":\"Comment\",\"target\":[\"https:\/\/nitu.mx\/index.php\/2020\/10\/29\/amex-60-de-consumidores-se-quedaran-en-casa-durante-temporada-navidena\/#respond\"]}]},{\"@type\":\"WebPage\",\"@id\":\"https:\/\/nitu.mx\/index.php\/2020\/10\/29\/amex-60-de-consumidores-se-quedaran-en-casa-durante-temporada-navidena\/\",\"url\":\"https:\/\/nitu.mx\/index.php\/2020\/10\/29\/amex-60-de-consumidores-se-quedaran-en-casa-durante-temporada-navidena\/\",\"name\":\"AMEX: 60% de consumidores se quedar\u00e1n en casa durante temporada navide\u00f1a - Nitu - Noticias de la Industria Turistica\",\"isPartOf\":{\"@id\":\"https:\/\/nitu.mx\/#website\"},\"primaryImageOfPage\":{\"@id\":\"https:\/\/nitu.mx\/index.php\/2020\/10\/29\/amex-60-de-consumidores-se-quedaran-en-casa-durante-temporada-navidena\/#primaryimage\"},\"image\":{\"@id\":\"https:\/\/nitu.mx\/index.php\/2020\/10\/29\/amex-60-de-consumidores-se-quedaran-en-casa-durante-temporada-navidena\/#primaryimage\"},\"thumbnailUrl\":\"https:\/\/nitu.mx\/wp-content\/uploads\/2020\/07\/viajes-turismo.jpg\",\"datePublished\":\"2020-10-29T07:07:35+00:00\",\"dateModified\":\"2020-10-29T07:14:39+00:00\",\"breadcrumb\":{\"@id\":\"https:\/\/nitu.mx\/index.php\/2020\/10\/29\/amex-60-de-consumidores-se-quedaran-en-casa-durante-temporada-navidena\/#breadcrumb\"},\"inLanguage\":\"es-MX\",\"potentialAction\":[{\"@type\":\"ReadAction\",\"target\":[\"https:\/\/nitu.mx\/index.php\/2020\/10\/29\/amex-60-de-consumidores-se-quedaran-en-casa-durante-temporada-navidena\/\"]}]},{\"@type\":\"ImageObject\",\"inLanguage\":\"es-MX\",\"@id\":\"https:\/\/nitu.mx\/index.php\/2020\/10\/29\/amex-60-de-consumidores-se-quedaran-en-casa-durante-temporada-navidena\/#primaryimage\",\"url\":\"https:\/\/nitu.mx\/wp-content\/uploads\/2020\/07\/viajes-turismo.jpg\",\"contentUrl\":\"https:\/\/nitu.mx\/wp-content\/uploads\/2020\/07\/viajes-turismo.jpg\",\"width\":850,\"height\":480},{\"@type\":\"BreadcrumbList\",\"@id\":\"https:\/\/nitu.mx\/index.php\/2020\/10\/29\/amex-60-de-consumidores-se-quedaran-en-casa-durante-temporada-navidena\/#breadcrumb\",\"itemListElement\":[{\"@type\":\"ListItem\",\"position\":1,\"name\":\"Inicio\",\"item\":\"https:\/\/nitu.mx\/\"},{\"@type\":\"ListItem\",\"position\":2,\"name\":\"AMEX: 60% de consumidores se quedar\u00e1n en casa durante temporada navide\u00f1a\"}]},{\"@type\":\"WebSite\",\"@id\":\"https:\/\/nitu.mx\/#website\",\"url\":\"https:\/\/nitu.mx\/\",\"name\":\"Nitu - Noticias de la Industria Turistica\",\"description\":\"Noticias de la Industria Turistica\",\"publisher\":{\"@id\":\"https:\/\/nitu.mx\/#\/schema\/person\/ae7a53426417292d3dd07b45a33e01bc\"},\"alternateName\":\"Noticias de la Industria Turistica\",\"potentialAction\":[{\"@type\":\"SearchAction\",\"target\":{\"@type\":\"EntryPoint\",\"urlTemplate\":\"https:\/\/nitu.mx\/?s={search_term_string}\"},\"query-input\":\"required name=search_term_string\"}],\"inLanguage\":\"es-MX\"},{\"@type\":[\"Person\",\"Organization\"],\"@id\":\"https:\/\/nitu.mx\/#\/schema\/person\/ae7a53426417292d3dd07b45a33e01bc\",\"name\":\"Arturo Medina\",\"image\":{\"@type\":\"ImageObject\",\"inLanguage\":\"es-MX\",\"@id\":\"https:\/\/nitu.mx\/#\/schema\/person\/image\/\",\"url\":\"https:\/\/nitu.mx\/wp-content\/uploads\/2024\/04\/4A315622-1904-4D5C-B022-878CDC840E04-90x90-1.jpeg\",\"contentUrl\":\"https:\/\/nitu.mx\/wp-content\/uploads\/2024\/04\/4A315622-1904-4D5C-B022-878CDC840E04-90x90-1.jpeg\",\"width\":90,\"height\":90,\"caption\":\"Arturo Medina\"},\"logo\":{\"@id\":\"https:\/\/nitu.mx\/#\/schema\/person\/image\/\"},\"description\":\"Director NITU.mx, Egresado de la Escuela de Periodismo Carlos Septi\u00e9n Garc\u00eda. Periodista y analista especializado en turismo desde hace 35 a\u00f1os, radicado en Canc\u00fan Q.Roo. arturo@nitu.mx\",\"sameAs\":[\"https:\/\/nitu.mx\",\"https:\/\/www.facebook.com\/NITUmx\/\",\"medinacancun\",\"https:\/\/twitter.com\/@Arturo_Medina_G\"]},{\"@type\":\"Person\",\"@id\":\"https:\/\/nitu.mx\/#\/schema\/person\/4a28fe9bd65924f7c90623773daf1b0b\",\"name\":\"Redacci\u00f3n\",\"image\":{\"@type\":\"ImageObject\",\"inLanguage\":\"es-MX\",\"@id\":\"https:\/\/nitu.mx\/#\/schema\/person\/image\/\",\"url\":\"https:\/\/secure.gravatar.com\/avatar\/5dd011c8ccfc5cd7e4c81e42252aab38?s=96&d=mm&r=g\",\"contentUrl\":\"https:\/\/secure.gravatar.com\/avatar\/5dd011c8ccfc5cd7e4c81e42252aab38?s=96&d=mm&r=g\",\"caption\":\"Redacci\u00f3n\"},\"url\":\"https:\/\/nitu.mx\/index.php\/author\/redaccion\/\"}]}<\/script>\n<!-- \/ Yoast SEO plugin. -->","yoast_head_json":{"title":"AMEX: 60% de consumidores se quedar\u00e1n en casa durante temporada navide\u00f1a - Nitu - Noticias de la Industria Turistica","robots":{"index":"index","follow":"follow","max-snippet":"max-snippet:-1","max-image-preview":"max-image-preview:large","max-video-preview":"max-video-preview:-1"},"canonical":"https:\/\/nitu.mx\/index.php\/2020\/10\/29\/amex-60-de-consumidores-se-quedaran-en-casa-durante-temporada-navidena\/","twitter_card":"summary_large_image","twitter_title":"AMEX: 60% de consumidores se quedar\u00e1n en casa durante temporada navide\u00f1a - Nitu - Noticias de la Industria Turistica","twitter_description":"De cara a lo que tradicionalmente es una temporada de viajes ocupada, el Amex Trendex de American Express de este mes apunta que esta temporada navide\u00f1a ser\u00e1 diferente a la de a\u00f1os anteriores, con al menos tres de cada cinco consumidores, encuestados en siete pa\u00edses, que planean quedarse en casa durante las vacaciones este a\u00f1o. [&hellip;]","twitter_image":"https:\/\/nitu.mx\/wp-content\/uploads\/2020\/07\/viajes-turismo.jpg","twitter_creator":"@NITUmx","twitter_site":"@Arturo_Medina_G","twitter_misc":{"Escrito por":"Redacci\u00f3n","Tiempo de lectura":"3 minutos"},"schema":{"@context":"https:\/\/schema.org","@graph":[{"@type":"Article","@id":"https:\/\/nitu.mx\/index.php\/2020\/10\/29\/amex-60-de-consumidores-se-quedaran-en-casa-durante-temporada-navidena\/#article","isPartOf":{"@id":"https:\/\/nitu.mx\/index.php\/2020\/10\/29\/amex-60-de-consumidores-se-quedaran-en-casa-durante-temporada-navidena\/"},"author":{"name":"Redacci\u00f3n","@id":"https:\/\/nitu.mx\/#\/schema\/person\/4a28fe9bd65924f7c90623773daf1b0b"},"headline":"AMEX: 60% de consumidores se quedar\u00e1n en casa durante temporada navide\u00f1a","datePublished":"2020-10-29T07:07:35+00:00","dateModified":"2020-10-29T07:14:39+00:00","mainEntityOfPage":{"@id":"https:\/\/nitu.mx\/index.php\/2020\/10\/29\/amex-60-de-consumidores-se-quedaran-en-casa-durante-temporada-navidena\/"},"wordCount":577,"commentCount":0,"publisher":{"@id":"https:\/\/nitu.mx\/#\/schema\/person\/ae7a53426417292d3dd07b45a33e01bc"},"image":{"@id":"https:\/\/nitu.mx\/index.php\/2020\/10\/29\/amex-60-de-consumidores-se-quedaran-en-casa-durante-temporada-navidena\/#primaryimage"},"thumbnailUrl":"https:\/\/nitu.mx\/wp-content\/uploads\/2020\/07\/viajes-turismo.jpg","keywords":["AMEX","consumidores","temporada navide\u00f1a","Viajes"],"articleSection":["Internacional","Marketing"],"inLanguage":"es-MX","potentialAction":[{"@type":"CommentAction","name":"Comment","target":["https:\/\/nitu.mx\/index.php\/2020\/10\/29\/amex-60-de-consumidores-se-quedaran-en-casa-durante-temporada-navidena\/#respond"]}]},{"@type":"WebPage","@id":"https:\/\/nitu.mx\/index.php\/2020\/10\/29\/amex-60-de-consumidores-se-quedaran-en-casa-durante-temporada-navidena\/","url":"https:\/\/nitu.mx\/index.php\/2020\/10\/29\/amex-60-de-consumidores-se-quedaran-en-casa-durante-temporada-navidena\/","name":"AMEX: 60% de consumidores se quedar\u00e1n en casa durante temporada navide\u00f1a - Nitu - Noticias de la Industria Turistica","isPartOf":{"@id":"https:\/\/nitu.mx\/#website"},"primaryImageOfPage":{"@id":"https:\/\/nitu.mx\/index.php\/2020\/10\/29\/amex-60-de-consumidores-se-quedaran-en-casa-durante-temporada-navidena\/#primaryimage"},"image":{"@id":"https:\/\/nitu.mx\/index.php\/2020\/10\/29\/amex-60-de-consumidores-se-quedaran-en-casa-durante-temporada-navidena\/#primaryimage"},"thumbnailUrl":"https:\/\/nitu.mx\/wp-content\/uploads\/2020\/07\/viajes-turismo.jpg","datePublished":"2020-10-29T07:07:35+00:00","dateModified":"2020-10-29T07:14:39+00:00","breadcrumb":{"@id":"https:\/\/nitu.mx\/index.php\/2020\/10\/29\/amex-60-de-consumidores-se-quedaran-en-casa-durante-temporada-navidena\/#breadcrumb"},"inLanguage":"es-MX","potentialAction":[{"@type":"ReadAction","target":["https:\/\/nitu.mx\/index.php\/2020\/10\/29\/amex-60-de-consumidores-se-quedaran-en-casa-durante-temporada-navidena\/"]}]},{"@type":"ImageObject","inLanguage":"es-MX","@id":"https:\/\/nitu.mx\/index.php\/2020\/10\/29\/amex-60-de-consumidores-se-quedaran-en-casa-durante-temporada-navidena\/#primaryimage","url":"https:\/\/nitu.mx\/wp-content\/uploads\/2020\/07\/viajes-turismo.jpg","contentUrl":"https:\/\/nitu.mx\/wp-content\/uploads\/2020\/07\/viajes-turismo.jpg","width":850,"height":480},{"@type":"BreadcrumbList","@id":"https:\/\/nitu.mx\/index.php\/2020\/10\/29\/amex-60-de-consumidores-se-quedaran-en-casa-durante-temporada-navidena\/#breadcrumb","itemListElement":[{"@type":"ListItem","position":1,"name":"Inicio","item":"https:\/\/nitu.mx\/"},{"@type":"ListItem","position":2,"name":"AMEX: 60% de consumidores se quedar\u00e1n en casa durante temporada navide\u00f1a"}]},{"@type":"WebSite","@id":"https:\/\/nitu.mx\/#website","url":"https:\/\/nitu.mx\/","name":"Nitu - Noticias de la Industria Turistica","description":"Noticias de la Industria Turistica","publisher":{"@id":"https:\/\/nitu.mx\/#\/schema\/person\/ae7a53426417292d3dd07b45a33e01bc"},"alternateName":"Noticias de la Industria Turistica","potentialAction":[{"@type":"SearchAction","target":{"@type":"EntryPoint","urlTemplate":"https:\/\/nitu.mx\/?s={search_term_string}"},"query-input":"required name=search_term_string"}],"inLanguage":"es-MX"},{"@type":["Person","Organization"],"@id":"https:\/\/nitu.mx\/#\/schema\/person\/ae7a53426417292d3dd07b45a33e01bc","name":"Arturo Medina","image":{"@type":"ImageObject","inLanguage":"es-MX","@id":"https:\/\/nitu.mx\/#\/schema\/person\/image\/","url":"https:\/\/nitu.mx\/wp-content\/uploads\/2024\/04\/4A315622-1904-4D5C-B022-878CDC840E04-90x90-1.jpeg","contentUrl":"https:\/\/nitu.mx\/wp-content\/uploads\/2024\/04\/4A315622-1904-4D5C-B022-878CDC840E04-90x90-1.jpeg","width":90,"height":90,"caption":"Arturo Medina"},"logo":{"@id":"https:\/\/nitu.mx\/#\/schema\/person\/image\/"},"description":"Director NITU.mx, Egresado de la Escuela de Periodismo Carlos Septi\u00e9n Garc\u00eda. Periodista y analista especializado en turismo desde hace 35 a\u00f1os, radicado en Canc\u00fan Q.Roo. arturo@nitu.mx","sameAs":["https:\/\/nitu.mx","https:\/\/www.facebook.com\/NITUmx\/","medinacancun","https:\/\/twitter.com\/@Arturo_Medina_G"]},{"@type":"Person","@id":"https:\/\/nitu.mx\/#\/schema\/person\/4a28fe9bd65924f7c90623773daf1b0b","name":"Redacci\u00f3n","image":{"@type":"ImageObject","inLanguage":"es-MX","@id":"https:\/\/nitu.mx\/#\/schema\/person\/image\/","url":"https:\/\/secure.gravatar.com\/avatar\/5dd011c8ccfc5cd7e4c81e42252aab38?s=96&d=mm&r=g","contentUrl":"https:\/\/secure.gravatar.com\/avatar\/5dd011c8ccfc5cd7e4c81e42252aab38?s=96&d=mm&r=g","caption":"Redacci\u00f3n"},"url":"https:\/\/nitu.mx\/index.php\/author\/redaccion\/"}]}},"views":292,"_links":{"self":[{"href":"https:\/\/nitu.mx\/index.php\/wp-json\/wp\/v2\/posts\/47656"}],"collection":[{"href":"https:\/\/nitu.mx\/index.php\/wp-json\/wp\/v2\/posts"}],"about":[{"href":"https:\/\/nitu.mx\/index.php\/wp-json\/wp\/v2\/types\/post"}],"author":[{"embeddable":true,"href":"https:\/\/nitu.mx\/index.php\/wp-json\/wp\/v2\/users\/17"}],"replies":[{"embeddable":true,"href":"https:\/\/nitu.mx\/index.php\/wp-json\/wp\/v2\/comments?post=47656"}],"version-history":[{"count":2,"href":"https:\/\/nitu.mx\/index.php\/wp-json\/wp\/v2\/posts\/47656\/revisions"}],"predecessor-version":[{"id":47658,"href":"https:\/\/nitu.mx\/index.php\/wp-json\/wp\/v2\/posts\/47656\/revisions\/47658"}],"wp:featuredmedia":[{"embeddable":true,"href":"https:\/\/nitu.mx\/index.php\/wp-json\/wp\/v2\/media\/44567"}],"wp:attachment":[{"href":"https:\/\/nitu.mx\/index.php\/wp-json\/wp\/v2\/media?parent=47656"}],"wp:term":[{"taxonomy":"category","embeddable":true,"href":"https:\/\/nitu.mx\/index.php\/wp-json\/wp\/v2\/categories?post=47656"},{"taxonomy":"post_tag","embeddable":true,"href":"https:\/\/nitu.mx\/index.php\/wp-json\/wp\/v2\/tags?post=47656"}],"curies":[{"name":"wp","href":"https:\/\/api.w.org\/{rel}","templated":true}]}}