{"id":47412,"date":"2020-10-21T00:50:21","date_gmt":"2020-10-21T05:50:21","guid":{"rendered":"https:\/\/www.dev.nitu.mx\/?p=47412"},"modified":"2020-10-21T01:40:37","modified_gmt":"2020-10-21T06:40:37","slug":"traslado-de-sectur-a-chetumal-sera-en-2021-miguel-torruco","status":"publish","type":"post","link":"https:\/\/nitu.mx\/index.php\/2020\/10\/21\/traslado-de-sectur-a-chetumal-sera-en-2021-miguel-torruco\/","title":{"rendered":"Traslado de Sectur a Chetumal ser\u00e1 en 2021: Miguel Torruco"},"content":{"rendered":"\n<p>Hasta 2021 se licitar\u00e1n las obras y se remodelar\u00e1 la Megaescultura, ubicada en la bah\u00eda de Chetumal, la cual para albergar\u00e1 la sede de la Secretaria de Turismo federal (Sectur) en la capital de Quintana Roo.<\/p>\n\n\n\n<p>As\u00ed lo dio a conocer el titular de la Sectur, Miguel Torruco, quien explic\u00f3 que esto ya es factible luego de que fueron liberados los permisos para que el gobierno de Quintana Roo disponga del referido inmueble.<\/p>\n\n\n\n<p>\u201cSiguiente paso, la firma de un contrato de comodato para iniciar licitaci\u00f3n para su adaptaci\u00f3n en 2021\u201d, public\u00f3 el secretario en su cuenta de Twitter.<\/p>\n\n\n\n<p>El funcionario record\u00f3 que la Megaescultura, obra del escultor Sebasti\u00e1n, fue construida sobre un islote (en la Bah\u00eda de Chetumal) y para llegar es necesario cruzar un puente que sale del Boulevard Bah\u00eda hacia la torre.<\/p>\n\n\n\n<p>\u201cLa obra, de 50 metros de altura, inici\u00f3 en 2004 con 120 millones de pesos y en 2011 se sumaron otros 34 millones de pesos. En un principio albergar\u00eda un museo, un planetario, acuario, sala de fiestas, restaurante-mirador, un \u00e1rea comercial y de exposiciones, adem\u00e1s de 3 elevadores. El mirador principal se contempl\u00f3 con telescopios para disfrutar la vista de Chetumal\u201d, se lee tambi\u00e9n en su cuenta de Twitter.<\/p>\n\n\n\n<p>Destaca, adem\u00e1s, que la obra se interrumpi\u00f3 quedando expuesta a las inclemencias del clima, provocando su deterioro. \u201cDespu\u00e9s de 16 a\u00f1os de abandono, el @GobQuintanaRoo y @SECTUR_mx la van a rescatar para crear un excelente producto tur\u00edstico que se complementar\u00e1 con otros que ofrece Chetumal\u201d.<\/p>\n\n\n\n<p>Por \u00faltimo, Torruco Marqu\u00e9s adelant\u00f3 que \u201cChetumal, capital del estado m\u00e1s poderoso en turismo de Am\u00e9rica Latina, contar\u00e1 despu\u00e9s de 123 a\u00f1os de espera con el Canal de Zaragoza; despu\u00e9s de 48 a\u00f1os con un aeropuerto remodelado y 2 estaciones (una de carga y otra tur\u00edstica) del Tren Maya,&nbsp; entre otras acciones\u201d.<\/p>\n\n\n\n<p>En una conferencia virtual previa con empresarios del sur del estado, el titular de la Sectur hab\u00eda ya adelantado que en la remodelaci\u00f3n y ampliaci\u00f3n del Aeropuerto Internacional de Chetumal se invierten m\u00e1s de 147 millones de pesos a cargo de Aeropuertos y Servicios Auxiliares.&nbsp;<\/p>\n\n\n\n<p>Las obras incluyen la ampliaci\u00f3n del edificio de pasajeros en un total de 2,400 metros cuadrados de construcci\u00f3n, sumados a los 1,300 m2 ya existentes, lo cual permitir\u00e1 que la capital del estado tenga una terminal de pasajeros de 3,700 m2, cuyo avance es ya del 98 por ciento.<\/p>\n\n\n\n<p>Mencion\u00f3 tambi\u00e9n que el gobierno federal impulsa desde este a\u00f1o el dragado del Canal de Zaragoza para permitir una conexi\u00f3n directa de la Bah\u00eda de Chetumal con el Mar Caribe, y evitar que las embarcaciones tengan que rodear e incluso pasar por Belice para poder atracar en la capital del estado. (<a href=\"https:\/\/www.dev.nitu.mx\/index.php\/2020\/10\/15\/semarnat-autoriza-uso-de-terrenos-de-megaescultura-para-oficinas-de-sectur\/\">Semarnat autoriza uso de terrenos de megaescultura para oficinas de Sectur<\/a>).<\/p>\n\n\n\n<p>Record\u00f3 que este canal fue iniciado por el presidente Porfirio D\u00edaz en 1901, pero por complicaciones t\u00e9cnicas la obra se posterg\u00f3 m\u00e1s de 100 a\u00f1os; hasta que en 1999 la Secretar\u00eda de Marina intent\u00f3 retomarlo sin \u00e9xito por la falta de equipo adecuado.<\/p>\n\n\n\n<p>Torruco Marqu\u00e9s asegur\u00f3 que con el empleo de nuevas tecnolog\u00edas bajo el gobierno del presidente L\u00f3pez Obrador esta obra se concluir\u00e1 antes de que concluya el sexenio, con adecuaciones propuestas por el actual gobernador de Quintana Roo, Carlos Joaqu\u00edn Gonz\u00e1lez, para que el dragado del canal permita una hondura de seis metros para la navegaci\u00f3n de peque\u00f1os cruceros que estimular\u00edan la econom\u00eda de la capital del estado. (El Economista).<\/p>\n","protected":false},"excerpt":{"rendered":"<p>Hasta 2021 se licitar\u00e1n las obras y se remodelar\u00e1 la Megaescultura, ubicada en la bah\u00eda de Chetumal, la cual para albergar\u00e1 la sede de la Secretaria de Turismo federal (Sectur) en la capital de Quintana Roo. As\u00ed lo dio a conocer el titular de la Sectur, Miguel Torruco, quien explic\u00f3 que esto ya es factible [&hellip;]<\/p>\n","protected":false},"author":17,"featured_media":39129,"comment_status":"open","ping_status":"open","sticky":false,"template":"","format":"standard","meta":{"footnotes":""},"categories":[5,6],"tags":[454,18540,910,93],"yoast_head":"<!-- This site is optimized with the Yoast SEO plugin v22.2 - https:\/\/yoast.com\/wordpress\/plugins\/seo\/ -->\n<title>Traslado de Sectur a Chetumal ser\u00e1 en 2021: Miguel Torruco - Nitu - Noticias de la Industria Turistica<\/title>\n<meta name=\"robots\" content=\"index, follow, max-snippet:-1, max-image-preview:large, max-video-preview:-1\" \/>\n<link rel=\"canonical\" href=\"https:\/\/nitu.mx\/index.php\/2020\/10\/21\/traslado-de-sectur-a-chetumal-sera-en-2021-miguel-torruco\/\" \/>\n<meta name=\"twitter:card\" content=\"summary_large_image\" \/>\n<meta name=\"twitter:title\" content=\"Traslado de Sectur a Chetumal ser\u00e1 en 2021: Miguel Torruco - Nitu - Noticias de la Industria Turistica\" \/>\n<meta name=\"twitter:description\" content=\"Hasta 2021 se licitar\u00e1n las obras y se remodelar\u00e1 la Megaescultura, ubicada en la bah\u00eda de Chetumal, la cual para albergar\u00e1 la sede de la Secretaria de Turismo federal (Sectur) en la capital de Quintana Roo. As\u00ed lo dio a conocer el titular de la Sectur, Miguel Torruco, quien explic\u00f3 que esto ya es factible [&hellip;]\" \/>\n<meta name=\"twitter:image\" content=\"https:\/\/nitu.mx\/wp-content\/uploads\/2020\/01\/megaescultura-sectur.jpg\" \/>\n<meta name=\"twitter:creator\" content=\"@NITUmx\" \/>\n<meta name=\"twitter:site\" content=\"@Arturo_Medina_G\" \/>\n<meta name=\"twitter:label1\" content=\"Escrito por\" \/>\n\t<meta name=\"twitter:data1\" content=\"Redacci\u00f3n\" \/>\n\t<meta name=\"twitter:label2\" content=\"Tiempo de lectura\" \/>\n\t<meta name=\"twitter:data2\" content=\"3 minutos\" \/>\n<script type=\"application\/ld+json\" class=\"yoast-schema-graph\">{\"@context\":\"https:\/\/schema.org\",\"@graph\":[{\"@type\":\"Article\",\"@id\":\"https:\/\/nitu.mx\/index.php\/2020\/10\/21\/traslado-de-sectur-a-chetumal-sera-en-2021-miguel-torruco\/#article\",\"isPartOf\":{\"@id\":\"https:\/\/nitu.mx\/index.php\/2020\/10\/21\/traslado-de-sectur-a-chetumal-sera-en-2021-miguel-torruco\/\"},\"author\":{\"name\":\"Redacci\u00f3n\",\"@id\":\"https:\/\/nitu.mx\/#\/schema\/person\/4a28fe9bd65924f7c90623773daf1b0b\"},\"headline\":\"Traslado de Sectur a Chetumal ser\u00e1 en 2021: Miguel Torruco\",\"datePublished\":\"2020-10-21T05:50:21+00:00\",\"dateModified\":\"2020-10-21T06:40:37+00:00\",\"mainEntityOfPage\":{\"@id\":\"https:\/\/nitu.mx\/index.php\/2020\/10\/21\/traslado-de-sectur-a-chetumal-sera-en-2021-miguel-torruco\/\"},\"wordCount\":606,\"commentCount\":0,\"publisher\":{\"@id\":\"https:\/\/nitu.mx\/#\/schema\/person\/ae7a53426417292d3dd07b45a33e01bc\"},\"image\":{\"@id\":\"https:\/\/nitu.mx\/index.php\/2020\/10\/21\/traslado-de-sectur-a-chetumal-sera-en-2021-miguel-torruco\/#primaryimage\"},\"thumbnailUrl\":\"https:\/\/nitu.mx\/wp-content\/uploads\/2020\/01\/megaescultura-sectur.jpg\",\"keywords\":[\"Chetumal\",\"Megaescultura\",\"Miguel Torruco\",\"Sectur\"],\"articleSection\":[\"Destinos\",\"M\u00e9xico\"],\"inLanguage\":\"es-MX\",\"potentialAction\":[{\"@type\":\"CommentAction\",\"name\":\"Comment\",\"target\":[\"https:\/\/nitu.mx\/index.php\/2020\/10\/21\/traslado-de-sectur-a-chetumal-sera-en-2021-miguel-torruco\/#respond\"]}]},{\"@type\":\"WebPage\",\"@id\":\"https:\/\/nitu.mx\/index.php\/2020\/10\/21\/traslado-de-sectur-a-chetumal-sera-en-2021-miguel-torruco\/\",\"url\":\"https:\/\/nitu.mx\/index.php\/2020\/10\/21\/traslado-de-sectur-a-chetumal-sera-en-2021-miguel-torruco\/\",\"name\":\"Traslado de Sectur a Chetumal ser\u00e1 en 2021: Miguel Torruco - Nitu - Noticias de la Industria Turistica\",\"isPartOf\":{\"@id\":\"https:\/\/nitu.mx\/#website\"},\"primaryImageOfPage\":{\"@id\":\"https:\/\/nitu.mx\/index.php\/2020\/10\/21\/traslado-de-sectur-a-chetumal-sera-en-2021-miguel-torruco\/#primaryimage\"},\"image\":{\"@id\":\"https:\/\/nitu.mx\/index.php\/2020\/10\/21\/traslado-de-sectur-a-chetumal-sera-en-2021-miguel-torruco\/#primaryimage\"},\"thumbnailUrl\":\"https:\/\/nitu.mx\/wp-content\/uploads\/2020\/01\/megaescultura-sectur.jpg\",\"datePublished\":\"2020-10-21T05:50:21+00:00\",\"dateModified\":\"2020-10-21T06:40:37+00:00\",\"breadcrumb\":{\"@id\":\"https:\/\/nitu.mx\/index.php\/2020\/10\/21\/traslado-de-sectur-a-chetumal-sera-en-2021-miguel-torruco\/#breadcrumb\"},\"inLanguage\":\"es-MX\",\"potentialAction\":[{\"@type\":\"ReadAction\",\"target\":[\"https:\/\/nitu.mx\/index.php\/2020\/10\/21\/traslado-de-sectur-a-chetumal-sera-en-2021-miguel-torruco\/\"]}]},{\"@type\":\"ImageObject\",\"inLanguage\":\"es-MX\",\"@id\":\"https:\/\/nitu.mx\/index.php\/2020\/10\/21\/traslado-de-sectur-a-chetumal-sera-en-2021-miguel-torruco\/#primaryimage\",\"url\":\"https:\/\/nitu.mx\/wp-content\/uploads\/2020\/01\/megaescultura-sectur.jpg\",\"contentUrl\":\"https:\/\/nitu.mx\/wp-content\/uploads\/2020\/01\/megaescultura-sectur.jpg\",\"width\":850,\"height\":480,\"caption\":\"megaescultura sectur\"},{\"@type\":\"BreadcrumbList\",\"@id\":\"https:\/\/nitu.mx\/index.php\/2020\/10\/21\/traslado-de-sectur-a-chetumal-sera-en-2021-miguel-torruco\/#breadcrumb\",\"itemListElement\":[{\"@type\":\"ListItem\",\"position\":1,\"name\":\"Inicio\",\"item\":\"https:\/\/nitu.mx\/\"},{\"@type\":\"ListItem\",\"position\":2,\"name\":\"Traslado de Sectur a Chetumal ser\u00e1 en 2021: Miguel Torruco\"}]},{\"@type\":\"WebSite\",\"@id\":\"https:\/\/nitu.mx\/#website\",\"url\":\"https:\/\/nitu.mx\/\",\"name\":\"Nitu - Noticias de la Industria Turistica\",\"description\":\"Noticias de la Industria Turistica\",\"publisher\":{\"@id\":\"https:\/\/nitu.mx\/#\/schema\/person\/ae7a53426417292d3dd07b45a33e01bc\"},\"alternateName\":\"Noticias de la Industria Turistica\",\"potentialAction\":[{\"@type\":\"SearchAction\",\"target\":{\"@type\":\"EntryPoint\",\"urlTemplate\":\"https:\/\/nitu.mx\/?s={search_term_string}\"},\"query-input\":\"required name=search_term_string\"}],\"inLanguage\":\"es-MX\"},{\"@type\":[\"Person\",\"Organization\"],\"@id\":\"https:\/\/nitu.mx\/#\/schema\/person\/ae7a53426417292d3dd07b45a33e01bc\",\"name\":\"Arturo Medina\",\"image\":{\"@type\":\"ImageObject\",\"inLanguage\":\"es-MX\",\"@id\":\"https:\/\/nitu.mx\/#\/schema\/person\/image\/\",\"url\":\"https:\/\/nitu.mx\/wp-content\/uploads\/2024\/04\/4A315622-1904-4D5C-B022-878CDC840E04-90x90-1.jpeg\",\"contentUrl\":\"https:\/\/nitu.mx\/wp-content\/uploads\/2024\/04\/4A315622-1904-4D5C-B022-878CDC840E04-90x90-1.jpeg\",\"width\":90,\"height\":90,\"caption\":\"Arturo Medina\"},\"logo\":{\"@id\":\"https:\/\/nitu.mx\/#\/schema\/person\/image\/\"},\"description\":\"Director NITU.mx, Egresado de la Escuela de Periodismo Carlos Septi\u00e9n Garc\u00eda. Periodista y analista especializado en turismo desde hace 35 a\u00f1os, radicado en Canc\u00fan Q.Roo. arturo@nitu.mx\",\"sameAs\":[\"https:\/\/nitu.mx\",\"https:\/\/www.facebook.com\/NITUmx\/\",\"medinacancun\",\"https:\/\/twitter.com\/@Arturo_Medina_G\"]},{\"@type\":\"Person\",\"@id\":\"https:\/\/nitu.mx\/#\/schema\/person\/4a28fe9bd65924f7c90623773daf1b0b\",\"name\":\"Redacci\u00f3n\",\"image\":{\"@type\":\"ImageObject\",\"inLanguage\":\"es-MX\",\"@id\":\"https:\/\/nitu.mx\/#\/schema\/person\/image\/\",\"url\":\"https:\/\/secure.gravatar.com\/avatar\/5dd011c8ccfc5cd7e4c81e42252aab38?s=96&d=mm&r=g\",\"contentUrl\":\"https:\/\/secure.gravatar.com\/avatar\/5dd011c8ccfc5cd7e4c81e42252aab38?s=96&d=mm&r=g\",\"caption\":\"Redacci\u00f3n\"},\"url\":\"https:\/\/nitu.mx\/index.php\/author\/redaccion\/\"}]}<\/script>\n<!-- \/ Yoast SEO plugin. -->","yoast_head_json":{"title":"Traslado de Sectur a Chetumal ser\u00e1 en 2021: Miguel Torruco - Nitu - Noticias de la Industria Turistica","robots":{"index":"index","follow":"follow","max-snippet":"max-snippet:-1","max-image-preview":"max-image-preview:large","max-video-preview":"max-video-preview:-1"},"canonical":"https:\/\/nitu.mx\/index.php\/2020\/10\/21\/traslado-de-sectur-a-chetumal-sera-en-2021-miguel-torruco\/","twitter_card":"summary_large_image","twitter_title":"Traslado de Sectur a Chetumal ser\u00e1 en 2021: Miguel Torruco - Nitu - Noticias de la Industria Turistica","twitter_description":"Hasta 2021 se licitar\u00e1n las obras y se remodelar\u00e1 la Megaescultura, ubicada en la bah\u00eda de Chetumal, la cual para albergar\u00e1 la sede de la Secretaria de Turismo federal (Sectur) en la capital de Quintana Roo. As\u00ed lo dio a conocer el titular de la Sectur, Miguel Torruco, quien explic\u00f3 que esto ya es factible [&hellip;]","twitter_image":"https:\/\/nitu.mx\/wp-content\/uploads\/2020\/01\/megaescultura-sectur.jpg","twitter_creator":"@NITUmx","twitter_site":"@Arturo_Medina_G","twitter_misc":{"Escrito por":"Redacci\u00f3n","Tiempo de lectura":"3 minutos"},"schema":{"@context":"https:\/\/schema.org","@graph":[{"@type":"Article","@id":"https:\/\/nitu.mx\/index.php\/2020\/10\/21\/traslado-de-sectur-a-chetumal-sera-en-2021-miguel-torruco\/#article","isPartOf":{"@id":"https:\/\/nitu.mx\/index.php\/2020\/10\/21\/traslado-de-sectur-a-chetumal-sera-en-2021-miguel-torruco\/"},"author":{"name":"Redacci\u00f3n","@id":"https:\/\/nitu.mx\/#\/schema\/person\/4a28fe9bd65924f7c90623773daf1b0b"},"headline":"Traslado de Sectur a Chetumal ser\u00e1 en 2021: Miguel Torruco","datePublished":"2020-10-21T05:50:21+00:00","dateModified":"2020-10-21T06:40:37+00:00","mainEntityOfPage":{"@id":"https:\/\/nitu.mx\/index.php\/2020\/10\/21\/traslado-de-sectur-a-chetumal-sera-en-2021-miguel-torruco\/"},"wordCount":606,"commentCount":0,"publisher":{"@id":"https:\/\/nitu.mx\/#\/schema\/person\/ae7a53426417292d3dd07b45a33e01bc"},"image":{"@id":"https:\/\/nitu.mx\/index.php\/2020\/10\/21\/traslado-de-sectur-a-chetumal-sera-en-2021-miguel-torruco\/#primaryimage"},"thumbnailUrl":"https:\/\/nitu.mx\/wp-content\/uploads\/2020\/01\/megaescultura-sectur.jpg","keywords":["Chetumal","Megaescultura","Miguel Torruco","Sectur"],"articleSection":["Destinos","M\u00e9xico"],"inLanguage":"es-MX","potentialAction":[{"@type":"CommentAction","name":"Comment","target":["https:\/\/nitu.mx\/index.php\/2020\/10\/21\/traslado-de-sectur-a-chetumal-sera-en-2021-miguel-torruco\/#respond"]}]},{"@type":"WebPage","@id":"https:\/\/nitu.mx\/index.php\/2020\/10\/21\/traslado-de-sectur-a-chetumal-sera-en-2021-miguel-torruco\/","url":"https:\/\/nitu.mx\/index.php\/2020\/10\/21\/traslado-de-sectur-a-chetumal-sera-en-2021-miguel-torruco\/","name":"Traslado de Sectur a Chetumal ser\u00e1 en 2021: Miguel Torruco - Nitu - Noticias de la Industria Turistica","isPartOf":{"@id":"https:\/\/nitu.mx\/#website"},"primaryImageOfPage":{"@id":"https:\/\/nitu.mx\/index.php\/2020\/10\/21\/traslado-de-sectur-a-chetumal-sera-en-2021-miguel-torruco\/#primaryimage"},"image":{"@id":"https:\/\/nitu.mx\/index.php\/2020\/10\/21\/traslado-de-sectur-a-chetumal-sera-en-2021-miguel-torruco\/#primaryimage"},"thumbnailUrl":"https:\/\/nitu.mx\/wp-content\/uploads\/2020\/01\/megaescultura-sectur.jpg","datePublished":"2020-10-21T05:50:21+00:00","dateModified":"2020-10-21T06:40:37+00:00","breadcrumb":{"@id":"https:\/\/nitu.mx\/index.php\/2020\/10\/21\/traslado-de-sectur-a-chetumal-sera-en-2021-miguel-torruco\/#breadcrumb"},"inLanguage":"es-MX","potentialAction":[{"@type":"ReadAction","target":["https:\/\/nitu.mx\/index.php\/2020\/10\/21\/traslado-de-sectur-a-chetumal-sera-en-2021-miguel-torruco\/"]}]},{"@type":"ImageObject","inLanguage":"es-MX","@id":"https:\/\/nitu.mx\/index.php\/2020\/10\/21\/traslado-de-sectur-a-chetumal-sera-en-2021-miguel-torruco\/#primaryimage","url":"https:\/\/nitu.mx\/wp-content\/uploads\/2020\/01\/megaescultura-sectur.jpg","contentUrl":"https:\/\/nitu.mx\/wp-content\/uploads\/2020\/01\/megaescultura-sectur.jpg","width":850,"height":480,"caption":"megaescultura sectur"},{"@type":"BreadcrumbList","@id":"https:\/\/nitu.mx\/index.php\/2020\/10\/21\/traslado-de-sectur-a-chetumal-sera-en-2021-miguel-torruco\/#breadcrumb","itemListElement":[{"@type":"ListItem","position":1,"name":"Inicio","item":"https:\/\/nitu.mx\/"},{"@type":"ListItem","position":2,"name":"Traslado de Sectur a Chetumal ser\u00e1 en 2021: Miguel Torruco"}]},{"@type":"WebSite","@id":"https:\/\/nitu.mx\/#website","url":"https:\/\/nitu.mx\/","name":"Nitu - Noticias de la Industria Turistica","description":"Noticias de la Industria Turistica","publisher":{"@id":"https:\/\/nitu.mx\/#\/schema\/person\/ae7a53426417292d3dd07b45a33e01bc"},"alternateName":"Noticias de la Industria Turistica","potentialAction":[{"@type":"SearchAction","target":{"@type":"EntryPoint","urlTemplate":"https:\/\/nitu.mx\/?s={search_term_string}"},"query-input":"required name=search_term_string"}],"inLanguage":"es-MX"},{"@type":["Person","Organization"],"@id":"https:\/\/nitu.mx\/#\/schema\/person\/ae7a53426417292d3dd07b45a33e01bc","name":"Arturo Medina","image":{"@type":"ImageObject","inLanguage":"es-MX","@id":"https:\/\/nitu.mx\/#\/schema\/person\/image\/","url":"https:\/\/nitu.mx\/wp-content\/uploads\/2024\/04\/4A315622-1904-4D5C-B022-878CDC840E04-90x90-1.jpeg","contentUrl":"https:\/\/nitu.mx\/wp-content\/uploads\/2024\/04\/4A315622-1904-4D5C-B022-878CDC840E04-90x90-1.jpeg","width":90,"height":90,"caption":"Arturo Medina"},"logo":{"@id":"https:\/\/nitu.mx\/#\/schema\/person\/image\/"},"description":"Director NITU.mx, Egresado de la Escuela de Periodismo Carlos Septi\u00e9n Garc\u00eda. Periodista y analista especializado en turismo desde hace 35 a\u00f1os, radicado en Canc\u00fan Q.Roo. arturo@nitu.mx","sameAs":["https:\/\/nitu.mx","https:\/\/www.facebook.com\/NITUmx\/","medinacancun","https:\/\/twitter.com\/@Arturo_Medina_G"]},{"@type":"Person","@id":"https:\/\/nitu.mx\/#\/schema\/person\/4a28fe9bd65924f7c90623773daf1b0b","name":"Redacci\u00f3n","image":{"@type":"ImageObject","inLanguage":"es-MX","@id":"https:\/\/nitu.mx\/#\/schema\/person\/image\/","url":"https:\/\/secure.gravatar.com\/avatar\/5dd011c8ccfc5cd7e4c81e42252aab38?s=96&d=mm&r=g","contentUrl":"https:\/\/secure.gravatar.com\/avatar\/5dd011c8ccfc5cd7e4c81e42252aab38?s=96&d=mm&r=g","caption":"Redacci\u00f3n"},"url":"https:\/\/nitu.mx\/index.php\/author\/redaccion\/"}]}},"views":911,"_links":{"self":[{"href":"https:\/\/nitu.mx\/index.php\/wp-json\/wp\/v2\/posts\/47412"}],"collection":[{"href":"https:\/\/nitu.mx\/index.php\/wp-json\/wp\/v2\/posts"}],"about":[{"href":"https:\/\/nitu.mx\/index.php\/wp-json\/wp\/v2\/types\/post"}],"author":[{"embeddable":true,"href":"https:\/\/nitu.mx\/index.php\/wp-json\/wp\/v2\/users\/17"}],"replies":[{"embeddable":true,"href":"https:\/\/nitu.mx\/index.php\/wp-json\/wp\/v2\/comments?post=47412"}],"version-history":[{"count":2,"href":"https:\/\/nitu.mx\/index.php\/wp-json\/wp\/v2\/posts\/47412\/revisions"}],"predecessor-version":[{"id":47435,"href":"https:\/\/nitu.mx\/index.php\/wp-json\/wp\/v2\/posts\/47412\/revisions\/47435"}],"wp:featuredmedia":[{"embeddable":true,"href":"https:\/\/nitu.mx\/index.php\/wp-json\/wp\/v2\/media\/39129"}],"wp:attachment":[{"href":"https:\/\/nitu.mx\/index.php\/wp-json\/wp\/v2\/media?parent=47412"}],"wp:term":[{"taxonomy":"category","embeddable":true,"href":"https:\/\/nitu.mx\/index.php\/wp-json\/wp\/v2\/categories?post=47412"},{"taxonomy":"post_tag","embeddable":true,"href":"https:\/\/nitu.mx\/index.php\/wp-json\/wp\/v2\/tags?post=47412"}],"curies":[{"name":"wp","href":"https:\/\/api.w.org\/{rel}","templated":true}]}}