{"id":47387,"date":"2020-10-20T01:05:42","date_gmt":"2020-10-20T06:05:42","guid":{"rendered":"https:\/\/www.dev.nitu.mx\/?p=47387"},"modified":"2020-10-20T01:20:00","modified_gmt":"2020-10-20T06:20:00","slug":"mandarin-oriental-hotel-group-y-de-the-oberoi-group-firman-alianza","status":"publish","type":"post","link":"https:\/\/nitu.mx\/index.php\/2020\/10\/20\/mandarin-oriental-hotel-group-y-de-the-oberoi-group-firman-alianza\/","title":{"rendered":"Mandarin Oriental Hotel Group y de The Oberoi Group firman alianza"},"content":{"rendered":"\n<p>Mandarin Oriental Hotel Group y The Oberoi Group anunciaron recientemente una alianza estrat\u00e9gica a largo plazo, la cual busca que una colaboraci\u00f3n conjunta en una variedad de iniciativas. Esta asociaci\u00f3n crea una plataforma para que las dos organizaciones trabajen m\u00e1s estrechamente al tiempo que conservan el legado e identidad de cada marca.<\/p>\n\n\n\n<p>De acuerdo con el comunicado, el acuerdo fue dise\u00f1ado para atraer a los clientes de ambos grupos. \u201cAl trabajar juntos en todas las facetas de la experiencia del hu\u00e9sped, se seleccionar\u00e1n experiencias nuevas y exclusivas, disponibles en los hoteles Oberoi y Mandarin Oriental\u201d.<\/p>\n\n\n\n<p>Asimismo, se trabajar\u00e1 para crear experiencias culinarias y de bienestar \u00fanicas , adem\u00e1s de ofertas exclusivas. James Riley, director ejecutivo del grupo Mandarin Oriental, se\u00f1al\u00f3 que esta asociaci\u00f3n prepara a la compa\u00f1\u00eda para ampliar los l\u00edmites de la hospitalidad de lujo. (<a href=\"https:\/\/www.dev.nitu.mx\/index.php\/2020\/08\/17\/mas-de-100-ceos-y-wttc-llaman-a-lideres-mundiales-para-salvar-el-sector-de-viajes-y-turismo\/\">M\u00e1s de 100 CEOS y WTTC llaman a l\u00edderes mundiales para salvar el sector de viajes y turismo<\/a>).<\/p>\n\n\n\n<p>Por su parte, Vikram Oberoi, Director General y Director Ejecutivo de EIH Limited, la empresa insignia de The Oberoi Group, declar\u00f3: \u201cHace mucho que somos \u2018fan\u00e1ticos\u2019 de Mandarin Oriental. Nuestras marcas se complementan extremadamente bien, al igual que los valores y la cultura de nuestras organizaciones\u201d.<\/p>\n\n\n\n<p>De igual forma, detall\u00f3 que dicha alianza permitir\u00e1 a los hu\u00e9spedes experimentar nuevos destinos y experiencias en los estilos legendarios por los que ambas empresas son reconocidas. Adem\u00e1s de tener acceso privilegiado a m\u00e1s de 50 hoteles de lujo en destinos privilegiados, principalmente en la India. (Inmobiliare).<\/p>\n","protected":false},"excerpt":{"rendered":"<p>Mandarin Oriental Hotel Group y The Oberoi Group anunciaron recientemente una alianza estrat\u00e9gica a largo plazo, la cual busca que una colaboraci\u00f3n conjunta en una variedad de iniciativas. Esta asociaci\u00f3n crea una plataforma para que las dos organizaciones trabajen m\u00e1s estrechamente al tiempo que conservan el legado e identidad de cada marca. De acuerdo con [&hellip;]<\/p>\n","protected":false},"author":17,"featured_media":47399,"comment_status":"open","ping_status":"open","sticky":false,"template":"","format":"standard","meta":{"footnotes":""},"categories":[2,374],"tags":[20920,20916,20917],"yoast_head":"<!-- This site is optimized with the Yoast SEO plugin v22.2 - https:\/\/yoast.com\/wordpress\/plugins\/seo\/ -->\n<title>Mandarin Oriental Hotel Group y de The Oberoi Group firman alianza - Nitu - Noticias de la Industria Turistica<\/title>\n<meta name=\"robots\" content=\"index, follow, max-snippet:-1, max-image-preview:large, max-video-preview:-1\" \/>\n<link rel=\"canonical\" href=\"https:\/\/nitu.mx\/index.php\/2020\/10\/20\/mandarin-oriental-hotel-group-y-de-the-oberoi-group-firman-alianza\/\" \/>\n<meta name=\"twitter:card\" content=\"summary_large_image\" \/>\n<meta name=\"twitter:title\" content=\"Mandarin Oriental Hotel Group y de The Oberoi Group firman alianza - Nitu - Noticias de la Industria Turistica\" \/>\n<meta name=\"twitter:description\" content=\"Mandarin Oriental Hotel Group y The Oberoi Group anunciaron recientemente una alianza estrat\u00e9gica a largo plazo, la cual busca que una colaboraci\u00f3n conjunta en una variedad de iniciativas. Esta asociaci\u00f3n crea una plataforma para que las dos organizaciones trabajen m\u00e1s estrechamente al tiempo que conservan el legado e identidad de cada marca. De acuerdo con [&hellip;]\" \/>\n<meta name=\"twitter:image\" content=\"https:\/\/nitu.mx\/wp-content\/uploads\/2020\/10\/Mandarin-oriental.jpg\" \/>\n<meta name=\"twitter:creator\" content=\"@NITUmx\" \/>\n<meta name=\"twitter:site\" content=\"@Arturo_Medina_G\" \/>\n<meta name=\"twitter:label1\" content=\"Escrito por\" \/>\n\t<meta name=\"twitter:data1\" content=\"Redacci\u00f3n\" \/>\n\t<meta name=\"twitter:label2\" content=\"Tiempo de lectura\" \/>\n\t<meta name=\"twitter:data2\" content=\"1 minuto\" \/>\n<script type=\"application\/ld+json\" class=\"yoast-schema-graph\">{\"@context\":\"https:\/\/schema.org\",\"@graph\":[{\"@type\":\"Article\",\"@id\":\"https:\/\/nitu.mx\/index.php\/2020\/10\/20\/mandarin-oriental-hotel-group-y-de-the-oberoi-group-firman-alianza\/#article\",\"isPartOf\":{\"@id\":\"https:\/\/nitu.mx\/index.php\/2020\/10\/20\/mandarin-oriental-hotel-group-y-de-the-oberoi-group-firman-alianza\/\"},\"author\":{\"name\":\"Redacci\u00f3n\",\"@id\":\"https:\/\/nitu.mx\/#\/schema\/person\/4a28fe9bd65924f7c90623773daf1b0b\"},\"headline\":\"Mandarin Oriental Hotel Group y de The Oberoi Group firman alianza\",\"datePublished\":\"2020-10-20T06:05:42+00:00\",\"dateModified\":\"2020-10-20T06:20:00+00:00\",\"mainEntityOfPage\":{\"@id\":\"https:\/\/nitu.mx\/index.php\/2020\/10\/20\/mandarin-oriental-hotel-group-y-de-the-oberoi-group-firman-alianza\/\"},\"wordCount\":273,\"commentCount\":0,\"publisher\":{\"@id\":\"https:\/\/nitu.mx\/#\/schema\/person\/ae7a53426417292d3dd07b45a33e01bc\"},\"image\":{\"@id\":\"https:\/\/nitu.mx\/index.php\/2020\/10\/20\/mandarin-oriental-hotel-group-y-de-the-oberoi-group-firman-alianza\/#primaryimage\"},\"thumbnailUrl\":\"https:\/\/nitu.mx\/wp-content\/uploads\/2020\/10\/Mandarin-oriental.jpg\",\"keywords\":[\"Mandarin Oriental Hotel\",\"The Oberoi Group\",\"Vikram Oberoi\"],\"articleSection\":[\"Hoteles\",\"Internacional\"],\"inLanguage\":\"es-MX\",\"potentialAction\":[{\"@type\":\"CommentAction\",\"name\":\"Comment\",\"target\":[\"https:\/\/nitu.mx\/index.php\/2020\/10\/20\/mandarin-oriental-hotel-group-y-de-the-oberoi-group-firman-alianza\/#respond\"]}]},{\"@type\":\"WebPage\",\"@id\":\"https:\/\/nitu.mx\/index.php\/2020\/10\/20\/mandarin-oriental-hotel-group-y-de-the-oberoi-group-firman-alianza\/\",\"url\":\"https:\/\/nitu.mx\/index.php\/2020\/10\/20\/mandarin-oriental-hotel-group-y-de-the-oberoi-group-firman-alianza\/\",\"name\":\"Mandarin Oriental Hotel Group y de The Oberoi Group firman alianza - Nitu - Noticias de la Industria Turistica\",\"isPartOf\":{\"@id\":\"https:\/\/nitu.mx\/#website\"},\"primaryImageOfPage\":{\"@id\":\"https:\/\/nitu.mx\/index.php\/2020\/10\/20\/mandarin-oriental-hotel-group-y-de-the-oberoi-group-firman-alianza\/#primaryimage\"},\"image\":{\"@id\":\"https:\/\/nitu.mx\/index.php\/2020\/10\/20\/mandarin-oriental-hotel-group-y-de-the-oberoi-group-firman-alianza\/#primaryimage\"},\"thumbnailUrl\":\"https:\/\/nitu.mx\/wp-content\/uploads\/2020\/10\/Mandarin-oriental.jpg\",\"datePublished\":\"2020-10-20T06:05:42+00:00\",\"dateModified\":\"2020-10-20T06:20:00+00:00\",\"breadcrumb\":{\"@id\":\"https:\/\/nitu.mx\/index.php\/2020\/10\/20\/mandarin-oriental-hotel-group-y-de-the-oberoi-group-firman-alianza\/#breadcrumb\"},\"inLanguage\":\"es-MX\",\"potentialAction\":[{\"@type\":\"ReadAction\",\"target\":[\"https:\/\/nitu.mx\/index.php\/2020\/10\/20\/mandarin-oriental-hotel-group-y-de-the-oberoi-group-firman-alianza\/\"]}]},{\"@type\":\"ImageObject\",\"inLanguage\":\"es-MX\",\"@id\":\"https:\/\/nitu.mx\/index.php\/2020\/10\/20\/mandarin-oriental-hotel-group-y-de-the-oberoi-group-firman-alianza\/#primaryimage\",\"url\":\"https:\/\/nitu.mx\/wp-content\/uploads\/2020\/10\/Mandarin-oriental.jpg\",\"contentUrl\":\"https:\/\/nitu.mx\/wp-content\/uploads\/2020\/10\/Mandarin-oriental.jpg\",\"width\":1200,\"height\":675},{\"@type\":\"BreadcrumbList\",\"@id\":\"https:\/\/nitu.mx\/index.php\/2020\/10\/20\/mandarin-oriental-hotel-group-y-de-the-oberoi-group-firman-alianza\/#breadcrumb\",\"itemListElement\":[{\"@type\":\"ListItem\",\"position\":1,\"name\":\"Inicio\",\"item\":\"https:\/\/nitu.mx\/\"},{\"@type\":\"ListItem\",\"position\":2,\"name\":\"Mandarin Oriental Hotel Group y de The Oberoi Group firman alianza\"}]},{\"@type\":\"WebSite\",\"@id\":\"https:\/\/nitu.mx\/#website\",\"url\":\"https:\/\/nitu.mx\/\",\"name\":\"Nitu - Noticias de la Industria Turistica\",\"description\":\"Noticias de la Industria Turistica\",\"publisher\":{\"@id\":\"https:\/\/nitu.mx\/#\/schema\/person\/ae7a53426417292d3dd07b45a33e01bc\"},\"alternateName\":\"Noticias de la Industria Turistica\",\"potentialAction\":[{\"@type\":\"SearchAction\",\"target\":{\"@type\":\"EntryPoint\",\"urlTemplate\":\"https:\/\/nitu.mx\/?s={search_term_string}\"},\"query-input\":\"required name=search_term_string\"}],\"inLanguage\":\"es-MX\"},{\"@type\":[\"Person\",\"Organization\"],\"@id\":\"https:\/\/nitu.mx\/#\/schema\/person\/ae7a53426417292d3dd07b45a33e01bc\",\"name\":\"Arturo Medina\",\"image\":{\"@type\":\"ImageObject\",\"inLanguage\":\"es-MX\",\"@id\":\"https:\/\/nitu.mx\/#\/schema\/person\/image\/\",\"url\":\"https:\/\/nitu.mx\/wp-content\/uploads\/2024\/04\/4A315622-1904-4D5C-B022-878CDC840E04-90x90-1.jpeg\",\"contentUrl\":\"https:\/\/nitu.mx\/wp-content\/uploads\/2024\/04\/4A315622-1904-4D5C-B022-878CDC840E04-90x90-1.jpeg\",\"width\":90,\"height\":90,\"caption\":\"Arturo Medina\"},\"logo\":{\"@id\":\"https:\/\/nitu.mx\/#\/schema\/person\/image\/\"},\"description\":\"Director NITU.mx, Egresado de la Escuela de Periodismo Carlos Septi\u00e9n Garc\u00eda. Periodista y analista especializado en turismo desde hace 35 a\u00f1os, radicado en Canc\u00fan Q.Roo. arturo@nitu.mx\",\"sameAs\":[\"https:\/\/nitu.mx\",\"https:\/\/www.facebook.com\/NITUmx\/\",\"medinacancun\",\"https:\/\/twitter.com\/@Arturo_Medina_G\"]},{\"@type\":\"Person\",\"@id\":\"https:\/\/nitu.mx\/#\/schema\/person\/4a28fe9bd65924f7c90623773daf1b0b\",\"name\":\"Redacci\u00f3n\",\"image\":{\"@type\":\"ImageObject\",\"inLanguage\":\"es-MX\",\"@id\":\"https:\/\/nitu.mx\/#\/schema\/person\/image\/\",\"url\":\"https:\/\/secure.gravatar.com\/avatar\/5dd011c8ccfc5cd7e4c81e42252aab38?s=96&d=mm&r=g\",\"contentUrl\":\"https:\/\/secure.gravatar.com\/avatar\/5dd011c8ccfc5cd7e4c81e42252aab38?s=96&d=mm&r=g\",\"caption\":\"Redacci\u00f3n\"},\"url\":\"https:\/\/nitu.mx\/index.php\/author\/redaccion\/\"}]}<\/script>\n<!-- \/ Yoast SEO plugin. -->","yoast_head_json":{"title":"Mandarin Oriental Hotel Group y de The Oberoi Group firman alianza - Nitu - Noticias de la Industria Turistica","robots":{"index":"index","follow":"follow","max-snippet":"max-snippet:-1","max-image-preview":"max-image-preview:large","max-video-preview":"max-video-preview:-1"},"canonical":"https:\/\/nitu.mx\/index.php\/2020\/10\/20\/mandarin-oriental-hotel-group-y-de-the-oberoi-group-firman-alianza\/","twitter_card":"summary_large_image","twitter_title":"Mandarin Oriental Hotel Group y de The Oberoi Group firman alianza - Nitu - Noticias de la Industria Turistica","twitter_description":"Mandarin Oriental Hotel Group y The Oberoi Group anunciaron recientemente una alianza estrat\u00e9gica a largo plazo, la cual busca que una colaboraci\u00f3n conjunta en una variedad de iniciativas. Esta asociaci\u00f3n crea una plataforma para que las dos organizaciones trabajen m\u00e1s estrechamente al tiempo que conservan el legado e identidad de cada marca. De acuerdo con [&hellip;]","twitter_image":"https:\/\/nitu.mx\/wp-content\/uploads\/2020\/10\/Mandarin-oriental.jpg","twitter_creator":"@NITUmx","twitter_site":"@Arturo_Medina_G","twitter_misc":{"Escrito por":"Redacci\u00f3n","Tiempo de lectura":"1 minuto"},"schema":{"@context":"https:\/\/schema.org","@graph":[{"@type":"Article","@id":"https:\/\/nitu.mx\/index.php\/2020\/10\/20\/mandarin-oriental-hotel-group-y-de-the-oberoi-group-firman-alianza\/#article","isPartOf":{"@id":"https:\/\/nitu.mx\/index.php\/2020\/10\/20\/mandarin-oriental-hotel-group-y-de-the-oberoi-group-firman-alianza\/"},"author":{"name":"Redacci\u00f3n","@id":"https:\/\/nitu.mx\/#\/schema\/person\/4a28fe9bd65924f7c90623773daf1b0b"},"headline":"Mandarin Oriental Hotel Group y de The Oberoi Group firman alianza","datePublished":"2020-10-20T06:05:42+00:00","dateModified":"2020-10-20T06:20:00+00:00","mainEntityOfPage":{"@id":"https:\/\/nitu.mx\/index.php\/2020\/10\/20\/mandarin-oriental-hotel-group-y-de-the-oberoi-group-firman-alianza\/"},"wordCount":273,"commentCount":0,"publisher":{"@id":"https:\/\/nitu.mx\/#\/schema\/person\/ae7a53426417292d3dd07b45a33e01bc"},"image":{"@id":"https:\/\/nitu.mx\/index.php\/2020\/10\/20\/mandarin-oriental-hotel-group-y-de-the-oberoi-group-firman-alianza\/#primaryimage"},"thumbnailUrl":"https:\/\/nitu.mx\/wp-content\/uploads\/2020\/10\/Mandarin-oriental.jpg","keywords":["Mandarin Oriental Hotel","The Oberoi Group","Vikram Oberoi"],"articleSection":["Hoteles","Internacional"],"inLanguage":"es-MX","potentialAction":[{"@type":"CommentAction","name":"Comment","target":["https:\/\/nitu.mx\/index.php\/2020\/10\/20\/mandarin-oriental-hotel-group-y-de-the-oberoi-group-firman-alianza\/#respond"]}]},{"@type":"WebPage","@id":"https:\/\/nitu.mx\/index.php\/2020\/10\/20\/mandarin-oriental-hotel-group-y-de-the-oberoi-group-firman-alianza\/","url":"https:\/\/nitu.mx\/index.php\/2020\/10\/20\/mandarin-oriental-hotel-group-y-de-the-oberoi-group-firman-alianza\/","name":"Mandarin Oriental Hotel Group y de The Oberoi Group firman alianza - Nitu - Noticias de la Industria Turistica","isPartOf":{"@id":"https:\/\/nitu.mx\/#website"},"primaryImageOfPage":{"@id":"https:\/\/nitu.mx\/index.php\/2020\/10\/20\/mandarin-oriental-hotel-group-y-de-the-oberoi-group-firman-alianza\/#primaryimage"},"image":{"@id":"https:\/\/nitu.mx\/index.php\/2020\/10\/20\/mandarin-oriental-hotel-group-y-de-the-oberoi-group-firman-alianza\/#primaryimage"},"thumbnailUrl":"https:\/\/nitu.mx\/wp-content\/uploads\/2020\/10\/Mandarin-oriental.jpg","datePublished":"2020-10-20T06:05:42+00:00","dateModified":"2020-10-20T06:20:00+00:00","breadcrumb":{"@id":"https:\/\/nitu.mx\/index.php\/2020\/10\/20\/mandarin-oriental-hotel-group-y-de-the-oberoi-group-firman-alianza\/#breadcrumb"},"inLanguage":"es-MX","potentialAction":[{"@type":"ReadAction","target":["https:\/\/nitu.mx\/index.php\/2020\/10\/20\/mandarin-oriental-hotel-group-y-de-the-oberoi-group-firman-alianza\/"]}]},{"@type":"ImageObject","inLanguage":"es-MX","@id":"https:\/\/nitu.mx\/index.php\/2020\/10\/20\/mandarin-oriental-hotel-group-y-de-the-oberoi-group-firman-alianza\/#primaryimage","url":"https:\/\/nitu.mx\/wp-content\/uploads\/2020\/10\/Mandarin-oriental.jpg","contentUrl":"https:\/\/nitu.mx\/wp-content\/uploads\/2020\/10\/Mandarin-oriental.jpg","width":1200,"height":675},{"@type":"BreadcrumbList","@id":"https:\/\/nitu.mx\/index.php\/2020\/10\/20\/mandarin-oriental-hotel-group-y-de-the-oberoi-group-firman-alianza\/#breadcrumb","itemListElement":[{"@type":"ListItem","position":1,"name":"Inicio","item":"https:\/\/nitu.mx\/"},{"@type":"ListItem","position":2,"name":"Mandarin Oriental Hotel Group y de The Oberoi Group firman alianza"}]},{"@type":"WebSite","@id":"https:\/\/nitu.mx\/#website","url":"https:\/\/nitu.mx\/","name":"Nitu - Noticias de la Industria Turistica","description":"Noticias de la Industria Turistica","publisher":{"@id":"https:\/\/nitu.mx\/#\/schema\/person\/ae7a53426417292d3dd07b45a33e01bc"},"alternateName":"Noticias de la Industria Turistica","potentialAction":[{"@type":"SearchAction","target":{"@type":"EntryPoint","urlTemplate":"https:\/\/nitu.mx\/?s={search_term_string}"},"query-input":"required name=search_term_string"}],"inLanguage":"es-MX"},{"@type":["Person","Organization"],"@id":"https:\/\/nitu.mx\/#\/schema\/person\/ae7a53426417292d3dd07b45a33e01bc","name":"Arturo Medina","image":{"@type":"ImageObject","inLanguage":"es-MX","@id":"https:\/\/nitu.mx\/#\/schema\/person\/image\/","url":"https:\/\/nitu.mx\/wp-content\/uploads\/2024\/04\/4A315622-1904-4D5C-B022-878CDC840E04-90x90-1.jpeg","contentUrl":"https:\/\/nitu.mx\/wp-content\/uploads\/2024\/04\/4A315622-1904-4D5C-B022-878CDC840E04-90x90-1.jpeg","width":90,"height":90,"caption":"Arturo Medina"},"logo":{"@id":"https:\/\/nitu.mx\/#\/schema\/person\/image\/"},"description":"Director NITU.mx, Egresado de la Escuela de Periodismo Carlos Septi\u00e9n Garc\u00eda. Periodista y analista especializado en turismo desde hace 35 a\u00f1os, radicado en Canc\u00fan Q.Roo. arturo@nitu.mx","sameAs":["https:\/\/nitu.mx","https:\/\/www.facebook.com\/NITUmx\/","medinacancun","https:\/\/twitter.com\/@Arturo_Medina_G"]},{"@type":"Person","@id":"https:\/\/nitu.mx\/#\/schema\/person\/4a28fe9bd65924f7c90623773daf1b0b","name":"Redacci\u00f3n","image":{"@type":"ImageObject","inLanguage":"es-MX","@id":"https:\/\/nitu.mx\/#\/schema\/person\/image\/","url":"https:\/\/secure.gravatar.com\/avatar\/5dd011c8ccfc5cd7e4c81e42252aab38?s=96&d=mm&r=g","contentUrl":"https:\/\/secure.gravatar.com\/avatar\/5dd011c8ccfc5cd7e4c81e42252aab38?s=96&d=mm&r=g","caption":"Redacci\u00f3n"},"url":"https:\/\/nitu.mx\/index.php\/author\/redaccion\/"}]}},"views":204,"_links":{"self":[{"href":"https:\/\/nitu.mx\/index.php\/wp-json\/wp\/v2\/posts\/47387"}],"collection":[{"href":"https:\/\/nitu.mx\/index.php\/wp-json\/wp\/v2\/posts"}],"about":[{"href":"https:\/\/nitu.mx\/index.php\/wp-json\/wp\/v2\/types\/post"}],"author":[{"embeddable":true,"href":"https:\/\/nitu.mx\/index.php\/wp-json\/wp\/v2\/users\/17"}],"replies":[{"embeddable":true,"href":"https:\/\/nitu.mx\/index.php\/wp-json\/wp\/v2\/comments?post=47387"}],"version-history":[{"count":2,"href":"https:\/\/nitu.mx\/index.php\/wp-json\/wp\/v2\/posts\/47387\/revisions"}],"predecessor-version":[{"id":47403,"href":"https:\/\/nitu.mx\/index.php\/wp-json\/wp\/v2\/posts\/47387\/revisions\/47403"}],"wp:featuredmedia":[{"embeddable":true,"href":"https:\/\/nitu.mx\/index.php\/wp-json\/wp\/v2\/media\/47399"}],"wp:attachment":[{"href":"https:\/\/nitu.mx\/index.php\/wp-json\/wp\/v2\/media?parent=47387"}],"wp:term":[{"taxonomy":"category","embeddable":true,"href":"https:\/\/nitu.mx\/index.php\/wp-json\/wp\/v2\/categories?post=47387"},{"taxonomy":"post_tag","embeddable":true,"href":"https:\/\/nitu.mx\/index.php\/wp-json\/wp\/v2\/tags?post=47387"}],"curies":[{"name":"wp","href":"https:\/\/api.w.org\/{rel}","templated":true}]}}