{"id":47290,"date":"2020-10-16T00:21:03","date_gmt":"2020-10-16T05:21:03","guid":{"rendered":"https:\/\/www.dev.nitu.mx\/?p=47290"},"modified":"2020-10-16T02:15:00","modified_gmt":"2020-10-16T07:15:00","slug":"hoteleros-critican-poco-apoyo-al-turismo-durante-pandemia","status":"publish","type":"post","link":"https:\/\/nitu.mx\/index.php\/2020\/10\/16\/hoteleros-critican-poco-apoyo-al-turismo-durante-pandemia\/","title":{"rendered":"Hoteleros critican poco apoyo al turismo durante pandemia"},"content":{"rendered":"\n<p>Las empresas hoteleras instaladas en principales polos tur\u00edsticos del pa\u00eds como Los Cabos, Mazatl\u00e1n y Riviera Maya, sobreviven al impacto de la pandemia por el COVID-19 con restricciones a la movilidad y la reapertura del sector; sin embargo, cuestionan la falta de apoyo por parte del gobierno para incentivar el turismo ante la emergencia.<\/p>\n\n\n\n<p>Empresarios, l\u00edderes y analistas reunidos en el foro \u201cGlobal Travel\u201d de EL FINANCIERO con la ponencia &#8220;\u00bfQu\u00e9 ven los inversionistas en materia de turismo?&#8221; se\u00f1alaron la importancia de contar con un fondo de recursos suficientes para paliar los efectos negativos de la pandemia ante el cierre de algunos hoteles por hasta 90 d\u00edas y en algunos casos sufrir quiebras o reconversiones.<\/p>\n\n\n\n<p>\u201cMientras no tengamos un fondo que se genere con el mismo flujo tur\u00edstico, todos los esfuerzos que quiera hacer la Secretar\u00eda de Turismo y los gobiernos estatales son in\u00fatiles, es muy poco lo que se puede lograr\u201d, se\u00f1al\u00f3 Ernesto Coppel, presidente de Grupo Pueblo Bonito.<\/p>\n\n\n\n<p>Agreg\u00f3 que gracias al turismo carretero, la empresa ha logrado recuperar hasta 85 por ciento los niveles de ocupaci\u00f3n hotelera en ciudades como Mazatl\u00e1n y Los Cabos, aunque se\u00f1al\u00f3 que por el impacto econ\u00f3mico se han detenido proyectos en San Miguel de Allende y Canc\u00fan por hasta dos a\u00f1os.<\/p>\n\n\n\n<p>Por su parte, Alejandro Zozaya, presidente Ejecutivo de Apple Leisure Group, dijo que, a nivel nacional, durante el verano el mercado reaccion\u00f3 bien con ocupaciones entre el 30 y 40 por ciento, mientras en Quintana Roo, donde operan, super\u00f3 hasta 55 por ciento. (<a href=\"https:\/\/www.dev.nitu.mx\/index.php\/2020\/09\/21\/hoteleros-del-caribe-mexicano-preven-ralentizacion-de-la-recuperacion-turistica\/\">Hoteleros del Caribe mexicano prev\u00e9n ralentizaci\u00f3n de la recuperaci\u00f3n tur\u00edstica<\/a>).<\/p>\n\n\n\n<p>Una de las principales preocupaciones de la firma es el desperfilamiento de los turistas promedio y la ca\u00edda en la actividad del turismo de reuniones y convenciones.<\/p>\n\n\n\n<p>\u201cM\u00e9xico ha tenido una recuperaci\u00f3n m\u00e1s r\u00e1pida, particularmente Quintana Roo; sin embargo, hay mucho por hacer, ojal\u00e1 tuvi\u00e9ramos un presidente que le interese el turismo y entendiera sus beneficios\u201d, dijo. Se\u00f1al\u00f3 que un bajo presupuesto a las dependencias relacionadas como la Sectur dificulta la cooperaci\u00f3n para atender este problema.<\/p>\n\n\n\n<p>Coment\u00f3 la necesidad de homologar los protocolos con los pa\u00edses miembros del G20 para implementar las mismas reglas y mover a m\u00e1s del 80 por ciento del turismo mundial, de forma segura, por lo menos en los pr\u00f3ximos dos a\u00f1os mientras no exista efectividad de una vacuna contra el virus.<\/p>\n\n\n\n<p>Finalmente, Jos\u00e9 Chapur, presidente de Grupo Palace Resorts, cadena que opera en M\u00e9xico y el Caribe, dijo que la pandemia ha mostrado que existe mayor confianza en los viajeros que ingresan al pa\u00eds, por menores restricciones y m\u00e1s protocolos sanitarios, sin embargo sin coordinaci\u00f3n con el gobierno ven dif\u00edcil la recuperaci\u00f3n del sector hotelero en el mediano plazo.<\/p>\n\n\n\n<p>\u201cHay buena disposici\u00f3n pero no es suficiente, ojal\u00e1 que pronto el Consejo y Diplomacia (antes Consejo de Promoci\u00f3n Tur\u00edstica) pueda actuar, hemos tenido participaci\u00f3n pr\u00e1cticamente nula y no hemos avanzado, necesitamos que pueda funcionar bien\u201d, se\u00f1al\u00f3.<\/p>\n","protected":false},"excerpt":{"rendered":"<p>Las empresas hoteleras instaladas en principales polos tur\u00edsticos del pa\u00eds como Los Cabos, Mazatl\u00e1n y Riviera Maya, sobreviven al impacto de la pandemia por el COVID-19 con restricciones a la movilidad y la reapertura del sector; sin embargo, cuestionan la falta de apoyo por parte del gobierno para incentivar el turismo ante la emergencia. Empresarios, [&hellip;]<\/p>\n","protected":false},"author":17,"featured_media":27976,"comment_status":"open","ping_status":"open","sticky":false,"template":"","format":"standard","meta":{"footnotes":""},"categories":[2,6],"tags":[20876,130,443,80],"yoast_head":"<!-- This site is optimized with the Yoast SEO plugin v22.2 - https:\/\/yoast.com\/wordpress\/plugins\/seo\/ -->\n<title>Hoteleros critican poco apoyo al turismo durante pandemia - Nitu - Noticias de la Industria Turistica<\/title>\n<meta name=\"robots\" content=\"index, follow, max-snippet:-1, max-image-preview:large, max-video-preview:-1\" \/>\n<link rel=\"canonical\" href=\"https:\/\/nitu.mx\/index.php\/2020\/10\/16\/hoteleros-critican-poco-apoyo-al-turismo-durante-pandemia\/\" \/>\n<meta name=\"twitter:card\" content=\"summary_large_image\" \/>\n<meta name=\"twitter:title\" content=\"Hoteleros critican poco apoyo al turismo durante pandemia - Nitu - Noticias de la Industria Turistica\" \/>\n<meta name=\"twitter:description\" content=\"Las empresas hoteleras instaladas en principales polos tur\u00edsticos del pa\u00eds como Los Cabos, Mazatl\u00e1n y Riviera Maya, sobreviven al impacto de la pandemia por el COVID-19 con restricciones a la movilidad y la reapertura del sector; sin embargo, cuestionan la falta de apoyo por parte del gobierno para incentivar el turismo ante la emergencia. Empresarios, [&hellip;]\" \/>\n<meta name=\"twitter:image\" content=\"https:\/\/nitu.mx\/wp-content\/uploads\/2019\/01\/Riviera-maya-ok-1.jpg\" \/>\n<meta name=\"twitter:creator\" content=\"@NITUmx\" \/>\n<meta name=\"twitter:site\" content=\"@Arturo_Medina_G\" \/>\n<meta name=\"twitter:label1\" content=\"Escrito por\" \/>\n\t<meta name=\"twitter:data1\" content=\"Redacci\u00f3n\" \/>\n\t<meta name=\"twitter:label2\" content=\"Tiempo de lectura\" \/>\n\t<meta name=\"twitter:data2\" content=\"3 minutos\" \/>\n<script type=\"application\/ld+json\" class=\"yoast-schema-graph\">{\"@context\":\"https:\/\/schema.org\",\"@graph\":[{\"@type\":\"Article\",\"@id\":\"https:\/\/nitu.mx\/index.php\/2020\/10\/16\/hoteleros-critican-poco-apoyo-al-turismo-durante-pandemia\/#article\",\"isPartOf\":{\"@id\":\"https:\/\/nitu.mx\/index.php\/2020\/10\/16\/hoteleros-critican-poco-apoyo-al-turismo-durante-pandemia\/\"},\"author\":{\"name\":\"Redacci\u00f3n\",\"@id\":\"https:\/\/nitu.mx\/#\/schema\/person\/4a28fe9bd65924f7c90623773daf1b0b\"},\"headline\":\"Hoteleros critican poco apoyo al turismo durante pandemia\",\"datePublished\":\"2020-10-16T05:21:03+00:00\",\"dateModified\":\"2020-10-16T07:15:00+00:00\",\"mainEntityOfPage\":{\"@id\":\"https:\/\/nitu.mx\/index.php\/2020\/10\/16\/hoteleros-critican-poco-apoyo-al-turismo-durante-pandemia\/\"},\"wordCount\":528,\"commentCount\":0,\"publisher\":{\"@id\":\"https:\/\/nitu.mx\/#\/schema\/person\/ae7a53426417292d3dd07b45a33e01bc\"},\"image\":{\"@id\":\"https:\/\/nitu.mx\/index.php\/2020\/10\/16\/hoteleros-critican-poco-apoyo-al-turismo-durante-pandemia\/#primaryimage\"},\"thumbnailUrl\":\"https:\/\/nitu.mx\/wp-content\/uploads\/2019\/01\/Riviera-maya-ok-1.jpg\",\"keywords\":[\"Global Travel\",\"Los Cabos\",\"Mazatl\u00e1n\",\"Riviera Maya\"],\"articleSection\":[\"Hoteles\",\"M\u00e9xico\"],\"inLanguage\":\"es-MX\",\"potentialAction\":[{\"@type\":\"CommentAction\",\"name\":\"Comment\",\"target\":[\"https:\/\/nitu.mx\/index.php\/2020\/10\/16\/hoteleros-critican-poco-apoyo-al-turismo-durante-pandemia\/#respond\"]}]},{\"@type\":\"WebPage\",\"@id\":\"https:\/\/nitu.mx\/index.php\/2020\/10\/16\/hoteleros-critican-poco-apoyo-al-turismo-durante-pandemia\/\",\"url\":\"https:\/\/nitu.mx\/index.php\/2020\/10\/16\/hoteleros-critican-poco-apoyo-al-turismo-durante-pandemia\/\",\"name\":\"Hoteleros critican poco apoyo al turismo durante pandemia - Nitu - Noticias de la Industria Turistica\",\"isPartOf\":{\"@id\":\"https:\/\/nitu.mx\/#website\"},\"primaryImageOfPage\":{\"@id\":\"https:\/\/nitu.mx\/index.php\/2020\/10\/16\/hoteleros-critican-poco-apoyo-al-turismo-durante-pandemia\/#primaryimage\"},\"image\":{\"@id\":\"https:\/\/nitu.mx\/index.php\/2020\/10\/16\/hoteleros-critican-poco-apoyo-al-turismo-durante-pandemia\/#primaryimage\"},\"thumbnailUrl\":\"https:\/\/nitu.mx\/wp-content\/uploads\/2019\/01\/Riviera-maya-ok-1.jpg\",\"datePublished\":\"2020-10-16T05:21:03+00:00\",\"dateModified\":\"2020-10-16T07:15:00+00:00\",\"breadcrumb\":{\"@id\":\"https:\/\/nitu.mx\/index.php\/2020\/10\/16\/hoteleros-critican-poco-apoyo-al-turismo-durante-pandemia\/#breadcrumb\"},\"inLanguage\":\"es-MX\",\"potentialAction\":[{\"@type\":\"ReadAction\",\"target\":[\"https:\/\/nitu.mx\/index.php\/2020\/10\/16\/hoteleros-critican-poco-apoyo-al-turismo-durante-pandemia\/\"]}]},{\"@type\":\"ImageObject\",\"inLanguage\":\"es-MX\",\"@id\":\"https:\/\/nitu.mx\/index.php\/2020\/10\/16\/hoteleros-critican-poco-apoyo-al-turismo-durante-pandemia\/#primaryimage\",\"url\":\"https:\/\/nitu.mx\/wp-content\/uploads\/2019\/01\/Riviera-maya-ok-1.jpg\",\"contentUrl\":\"https:\/\/nitu.mx\/wp-content\/uploads\/2019\/01\/Riviera-maya-ok-1.jpg\",\"width\":850,\"height\":480,\"caption\":\"riviera maya tarifas Quintana Roo caribe mexicano\"},{\"@type\":\"BreadcrumbList\",\"@id\":\"https:\/\/nitu.mx\/index.php\/2020\/10\/16\/hoteleros-critican-poco-apoyo-al-turismo-durante-pandemia\/#breadcrumb\",\"itemListElement\":[{\"@type\":\"ListItem\",\"position\":1,\"name\":\"Inicio\",\"item\":\"https:\/\/nitu.mx\/\"},{\"@type\":\"ListItem\",\"position\":2,\"name\":\"Hoteleros critican poco apoyo al turismo durante pandemia\"}]},{\"@type\":\"WebSite\",\"@id\":\"https:\/\/nitu.mx\/#website\",\"url\":\"https:\/\/nitu.mx\/\",\"name\":\"Nitu - Noticias de la Industria Turistica\",\"description\":\"Noticias de la Industria Turistica\",\"publisher\":{\"@id\":\"https:\/\/nitu.mx\/#\/schema\/person\/ae7a53426417292d3dd07b45a33e01bc\"},\"alternateName\":\"Noticias de la Industria Turistica\",\"potentialAction\":[{\"@type\":\"SearchAction\",\"target\":{\"@type\":\"EntryPoint\",\"urlTemplate\":\"https:\/\/nitu.mx\/?s={search_term_string}\"},\"query-input\":\"required name=search_term_string\"}],\"inLanguage\":\"es-MX\"},{\"@type\":[\"Person\",\"Organization\"],\"@id\":\"https:\/\/nitu.mx\/#\/schema\/person\/ae7a53426417292d3dd07b45a33e01bc\",\"name\":\"Arturo Medina\",\"image\":{\"@type\":\"ImageObject\",\"inLanguage\":\"es-MX\",\"@id\":\"https:\/\/nitu.mx\/#\/schema\/person\/image\/\",\"url\":\"https:\/\/nitu.mx\/wp-content\/uploads\/2024\/04\/4A315622-1904-4D5C-B022-878CDC840E04-90x90-1.jpeg\",\"contentUrl\":\"https:\/\/nitu.mx\/wp-content\/uploads\/2024\/04\/4A315622-1904-4D5C-B022-878CDC840E04-90x90-1.jpeg\",\"width\":90,\"height\":90,\"caption\":\"Arturo Medina\"},\"logo\":{\"@id\":\"https:\/\/nitu.mx\/#\/schema\/person\/image\/\"},\"description\":\"Director NITU.mx, Egresado de la Escuela de Periodismo Carlos Septi\u00e9n Garc\u00eda. Periodista y analista especializado en turismo desde hace 35 a\u00f1os, radicado en Canc\u00fan Q.Roo. arturo@nitu.mx\",\"sameAs\":[\"https:\/\/nitu.mx\",\"https:\/\/www.facebook.com\/NITUmx\/\",\"medinacancun\",\"https:\/\/twitter.com\/@Arturo_Medina_G\"]},{\"@type\":\"Person\",\"@id\":\"https:\/\/nitu.mx\/#\/schema\/person\/4a28fe9bd65924f7c90623773daf1b0b\",\"name\":\"Redacci\u00f3n\",\"image\":{\"@type\":\"ImageObject\",\"inLanguage\":\"es-MX\",\"@id\":\"https:\/\/nitu.mx\/#\/schema\/person\/image\/\",\"url\":\"https:\/\/secure.gravatar.com\/avatar\/5dd011c8ccfc5cd7e4c81e42252aab38?s=96&d=mm&r=g\",\"contentUrl\":\"https:\/\/secure.gravatar.com\/avatar\/5dd011c8ccfc5cd7e4c81e42252aab38?s=96&d=mm&r=g\",\"caption\":\"Redacci\u00f3n\"},\"url\":\"https:\/\/nitu.mx\/index.php\/author\/redaccion\/\"}]}<\/script>\n<!-- \/ Yoast SEO plugin. -->","yoast_head_json":{"title":"Hoteleros critican poco apoyo al turismo durante pandemia - Nitu - Noticias de la Industria Turistica","robots":{"index":"index","follow":"follow","max-snippet":"max-snippet:-1","max-image-preview":"max-image-preview:large","max-video-preview":"max-video-preview:-1"},"canonical":"https:\/\/nitu.mx\/index.php\/2020\/10\/16\/hoteleros-critican-poco-apoyo-al-turismo-durante-pandemia\/","twitter_card":"summary_large_image","twitter_title":"Hoteleros critican poco apoyo al turismo durante pandemia - Nitu - Noticias de la Industria Turistica","twitter_description":"Las empresas hoteleras instaladas en principales polos tur\u00edsticos del pa\u00eds como Los Cabos, Mazatl\u00e1n y Riviera Maya, sobreviven al impacto de la pandemia por el COVID-19 con restricciones a la movilidad y la reapertura del sector; sin embargo, cuestionan la falta de apoyo por parte del gobierno para incentivar el turismo ante la emergencia. Empresarios, [&hellip;]","twitter_image":"https:\/\/nitu.mx\/wp-content\/uploads\/2019\/01\/Riviera-maya-ok-1.jpg","twitter_creator":"@NITUmx","twitter_site":"@Arturo_Medina_G","twitter_misc":{"Escrito por":"Redacci\u00f3n","Tiempo de lectura":"3 minutos"},"schema":{"@context":"https:\/\/schema.org","@graph":[{"@type":"Article","@id":"https:\/\/nitu.mx\/index.php\/2020\/10\/16\/hoteleros-critican-poco-apoyo-al-turismo-durante-pandemia\/#article","isPartOf":{"@id":"https:\/\/nitu.mx\/index.php\/2020\/10\/16\/hoteleros-critican-poco-apoyo-al-turismo-durante-pandemia\/"},"author":{"name":"Redacci\u00f3n","@id":"https:\/\/nitu.mx\/#\/schema\/person\/4a28fe9bd65924f7c90623773daf1b0b"},"headline":"Hoteleros critican poco apoyo al turismo durante pandemia","datePublished":"2020-10-16T05:21:03+00:00","dateModified":"2020-10-16T07:15:00+00:00","mainEntityOfPage":{"@id":"https:\/\/nitu.mx\/index.php\/2020\/10\/16\/hoteleros-critican-poco-apoyo-al-turismo-durante-pandemia\/"},"wordCount":528,"commentCount":0,"publisher":{"@id":"https:\/\/nitu.mx\/#\/schema\/person\/ae7a53426417292d3dd07b45a33e01bc"},"image":{"@id":"https:\/\/nitu.mx\/index.php\/2020\/10\/16\/hoteleros-critican-poco-apoyo-al-turismo-durante-pandemia\/#primaryimage"},"thumbnailUrl":"https:\/\/nitu.mx\/wp-content\/uploads\/2019\/01\/Riviera-maya-ok-1.jpg","keywords":["Global Travel","Los Cabos","Mazatl\u00e1n","Riviera Maya"],"articleSection":["Hoteles","M\u00e9xico"],"inLanguage":"es-MX","potentialAction":[{"@type":"CommentAction","name":"Comment","target":["https:\/\/nitu.mx\/index.php\/2020\/10\/16\/hoteleros-critican-poco-apoyo-al-turismo-durante-pandemia\/#respond"]}]},{"@type":"WebPage","@id":"https:\/\/nitu.mx\/index.php\/2020\/10\/16\/hoteleros-critican-poco-apoyo-al-turismo-durante-pandemia\/","url":"https:\/\/nitu.mx\/index.php\/2020\/10\/16\/hoteleros-critican-poco-apoyo-al-turismo-durante-pandemia\/","name":"Hoteleros critican poco apoyo al turismo durante pandemia - Nitu - Noticias de la Industria Turistica","isPartOf":{"@id":"https:\/\/nitu.mx\/#website"},"primaryImageOfPage":{"@id":"https:\/\/nitu.mx\/index.php\/2020\/10\/16\/hoteleros-critican-poco-apoyo-al-turismo-durante-pandemia\/#primaryimage"},"image":{"@id":"https:\/\/nitu.mx\/index.php\/2020\/10\/16\/hoteleros-critican-poco-apoyo-al-turismo-durante-pandemia\/#primaryimage"},"thumbnailUrl":"https:\/\/nitu.mx\/wp-content\/uploads\/2019\/01\/Riviera-maya-ok-1.jpg","datePublished":"2020-10-16T05:21:03+00:00","dateModified":"2020-10-16T07:15:00+00:00","breadcrumb":{"@id":"https:\/\/nitu.mx\/index.php\/2020\/10\/16\/hoteleros-critican-poco-apoyo-al-turismo-durante-pandemia\/#breadcrumb"},"inLanguage":"es-MX","potentialAction":[{"@type":"ReadAction","target":["https:\/\/nitu.mx\/index.php\/2020\/10\/16\/hoteleros-critican-poco-apoyo-al-turismo-durante-pandemia\/"]}]},{"@type":"ImageObject","inLanguage":"es-MX","@id":"https:\/\/nitu.mx\/index.php\/2020\/10\/16\/hoteleros-critican-poco-apoyo-al-turismo-durante-pandemia\/#primaryimage","url":"https:\/\/nitu.mx\/wp-content\/uploads\/2019\/01\/Riviera-maya-ok-1.jpg","contentUrl":"https:\/\/nitu.mx\/wp-content\/uploads\/2019\/01\/Riviera-maya-ok-1.jpg","width":850,"height":480,"caption":"riviera maya tarifas Quintana Roo caribe mexicano"},{"@type":"BreadcrumbList","@id":"https:\/\/nitu.mx\/index.php\/2020\/10\/16\/hoteleros-critican-poco-apoyo-al-turismo-durante-pandemia\/#breadcrumb","itemListElement":[{"@type":"ListItem","position":1,"name":"Inicio","item":"https:\/\/nitu.mx\/"},{"@type":"ListItem","position":2,"name":"Hoteleros critican poco apoyo al turismo durante pandemia"}]},{"@type":"WebSite","@id":"https:\/\/nitu.mx\/#website","url":"https:\/\/nitu.mx\/","name":"Nitu - Noticias de la Industria Turistica","description":"Noticias de la Industria Turistica","publisher":{"@id":"https:\/\/nitu.mx\/#\/schema\/person\/ae7a53426417292d3dd07b45a33e01bc"},"alternateName":"Noticias de la Industria Turistica","potentialAction":[{"@type":"SearchAction","target":{"@type":"EntryPoint","urlTemplate":"https:\/\/nitu.mx\/?s={search_term_string}"},"query-input":"required name=search_term_string"}],"inLanguage":"es-MX"},{"@type":["Person","Organization"],"@id":"https:\/\/nitu.mx\/#\/schema\/person\/ae7a53426417292d3dd07b45a33e01bc","name":"Arturo Medina","image":{"@type":"ImageObject","inLanguage":"es-MX","@id":"https:\/\/nitu.mx\/#\/schema\/person\/image\/","url":"https:\/\/nitu.mx\/wp-content\/uploads\/2024\/04\/4A315622-1904-4D5C-B022-878CDC840E04-90x90-1.jpeg","contentUrl":"https:\/\/nitu.mx\/wp-content\/uploads\/2024\/04\/4A315622-1904-4D5C-B022-878CDC840E04-90x90-1.jpeg","width":90,"height":90,"caption":"Arturo Medina"},"logo":{"@id":"https:\/\/nitu.mx\/#\/schema\/person\/image\/"},"description":"Director NITU.mx, Egresado de la Escuela de Periodismo Carlos Septi\u00e9n Garc\u00eda. Periodista y analista especializado en turismo desde hace 35 a\u00f1os, radicado en Canc\u00fan Q.Roo. arturo@nitu.mx","sameAs":["https:\/\/nitu.mx","https:\/\/www.facebook.com\/NITUmx\/","medinacancun","https:\/\/twitter.com\/@Arturo_Medina_G"]},{"@type":"Person","@id":"https:\/\/nitu.mx\/#\/schema\/person\/4a28fe9bd65924f7c90623773daf1b0b","name":"Redacci\u00f3n","image":{"@type":"ImageObject","inLanguage":"es-MX","@id":"https:\/\/nitu.mx\/#\/schema\/person\/image\/","url":"https:\/\/secure.gravatar.com\/avatar\/5dd011c8ccfc5cd7e4c81e42252aab38?s=96&d=mm&r=g","contentUrl":"https:\/\/secure.gravatar.com\/avatar\/5dd011c8ccfc5cd7e4c81e42252aab38?s=96&d=mm&r=g","caption":"Redacci\u00f3n"},"url":"https:\/\/nitu.mx\/index.php\/author\/redaccion\/"}]}},"views":274,"_links":{"self":[{"href":"https:\/\/nitu.mx\/index.php\/wp-json\/wp\/v2\/posts\/47290"}],"collection":[{"href":"https:\/\/nitu.mx\/index.php\/wp-json\/wp\/v2\/posts"}],"about":[{"href":"https:\/\/nitu.mx\/index.php\/wp-json\/wp\/v2\/types\/post"}],"author":[{"embeddable":true,"href":"https:\/\/nitu.mx\/index.php\/wp-json\/wp\/v2\/users\/17"}],"replies":[{"embeddable":true,"href":"https:\/\/nitu.mx\/index.php\/wp-json\/wp\/v2\/comments?post=47290"}],"version-history":[{"count":4,"href":"https:\/\/nitu.mx\/index.php\/wp-json\/wp\/v2\/posts\/47290\/revisions"}],"predecessor-version":[{"id":47310,"href":"https:\/\/nitu.mx\/index.php\/wp-json\/wp\/v2\/posts\/47290\/revisions\/47310"}],"wp:featuredmedia":[{"embeddable":true,"href":"https:\/\/nitu.mx\/index.php\/wp-json\/wp\/v2\/media\/27976"}],"wp:attachment":[{"href":"https:\/\/nitu.mx\/index.php\/wp-json\/wp\/v2\/media?parent=47290"}],"wp:term":[{"taxonomy":"category","embeddable":true,"href":"https:\/\/nitu.mx\/index.php\/wp-json\/wp\/v2\/categories?post=47290"},{"taxonomy":"post_tag","embeddable":true,"href":"https:\/\/nitu.mx\/index.php\/wp-json\/wp\/v2\/tags?post=47290"}],"curies":[{"name":"wp","href":"https:\/\/api.w.org\/{rel}","templated":true}]}}