{"id":47235,"date":"2020-10-15T00:33:07","date_gmt":"2020-10-15T05:33:07","guid":{"rendered":"https:\/\/www.dev.nitu.mx\/?p=47235"},"modified":"2020-10-15T01:48:39","modified_gmt":"2020-10-15T06:48:39","slug":"cptq-lanza-video-campana-para-industria-de-reuniones","status":"publish","type":"post","link":"https:\/\/nitu.mx\/index.php\/2020\/10\/15\/cptq-lanza-video-campana-para-industria-de-reuniones\/","title":{"rendered":"CPTQ lanza video-campa\u00f1a para Industria de Reuniones"},"content":{"rendered":"<p>El Consejo de Promoci\u00f3n Tur\u00edstica de Quintana Roo (CPTQ), encabezado por el Ing. Dar\u00edo Flota Ocampo, lanz\u00f3 en redes sociales el video para impulsar la Industria de Reuniones que se desprende de la campa\u00f1a \u201cCaribe Mexicano, Lo Mejor de Dos Mundos\u201d.<\/p>\n<p>El video resalta los escenarios donde los eventos toman un nuevo significado, la mezcla entre las majestuosas sedes naturales como playas, cenotes o incluso parques, jardines y terrazas a la orilla del mar adem\u00e1s de la infraestructura hotelera del Caribe Mexicano y las incomparables celebraciones mexicanas donde las reuniones se vuelven intercambio de conocimientos y de alegr\u00eda compartida, destacando que en Quintana Roo siempre se encuentra algo m\u00e1s que solo un viaje de negocios.<\/p>\n<p>\u201cCon esta campa\u00f1a se busca destacar la diversidad de escenarios que ofrece el Caribe Mexicano para llevar a cabo cualquier tipo de evento, en donde recintos innovadores, el dise\u00f1o y la tecnolog\u00eda se fusionan con la cultura maya, y nuestros visitantes podr\u00e1n conectar con la naturaleza para crear un verdadero equipo, disfrutando siempre de la inigualable hospitalidad mexicana\u201d, coment\u00f3 Dar\u00edo Flota Ocampo, director general del CPTQ.<\/p>\n<p>Quintana Roo cuenta con 3 centros de convenciones ubicados en Canc\u00fan, Chetumal y Cozumel, as\u00ed como los mejores DMC &#8216;s (Destination Management Companies), compa\u00f1\u00edas de producci\u00f3n de eventos, audio y video, servicios aduanales, servicio de banquetes, traducci\u00f3n simult\u00e1nea, entre muchos otros. Adicionalmente, ofrece la tecnolog\u00eda m\u00e1s avanzada que existe en el mercado con los m\u00e1s altos est\u00e1ndares de calidad y tasa cero del Impuesto al Valor Agregado (IVA) para grupos internacionales.<\/p>\n<p>Para la realizaci\u00f3n de Reuniones, Incentivos, Convenciones y Exposiciones (Meetings, Incentives, Conventions and Exhibitions), Canc\u00fan ofrece m\u00e1s de 190 hoteles y resorts, de los cuales 50 tienen salones y m\u00e1s de 37,300 habitaciones disponibles para eventos y reuniones. Asimismo, en la Riviera Maya existen 20,000 habitaciones disponibles en 50 hoteles y resorts. En Isla Cozumel se tienen espacios para la Industria de Reuniones de 10,055 m2 en salones y 2,437 habitaciones. Costa Mujeres tiene 9 hoteles con salones, as\u00ed como 3,772 habitaciones y 13,245 m2 en salones. Por su parte, Chetumal cuenta con 462 habitaciones y 5 hoteles que ofrecen 5,307 m2c en salones para eventos.<\/p>\n<p>El Caribe Mexicano es miembro de asociaciones mundiales de la Industria de Reuniones tales como International Congress &amp; Convention Association (ICCA), Meeting Professionals International (MPI), Society for Incentive Travel Excellence (SITE), Destinations International (DI) y Professional Convention Management Association (PCMA), adem\u00e1s el destino cuenta con un cap\u00edtulo de Meeting Professionals International (MPI), la asociaci\u00f3n de industria de eventos y reuniones m\u00e1s grande del mundo fundada en 1972.<\/p>\n<p>De acuerdo con informaci\u00f3n del Consejo Mexicano de la Industria de Reuniones (COMIR), el a\u00f1o pasado esta industria produjo 320 mil eventos con 35 millones de participantes y 29 millones de cuartos noche, generando 1 mill\u00f3n 71 mil empleos para el sector hotelero mexicano.<\/p>\n<p>Tras el anuncio de la reapertura tur\u00edstica en Quintana Roo en junio pasado, aerol\u00edneas de M\u00e9xico, Estados Unidos y Canad\u00e1 han reanudado e incluso incrementado el n\u00famero de vuelos hacia Canc\u00fan, Cozumel y Chetumal. A la fecha, se tiene nuevamente conexi\u00f3n con Europa con vuelos desde Frankfurt, Par\u00eds y Z\u00farich hacia el Aeropuerto Internacional de Canc\u00fan, a trav\u00e9s de las aerol\u00edneas Lufthansa, Air France y Edelweiss, respectivamente.<\/p>\n<p>En Quintana Roo, la protecci\u00f3n de la salud p\u00fablica sigue siendo la m\u00e1xima prioridad en la estrategia de reapertura, la cual est\u00e1 siendo gradual, ordenada y responsable para brindar mayor seguridad a los ciudadanos y visitantes. Prueba de ello es la efectividad de los protocolos implementados que, a cuatro meses de la reapertura tur\u00edstica, los niveles de contagio contin\u00faan a la baja; el estado acumula menos del 2% del total de casos registrados de COVID-19 en el pa\u00eds.<\/p>\n<p>A partir del d\u00eda 21 de septiembre, Quintana Roo se encuentra en color amarillo del Sem\u00e1foro Epidemiol\u00f3gico Estatal, por lo que hoteles, restaurantes, parques tem\u00e1ticos y tiendas departamentales pueden operar al 60% de su capacidad, todos ellos con protocolos y medidas sanitarias correspondientes. (<a title=\"Presenta CPTQ avances de la reactivaci\u00f3n tur\u00edstica en el Caribe Mexicano\" href=\"https:\/\/www.dev.nitu.mx\/index.php\/2020\/08\/27\/presenta-cptq-avances-de-la-reactivacion-turistica-en-el-caribe-mexicano\/\" rel=\"bookmark\">Presenta CPTQ avances de la reactivaci\u00f3n tur\u00edstica en el Caribe Mexicano<\/a>).<\/p>\n<p>Para el segmento MICE se ha incrementado la capacidad para operar: para lugares al aire libre la capacidad m\u00e1xima es del 50%, mientras que en espacios cerrados la operaci\u00f3n m\u00e1xima es de 30%, de acuerdo con la capacidad de cada recinto.<\/p>\n","protected":false},"excerpt":{"rendered":"<p>El Consejo de Promoci\u00f3n Tur\u00edstica de Quintana Roo (CPTQ), encabezado por el Ing. Dar\u00edo Flota Ocampo, lanz\u00f3 en redes sociales el video para impulsar la Industria de Reuniones que se desprende de la campa\u00f1a \u201cCaribe Mexicano, Lo Mejor de Dos Mundos\u201d. El video resalta los escenarios donde los eventos toman un nuevo significado, la mezcla [&hellip;]<\/p>\n","protected":false},"author":3,"featured_media":47248,"comment_status":"open","ping_status":"open","sticky":false,"template":"","format":"standard","meta":{"footnotes":""},"categories":[18475,12],"tags":[83,3161,20853,744],"yoast_head":"<!-- This site is optimized with the Yoast SEO plugin v22.2 - https:\/\/yoast.com\/wordpress\/plugins\/seo\/ -->\n<title>CPTQ lanza video-campa\u00f1a para Industria de Reuniones - Nitu - Noticias de la Industria Turistica<\/title>\n<meta name=\"robots\" content=\"index, follow, max-snippet:-1, max-image-preview:large, max-video-preview:-1\" \/>\n<link rel=\"canonical\" href=\"https:\/\/nitu.mx\/index.php\/2020\/10\/15\/cptq-lanza-video-campana-para-industria-de-reuniones\/\" \/>\n<meta name=\"twitter:card\" content=\"summary_large_image\" \/>\n<meta name=\"twitter:title\" content=\"CPTQ lanza video-campa\u00f1a para Industria de Reuniones - Nitu - Noticias de la Industria Turistica\" \/>\n<meta name=\"twitter:description\" content=\"El Consejo de Promoci\u00f3n Tur\u00edstica de Quintana Roo (CPTQ), encabezado por el Ing. Dar\u00edo Flota Ocampo, lanz\u00f3 en redes sociales el video para impulsar la Industria de Reuniones que se desprende de la campa\u00f1a \u201cCaribe Mexicano, Lo Mejor de Dos Mundos\u201d. El video resalta los escenarios donde los eventos toman un nuevo significado, la mezcla [&hellip;]\" \/>\n<meta name=\"twitter:image\" content=\"https:\/\/nitu.mx\/wp-content\/uploads\/2020\/10\/cptq-turismo-de-reuniones.jpg\" \/>\n<meta name=\"twitter:creator\" content=\"@NITUmx\" \/>\n<meta name=\"twitter:site\" content=\"@Arturo_Medina_G\" \/>\n<meta name=\"twitter:label1\" content=\"Escrito por\" \/>\n\t<meta name=\"twitter:data1\" content=\"Alejandra Moncisbays\" \/>\n\t<meta name=\"twitter:label2\" content=\"Tiempo de lectura\" \/>\n\t<meta name=\"twitter:data2\" content=\"4 minutos\" \/>\n<script type=\"application\/ld+json\" class=\"yoast-schema-graph\">{\"@context\":\"https:\/\/schema.org\",\"@graph\":[{\"@type\":\"Article\",\"@id\":\"https:\/\/nitu.mx\/index.php\/2020\/10\/15\/cptq-lanza-video-campana-para-industria-de-reuniones\/#article\",\"isPartOf\":{\"@id\":\"https:\/\/nitu.mx\/index.php\/2020\/10\/15\/cptq-lanza-video-campana-para-industria-de-reuniones\/\"},\"author\":{\"name\":\"Alejandra Moncisbays\",\"@id\":\"https:\/\/nitu.mx\/#\/schema\/person\/2ecd887b19dfd3382d1f14fc5acf24a8\"},\"headline\":\"CPTQ lanza video-campa\u00f1a para Industria de Reuniones\",\"datePublished\":\"2020-10-15T05:33:07+00:00\",\"dateModified\":\"2020-10-15T06:48:39+00:00\",\"mainEntityOfPage\":{\"@id\":\"https:\/\/nitu.mx\/index.php\/2020\/10\/15\/cptq-lanza-video-campana-para-industria-de-reuniones\/\"},\"wordCount\":751,\"commentCount\":0,\"publisher\":{\"@id\":\"https:\/\/nitu.mx\/#\/schema\/person\/ae7a53426417292d3dd07b45a33e01bc\"},\"image\":{\"@id\":\"https:\/\/nitu.mx\/index.php\/2020\/10\/15\/cptq-lanza-video-campana-para-industria-de-reuniones\/#primaryimage\"},\"thumbnailUrl\":\"https:\/\/nitu.mx\/wp-content\/uploads\/2020\/10\/cptq-turismo-de-reuniones.jpg\",\"keywords\":[\"Caribe mexicano\",\"Consejo de Promoci\u00f3n Tur\u00edstica de Quintana Roo\",\"Industria de Reuniones en M\u00e9xico Quintana Roo\",\"playa\"],\"articleSection\":[\"Caribe Mexicano\",\"Marketing\"],\"inLanguage\":\"es-MX\",\"potentialAction\":[{\"@type\":\"CommentAction\",\"name\":\"Comment\",\"target\":[\"https:\/\/nitu.mx\/index.php\/2020\/10\/15\/cptq-lanza-video-campana-para-industria-de-reuniones\/#respond\"]}]},{\"@type\":\"WebPage\",\"@id\":\"https:\/\/nitu.mx\/index.php\/2020\/10\/15\/cptq-lanza-video-campana-para-industria-de-reuniones\/\",\"url\":\"https:\/\/nitu.mx\/index.php\/2020\/10\/15\/cptq-lanza-video-campana-para-industria-de-reuniones\/\",\"name\":\"CPTQ lanza video-campa\u00f1a para Industria de Reuniones - Nitu - Noticias de la Industria Turistica\",\"isPartOf\":{\"@id\":\"https:\/\/nitu.mx\/#website\"},\"primaryImageOfPage\":{\"@id\":\"https:\/\/nitu.mx\/index.php\/2020\/10\/15\/cptq-lanza-video-campana-para-industria-de-reuniones\/#primaryimage\"},\"image\":{\"@id\":\"https:\/\/nitu.mx\/index.php\/2020\/10\/15\/cptq-lanza-video-campana-para-industria-de-reuniones\/#primaryimage\"},\"thumbnailUrl\":\"https:\/\/nitu.mx\/wp-content\/uploads\/2020\/10\/cptq-turismo-de-reuniones.jpg\",\"datePublished\":\"2020-10-15T05:33:07+00:00\",\"dateModified\":\"2020-10-15T06:48:39+00:00\",\"breadcrumb\":{\"@id\":\"https:\/\/nitu.mx\/index.php\/2020\/10\/15\/cptq-lanza-video-campana-para-industria-de-reuniones\/#breadcrumb\"},\"inLanguage\":\"es-MX\",\"potentialAction\":[{\"@type\":\"ReadAction\",\"target\":[\"https:\/\/nitu.mx\/index.php\/2020\/10\/15\/cptq-lanza-video-campana-para-industria-de-reuniones\/\"]}]},{\"@type\":\"ImageObject\",\"inLanguage\":\"es-MX\",\"@id\":\"https:\/\/nitu.mx\/index.php\/2020\/10\/15\/cptq-lanza-video-campana-para-industria-de-reuniones\/#primaryimage\",\"url\":\"https:\/\/nitu.mx\/wp-content\/uploads\/2020\/10\/cptq-turismo-de-reuniones.jpg\",\"contentUrl\":\"https:\/\/nitu.mx\/wp-content\/uploads\/2020\/10\/cptq-turismo-de-reuniones.jpg\",\"width\":1200,\"height\":675},{\"@type\":\"BreadcrumbList\",\"@id\":\"https:\/\/nitu.mx\/index.php\/2020\/10\/15\/cptq-lanza-video-campana-para-industria-de-reuniones\/#breadcrumb\",\"itemListElement\":[{\"@type\":\"ListItem\",\"position\":1,\"name\":\"Inicio\",\"item\":\"https:\/\/nitu.mx\/\"},{\"@type\":\"ListItem\",\"position\":2,\"name\":\"CPTQ lanza video-campa\u00f1a para Industria de Reuniones\"}]},{\"@type\":\"WebSite\",\"@id\":\"https:\/\/nitu.mx\/#website\",\"url\":\"https:\/\/nitu.mx\/\",\"name\":\"Nitu - Noticias de la Industria Turistica\",\"description\":\"Noticias de la Industria Turistica\",\"publisher\":{\"@id\":\"https:\/\/nitu.mx\/#\/schema\/person\/ae7a53426417292d3dd07b45a33e01bc\"},\"alternateName\":\"Noticias de la Industria Turistica\",\"potentialAction\":[{\"@type\":\"SearchAction\",\"target\":{\"@type\":\"EntryPoint\",\"urlTemplate\":\"https:\/\/nitu.mx\/?s={search_term_string}\"},\"query-input\":\"required name=search_term_string\"}],\"inLanguage\":\"es-MX\"},{\"@type\":[\"Person\",\"Organization\"],\"@id\":\"https:\/\/nitu.mx\/#\/schema\/person\/ae7a53426417292d3dd07b45a33e01bc\",\"name\":\"Arturo Medina\",\"image\":{\"@type\":\"ImageObject\",\"inLanguage\":\"es-MX\",\"@id\":\"https:\/\/nitu.mx\/#\/schema\/person\/image\/\",\"url\":\"https:\/\/nitu.mx\/wp-content\/uploads\/2024\/04\/4A315622-1904-4D5C-B022-878CDC840E04-90x90-1.jpeg\",\"contentUrl\":\"https:\/\/nitu.mx\/wp-content\/uploads\/2024\/04\/4A315622-1904-4D5C-B022-878CDC840E04-90x90-1.jpeg\",\"width\":90,\"height\":90,\"caption\":\"Arturo Medina\"},\"logo\":{\"@id\":\"https:\/\/nitu.mx\/#\/schema\/person\/image\/\"},\"description\":\"Director NITU.mx, Egresado de la Escuela de Periodismo Carlos Septi\u00e9n Garc\u00eda. Periodista y analista especializado en turismo desde hace 35 a\u00f1os, radicado en Canc\u00fan Q.Roo. arturo@nitu.mx\",\"sameAs\":[\"https:\/\/nitu.mx\",\"https:\/\/www.facebook.com\/NITUmx\/\",\"medinacancun\",\"https:\/\/twitter.com\/@Arturo_Medina_G\"]},{\"@type\":\"Person\",\"@id\":\"https:\/\/nitu.mx\/#\/schema\/person\/2ecd887b19dfd3382d1f14fc5acf24a8\",\"name\":\"Alejandra Moncisbays\",\"image\":{\"@type\":\"ImageObject\",\"inLanguage\":\"es-MX\",\"@id\":\"https:\/\/nitu.mx\/#\/schema\/person\/image\/\",\"url\":\"https:\/\/secure.gravatar.com\/avatar\/e74f7af0be172b7804dacfd0bfbef787?s=96&d=mm&r=g\",\"contentUrl\":\"https:\/\/secure.gravatar.com\/avatar\/e74f7af0be172b7804dacfd0bfbef787?s=96&d=mm&r=g\",\"caption\":\"Alejandra Moncisbays\"},\"description\":\"Curs\u00e9 la carrera de Periodismo y Comunicaci\u00f3n en la Facultad de Estudios Profesionales Acatl\u00e1n. Vivo en Canc\u00fan desde hace 24 a\u00f1os. Fui reportera de La Tarde de Canc\u00fan, y Novedades de Quintana Roo, colabor\u00e9 en TVCUN, edit\u00e9 Cancun\u00edssimo y colabor\u00e9 en las revistas Latitud21, entre otras, con principal enfoque en los sectores empresarial y tur\u00edstico. Desde hace varios a\u00f1os soy Agente de Seguros con c\u00e9dula de la Comisi\u00f3n Nacional de Seguros y Fianzas. Actualmente, me desarrollo en los \u00e1mbitos del periodismo y el sector asegurador.\",\"sameAs\":[\"https:\/\/nitu.mx\"],\"url\":\"https:\/\/nitu.mx\/index.php\/author\/alejandra\/\"}]}<\/script>\n<!-- \/ Yoast SEO plugin. -->","yoast_head_json":{"title":"CPTQ lanza video-campa\u00f1a para Industria de Reuniones - Nitu - Noticias de la Industria Turistica","robots":{"index":"index","follow":"follow","max-snippet":"max-snippet:-1","max-image-preview":"max-image-preview:large","max-video-preview":"max-video-preview:-1"},"canonical":"https:\/\/nitu.mx\/index.php\/2020\/10\/15\/cptq-lanza-video-campana-para-industria-de-reuniones\/","twitter_card":"summary_large_image","twitter_title":"CPTQ lanza video-campa\u00f1a para Industria de Reuniones - Nitu - Noticias de la Industria Turistica","twitter_description":"El Consejo de Promoci\u00f3n Tur\u00edstica de Quintana Roo (CPTQ), encabezado por el Ing. Dar\u00edo Flota Ocampo, lanz\u00f3 en redes sociales el video para impulsar la Industria de Reuniones que se desprende de la campa\u00f1a \u201cCaribe Mexicano, Lo Mejor de Dos Mundos\u201d. El video resalta los escenarios donde los eventos toman un nuevo significado, la mezcla [&hellip;]","twitter_image":"https:\/\/nitu.mx\/wp-content\/uploads\/2020\/10\/cptq-turismo-de-reuniones.jpg","twitter_creator":"@NITUmx","twitter_site":"@Arturo_Medina_G","twitter_misc":{"Escrito por":"Alejandra Moncisbays","Tiempo de lectura":"4 minutos"},"schema":{"@context":"https:\/\/schema.org","@graph":[{"@type":"Article","@id":"https:\/\/nitu.mx\/index.php\/2020\/10\/15\/cptq-lanza-video-campana-para-industria-de-reuniones\/#article","isPartOf":{"@id":"https:\/\/nitu.mx\/index.php\/2020\/10\/15\/cptq-lanza-video-campana-para-industria-de-reuniones\/"},"author":{"name":"Alejandra Moncisbays","@id":"https:\/\/nitu.mx\/#\/schema\/person\/2ecd887b19dfd3382d1f14fc5acf24a8"},"headline":"CPTQ lanza video-campa\u00f1a para Industria de Reuniones","datePublished":"2020-10-15T05:33:07+00:00","dateModified":"2020-10-15T06:48:39+00:00","mainEntityOfPage":{"@id":"https:\/\/nitu.mx\/index.php\/2020\/10\/15\/cptq-lanza-video-campana-para-industria-de-reuniones\/"},"wordCount":751,"commentCount":0,"publisher":{"@id":"https:\/\/nitu.mx\/#\/schema\/person\/ae7a53426417292d3dd07b45a33e01bc"},"image":{"@id":"https:\/\/nitu.mx\/index.php\/2020\/10\/15\/cptq-lanza-video-campana-para-industria-de-reuniones\/#primaryimage"},"thumbnailUrl":"https:\/\/nitu.mx\/wp-content\/uploads\/2020\/10\/cptq-turismo-de-reuniones.jpg","keywords":["Caribe mexicano","Consejo de Promoci\u00f3n Tur\u00edstica de Quintana Roo","Industria de Reuniones en M\u00e9xico Quintana Roo","playa"],"articleSection":["Caribe Mexicano","Marketing"],"inLanguage":"es-MX","potentialAction":[{"@type":"CommentAction","name":"Comment","target":["https:\/\/nitu.mx\/index.php\/2020\/10\/15\/cptq-lanza-video-campana-para-industria-de-reuniones\/#respond"]}]},{"@type":"WebPage","@id":"https:\/\/nitu.mx\/index.php\/2020\/10\/15\/cptq-lanza-video-campana-para-industria-de-reuniones\/","url":"https:\/\/nitu.mx\/index.php\/2020\/10\/15\/cptq-lanza-video-campana-para-industria-de-reuniones\/","name":"CPTQ lanza video-campa\u00f1a para Industria de Reuniones - Nitu - Noticias de la Industria Turistica","isPartOf":{"@id":"https:\/\/nitu.mx\/#website"},"primaryImageOfPage":{"@id":"https:\/\/nitu.mx\/index.php\/2020\/10\/15\/cptq-lanza-video-campana-para-industria-de-reuniones\/#primaryimage"},"image":{"@id":"https:\/\/nitu.mx\/index.php\/2020\/10\/15\/cptq-lanza-video-campana-para-industria-de-reuniones\/#primaryimage"},"thumbnailUrl":"https:\/\/nitu.mx\/wp-content\/uploads\/2020\/10\/cptq-turismo-de-reuniones.jpg","datePublished":"2020-10-15T05:33:07+00:00","dateModified":"2020-10-15T06:48:39+00:00","breadcrumb":{"@id":"https:\/\/nitu.mx\/index.php\/2020\/10\/15\/cptq-lanza-video-campana-para-industria-de-reuniones\/#breadcrumb"},"inLanguage":"es-MX","potentialAction":[{"@type":"ReadAction","target":["https:\/\/nitu.mx\/index.php\/2020\/10\/15\/cptq-lanza-video-campana-para-industria-de-reuniones\/"]}]},{"@type":"ImageObject","inLanguage":"es-MX","@id":"https:\/\/nitu.mx\/index.php\/2020\/10\/15\/cptq-lanza-video-campana-para-industria-de-reuniones\/#primaryimage","url":"https:\/\/nitu.mx\/wp-content\/uploads\/2020\/10\/cptq-turismo-de-reuniones.jpg","contentUrl":"https:\/\/nitu.mx\/wp-content\/uploads\/2020\/10\/cptq-turismo-de-reuniones.jpg","width":1200,"height":675},{"@type":"BreadcrumbList","@id":"https:\/\/nitu.mx\/index.php\/2020\/10\/15\/cptq-lanza-video-campana-para-industria-de-reuniones\/#breadcrumb","itemListElement":[{"@type":"ListItem","position":1,"name":"Inicio","item":"https:\/\/nitu.mx\/"},{"@type":"ListItem","position":2,"name":"CPTQ lanza video-campa\u00f1a para Industria de Reuniones"}]},{"@type":"WebSite","@id":"https:\/\/nitu.mx\/#website","url":"https:\/\/nitu.mx\/","name":"Nitu - Noticias de la Industria Turistica","description":"Noticias de la Industria Turistica","publisher":{"@id":"https:\/\/nitu.mx\/#\/schema\/person\/ae7a53426417292d3dd07b45a33e01bc"},"alternateName":"Noticias de la Industria Turistica","potentialAction":[{"@type":"SearchAction","target":{"@type":"EntryPoint","urlTemplate":"https:\/\/nitu.mx\/?s={search_term_string}"},"query-input":"required name=search_term_string"}],"inLanguage":"es-MX"},{"@type":["Person","Organization"],"@id":"https:\/\/nitu.mx\/#\/schema\/person\/ae7a53426417292d3dd07b45a33e01bc","name":"Arturo Medina","image":{"@type":"ImageObject","inLanguage":"es-MX","@id":"https:\/\/nitu.mx\/#\/schema\/person\/image\/","url":"https:\/\/nitu.mx\/wp-content\/uploads\/2024\/04\/4A315622-1904-4D5C-B022-878CDC840E04-90x90-1.jpeg","contentUrl":"https:\/\/nitu.mx\/wp-content\/uploads\/2024\/04\/4A315622-1904-4D5C-B022-878CDC840E04-90x90-1.jpeg","width":90,"height":90,"caption":"Arturo Medina"},"logo":{"@id":"https:\/\/nitu.mx\/#\/schema\/person\/image\/"},"description":"Director NITU.mx, Egresado de la Escuela de Periodismo Carlos Septi\u00e9n Garc\u00eda. Periodista y analista especializado en turismo desde hace 35 a\u00f1os, radicado en Canc\u00fan Q.Roo. arturo@nitu.mx","sameAs":["https:\/\/nitu.mx","https:\/\/www.facebook.com\/NITUmx\/","medinacancun","https:\/\/twitter.com\/@Arturo_Medina_G"]},{"@type":"Person","@id":"https:\/\/nitu.mx\/#\/schema\/person\/2ecd887b19dfd3382d1f14fc5acf24a8","name":"Alejandra Moncisbays","image":{"@type":"ImageObject","inLanguage":"es-MX","@id":"https:\/\/nitu.mx\/#\/schema\/person\/image\/","url":"https:\/\/secure.gravatar.com\/avatar\/e74f7af0be172b7804dacfd0bfbef787?s=96&d=mm&r=g","contentUrl":"https:\/\/secure.gravatar.com\/avatar\/e74f7af0be172b7804dacfd0bfbef787?s=96&d=mm&r=g","caption":"Alejandra Moncisbays"},"description":"Curs\u00e9 la carrera de Periodismo y Comunicaci\u00f3n en la Facultad de Estudios Profesionales Acatl\u00e1n. Vivo en Canc\u00fan desde hace 24 a\u00f1os. Fui reportera de La Tarde de Canc\u00fan, y Novedades de Quintana Roo, colabor\u00e9 en TVCUN, edit\u00e9 Cancun\u00edssimo y colabor\u00e9 en las revistas Latitud21, entre otras, con principal enfoque en los sectores empresarial y tur\u00edstico. Desde hace varios a\u00f1os soy Agente de Seguros con c\u00e9dula de la Comisi\u00f3n Nacional de Seguros y Fianzas. Actualmente, me desarrollo en los \u00e1mbitos del periodismo y el sector asegurador.","sameAs":["https:\/\/nitu.mx"],"url":"https:\/\/nitu.mx\/index.php\/author\/alejandra\/"}]}},"views":261,"_links":{"self":[{"href":"https:\/\/nitu.mx\/index.php\/wp-json\/wp\/v2\/posts\/47235"}],"collection":[{"href":"https:\/\/nitu.mx\/index.php\/wp-json\/wp\/v2\/posts"}],"about":[{"href":"https:\/\/nitu.mx\/index.php\/wp-json\/wp\/v2\/types\/post"}],"author":[{"embeddable":true,"href":"https:\/\/nitu.mx\/index.php\/wp-json\/wp\/v2\/users\/3"}],"replies":[{"embeddable":true,"href":"https:\/\/nitu.mx\/index.php\/wp-json\/wp\/v2\/comments?post=47235"}],"version-history":[{"count":3,"href":"https:\/\/nitu.mx\/index.php\/wp-json\/wp\/v2\/posts\/47235\/revisions"}],"predecessor-version":[{"id":47259,"href":"https:\/\/nitu.mx\/index.php\/wp-json\/wp\/v2\/posts\/47235\/revisions\/47259"}],"wp:featuredmedia":[{"embeddable":true,"href":"https:\/\/nitu.mx\/index.php\/wp-json\/wp\/v2\/media\/47248"}],"wp:attachment":[{"href":"https:\/\/nitu.mx\/index.php\/wp-json\/wp\/v2\/media?parent=47235"}],"wp:term":[{"taxonomy":"category","embeddable":true,"href":"https:\/\/nitu.mx\/index.php\/wp-json\/wp\/v2\/categories?post=47235"},{"taxonomy":"post_tag","embeddable":true,"href":"https:\/\/nitu.mx\/index.php\/wp-json\/wp\/v2\/tags?post=47235"}],"curies":[{"name":"wp","href":"https:\/\/api.w.org\/{rel}","templated":true}]}}