{"id":47218,"date":"2020-10-14T16:17:40","date_gmt":"2020-10-14T21:17:40","guid":{"rendered":"https:\/\/www.dev.nitu.mx\/?p=47218"},"modified":"2020-10-15T01:08:04","modified_gmt":"2020-10-15T06:08:04","slug":"torruco-culpa-a-modelos-anteriores-del-turismo-por-la-crisis-del-sector","status":"publish","type":"post","link":"https:\/\/nitu.mx\/index.php\/2020\/10\/14\/torruco-culpa-a-modelos-anteriores-del-turismo-por-la-crisis-del-sector\/","title":{"rendered":"Torruco culpa a modelos anteriores del turismo de la crisis del sector"},"content":{"rendered":"\n<p>El secretario de Turismo, Miguel Torruco Marqu\u00e9s, asegur\u00f3 que la pandemia de covid-19 evidenci\u00f3 la vulnerabilidad del modelo tur\u00edstico tradicional que se concentr\u00f3 en la explotaci\u00f3n del patrimonio y una concentraci\u00f3n masiva de visitantes en s\u00f3lo seis destinos del pa\u00eds.<\/p>\n\n\n\n<p>Este modelo que se replica a nivel global destaca la necesidad de replantearse, ya que en materia econ\u00f3mica el sector se encuentra colapsado y en crisis, y agudiz\u00f3 la desigualdad entre sociedades, insisti\u00f3 Torruco Marqu\u00e9s.<\/p>\n\n\n\n<p>El titular de Sectur plante\u00f3 estos argumentos en la 39 reuni\u00f3n Ordinaria de la Asociaci\u00f3n de Secretarios de Turismo (Asetur), y en un tenor similar habl\u00f3 en &nbsp;&nbsp;&nbsp;&nbsp;&nbsp;&nbsp;&nbsp;&nbsp;&nbsp;&nbsp;&nbsp;&nbsp;&nbsp; el Foro de Intercambio de Experiencias de Pueblos M\u00e1gicos entre M\u00e9xico y El Salvador, ambos encuentros realizados este mi\u00e9rcoles.<\/p>\n\n\n\n<p>Ante los secretarios de Turismo del pa\u00eds, Torruco Marqu\u00e9s enfatiz\u00f3 que la actual administraci\u00f3n trabaja en un nuevo modelo que cambiar\u00e1 el enfoque de crecimiento y enfoques econ\u00f3micos, por uno m\u00e1s preocupado por el bienestar social y la calidad de vida.<\/p>\n\n\n\n<p>Agreg\u00f3 que esto implica cambiar del mono producto de sol y playa a uno de singularidad y autenticidad; de la dependencia del turismo norteamericano a la atracci\u00f3n de viajeros de otros destinos, entre otros factores.<\/p>\n\n\n\n<p>En la reuni\u00f3n de Asetur, el funcionario se\u00f1al\u00f3 que el desarrollo tur\u00edstico nacional se basa en el fortalecimiento del programa de Pueblos M\u00e1gicos, el desarrollo de productos estrat\u00e9gicos y en un esquema de desarrollo regional.<\/p>\n\n\n\n<p>Sin embargo, en el encuentro virtual que tuvo Torruco Marqu\u00e9s con autoridades de Turismo de Ecuador, destac\u00f3 que el modelo de gesti\u00f3n empleado en el programa Pueblos M\u00e1gicos es limitado, por lo que tambi\u00e9n requiere una seria transformaci\u00f3n.<\/p>\n\n\n\n<p>Por ello, inform\u00f3, que este programa dejar\u00e1 de ser de fomento exclusivo de la Secretar\u00eda de Turismo para asumirse como estrategia nacional. De esta forma, asegura, se democratizar\u00e1n los beneficios para los actores y regiones de estas localidades.<\/p>\n\n\n\n<p>De acuerdo con Miguel Torruco, de los 7 millones 582 mil habitantes que radican en los Pueblos M\u00e1gicos, 50.4 por ciento, es decir 3.8 millones, est\u00e1n en pobreza, de los cuales 662 mil en pobreza extrema.<\/p>\n\n\n\n<p>Sin precisar c\u00f3mo ser\u00e1 la nueva operaci\u00f3n del programa surgido hace 19 a\u00f1os, y que ha sido replicado por pa\u00edses como Ecuador, Torruco coment\u00f3 en la reuni\u00f3n que sigue en pie la realizaci\u00f3n del Tianguis de Pueblos M\u00e1gicos en San Luis Potos\u00ed para el pr\u00f3ximo mes. (<a href=\"https:\/\/www.dev.nitu.mx\/index.php\/2020\/10\/05\/sectur-cede-promocion-de-pueblos-magicos-a-mexico-desconocido\/\">Sectur cede promoci\u00f3n de Pueblos M\u00e1gicos a M\u00e9xico Desconocido<\/a>)<\/p>\n\n\n\n<p>Aunque el secretario ha destacado en cada oportunidad la riqueza natural y cultural de los Pueblos M\u00e1gicos, en el Presupuesto de Egresos para el pr\u00f3ximo a\u00f1o no se contempla alguna cantidad espec\u00edfica dirigida a estas localidades.<\/p>\n","protected":false},"excerpt":{"rendered":"<p>El secretario de Turismo, Miguel Torruco Marqu\u00e9s, asegur\u00f3 que la pandemia de covid-19 evidenci\u00f3 la vulnerabilidad del modelo tur\u00edstico tradicional que se concentr\u00f3 en la explotaci\u00f3n del patrimonio y una concentraci\u00f3n masiva de visitantes en s\u00f3lo seis destinos del pa\u00eds. Este modelo que se replica a nivel global destaca la necesidad de replantearse, ya que [&hellip;]<\/p>\n","protected":false},"author":5,"featured_media":47229,"comment_status":"open","ping_status":"open","sticky":false,"template":"","format":"standard","meta":{"footnotes":""},"categories":[5],"tags":[910,335,93],"yoast_head":"<!-- This site is optimized with the Yoast SEO plugin v22.2 - https:\/\/yoast.com\/wordpress\/plugins\/seo\/ -->\n<title>Torruco culpa a modelos anteriores del turismo de la crisis del sector - Nitu - Noticias de la Industria Turistica<\/title>\n<meta name=\"robots\" content=\"index, follow, max-snippet:-1, max-image-preview:large, max-video-preview:-1\" \/>\n<link rel=\"canonical\" href=\"https:\/\/nitu.mx\/index.php\/2020\/10\/14\/torruco-culpa-a-modelos-anteriores-del-turismo-por-la-crisis-del-sector\/\" \/>\n<meta name=\"twitter:card\" content=\"summary_large_image\" \/>\n<meta name=\"twitter:title\" content=\"Torruco culpa a modelos anteriores del turismo de la crisis del sector - Nitu - Noticias de la Industria Turistica\" \/>\n<meta name=\"twitter:description\" content=\"El secretario de Turismo, Miguel Torruco Marqu\u00e9s, asegur\u00f3 que la pandemia de covid-19 evidenci\u00f3 la vulnerabilidad del modelo tur\u00edstico tradicional que se concentr\u00f3 en la explotaci\u00f3n del patrimonio y una concentraci\u00f3n masiva de visitantes en s\u00f3lo seis destinos del pa\u00eds. Este modelo que se replica a nivel global destaca la necesidad de replantearse, ya que [&hellip;]\" \/>\n<meta name=\"twitter:image\" content=\"https:\/\/nitu.mx\/wp-content\/uploads\/2020\/10\/Torruco-Modelo-tur\u00edstico.jpg\" \/>\n<meta name=\"twitter:creator\" content=\"@NITUmx\" \/>\n<meta name=\"twitter:site\" content=\"@Arturo_Medina_G\" \/>\n<meta name=\"twitter:label1\" content=\"Escrito por\" \/>\n\t<meta name=\"twitter:data1\" content=\"Mari Soto\" \/>\n\t<meta name=\"twitter:label2\" content=\"Tiempo de lectura\" \/>\n\t<meta name=\"twitter:data2\" content=\"2 minutos\" \/>\n<script type=\"application\/ld+json\" class=\"yoast-schema-graph\">{\"@context\":\"https:\/\/schema.org\",\"@graph\":[{\"@type\":\"Article\",\"@id\":\"https:\/\/nitu.mx\/index.php\/2020\/10\/14\/torruco-culpa-a-modelos-anteriores-del-turismo-por-la-crisis-del-sector\/#article\",\"isPartOf\":{\"@id\":\"https:\/\/nitu.mx\/index.php\/2020\/10\/14\/torruco-culpa-a-modelos-anteriores-del-turismo-por-la-crisis-del-sector\/\"},\"author\":{\"name\":\"Mari Soto\",\"@id\":\"https:\/\/nitu.mx\/#\/schema\/person\/afc52e313e27e660739556d421d3d6b4\"},\"headline\":\"Torruco culpa a modelos anteriores del turismo de la crisis del sector\",\"datePublished\":\"2020-10-14T21:17:40+00:00\",\"dateModified\":\"2020-10-15T06:08:04+00:00\",\"mainEntityOfPage\":{\"@id\":\"https:\/\/nitu.mx\/index.php\/2020\/10\/14\/torruco-culpa-a-modelos-anteriores-del-turismo-por-la-crisis-del-sector\/\"},\"wordCount\":501,\"commentCount\":0,\"publisher\":{\"@id\":\"https:\/\/nitu.mx\/#\/schema\/person\/ae7a53426417292d3dd07b45a33e01bc\"},\"image\":{\"@id\":\"https:\/\/nitu.mx\/index.php\/2020\/10\/14\/torruco-culpa-a-modelos-anteriores-del-turismo-por-la-crisis-del-sector\/#primaryimage\"},\"thumbnailUrl\":\"https:\/\/nitu.mx\/wp-content\/uploads\/2020\/10\/Torruco-Modelo-tur\u00edstico.jpg\",\"keywords\":[\"Miguel Torruco\",\"Pueblos M\u00e1gicos\",\"Sectur\"],\"articleSection\":[\"Destinos\"],\"inLanguage\":\"es-MX\",\"potentialAction\":[{\"@type\":\"CommentAction\",\"name\":\"Comment\",\"target\":[\"https:\/\/nitu.mx\/index.php\/2020\/10\/14\/torruco-culpa-a-modelos-anteriores-del-turismo-por-la-crisis-del-sector\/#respond\"]}]},{\"@type\":\"WebPage\",\"@id\":\"https:\/\/nitu.mx\/index.php\/2020\/10\/14\/torruco-culpa-a-modelos-anteriores-del-turismo-por-la-crisis-del-sector\/\",\"url\":\"https:\/\/nitu.mx\/index.php\/2020\/10\/14\/torruco-culpa-a-modelos-anteriores-del-turismo-por-la-crisis-del-sector\/\",\"name\":\"Torruco culpa a modelos anteriores del turismo de la crisis del sector - Nitu - Noticias de la Industria Turistica\",\"isPartOf\":{\"@id\":\"https:\/\/nitu.mx\/#website\"},\"primaryImageOfPage\":{\"@id\":\"https:\/\/nitu.mx\/index.php\/2020\/10\/14\/torruco-culpa-a-modelos-anteriores-del-turismo-por-la-crisis-del-sector\/#primaryimage\"},\"image\":{\"@id\":\"https:\/\/nitu.mx\/index.php\/2020\/10\/14\/torruco-culpa-a-modelos-anteriores-del-turismo-por-la-crisis-del-sector\/#primaryimage\"},\"thumbnailUrl\":\"https:\/\/nitu.mx\/wp-content\/uploads\/2020\/10\/Torruco-Modelo-tur\u00edstico.jpg\",\"datePublished\":\"2020-10-14T21:17:40+00:00\",\"dateModified\":\"2020-10-15T06:08:04+00:00\",\"breadcrumb\":{\"@id\":\"https:\/\/nitu.mx\/index.php\/2020\/10\/14\/torruco-culpa-a-modelos-anteriores-del-turismo-por-la-crisis-del-sector\/#breadcrumb\"},\"inLanguage\":\"es-MX\",\"potentialAction\":[{\"@type\":\"ReadAction\",\"target\":[\"https:\/\/nitu.mx\/index.php\/2020\/10\/14\/torruco-culpa-a-modelos-anteriores-del-turismo-por-la-crisis-del-sector\/\"]}]},{\"@type\":\"ImageObject\",\"inLanguage\":\"es-MX\",\"@id\":\"https:\/\/nitu.mx\/index.php\/2020\/10\/14\/torruco-culpa-a-modelos-anteriores-del-turismo-por-la-crisis-del-sector\/#primaryimage\",\"url\":\"https:\/\/nitu.mx\/wp-content\/uploads\/2020\/10\/Torruco-Modelo-tur\u00edstico.jpg\",\"contentUrl\":\"https:\/\/nitu.mx\/wp-content\/uploads\/2020\/10\/Torruco-Modelo-tur\u00edstico.jpg\",\"width\":1200,\"height\":675,\"caption\":\"Miguel Torruco\"},{\"@type\":\"BreadcrumbList\",\"@id\":\"https:\/\/nitu.mx\/index.php\/2020\/10\/14\/torruco-culpa-a-modelos-anteriores-del-turismo-por-la-crisis-del-sector\/#breadcrumb\",\"itemListElement\":[{\"@type\":\"ListItem\",\"position\":1,\"name\":\"Inicio\",\"item\":\"https:\/\/nitu.mx\/\"},{\"@type\":\"ListItem\",\"position\":2,\"name\":\"Torruco culpa a modelos anteriores del turismo de la crisis del sector\"}]},{\"@type\":\"WebSite\",\"@id\":\"https:\/\/nitu.mx\/#website\",\"url\":\"https:\/\/nitu.mx\/\",\"name\":\"Nitu - Noticias de la Industria Turistica\",\"description\":\"Noticias de la Industria Turistica\",\"publisher\":{\"@id\":\"https:\/\/nitu.mx\/#\/schema\/person\/ae7a53426417292d3dd07b45a33e01bc\"},\"alternateName\":\"Noticias de la Industria Turistica\",\"potentialAction\":[{\"@type\":\"SearchAction\",\"target\":{\"@type\":\"EntryPoint\",\"urlTemplate\":\"https:\/\/nitu.mx\/?s={search_term_string}\"},\"query-input\":\"required name=search_term_string\"}],\"inLanguage\":\"es-MX\"},{\"@type\":[\"Person\",\"Organization\"],\"@id\":\"https:\/\/nitu.mx\/#\/schema\/person\/ae7a53426417292d3dd07b45a33e01bc\",\"name\":\"Arturo Medina\",\"image\":{\"@type\":\"ImageObject\",\"inLanguage\":\"es-MX\",\"@id\":\"https:\/\/nitu.mx\/#\/schema\/person\/image\/\",\"url\":\"https:\/\/nitu.mx\/wp-content\/uploads\/2024\/04\/4A315622-1904-4D5C-B022-878CDC840E04-90x90-1.jpeg\",\"contentUrl\":\"https:\/\/nitu.mx\/wp-content\/uploads\/2024\/04\/4A315622-1904-4D5C-B022-878CDC840E04-90x90-1.jpeg\",\"width\":90,\"height\":90,\"caption\":\"Arturo Medina\"},\"logo\":{\"@id\":\"https:\/\/nitu.mx\/#\/schema\/person\/image\/\"},\"description\":\"Director NITU.mx, Egresado de la Escuela de Periodismo Carlos Septi\u00e9n Garc\u00eda. Periodista y analista especializado en turismo desde hace 35 a\u00f1os, radicado en Canc\u00fan Q.Roo. arturo@nitu.mx\",\"sameAs\":[\"https:\/\/nitu.mx\",\"https:\/\/www.facebook.com\/NITUmx\/\",\"medinacancun\",\"https:\/\/twitter.com\/@Arturo_Medina_G\"]},{\"@type\":\"Person\",\"@id\":\"https:\/\/nitu.mx\/#\/schema\/person\/afc52e313e27e660739556d421d3d6b4\",\"name\":\"Mari Soto\",\"image\":{\"@type\":\"ImageObject\",\"inLanguage\":\"es-MX\",\"@id\":\"https:\/\/nitu.mx\/#\/schema\/person\/image\/\",\"url\":\"https:\/\/secure.gravatar.com\/avatar\/2619c282a180a20d89fcaea82a6736e2?s=96&d=mm&r=g\",\"contentUrl\":\"https:\/\/secure.gravatar.com\/avatar\/2619c282a180a20d89fcaea82a6736e2?s=96&d=mm&r=g\",\"caption\":\"Mari Soto\"},\"sameAs\":[\"https:\/\/nitu.mx\"],\"url\":\"https:\/\/nitu.mx\/index.php\/author\/guadalupe\/\"}]}<\/script>\n<!-- \/ Yoast SEO plugin. -->","yoast_head_json":{"title":"Torruco culpa a modelos anteriores del turismo de la crisis del sector - Nitu - Noticias de la Industria Turistica","robots":{"index":"index","follow":"follow","max-snippet":"max-snippet:-1","max-image-preview":"max-image-preview:large","max-video-preview":"max-video-preview:-1"},"canonical":"https:\/\/nitu.mx\/index.php\/2020\/10\/14\/torruco-culpa-a-modelos-anteriores-del-turismo-por-la-crisis-del-sector\/","twitter_card":"summary_large_image","twitter_title":"Torruco culpa a modelos anteriores del turismo de la crisis del sector - Nitu - Noticias de la Industria Turistica","twitter_description":"El secretario de Turismo, Miguel Torruco Marqu\u00e9s, asegur\u00f3 que la pandemia de covid-19 evidenci\u00f3 la vulnerabilidad del modelo tur\u00edstico tradicional que se concentr\u00f3 en la explotaci\u00f3n del patrimonio y una concentraci\u00f3n masiva de visitantes en s\u00f3lo seis destinos del pa\u00eds. Este modelo que se replica a nivel global destaca la necesidad de replantearse, ya que [&hellip;]","twitter_image":"https:\/\/nitu.mx\/wp-content\/uploads\/2020\/10\/Torruco-Modelo-tur\u00edstico.jpg","twitter_creator":"@NITUmx","twitter_site":"@Arturo_Medina_G","twitter_misc":{"Escrito por":"Mari Soto","Tiempo de lectura":"2 minutos"},"schema":{"@context":"https:\/\/schema.org","@graph":[{"@type":"Article","@id":"https:\/\/nitu.mx\/index.php\/2020\/10\/14\/torruco-culpa-a-modelos-anteriores-del-turismo-por-la-crisis-del-sector\/#article","isPartOf":{"@id":"https:\/\/nitu.mx\/index.php\/2020\/10\/14\/torruco-culpa-a-modelos-anteriores-del-turismo-por-la-crisis-del-sector\/"},"author":{"name":"Mari Soto","@id":"https:\/\/nitu.mx\/#\/schema\/person\/afc52e313e27e660739556d421d3d6b4"},"headline":"Torruco culpa a modelos anteriores del turismo de la crisis del sector","datePublished":"2020-10-14T21:17:40+00:00","dateModified":"2020-10-15T06:08:04+00:00","mainEntityOfPage":{"@id":"https:\/\/nitu.mx\/index.php\/2020\/10\/14\/torruco-culpa-a-modelos-anteriores-del-turismo-por-la-crisis-del-sector\/"},"wordCount":501,"commentCount":0,"publisher":{"@id":"https:\/\/nitu.mx\/#\/schema\/person\/ae7a53426417292d3dd07b45a33e01bc"},"image":{"@id":"https:\/\/nitu.mx\/index.php\/2020\/10\/14\/torruco-culpa-a-modelos-anteriores-del-turismo-por-la-crisis-del-sector\/#primaryimage"},"thumbnailUrl":"https:\/\/nitu.mx\/wp-content\/uploads\/2020\/10\/Torruco-Modelo-tur\u00edstico.jpg","keywords":["Miguel Torruco","Pueblos M\u00e1gicos","Sectur"],"articleSection":["Destinos"],"inLanguage":"es-MX","potentialAction":[{"@type":"CommentAction","name":"Comment","target":["https:\/\/nitu.mx\/index.php\/2020\/10\/14\/torruco-culpa-a-modelos-anteriores-del-turismo-por-la-crisis-del-sector\/#respond"]}]},{"@type":"WebPage","@id":"https:\/\/nitu.mx\/index.php\/2020\/10\/14\/torruco-culpa-a-modelos-anteriores-del-turismo-por-la-crisis-del-sector\/","url":"https:\/\/nitu.mx\/index.php\/2020\/10\/14\/torruco-culpa-a-modelos-anteriores-del-turismo-por-la-crisis-del-sector\/","name":"Torruco culpa a modelos anteriores del turismo de la crisis del sector - Nitu - Noticias de la Industria Turistica","isPartOf":{"@id":"https:\/\/nitu.mx\/#website"},"primaryImageOfPage":{"@id":"https:\/\/nitu.mx\/index.php\/2020\/10\/14\/torruco-culpa-a-modelos-anteriores-del-turismo-por-la-crisis-del-sector\/#primaryimage"},"image":{"@id":"https:\/\/nitu.mx\/index.php\/2020\/10\/14\/torruco-culpa-a-modelos-anteriores-del-turismo-por-la-crisis-del-sector\/#primaryimage"},"thumbnailUrl":"https:\/\/nitu.mx\/wp-content\/uploads\/2020\/10\/Torruco-Modelo-tur\u00edstico.jpg","datePublished":"2020-10-14T21:17:40+00:00","dateModified":"2020-10-15T06:08:04+00:00","breadcrumb":{"@id":"https:\/\/nitu.mx\/index.php\/2020\/10\/14\/torruco-culpa-a-modelos-anteriores-del-turismo-por-la-crisis-del-sector\/#breadcrumb"},"inLanguage":"es-MX","potentialAction":[{"@type":"ReadAction","target":["https:\/\/nitu.mx\/index.php\/2020\/10\/14\/torruco-culpa-a-modelos-anteriores-del-turismo-por-la-crisis-del-sector\/"]}]},{"@type":"ImageObject","inLanguage":"es-MX","@id":"https:\/\/nitu.mx\/index.php\/2020\/10\/14\/torruco-culpa-a-modelos-anteriores-del-turismo-por-la-crisis-del-sector\/#primaryimage","url":"https:\/\/nitu.mx\/wp-content\/uploads\/2020\/10\/Torruco-Modelo-tur\u00edstico.jpg","contentUrl":"https:\/\/nitu.mx\/wp-content\/uploads\/2020\/10\/Torruco-Modelo-tur\u00edstico.jpg","width":1200,"height":675,"caption":"Miguel Torruco"},{"@type":"BreadcrumbList","@id":"https:\/\/nitu.mx\/index.php\/2020\/10\/14\/torruco-culpa-a-modelos-anteriores-del-turismo-por-la-crisis-del-sector\/#breadcrumb","itemListElement":[{"@type":"ListItem","position":1,"name":"Inicio","item":"https:\/\/nitu.mx\/"},{"@type":"ListItem","position":2,"name":"Torruco culpa a modelos anteriores del turismo de la crisis del sector"}]},{"@type":"WebSite","@id":"https:\/\/nitu.mx\/#website","url":"https:\/\/nitu.mx\/","name":"Nitu - Noticias de la Industria Turistica","description":"Noticias de la Industria Turistica","publisher":{"@id":"https:\/\/nitu.mx\/#\/schema\/person\/ae7a53426417292d3dd07b45a33e01bc"},"alternateName":"Noticias de la Industria Turistica","potentialAction":[{"@type":"SearchAction","target":{"@type":"EntryPoint","urlTemplate":"https:\/\/nitu.mx\/?s={search_term_string}"},"query-input":"required name=search_term_string"}],"inLanguage":"es-MX"},{"@type":["Person","Organization"],"@id":"https:\/\/nitu.mx\/#\/schema\/person\/ae7a53426417292d3dd07b45a33e01bc","name":"Arturo Medina","image":{"@type":"ImageObject","inLanguage":"es-MX","@id":"https:\/\/nitu.mx\/#\/schema\/person\/image\/","url":"https:\/\/nitu.mx\/wp-content\/uploads\/2024\/04\/4A315622-1904-4D5C-B022-878CDC840E04-90x90-1.jpeg","contentUrl":"https:\/\/nitu.mx\/wp-content\/uploads\/2024\/04\/4A315622-1904-4D5C-B022-878CDC840E04-90x90-1.jpeg","width":90,"height":90,"caption":"Arturo Medina"},"logo":{"@id":"https:\/\/nitu.mx\/#\/schema\/person\/image\/"},"description":"Director NITU.mx, Egresado de la Escuela de Periodismo Carlos Septi\u00e9n Garc\u00eda. Periodista y analista especializado en turismo desde hace 35 a\u00f1os, radicado en Canc\u00fan Q.Roo. arturo@nitu.mx","sameAs":["https:\/\/nitu.mx","https:\/\/www.facebook.com\/NITUmx\/","medinacancun","https:\/\/twitter.com\/@Arturo_Medina_G"]},{"@type":"Person","@id":"https:\/\/nitu.mx\/#\/schema\/person\/afc52e313e27e660739556d421d3d6b4","name":"Mari Soto","image":{"@type":"ImageObject","inLanguage":"es-MX","@id":"https:\/\/nitu.mx\/#\/schema\/person\/image\/","url":"https:\/\/secure.gravatar.com\/avatar\/2619c282a180a20d89fcaea82a6736e2?s=96&d=mm&r=g","contentUrl":"https:\/\/secure.gravatar.com\/avatar\/2619c282a180a20d89fcaea82a6736e2?s=96&d=mm&r=g","caption":"Mari Soto"},"sameAs":["https:\/\/nitu.mx"],"url":"https:\/\/nitu.mx\/index.php\/author\/guadalupe\/"}]}},"views":277,"_links":{"self":[{"href":"https:\/\/nitu.mx\/index.php\/wp-json\/wp\/v2\/posts\/47218"}],"collection":[{"href":"https:\/\/nitu.mx\/index.php\/wp-json\/wp\/v2\/posts"}],"about":[{"href":"https:\/\/nitu.mx\/index.php\/wp-json\/wp\/v2\/types\/post"}],"author":[{"embeddable":true,"href":"https:\/\/nitu.mx\/index.php\/wp-json\/wp\/v2\/users\/5"}],"replies":[{"embeddable":true,"href":"https:\/\/nitu.mx\/index.php\/wp-json\/wp\/v2\/comments?post=47218"}],"version-history":[{"count":4,"href":"https:\/\/nitu.mx\/index.php\/wp-json\/wp\/v2\/posts\/47218\/revisions"}],"predecessor-version":[{"id":47256,"href":"https:\/\/nitu.mx\/index.php\/wp-json\/wp\/v2\/posts\/47218\/revisions\/47256"}],"wp:featuredmedia":[{"embeddable":true,"href":"https:\/\/nitu.mx\/index.php\/wp-json\/wp\/v2\/media\/47229"}],"wp:attachment":[{"href":"https:\/\/nitu.mx\/index.php\/wp-json\/wp\/v2\/media?parent=47218"}],"wp:term":[{"taxonomy":"category","embeddable":true,"href":"https:\/\/nitu.mx\/index.php\/wp-json\/wp\/v2\/categories?post=47218"},{"taxonomy":"post_tag","embeddable":true,"href":"https:\/\/nitu.mx\/index.php\/wp-json\/wp\/v2\/tags?post=47218"}],"curies":[{"name":"wp","href":"https:\/\/api.w.org\/{rel}","templated":true}]}}