{"id":47166,"date":"2020-10-13T01:08:48","date_gmt":"2020-10-13T06:08:48","guid":{"rendered":"https:\/\/www.dev.nitu.mx\/?p=47166"},"modified":"2020-10-13T01:31:00","modified_gmt":"2020-10-13T06:31:00","slug":"revientan-acuerdo-aeromar-e-interjet-a-dos-meses-de-anunciarlo","status":"publish","type":"post","link":"https:\/\/nitu.mx\/index.php\/2020\/10\/13\/revientan-acuerdo-aeromar-e-interjet-a-dos-meses-de-anunciarlo\/","title":{"rendered":"Revientan acuerdo Aeromar e Interjet a dos meses de anunciarlo"},"content":{"rendered":"<p>Apenas el pasado 6 de agosto Aeromar e Interjet, informaron que signaron un convenio de cooperaci\u00f3n, para comercializar de manera conjunta algunas rutas dom\u00e9sticas, que ahora se anunci\u00f3 fue dado por terminado.<\/p>\n<p>Aeromar inform\u00f3 que: \u201clas negociaciones de cooperaci\u00f3n que se iniciaron hace algunas semanas con la empresa Interjet han concluido por mutuo acuerdo de las partes y por as\u00ed convenir a sus intereses\u201d.<\/p>\n<p>El objetivo de Interjet era intentar recuperar parte de su capacidad de vuelo, ya que al igual que otras l\u00edneas a\u00e9reas del mundo, las compa\u00f1\u00edas mexicanas han sido afectadas en los \u00faltimos meses por una abrupta ca\u00edda en la demanda derivada de la pandemia del coronavirus.<\/p>\n<p>Interjet, a mediados de julio fue capitalizada con 150 millones de d\u00f3lares para reforzar sus operaciones.<\/p>\n<p>Aeromar, se\u00f1al\u00f3 que sigue adelante con sus planes de desarrollo para \u00e9ste y los pr\u00f3ximos a\u00f1os, en forma normal, reafirmando su compromiso de brindar la mejor experiencia de volar, ofreciendo las mejores conexiones regionales e internacionales, atractivas promociones y la flota m\u00e1s moderna de M\u00e9xico al operar aeronaves ATR-42 y ATR72-600 de \u00faltima generaci\u00f3n y edad promedio menor a 3 a\u00f1os.<\/p>\n<p>Sumado a lo anterior y comprometida por la seguridad de todos sus viajeros, colaboradores y proveedores, Aeromar cuenta con los m\u00e1s altos protocolos de higiene y bioseguridad, para preservar y garantizar la salud e integridad de todos los viajeros a bordo de cada vuelo, enfatiz\u00f3 la empresa.<\/p>\n","protected":false},"excerpt":{"rendered":"<p>Apenas el pasado 6 de agosto Aeromar e Interjet, informaron que signaron un convenio de cooperaci\u00f3n, para comercializar de manera conjunta algunas rutas dom\u00e9sticas, que ahora se anunci\u00f3 fue dado por terminado. Aeromar inform\u00f3 que: \u201clas negociaciones de cooperaci\u00f3n que se iniciaron hace algunas semanas con la empresa Interjet han concluido por mutuo acuerdo de [&hellip;]<\/p>\n","protected":false},"author":3,"featured_media":47173,"comment_status":"open","ping_status":"open","sticky":false,"template":"","format":"standard","meta":{"footnotes":""},"categories":[29,6],"tags":[473,7050,172],"yoast_head":"<!-- This site is optimized with the Yoast SEO plugin v22.2 - https:\/\/yoast.com\/wordpress\/plugins\/seo\/ -->\n<title>Revientan acuerdo Aeromar e Interjet a dos meses de anunciarlo - Nitu - Noticias de la Industria Turistica<\/title>\n<meta name=\"robots\" content=\"index, follow, max-snippet:-1, max-image-preview:large, max-video-preview:-1\" \/>\n<link rel=\"canonical\" href=\"https:\/\/nitu.mx\/index.php\/2020\/10\/13\/revientan-acuerdo-aeromar-e-interjet-a-dos-meses-de-anunciarlo\/\" \/>\n<meta name=\"twitter:card\" content=\"summary_large_image\" \/>\n<meta name=\"twitter:title\" content=\"Revientan acuerdo Aeromar e Interjet a dos meses de anunciarlo - Nitu - Noticias de la Industria Turistica\" \/>\n<meta name=\"twitter:description\" content=\"Apenas el pasado 6 de agosto Aeromar e Interjet, informaron que signaron un convenio de cooperaci\u00f3n, para comercializar de manera conjunta algunas rutas dom\u00e9sticas, que ahora se anunci\u00f3 fue dado por terminado. Aeromar inform\u00f3 que: \u201clas negociaciones de cooperaci\u00f3n que se iniciaron hace algunas semanas con la empresa Interjet han concluido por mutuo acuerdo de [&hellip;]\" \/>\n<meta name=\"twitter:image\" content=\"https:\/\/nitu.mx\/wp-content\/uploads\/2020\/10\/Interjet-1.jpg\" \/>\n<meta name=\"twitter:creator\" content=\"@NITUmx\" \/>\n<meta name=\"twitter:site\" content=\"@Arturo_Medina_G\" \/>\n<meta name=\"twitter:label1\" content=\"Escrito por\" \/>\n\t<meta name=\"twitter:data1\" content=\"Alejandra Moncisbays\" \/>\n\t<meta name=\"twitter:label2\" content=\"Tiempo de lectura\" \/>\n\t<meta name=\"twitter:data2\" content=\"1 minuto\" \/>\n<script type=\"application\/ld+json\" class=\"yoast-schema-graph\">{\"@context\":\"https:\/\/schema.org\",\"@graph\":[{\"@type\":\"Article\",\"@id\":\"https:\/\/nitu.mx\/index.php\/2020\/10\/13\/revientan-acuerdo-aeromar-e-interjet-a-dos-meses-de-anunciarlo\/#article\",\"isPartOf\":{\"@id\":\"https:\/\/nitu.mx\/index.php\/2020\/10\/13\/revientan-acuerdo-aeromar-e-interjet-a-dos-meses-de-anunciarlo\/\"},\"author\":{\"name\":\"Alejandra Moncisbays\",\"@id\":\"https:\/\/nitu.mx\/#\/schema\/person\/2ecd887b19dfd3382d1f14fc5acf24a8\"},\"headline\":\"Revientan acuerdo Aeromar e Interjet a dos meses de anunciarlo\",\"datePublished\":\"2020-10-13T06:08:48+00:00\",\"dateModified\":\"2020-10-13T06:31:00+00:00\",\"mainEntityOfPage\":{\"@id\":\"https:\/\/nitu.mx\/index.php\/2020\/10\/13\/revientan-acuerdo-aeromar-e-interjet-a-dos-meses-de-anunciarlo\/\"},\"wordCount\":258,\"commentCount\":0,\"publisher\":{\"@id\":\"https:\/\/nitu.mx\/#\/schema\/person\/ae7a53426417292d3dd07b45a33e01bc\"},\"image\":{\"@id\":\"https:\/\/nitu.mx\/index.php\/2020\/10\/13\/revientan-acuerdo-aeromar-e-interjet-a-dos-meses-de-anunciarlo\/#primaryimage\"},\"thumbnailUrl\":\"https:\/\/nitu.mx\/wp-content\/uploads\/2020\/10\/Interjet-1.jpg\",\"keywords\":[\"Aeromar\",\"alianza\",\"Interjet\"],\"articleSection\":[\"Aerol\u00edneas\",\"M\u00e9xico\"],\"inLanguage\":\"es-MX\",\"potentialAction\":[{\"@type\":\"CommentAction\",\"name\":\"Comment\",\"target\":[\"https:\/\/nitu.mx\/index.php\/2020\/10\/13\/revientan-acuerdo-aeromar-e-interjet-a-dos-meses-de-anunciarlo\/#respond\"]}]},{\"@type\":\"WebPage\",\"@id\":\"https:\/\/nitu.mx\/index.php\/2020\/10\/13\/revientan-acuerdo-aeromar-e-interjet-a-dos-meses-de-anunciarlo\/\",\"url\":\"https:\/\/nitu.mx\/index.php\/2020\/10\/13\/revientan-acuerdo-aeromar-e-interjet-a-dos-meses-de-anunciarlo\/\",\"name\":\"Revientan acuerdo Aeromar e Interjet a dos meses de anunciarlo - Nitu - Noticias de la Industria Turistica\",\"isPartOf\":{\"@id\":\"https:\/\/nitu.mx\/#website\"},\"primaryImageOfPage\":{\"@id\":\"https:\/\/nitu.mx\/index.php\/2020\/10\/13\/revientan-acuerdo-aeromar-e-interjet-a-dos-meses-de-anunciarlo\/#primaryimage\"},\"image\":{\"@id\":\"https:\/\/nitu.mx\/index.php\/2020\/10\/13\/revientan-acuerdo-aeromar-e-interjet-a-dos-meses-de-anunciarlo\/#primaryimage\"},\"thumbnailUrl\":\"https:\/\/nitu.mx\/wp-content\/uploads\/2020\/10\/Interjet-1.jpg\",\"datePublished\":\"2020-10-13T06:08:48+00:00\",\"dateModified\":\"2020-10-13T06:31:00+00:00\",\"breadcrumb\":{\"@id\":\"https:\/\/nitu.mx\/index.php\/2020\/10\/13\/revientan-acuerdo-aeromar-e-interjet-a-dos-meses-de-anunciarlo\/#breadcrumb\"},\"inLanguage\":\"es-MX\",\"potentialAction\":[{\"@type\":\"ReadAction\",\"target\":[\"https:\/\/nitu.mx\/index.php\/2020\/10\/13\/revientan-acuerdo-aeromar-e-interjet-a-dos-meses-de-anunciarlo\/\"]}]},{\"@type\":\"ImageObject\",\"inLanguage\":\"es-MX\",\"@id\":\"https:\/\/nitu.mx\/index.php\/2020\/10\/13\/revientan-acuerdo-aeromar-e-interjet-a-dos-meses-de-anunciarlo\/#primaryimage\",\"url\":\"https:\/\/nitu.mx\/wp-content\/uploads\/2020\/10\/Interjet-1.jpg\",\"contentUrl\":\"https:\/\/nitu.mx\/wp-content\/uploads\/2020\/10\/Interjet-1.jpg\",\"width\":850,\"height\":540},{\"@type\":\"BreadcrumbList\",\"@id\":\"https:\/\/nitu.mx\/index.php\/2020\/10\/13\/revientan-acuerdo-aeromar-e-interjet-a-dos-meses-de-anunciarlo\/#breadcrumb\",\"itemListElement\":[{\"@type\":\"ListItem\",\"position\":1,\"name\":\"Inicio\",\"item\":\"https:\/\/nitu.mx\/\"},{\"@type\":\"ListItem\",\"position\":2,\"name\":\"Revientan acuerdo Aeromar e Interjet a dos meses de anunciarlo\"}]},{\"@type\":\"WebSite\",\"@id\":\"https:\/\/nitu.mx\/#website\",\"url\":\"https:\/\/nitu.mx\/\",\"name\":\"Nitu - Noticias de la Industria Turistica\",\"description\":\"Noticias de la Industria Turistica\",\"publisher\":{\"@id\":\"https:\/\/nitu.mx\/#\/schema\/person\/ae7a53426417292d3dd07b45a33e01bc\"},\"alternateName\":\"Noticias de la Industria Turistica\",\"potentialAction\":[{\"@type\":\"SearchAction\",\"target\":{\"@type\":\"EntryPoint\",\"urlTemplate\":\"https:\/\/nitu.mx\/?s={search_term_string}\"},\"query-input\":\"required name=search_term_string\"}],\"inLanguage\":\"es-MX\"},{\"@type\":[\"Person\",\"Organization\"],\"@id\":\"https:\/\/nitu.mx\/#\/schema\/person\/ae7a53426417292d3dd07b45a33e01bc\",\"name\":\"Arturo Medina\",\"image\":{\"@type\":\"ImageObject\",\"inLanguage\":\"es-MX\",\"@id\":\"https:\/\/nitu.mx\/#\/schema\/person\/image\/\",\"url\":\"https:\/\/nitu.mx\/wp-content\/uploads\/2024\/04\/4A315622-1904-4D5C-B022-878CDC840E04-90x90-1.jpeg\",\"contentUrl\":\"https:\/\/nitu.mx\/wp-content\/uploads\/2024\/04\/4A315622-1904-4D5C-B022-878CDC840E04-90x90-1.jpeg\",\"width\":90,\"height\":90,\"caption\":\"Arturo Medina\"},\"logo\":{\"@id\":\"https:\/\/nitu.mx\/#\/schema\/person\/image\/\"},\"description\":\"Director NITU.mx, Egresado de la Escuela de Periodismo Carlos Septi\u00e9n Garc\u00eda. Periodista y analista especializado en turismo desde hace 35 a\u00f1os, radicado en Canc\u00fan Q.Roo. arturo@nitu.mx\",\"sameAs\":[\"https:\/\/nitu.mx\",\"https:\/\/www.facebook.com\/NITUmx\/\",\"medinacancun\",\"https:\/\/twitter.com\/@Arturo_Medina_G\"]},{\"@type\":\"Person\",\"@id\":\"https:\/\/nitu.mx\/#\/schema\/person\/2ecd887b19dfd3382d1f14fc5acf24a8\",\"name\":\"Alejandra Moncisbays\",\"image\":{\"@type\":\"ImageObject\",\"inLanguage\":\"es-MX\",\"@id\":\"https:\/\/nitu.mx\/#\/schema\/person\/image\/\",\"url\":\"https:\/\/secure.gravatar.com\/avatar\/e74f7af0be172b7804dacfd0bfbef787?s=96&d=mm&r=g\",\"contentUrl\":\"https:\/\/secure.gravatar.com\/avatar\/e74f7af0be172b7804dacfd0bfbef787?s=96&d=mm&r=g\",\"caption\":\"Alejandra Moncisbays\"},\"description\":\"Curs\u00e9 la carrera de Periodismo y Comunicaci\u00f3n en la Facultad de Estudios Profesionales Acatl\u00e1n. Vivo en Canc\u00fan desde hace 24 a\u00f1os. Fui reportera de La Tarde de Canc\u00fan, y Novedades de Quintana Roo, colabor\u00e9 en TVCUN, edit\u00e9 Cancun\u00edssimo y colabor\u00e9 en las revistas Latitud21, entre otras, con principal enfoque en los sectores empresarial y tur\u00edstico. Desde hace varios a\u00f1os soy Agente de Seguros con c\u00e9dula de la Comisi\u00f3n Nacional de Seguros y Fianzas. Actualmente, me desarrollo en los \u00e1mbitos del periodismo y el sector asegurador.\",\"sameAs\":[\"https:\/\/nitu.mx\"],\"url\":\"https:\/\/nitu.mx\/index.php\/author\/alejandra\/\"}]}<\/script>\n<!-- \/ Yoast SEO plugin. -->","yoast_head_json":{"title":"Revientan acuerdo Aeromar e Interjet a dos meses de anunciarlo - Nitu - Noticias de la Industria Turistica","robots":{"index":"index","follow":"follow","max-snippet":"max-snippet:-1","max-image-preview":"max-image-preview:large","max-video-preview":"max-video-preview:-1"},"canonical":"https:\/\/nitu.mx\/index.php\/2020\/10\/13\/revientan-acuerdo-aeromar-e-interjet-a-dos-meses-de-anunciarlo\/","twitter_card":"summary_large_image","twitter_title":"Revientan acuerdo Aeromar e Interjet a dos meses de anunciarlo - Nitu - Noticias de la Industria Turistica","twitter_description":"Apenas el pasado 6 de agosto Aeromar e Interjet, informaron que signaron un convenio de cooperaci\u00f3n, para comercializar de manera conjunta algunas rutas dom\u00e9sticas, que ahora se anunci\u00f3 fue dado por terminado. Aeromar inform\u00f3 que: \u201clas negociaciones de cooperaci\u00f3n que se iniciaron hace algunas semanas con la empresa Interjet han concluido por mutuo acuerdo de [&hellip;]","twitter_image":"https:\/\/nitu.mx\/wp-content\/uploads\/2020\/10\/Interjet-1.jpg","twitter_creator":"@NITUmx","twitter_site":"@Arturo_Medina_G","twitter_misc":{"Escrito por":"Alejandra Moncisbays","Tiempo de lectura":"1 minuto"},"schema":{"@context":"https:\/\/schema.org","@graph":[{"@type":"Article","@id":"https:\/\/nitu.mx\/index.php\/2020\/10\/13\/revientan-acuerdo-aeromar-e-interjet-a-dos-meses-de-anunciarlo\/#article","isPartOf":{"@id":"https:\/\/nitu.mx\/index.php\/2020\/10\/13\/revientan-acuerdo-aeromar-e-interjet-a-dos-meses-de-anunciarlo\/"},"author":{"name":"Alejandra Moncisbays","@id":"https:\/\/nitu.mx\/#\/schema\/person\/2ecd887b19dfd3382d1f14fc5acf24a8"},"headline":"Revientan acuerdo Aeromar e Interjet a dos meses de anunciarlo","datePublished":"2020-10-13T06:08:48+00:00","dateModified":"2020-10-13T06:31:00+00:00","mainEntityOfPage":{"@id":"https:\/\/nitu.mx\/index.php\/2020\/10\/13\/revientan-acuerdo-aeromar-e-interjet-a-dos-meses-de-anunciarlo\/"},"wordCount":258,"commentCount":0,"publisher":{"@id":"https:\/\/nitu.mx\/#\/schema\/person\/ae7a53426417292d3dd07b45a33e01bc"},"image":{"@id":"https:\/\/nitu.mx\/index.php\/2020\/10\/13\/revientan-acuerdo-aeromar-e-interjet-a-dos-meses-de-anunciarlo\/#primaryimage"},"thumbnailUrl":"https:\/\/nitu.mx\/wp-content\/uploads\/2020\/10\/Interjet-1.jpg","keywords":["Aeromar","alianza","Interjet"],"articleSection":["Aerol\u00edneas","M\u00e9xico"],"inLanguage":"es-MX","potentialAction":[{"@type":"CommentAction","name":"Comment","target":["https:\/\/nitu.mx\/index.php\/2020\/10\/13\/revientan-acuerdo-aeromar-e-interjet-a-dos-meses-de-anunciarlo\/#respond"]}]},{"@type":"WebPage","@id":"https:\/\/nitu.mx\/index.php\/2020\/10\/13\/revientan-acuerdo-aeromar-e-interjet-a-dos-meses-de-anunciarlo\/","url":"https:\/\/nitu.mx\/index.php\/2020\/10\/13\/revientan-acuerdo-aeromar-e-interjet-a-dos-meses-de-anunciarlo\/","name":"Revientan acuerdo Aeromar e Interjet a dos meses de anunciarlo - Nitu - Noticias de la Industria Turistica","isPartOf":{"@id":"https:\/\/nitu.mx\/#website"},"primaryImageOfPage":{"@id":"https:\/\/nitu.mx\/index.php\/2020\/10\/13\/revientan-acuerdo-aeromar-e-interjet-a-dos-meses-de-anunciarlo\/#primaryimage"},"image":{"@id":"https:\/\/nitu.mx\/index.php\/2020\/10\/13\/revientan-acuerdo-aeromar-e-interjet-a-dos-meses-de-anunciarlo\/#primaryimage"},"thumbnailUrl":"https:\/\/nitu.mx\/wp-content\/uploads\/2020\/10\/Interjet-1.jpg","datePublished":"2020-10-13T06:08:48+00:00","dateModified":"2020-10-13T06:31:00+00:00","breadcrumb":{"@id":"https:\/\/nitu.mx\/index.php\/2020\/10\/13\/revientan-acuerdo-aeromar-e-interjet-a-dos-meses-de-anunciarlo\/#breadcrumb"},"inLanguage":"es-MX","potentialAction":[{"@type":"ReadAction","target":["https:\/\/nitu.mx\/index.php\/2020\/10\/13\/revientan-acuerdo-aeromar-e-interjet-a-dos-meses-de-anunciarlo\/"]}]},{"@type":"ImageObject","inLanguage":"es-MX","@id":"https:\/\/nitu.mx\/index.php\/2020\/10\/13\/revientan-acuerdo-aeromar-e-interjet-a-dos-meses-de-anunciarlo\/#primaryimage","url":"https:\/\/nitu.mx\/wp-content\/uploads\/2020\/10\/Interjet-1.jpg","contentUrl":"https:\/\/nitu.mx\/wp-content\/uploads\/2020\/10\/Interjet-1.jpg","width":850,"height":540},{"@type":"BreadcrumbList","@id":"https:\/\/nitu.mx\/index.php\/2020\/10\/13\/revientan-acuerdo-aeromar-e-interjet-a-dos-meses-de-anunciarlo\/#breadcrumb","itemListElement":[{"@type":"ListItem","position":1,"name":"Inicio","item":"https:\/\/nitu.mx\/"},{"@type":"ListItem","position":2,"name":"Revientan acuerdo Aeromar e Interjet a dos meses de anunciarlo"}]},{"@type":"WebSite","@id":"https:\/\/nitu.mx\/#website","url":"https:\/\/nitu.mx\/","name":"Nitu - Noticias de la Industria Turistica","description":"Noticias de la Industria Turistica","publisher":{"@id":"https:\/\/nitu.mx\/#\/schema\/person\/ae7a53426417292d3dd07b45a33e01bc"},"alternateName":"Noticias de la Industria Turistica","potentialAction":[{"@type":"SearchAction","target":{"@type":"EntryPoint","urlTemplate":"https:\/\/nitu.mx\/?s={search_term_string}"},"query-input":"required name=search_term_string"}],"inLanguage":"es-MX"},{"@type":["Person","Organization"],"@id":"https:\/\/nitu.mx\/#\/schema\/person\/ae7a53426417292d3dd07b45a33e01bc","name":"Arturo Medina","image":{"@type":"ImageObject","inLanguage":"es-MX","@id":"https:\/\/nitu.mx\/#\/schema\/person\/image\/","url":"https:\/\/nitu.mx\/wp-content\/uploads\/2024\/04\/4A315622-1904-4D5C-B022-878CDC840E04-90x90-1.jpeg","contentUrl":"https:\/\/nitu.mx\/wp-content\/uploads\/2024\/04\/4A315622-1904-4D5C-B022-878CDC840E04-90x90-1.jpeg","width":90,"height":90,"caption":"Arturo Medina"},"logo":{"@id":"https:\/\/nitu.mx\/#\/schema\/person\/image\/"},"description":"Director NITU.mx, Egresado de la Escuela de Periodismo Carlos Septi\u00e9n Garc\u00eda. Periodista y analista especializado en turismo desde hace 35 a\u00f1os, radicado en Canc\u00fan Q.Roo. arturo@nitu.mx","sameAs":["https:\/\/nitu.mx","https:\/\/www.facebook.com\/NITUmx\/","medinacancun","https:\/\/twitter.com\/@Arturo_Medina_G"]},{"@type":"Person","@id":"https:\/\/nitu.mx\/#\/schema\/person\/2ecd887b19dfd3382d1f14fc5acf24a8","name":"Alejandra Moncisbays","image":{"@type":"ImageObject","inLanguage":"es-MX","@id":"https:\/\/nitu.mx\/#\/schema\/person\/image\/","url":"https:\/\/secure.gravatar.com\/avatar\/e74f7af0be172b7804dacfd0bfbef787?s=96&d=mm&r=g","contentUrl":"https:\/\/secure.gravatar.com\/avatar\/e74f7af0be172b7804dacfd0bfbef787?s=96&d=mm&r=g","caption":"Alejandra Moncisbays"},"description":"Curs\u00e9 la carrera de Periodismo y Comunicaci\u00f3n en la Facultad de Estudios Profesionales Acatl\u00e1n. Vivo en Canc\u00fan desde hace 24 a\u00f1os. Fui reportera de La Tarde de Canc\u00fan, y Novedades de Quintana Roo, colabor\u00e9 en TVCUN, edit\u00e9 Cancun\u00edssimo y colabor\u00e9 en las revistas Latitud21, entre otras, con principal enfoque en los sectores empresarial y tur\u00edstico. Desde hace varios a\u00f1os soy Agente de Seguros con c\u00e9dula de la Comisi\u00f3n Nacional de Seguros y Fianzas. Actualmente, me desarrollo en los \u00e1mbitos del periodismo y el sector asegurador.","sameAs":["https:\/\/nitu.mx"],"url":"https:\/\/nitu.mx\/index.php\/author\/alejandra\/"}]}},"views":400,"_links":{"self":[{"href":"https:\/\/nitu.mx\/index.php\/wp-json\/wp\/v2\/posts\/47166"}],"collection":[{"href":"https:\/\/nitu.mx\/index.php\/wp-json\/wp\/v2\/posts"}],"about":[{"href":"https:\/\/nitu.mx\/index.php\/wp-json\/wp\/v2\/types\/post"}],"author":[{"embeddable":true,"href":"https:\/\/nitu.mx\/index.php\/wp-json\/wp\/v2\/users\/3"}],"replies":[{"embeddable":true,"href":"https:\/\/nitu.mx\/index.php\/wp-json\/wp\/v2\/comments?post=47166"}],"version-history":[{"count":3,"href":"https:\/\/nitu.mx\/index.php\/wp-json\/wp\/v2\/posts\/47166\/revisions"}],"predecessor-version":[{"id":47174,"href":"https:\/\/nitu.mx\/index.php\/wp-json\/wp\/v2\/posts\/47166\/revisions\/47174"}],"wp:featuredmedia":[{"embeddable":true,"href":"https:\/\/nitu.mx\/index.php\/wp-json\/wp\/v2\/media\/47173"}],"wp:attachment":[{"href":"https:\/\/nitu.mx\/index.php\/wp-json\/wp\/v2\/media?parent=47166"}],"wp:term":[{"taxonomy":"category","embeddable":true,"href":"https:\/\/nitu.mx\/index.php\/wp-json\/wp\/v2\/categories?post=47166"},{"taxonomy":"post_tag","embeddable":true,"href":"https:\/\/nitu.mx\/index.php\/wp-json\/wp\/v2\/tags?post=47166"}],"curies":[{"name":"wp","href":"https:\/\/api.w.org\/{rel}","templated":true}]}}