{"id":47163,"date":"2020-10-13T01:09:11","date_gmt":"2020-10-13T06:09:11","guid":{"rendered":"https:\/\/www.dev.nitu.mx\/?p=47163"},"modified":"2020-10-13T01:30:51","modified_gmt":"2020-10-13T06:30:51","slug":"guillermo-del-toro-reta-a-aeromexico-y-la-empresa-responde","status":"publish","type":"post","link":"https:\/\/nitu.mx\/index.php\/2020\/10\/13\/guillermo-del-toro-reta-a-aeromexico-y-la-empresa-responde\/","title":{"rendered":"Guillermo del Toro reta a Aerom\u00e9xico y la empresa responde"},"content":{"rendered":"\n<p>Guillermo del Toro cumple 56 a\u00f1os este viernes y a manera de celebraci\u00f3n, lanz\u00f3 un reto a trav\u00e9s de su cuenta de Twitter a Aerom\u00e9xico para que apoye con vuelos pagados a mexicanos sobresalientes que necesiten viajar al extranjero. Inicialmente, el reto cosiste en que, a partir de 2021, la aerol\u00ednea proporcione durante tres a\u00f1os, 10 viajes anuales a mexicanos que lo necesiten. &#8216;\u00bfC\u00f3mo la ven? \u00bfLe entran?&#8217;, pregunt\u00f3 el cineasta invitando a la compa\u00f1\u00eda a enviar mensaje directo en caso de aceptar la propuesta.<\/p>\n\n\n\n<p>Del Toro es una de las personalidades m\u00e1s queridas por sus connacionales, pues se caracteriza por brindar su apoyo a j\u00f3venes mexicanos.\u00a9 EFE Del Toro es una de las personalidades m\u00e1s queridas por sus connacionales, pues se caracteriza por brindar su apoyo a j\u00f3venes mexicanos.<\/p>\n\n\n\n<p>A los pocos minutos, Aerom\u00e9xico respondi\u00f3 al reto, para adem\u00e1s ponerse de acuerdo a trav\u00e9s de mensaje directo. Guillermo del Toro es una de las personalidades m\u00e1s queridas por sus connacionales, pues se caracteriza por brindar su apoyo a j\u00f3venes mexicanos de escasos recursos o que necesitan alg\u00fan tipo de ayuda para poder seguir desarrollando su talento.<\/p>\n\n\n\n<p>En los \u00faltimos a\u00f1os, su cuenta de Twitter ha sido la herramienta ideal para poner el ojo sobre alguna situaci\u00f3n, por ejemplo, en 2019 el equipo ol\u00edmpico de matem\u00e1ticas de la Ciudad de M\u00e9xico solicitaba apoyo econ\u00f3mico para viajar a Sud\u00e1frica y continuar con su buen desempe\u00f1o.<\/p>\n\n\n\n<p>El llamado lleg\u00f3 al timeline de Guillermo del Toro y los contact\u00f3 para ofrecerse a pagar los boletos de avi\u00f3n de todo el equipo.<\/p>\n\n\n\n<p>Tambi\u00e9n existe la beca Jenkins-Del Toro, la cual, tiene como objetivo impulsar el talento de los cineastas mexicanos y en 2019 celebr\u00f3 su primera edici\u00f3n.<\/p>\n\n\n\n<p>Fue otorgada a dos j\u00f3venes, donde cada uno recibi\u00f3 60,000 d\u00f3lares durante el Festival Internacional de Cine en Guadalajara, llevado a cabo en marzo de 2019.<\/p>\n\n\n\n<p>&nbsp;El a\u00f1o anterior, en 2018, Del Toro otorg\u00f3 becas a tres j\u00f3venes mexicanos para estudiar una maestr\u00eda en Artes en la Escuela de Imagen Gobelins, ubicada en Francia y considerada como una de las mejores escuelas de animaci\u00f3n del mundo.<\/p>\n\n\n\n<p>Uno de estos tres j\u00f3venes pidi\u00f3 ayuda al gobierno de su natal Celaya, Guanajuato para pagar el viaje a Francia, pues la beca solo cubrir\u00eda su estancia en dicho pa\u00eds. Una vez m\u00e1s, el cineasta solucion\u00f3 el problema y tambi\u00e9n cubri\u00f3 el costo del boleto. (msn.com).<\/p>\n","protected":false},"excerpt":{"rendered":"<p>Guillermo del Toro cumple 56 a\u00f1os este viernes y a manera de celebraci\u00f3n, lanz\u00f3 un reto a trav\u00e9s de su cuenta de Twitter a Aerom\u00e9xico para que apoye con vuelos pagados a mexicanos sobresalientes que necesiten viajar al extranjero. Inicialmente, el reto cosiste en que, a partir de 2021, la aerol\u00ednea proporcione durante tres a\u00f1os, [&hellip;]<\/p>\n","protected":false},"author":17,"featured_media":46863,"comment_status":"open","ping_status":"open","sticky":false,"template":"","format":"standard","meta":{"footnotes":""},"categories":[29,6],"tags":[30,20826],"yoast_head":"<!-- This site is optimized with the Yoast SEO plugin v22.2 - https:\/\/yoast.com\/wordpress\/plugins\/seo\/ -->\n<title>Guillermo del Toro reta a Aerom\u00e9xico y la empresa responde - Nitu - Noticias de la Industria Turistica<\/title>\n<meta name=\"robots\" content=\"index, follow, max-snippet:-1, max-image-preview:large, max-video-preview:-1\" \/>\n<link rel=\"canonical\" href=\"https:\/\/nitu.mx\/index.php\/2020\/10\/13\/guillermo-del-toro-reta-a-aeromexico-y-la-empresa-responde\/\" \/>\n<meta name=\"twitter:card\" content=\"summary_large_image\" \/>\n<meta name=\"twitter:title\" content=\"Guillermo del Toro reta a Aerom\u00e9xico y la empresa responde - Nitu - Noticias de la Industria Turistica\" \/>\n<meta name=\"twitter:description\" content=\"Guillermo del Toro cumple 56 a\u00f1os este viernes y a manera de celebraci\u00f3n, lanz\u00f3 un reto a trav\u00e9s de su cuenta de Twitter a Aerom\u00e9xico para que apoye con vuelos pagados a mexicanos sobresalientes que necesiten viajar al extranjero. Inicialmente, el reto cosiste en que, a partir de 2021, la aerol\u00ednea proporcione durante tres a\u00f1os, [&hellip;]\" \/>\n<meta name=\"twitter:image\" content=\"https:\/\/nitu.mx\/wp-content\/uploads\/2020\/10\/Aeromexico-Cancun-Tijuana.jpg\" \/>\n<meta name=\"twitter:creator\" content=\"@NITUmx\" \/>\n<meta name=\"twitter:site\" content=\"@Arturo_Medina_G\" \/>\n<meta name=\"twitter:label1\" content=\"Escrito por\" \/>\n\t<meta name=\"twitter:data1\" content=\"Redacci\u00f3n\" \/>\n\t<meta name=\"twitter:label2\" content=\"Tiempo de lectura\" \/>\n\t<meta name=\"twitter:data2\" content=\"2 minutos\" \/>\n<script type=\"application\/ld+json\" class=\"yoast-schema-graph\">{\"@context\":\"https:\/\/schema.org\",\"@graph\":[{\"@type\":\"Article\",\"@id\":\"https:\/\/nitu.mx\/index.php\/2020\/10\/13\/guillermo-del-toro-reta-a-aeromexico-y-la-empresa-responde\/#article\",\"isPartOf\":{\"@id\":\"https:\/\/nitu.mx\/index.php\/2020\/10\/13\/guillermo-del-toro-reta-a-aeromexico-y-la-empresa-responde\/\"},\"author\":{\"name\":\"Redacci\u00f3n\",\"@id\":\"https:\/\/nitu.mx\/#\/schema\/person\/4a28fe9bd65924f7c90623773daf1b0b\"},\"headline\":\"Guillermo del Toro reta a Aerom\u00e9xico y la empresa responde\",\"datePublished\":\"2020-10-13T06:09:11+00:00\",\"dateModified\":\"2020-10-13T06:30:51+00:00\",\"mainEntityOfPage\":{\"@id\":\"https:\/\/nitu.mx\/index.php\/2020\/10\/13\/guillermo-del-toro-reta-a-aeromexico-y-la-empresa-responde\/\"},\"wordCount\":440,\"commentCount\":0,\"publisher\":{\"@id\":\"https:\/\/nitu.mx\/#\/schema\/person\/ae7a53426417292d3dd07b45a33e01bc\"},\"image\":{\"@id\":\"https:\/\/nitu.mx\/index.php\/2020\/10\/13\/guillermo-del-toro-reta-a-aeromexico-y-la-empresa-responde\/#primaryimage\"},\"thumbnailUrl\":\"https:\/\/nitu.mx\/wp-content\/uploads\/2020\/10\/Aeromexico-Cancun-Tijuana.jpg\",\"keywords\":[\"Aerom\u00e9xico\",\"Guillermo del Toro\"],\"articleSection\":[\"Aerol\u00edneas\",\"M\u00e9xico\"],\"inLanguage\":\"es-MX\",\"potentialAction\":[{\"@type\":\"CommentAction\",\"name\":\"Comment\",\"target\":[\"https:\/\/nitu.mx\/index.php\/2020\/10\/13\/guillermo-del-toro-reta-a-aeromexico-y-la-empresa-responde\/#respond\"]}]},{\"@type\":\"WebPage\",\"@id\":\"https:\/\/nitu.mx\/index.php\/2020\/10\/13\/guillermo-del-toro-reta-a-aeromexico-y-la-empresa-responde\/\",\"url\":\"https:\/\/nitu.mx\/index.php\/2020\/10\/13\/guillermo-del-toro-reta-a-aeromexico-y-la-empresa-responde\/\",\"name\":\"Guillermo del Toro reta a Aerom\u00e9xico y la empresa responde - Nitu - Noticias de la Industria Turistica\",\"isPartOf\":{\"@id\":\"https:\/\/nitu.mx\/#website\"},\"primaryImageOfPage\":{\"@id\":\"https:\/\/nitu.mx\/index.php\/2020\/10\/13\/guillermo-del-toro-reta-a-aeromexico-y-la-empresa-responde\/#primaryimage\"},\"image\":{\"@id\":\"https:\/\/nitu.mx\/index.php\/2020\/10\/13\/guillermo-del-toro-reta-a-aeromexico-y-la-empresa-responde\/#primaryimage\"},\"thumbnailUrl\":\"https:\/\/nitu.mx\/wp-content\/uploads\/2020\/10\/Aeromexico-Cancun-Tijuana.jpg\",\"datePublished\":\"2020-10-13T06:09:11+00:00\",\"dateModified\":\"2020-10-13T06:30:51+00:00\",\"breadcrumb\":{\"@id\":\"https:\/\/nitu.mx\/index.php\/2020\/10\/13\/guillermo-del-toro-reta-a-aeromexico-y-la-empresa-responde\/#breadcrumb\"},\"inLanguage\":\"es-MX\",\"potentialAction\":[{\"@type\":\"ReadAction\",\"target\":[\"https:\/\/nitu.mx\/index.php\/2020\/10\/13\/guillermo-del-toro-reta-a-aeromexico-y-la-empresa-responde\/\"]}]},{\"@type\":\"ImageObject\",\"inLanguage\":\"es-MX\",\"@id\":\"https:\/\/nitu.mx\/index.php\/2020\/10\/13\/guillermo-del-toro-reta-a-aeromexico-y-la-empresa-responde\/#primaryimage\",\"url\":\"https:\/\/nitu.mx\/wp-content\/uploads\/2020\/10\/Aeromexico-Cancun-Tijuana.jpg\",\"contentUrl\":\"https:\/\/nitu.mx\/wp-content\/uploads\/2020\/10\/Aeromexico-Cancun-Tijuana.jpg\",\"width\":1200,\"height\":675,\"caption\":\"Aerom\u00e9xico\"},{\"@type\":\"BreadcrumbList\",\"@id\":\"https:\/\/nitu.mx\/index.php\/2020\/10\/13\/guillermo-del-toro-reta-a-aeromexico-y-la-empresa-responde\/#breadcrumb\",\"itemListElement\":[{\"@type\":\"ListItem\",\"position\":1,\"name\":\"Inicio\",\"item\":\"https:\/\/nitu.mx\/\"},{\"@type\":\"ListItem\",\"position\":2,\"name\":\"Guillermo del Toro reta a Aerom\u00e9xico y la empresa responde\"}]},{\"@type\":\"WebSite\",\"@id\":\"https:\/\/nitu.mx\/#website\",\"url\":\"https:\/\/nitu.mx\/\",\"name\":\"Nitu - Noticias de la Industria Turistica\",\"description\":\"Noticias de la Industria Turistica\",\"publisher\":{\"@id\":\"https:\/\/nitu.mx\/#\/schema\/person\/ae7a53426417292d3dd07b45a33e01bc\"},\"alternateName\":\"Noticias de la Industria Turistica\",\"potentialAction\":[{\"@type\":\"SearchAction\",\"target\":{\"@type\":\"EntryPoint\",\"urlTemplate\":\"https:\/\/nitu.mx\/?s={search_term_string}\"},\"query-input\":\"required name=search_term_string\"}],\"inLanguage\":\"es-MX\"},{\"@type\":[\"Person\",\"Organization\"],\"@id\":\"https:\/\/nitu.mx\/#\/schema\/person\/ae7a53426417292d3dd07b45a33e01bc\",\"name\":\"Arturo Medina\",\"image\":{\"@type\":\"ImageObject\",\"inLanguage\":\"es-MX\",\"@id\":\"https:\/\/nitu.mx\/#\/schema\/person\/image\/\",\"url\":\"https:\/\/nitu.mx\/wp-content\/uploads\/2024\/04\/4A315622-1904-4D5C-B022-878CDC840E04-90x90-1.jpeg\",\"contentUrl\":\"https:\/\/nitu.mx\/wp-content\/uploads\/2024\/04\/4A315622-1904-4D5C-B022-878CDC840E04-90x90-1.jpeg\",\"width\":90,\"height\":90,\"caption\":\"Arturo Medina\"},\"logo\":{\"@id\":\"https:\/\/nitu.mx\/#\/schema\/person\/image\/\"},\"description\":\"Director NITU.mx, Egresado de la Escuela de Periodismo Carlos Septi\u00e9n Garc\u00eda. Periodista y analista especializado en turismo desde hace 35 a\u00f1os, radicado en Canc\u00fan Q.Roo. arturo@nitu.mx\",\"sameAs\":[\"https:\/\/nitu.mx\",\"https:\/\/www.facebook.com\/NITUmx\/\",\"medinacancun\",\"https:\/\/twitter.com\/@Arturo_Medina_G\"]},{\"@type\":\"Person\",\"@id\":\"https:\/\/nitu.mx\/#\/schema\/person\/4a28fe9bd65924f7c90623773daf1b0b\",\"name\":\"Redacci\u00f3n\",\"image\":{\"@type\":\"ImageObject\",\"inLanguage\":\"es-MX\",\"@id\":\"https:\/\/nitu.mx\/#\/schema\/person\/image\/\",\"url\":\"https:\/\/secure.gravatar.com\/avatar\/5dd011c8ccfc5cd7e4c81e42252aab38?s=96&d=mm&r=g\",\"contentUrl\":\"https:\/\/secure.gravatar.com\/avatar\/5dd011c8ccfc5cd7e4c81e42252aab38?s=96&d=mm&r=g\",\"caption\":\"Redacci\u00f3n\"},\"url\":\"https:\/\/nitu.mx\/index.php\/author\/redaccion\/\"}]}<\/script>\n<!-- \/ Yoast SEO plugin. -->","yoast_head_json":{"title":"Guillermo del Toro reta a Aerom\u00e9xico y la empresa responde - Nitu - Noticias de la Industria Turistica","robots":{"index":"index","follow":"follow","max-snippet":"max-snippet:-1","max-image-preview":"max-image-preview:large","max-video-preview":"max-video-preview:-1"},"canonical":"https:\/\/nitu.mx\/index.php\/2020\/10\/13\/guillermo-del-toro-reta-a-aeromexico-y-la-empresa-responde\/","twitter_card":"summary_large_image","twitter_title":"Guillermo del Toro reta a Aerom\u00e9xico y la empresa responde - Nitu - Noticias de la Industria Turistica","twitter_description":"Guillermo del Toro cumple 56 a\u00f1os este viernes y a manera de celebraci\u00f3n, lanz\u00f3 un reto a trav\u00e9s de su cuenta de Twitter a Aerom\u00e9xico para que apoye con vuelos pagados a mexicanos sobresalientes que necesiten viajar al extranjero. Inicialmente, el reto cosiste en que, a partir de 2021, la aerol\u00ednea proporcione durante tres a\u00f1os, [&hellip;]","twitter_image":"https:\/\/nitu.mx\/wp-content\/uploads\/2020\/10\/Aeromexico-Cancun-Tijuana.jpg","twitter_creator":"@NITUmx","twitter_site":"@Arturo_Medina_G","twitter_misc":{"Escrito por":"Redacci\u00f3n","Tiempo de lectura":"2 minutos"},"schema":{"@context":"https:\/\/schema.org","@graph":[{"@type":"Article","@id":"https:\/\/nitu.mx\/index.php\/2020\/10\/13\/guillermo-del-toro-reta-a-aeromexico-y-la-empresa-responde\/#article","isPartOf":{"@id":"https:\/\/nitu.mx\/index.php\/2020\/10\/13\/guillermo-del-toro-reta-a-aeromexico-y-la-empresa-responde\/"},"author":{"name":"Redacci\u00f3n","@id":"https:\/\/nitu.mx\/#\/schema\/person\/4a28fe9bd65924f7c90623773daf1b0b"},"headline":"Guillermo del Toro reta a Aerom\u00e9xico y la empresa responde","datePublished":"2020-10-13T06:09:11+00:00","dateModified":"2020-10-13T06:30:51+00:00","mainEntityOfPage":{"@id":"https:\/\/nitu.mx\/index.php\/2020\/10\/13\/guillermo-del-toro-reta-a-aeromexico-y-la-empresa-responde\/"},"wordCount":440,"commentCount":0,"publisher":{"@id":"https:\/\/nitu.mx\/#\/schema\/person\/ae7a53426417292d3dd07b45a33e01bc"},"image":{"@id":"https:\/\/nitu.mx\/index.php\/2020\/10\/13\/guillermo-del-toro-reta-a-aeromexico-y-la-empresa-responde\/#primaryimage"},"thumbnailUrl":"https:\/\/nitu.mx\/wp-content\/uploads\/2020\/10\/Aeromexico-Cancun-Tijuana.jpg","keywords":["Aerom\u00e9xico","Guillermo del Toro"],"articleSection":["Aerol\u00edneas","M\u00e9xico"],"inLanguage":"es-MX","potentialAction":[{"@type":"CommentAction","name":"Comment","target":["https:\/\/nitu.mx\/index.php\/2020\/10\/13\/guillermo-del-toro-reta-a-aeromexico-y-la-empresa-responde\/#respond"]}]},{"@type":"WebPage","@id":"https:\/\/nitu.mx\/index.php\/2020\/10\/13\/guillermo-del-toro-reta-a-aeromexico-y-la-empresa-responde\/","url":"https:\/\/nitu.mx\/index.php\/2020\/10\/13\/guillermo-del-toro-reta-a-aeromexico-y-la-empresa-responde\/","name":"Guillermo del Toro reta a Aerom\u00e9xico y la empresa responde - Nitu - Noticias de la Industria Turistica","isPartOf":{"@id":"https:\/\/nitu.mx\/#website"},"primaryImageOfPage":{"@id":"https:\/\/nitu.mx\/index.php\/2020\/10\/13\/guillermo-del-toro-reta-a-aeromexico-y-la-empresa-responde\/#primaryimage"},"image":{"@id":"https:\/\/nitu.mx\/index.php\/2020\/10\/13\/guillermo-del-toro-reta-a-aeromexico-y-la-empresa-responde\/#primaryimage"},"thumbnailUrl":"https:\/\/nitu.mx\/wp-content\/uploads\/2020\/10\/Aeromexico-Cancun-Tijuana.jpg","datePublished":"2020-10-13T06:09:11+00:00","dateModified":"2020-10-13T06:30:51+00:00","breadcrumb":{"@id":"https:\/\/nitu.mx\/index.php\/2020\/10\/13\/guillermo-del-toro-reta-a-aeromexico-y-la-empresa-responde\/#breadcrumb"},"inLanguage":"es-MX","potentialAction":[{"@type":"ReadAction","target":["https:\/\/nitu.mx\/index.php\/2020\/10\/13\/guillermo-del-toro-reta-a-aeromexico-y-la-empresa-responde\/"]}]},{"@type":"ImageObject","inLanguage":"es-MX","@id":"https:\/\/nitu.mx\/index.php\/2020\/10\/13\/guillermo-del-toro-reta-a-aeromexico-y-la-empresa-responde\/#primaryimage","url":"https:\/\/nitu.mx\/wp-content\/uploads\/2020\/10\/Aeromexico-Cancun-Tijuana.jpg","contentUrl":"https:\/\/nitu.mx\/wp-content\/uploads\/2020\/10\/Aeromexico-Cancun-Tijuana.jpg","width":1200,"height":675,"caption":"Aerom\u00e9xico"},{"@type":"BreadcrumbList","@id":"https:\/\/nitu.mx\/index.php\/2020\/10\/13\/guillermo-del-toro-reta-a-aeromexico-y-la-empresa-responde\/#breadcrumb","itemListElement":[{"@type":"ListItem","position":1,"name":"Inicio","item":"https:\/\/nitu.mx\/"},{"@type":"ListItem","position":2,"name":"Guillermo del Toro reta a Aerom\u00e9xico y la empresa responde"}]},{"@type":"WebSite","@id":"https:\/\/nitu.mx\/#website","url":"https:\/\/nitu.mx\/","name":"Nitu - Noticias de la Industria Turistica","description":"Noticias de la Industria Turistica","publisher":{"@id":"https:\/\/nitu.mx\/#\/schema\/person\/ae7a53426417292d3dd07b45a33e01bc"},"alternateName":"Noticias de la Industria Turistica","potentialAction":[{"@type":"SearchAction","target":{"@type":"EntryPoint","urlTemplate":"https:\/\/nitu.mx\/?s={search_term_string}"},"query-input":"required name=search_term_string"}],"inLanguage":"es-MX"},{"@type":["Person","Organization"],"@id":"https:\/\/nitu.mx\/#\/schema\/person\/ae7a53426417292d3dd07b45a33e01bc","name":"Arturo Medina","image":{"@type":"ImageObject","inLanguage":"es-MX","@id":"https:\/\/nitu.mx\/#\/schema\/person\/image\/","url":"https:\/\/nitu.mx\/wp-content\/uploads\/2024\/04\/4A315622-1904-4D5C-B022-878CDC840E04-90x90-1.jpeg","contentUrl":"https:\/\/nitu.mx\/wp-content\/uploads\/2024\/04\/4A315622-1904-4D5C-B022-878CDC840E04-90x90-1.jpeg","width":90,"height":90,"caption":"Arturo Medina"},"logo":{"@id":"https:\/\/nitu.mx\/#\/schema\/person\/image\/"},"description":"Director NITU.mx, Egresado de la Escuela de Periodismo Carlos Septi\u00e9n Garc\u00eda. Periodista y analista especializado en turismo desde hace 35 a\u00f1os, radicado en Canc\u00fan Q.Roo. arturo@nitu.mx","sameAs":["https:\/\/nitu.mx","https:\/\/www.facebook.com\/NITUmx\/","medinacancun","https:\/\/twitter.com\/@Arturo_Medina_G"]},{"@type":"Person","@id":"https:\/\/nitu.mx\/#\/schema\/person\/4a28fe9bd65924f7c90623773daf1b0b","name":"Redacci\u00f3n","image":{"@type":"ImageObject","inLanguage":"es-MX","@id":"https:\/\/nitu.mx\/#\/schema\/person\/image\/","url":"https:\/\/secure.gravatar.com\/avatar\/5dd011c8ccfc5cd7e4c81e42252aab38?s=96&d=mm&r=g","contentUrl":"https:\/\/secure.gravatar.com\/avatar\/5dd011c8ccfc5cd7e4c81e42252aab38?s=96&d=mm&r=g","caption":"Redacci\u00f3n"},"url":"https:\/\/nitu.mx\/index.php\/author\/redaccion\/"}]}},"views":284,"_links":{"self":[{"href":"https:\/\/nitu.mx\/index.php\/wp-json\/wp\/v2\/posts\/47163"}],"collection":[{"href":"https:\/\/nitu.mx\/index.php\/wp-json\/wp\/v2\/posts"}],"about":[{"href":"https:\/\/nitu.mx\/index.php\/wp-json\/wp\/v2\/types\/post"}],"author":[{"embeddable":true,"href":"https:\/\/nitu.mx\/index.php\/wp-json\/wp\/v2\/users\/17"}],"replies":[{"embeddable":true,"href":"https:\/\/nitu.mx\/index.php\/wp-json\/wp\/v2\/comments?post=47163"}],"version-history":[{"count":1,"href":"https:\/\/nitu.mx\/index.php\/wp-json\/wp\/v2\/posts\/47163\/revisions"}],"predecessor-version":[{"id":47164,"href":"https:\/\/nitu.mx\/index.php\/wp-json\/wp\/v2\/posts\/47163\/revisions\/47164"}],"wp:featuredmedia":[{"embeddable":true,"href":"https:\/\/nitu.mx\/index.php\/wp-json\/wp\/v2\/media\/46863"}],"wp:attachment":[{"href":"https:\/\/nitu.mx\/index.php\/wp-json\/wp\/v2\/media?parent=47163"}],"wp:term":[{"taxonomy":"category","embeddable":true,"href":"https:\/\/nitu.mx\/index.php\/wp-json\/wp\/v2\/categories?post=47163"},{"taxonomy":"post_tag","embeddable":true,"href":"https:\/\/nitu.mx\/index.php\/wp-json\/wp\/v2\/tags?post=47163"}],"curies":[{"name":"wp","href":"https:\/\/api.w.org\/{rel}","templated":true}]}}