{"id":47129,"date":"2020-10-12T00:32:43","date_gmt":"2020-10-12T05:32:43","guid":{"rendered":"https:\/\/www.dev.nitu.mx\/?p=47129"},"modified":"2020-10-12T00:50:12","modified_gmt":"2020-10-12T05:50:12","slug":"amlo-anuncia-inversion-para-cancun-y-52-mdp-para-combatir-el-sargazo","status":"publish","type":"post","link":"https:\/\/nitu.mx\/index.php\/2020\/10\/12\/amlo-anuncia-inversion-para-cancun-y-52-mdp-para-combatir-el-sargazo\/","title":{"rendered":"AMLO anuncia inversi\u00f3n para Canc\u00fan y 52 mdp para combatir el sargazo"},"content":{"rendered":"<p>Durante su visita por el Caribe Mexicano, el presidente de M\u00e9xico Andr\u00e9s Manuel L\u00f3pez Obrador, anunci\u00f3 que como parte de las obras del Tren Maya, se contemplan obras de mejoramiento urbano para Canc\u00fan. Adem\u00e1s de 52 mdp para combatir el sargazo en las playas del Caribe Mexicano.<\/p>\n<p>Sin especificar montos el presidente apunt\u00f3 que se destinar\u00e1 dinero para obras de mejoramiento para la zona urbana de Canc\u00fan.<\/p>\n<p>Tras la reuni\u00f3n de evaluaci\u00f3n de seguridad en Quintana Roo, en Isla Mujeres, en Quintana Roo, el presidente inform\u00f3 respecto a los avances en seguridad. \u201cEn el caso de Quintana Roo se ha hecho un esfuerzo, esto debido a la coordinaci\u00f3n que existe entre el gobierno federal y el gobierno del estado\u201d, detall\u00f3.<\/p>\n<p>Rafael Ojeda Dur\u00e1n, secretario de marina, acentu\u00f3 que de manera coordinada el gobierno federal, el gobierno estatal, los gobiernos municipales, la iniciativa privada y ciertos grupos de investigaci\u00f3n como el Conacyt y la universidad, enfrentan el problema del sargazo.<\/p>\n<p>\u201cLa costa que est\u00e1 afectada, entre comillas, por el sargazo, porque no es ni todos los d\u00edas, ni todas las playas, son alrededor de 995 kil\u00f3metros. Nos vamos a poner de acuerdo para ver cu\u00e1les de los municipios, ellos mismos van a decir cu\u00e1l es el m\u00e1s importante en el que debemos empezar a atacar\u201d, explic\u00f3.<\/p>\n<p>Apunt\u00f3 que hay 52 millones de pesos a ejercer. La Secretar\u00eda de Marina, que es la que tiene el liderazgo, \u201c\u2026 no va a comprar sargaceras ni va a licitar, empresas que pongan barreras, ni nada de eso, porque eso no sirve\u201d.<br \/>\n\u201cVamos a construir, la Secretar\u00eda de Marina, tenemos astilleros, tenemos ingenieros navales, vamos a dise\u00f1ar, que ya lo tenemos, un dise\u00f1o de una sargacera muy parecida a las que est\u00e1n en el comercio\u201d.<\/p>\n<p>Por lo que se dijo, ser\u00e1n m\u00e1s baratas, ya que si una sargacera comercialmente vale 15 millones, a la Marina le va a costar entre seis u ocho millones de pesos. Esperan aproximadamente en un par de meses, tener la primera; y como va a ser en cadena, va a ser por bandas, cada mes se tendr\u00e1 una nueva.<\/p>\n<p>Conforme se vaya recolectando el recurso, se va a ir teniendo sargaceras, de manera que estiman que con tendr\u00e1n unas 10 o 12 sargaceras m\u00e1s las barreras que compremos, podemos ir atacando el problema del sargazo, pero ya teniendo un inventario el Estado.<\/p>\n","protected":false},"excerpt":{"rendered":"<p>Durante su visita por el Caribe Mexicano, el presidente de M\u00e9xico Andr\u00e9s Manuel L\u00f3pez Obrador, anunci\u00f3 que como parte de las obras del Tren Maya, se contemplan obras de mejoramiento urbano para Canc\u00fan. Adem\u00e1s de 52 mdp para combatir el sargazo en las playas del Caribe Mexicano. Sin especificar montos el presidente apunt\u00f3 que se [&hellip;]<\/p>\n","protected":false},"author":3,"featured_media":47142,"comment_status":"open","ping_status":"open","sticky":false,"template":"","format":"standard","meta":{"footnotes":""},"categories":[18475,6],"tags":[10994,43,10332],"yoast_head":"<!-- This site is optimized with the Yoast SEO plugin v22.2 - https:\/\/yoast.com\/wordpress\/plugins\/seo\/ -->\n<title>AMLO anuncia inversi\u00f3n para Canc\u00fan y 52 mdp para combatir el sargazo - Nitu - Noticias de la Industria Turistica<\/title>\n<meta name=\"robots\" content=\"index, follow, max-snippet:-1, max-image-preview:large, max-video-preview:-1\" \/>\n<link rel=\"canonical\" href=\"https:\/\/nitu.mx\/index.php\/2020\/10\/12\/amlo-anuncia-inversion-para-cancun-y-52-mdp-para-combatir-el-sargazo\/\" \/>\n<meta name=\"twitter:card\" content=\"summary_large_image\" \/>\n<meta name=\"twitter:title\" content=\"AMLO anuncia inversi\u00f3n para Canc\u00fan y 52 mdp para combatir el sargazo - Nitu - Noticias de la Industria Turistica\" \/>\n<meta name=\"twitter:description\" content=\"Durante su visita por el Caribe Mexicano, el presidente de M\u00e9xico Andr\u00e9s Manuel L\u00f3pez Obrador, anunci\u00f3 que como parte de las obras del Tren Maya, se contemplan obras de mejoramiento urbano para Canc\u00fan. Adem\u00e1s de 52 mdp para combatir el sargazo en las playas del Caribe Mexicano. Sin especificar montos el presidente apunt\u00f3 que se [&hellip;]\" \/>\n<meta name=\"twitter:image\" content=\"https:\/\/nitu.mx\/wp-content\/uploads\/2020\/10\/AMLO-tren-maya-Cancun.jpg\" \/>\n<meta name=\"twitter:creator\" content=\"@NITUmx\" \/>\n<meta name=\"twitter:site\" content=\"@Arturo_Medina_G\" \/>\n<meta name=\"twitter:label1\" content=\"Escrito por\" \/>\n\t<meta name=\"twitter:data1\" content=\"Alejandra Moncisbays\" \/>\n\t<meta name=\"twitter:label2\" content=\"Tiempo de lectura\" \/>\n\t<meta name=\"twitter:data2\" content=\"2 minutos\" \/>\n<script type=\"application\/ld+json\" class=\"yoast-schema-graph\">{\"@context\":\"https:\/\/schema.org\",\"@graph\":[{\"@type\":\"Article\",\"@id\":\"https:\/\/nitu.mx\/index.php\/2020\/10\/12\/amlo-anuncia-inversion-para-cancun-y-52-mdp-para-combatir-el-sargazo\/#article\",\"isPartOf\":{\"@id\":\"https:\/\/nitu.mx\/index.php\/2020\/10\/12\/amlo-anuncia-inversion-para-cancun-y-52-mdp-para-combatir-el-sargazo\/\"},\"author\":{\"name\":\"Alejandra Moncisbays\",\"@id\":\"https:\/\/nitu.mx\/#\/schema\/person\/2ecd887b19dfd3382d1f14fc5acf24a8\"},\"headline\":\"AMLO anuncia inversi\u00f3n para Canc\u00fan y 52 mdp para combatir el sargazo\",\"datePublished\":\"2020-10-12T05:32:43+00:00\",\"dateModified\":\"2020-10-12T05:50:12+00:00\",\"mainEntityOfPage\":{\"@id\":\"https:\/\/nitu.mx\/index.php\/2020\/10\/12\/amlo-anuncia-inversion-para-cancun-y-52-mdp-para-combatir-el-sargazo\/\"},\"wordCount\":423,\"commentCount\":0,\"publisher\":{\"@id\":\"https:\/\/nitu.mx\/#\/schema\/person\/ae7a53426417292d3dd07b45a33e01bc\"},\"image\":{\"@id\":\"https:\/\/nitu.mx\/index.php\/2020\/10\/12\/amlo-anuncia-inversion-para-cancun-y-52-mdp-para-combatir-el-sargazo\/#primaryimage\"},\"thumbnailUrl\":\"https:\/\/nitu.mx\/wp-content\/uploads\/2020\/10\/AMLO-tren-maya-Cancun.jpg\",\"keywords\":[\"AMLO\",\"Canc\u00fan\",\"sargazo\"],\"articleSection\":[\"Caribe Mexicano\",\"M\u00e9xico\"],\"inLanguage\":\"es-MX\",\"potentialAction\":[{\"@type\":\"CommentAction\",\"name\":\"Comment\",\"target\":[\"https:\/\/nitu.mx\/index.php\/2020\/10\/12\/amlo-anuncia-inversion-para-cancun-y-52-mdp-para-combatir-el-sargazo\/#respond\"]}]},{\"@type\":\"WebPage\",\"@id\":\"https:\/\/nitu.mx\/index.php\/2020\/10\/12\/amlo-anuncia-inversion-para-cancun-y-52-mdp-para-combatir-el-sargazo\/\",\"url\":\"https:\/\/nitu.mx\/index.php\/2020\/10\/12\/amlo-anuncia-inversion-para-cancun-y-52-mdp-para-combatir-el-sargazo\/\",\"name\":\"AMLO anuncia inversi\u00f3n para Canc\u00fan y 52 mdp para combatir el sargazo - Nitu - Noticias de la Industria Turistica\",\"isPartOf\":{\"@id\":\"https:\/\/nitu.mx\/#website\"},\"primaryImageOfPage\":{\"@id\":\"https:\/\/nitu.mx\/index.php\/2020\/10\/12\/amlo-anuncia-inversion-para-cancun-y-52-mdp-para-combatir-el-sargazo\/#primaryimage\"},\"image\":{\"@id\":\"https:\/\/nitu.mx\/index.php\/2020\/10\/12\/amlo-anuncia-inversion-para-cancun-y-52-mdp-para-combatir-el-sargazo\/#primaryimage\"},\"thumbnailUrl\":\"https:\/\/nitu.mx\/wp-content\/uploads\/2020\/10\/AMLO-tren-maya-Cancun.jpg\",\"datePublished\":\"2020-10-12T05:32:43+00:00\",\"dateModified\":\"2020-10-12T05:50:12+00:00\",\"breadcrumb\":{\"@id\":\"https:\/\/nitu.mx\/index.php\/2020\/10\/12\/amlo-anuncia-inversion-para-cancun-y-52-mdp-para-combatir-el-sargazo\/#breadcrumb\"},\"inLanguage\":\"es-MX\",\"potentialAction\":[{\"@type\":\"ReadAction\",\"target\":[\"https:\/\/nitu.mx\/index.php\/2020\/10\/12\/amlo-anuncia-inversion-para-cancun-y-52-mdp-para-combatir-el-sargazo\/\"]}]},{\"@type\":\"ImageObject\",\"inLanguage\":\"es-MX\",\"@id\":\"https:\/\/nitu.mx\/index.php\/2020\/10\/12\/amlo-anuncia-inversion-para-cancun-y-52-mdp-para-combatir-el-sargazo\/#primaryimage\",\"url\":\"https:\/\/nitu.mx\/wp-content\/uploads\/2020\/10\/AMLO-tren-maya-Cancun.jpg\",\"contentUrl\":\"https:\/\/nitu.mx\/wp-content\/uploads\/2020\/10\/AMLO-tren-maya-Cancun.jpg\",\"width\":1200,\"height\":675},{\"@type\":\"BreadcrumbList\",\"@id\":\"https:\/\/nitu.mx\/index.php\/2020\/10\/12\/amlo-anuncia-inversion-para-cancun-y-52-mdp-para-combatir-el-sargazo\/#breadcrumb\",\"itemListElement\":[{\"@type\":\"ListItem\",\"position\":1,\"name\":\"Inicio\",\"item\":\"https:\/\/nitu.mx\/\"},{\"@type\":\"ListItem\",\"position\":2,\"name\":\"AMLO anuncia inversi\u00f3n para Canc\u00fan y 52 mdp para combatir el sargazo\"}]},{\"@type\":\"WebSite\",\"@id\":\"https:\/\/nitu.mx\/#website\",\"url\":\"https:\/\/nitu.mx\/\",\"name\":\"Nitu - Noticias de la Industria Turistica\",\"description\":\"Noticias de la Industria Turistica\",\"publisher\":{\"@id\":\"https:\/\/nitu.mx\/#\/schema\/person\/ae7a53426417292d3dd07b45a33e01bc\"},\"alternateName\":\"Noticias de la Industria Turistica\",\"potentialAction\":[{\"@type\":\"SearchAction\",\"target\":{\"@type\":\"EntryPoint\",\"urlTemplate\":\"https:\/\/nitu.mx\/?s={search_term_string}\"},\"query-input\":\"required name=search_term_string\"}],\"inLanguage\":\"es-MX\"},{\"@type\":[\"Person\",\"Organization\"],\"@id\":\"https:\/\/nitu.mx\/#\/schema\/person\/ae7a53426417292d3dd07b45a33e01bc\",\"name\":\"Arturo Medina\",\"image\":{\"@type\":\"ImageObject\",\"inLanguage\":\"es-MX\",\"@id\":\"https:\/\/nitu.mx\/#\/schema\/person\/image\/\",\"url\":\"https:\/\/nitu.mx\/wp-content\/uploads\/2024\/04\/4A315622-1904-4D5C-B022-878CDC840E04-90x90-1.jpeg\",\"contentUrl\":\"https:\/\/nitu.mx\/wp-content\/uploads\/2024\/04\/4A315622-1904-4D5C-B022-878CDC840E04-90x90-1.jpeg\",\"width\":90,\"height\":90,\"caption\":\"Arturo Medina\"},\"logo\":{\"@id\":\"https:\/\/nitu.mx\/#\/schema\/person\/image\/\"},\"description\":\"Director NITU.mx, Egresado de la Escuela de Periodismo Carlos Septi\u00e9n Garc\u00eda. Periodista y analista especializado en turismo desde hace 35 a\u00f1os, radicado en Canc\u00fan Q.Roo. arturo@nitu.mx\",\"sameAs\":[\"https:\/\/nitu.mx\",\"https:\/\/www.facebook.com\/NITUmx\/\",\"medinacancun\",\"https:\/\/twitter.com\/@Arturo_Medina_G\"]},{\"@type\":\"Person\",\"@id\":\"https:\/\/nitu.mx\/#\/schema\/person\/2ecd887b19dfd3382d1f14fc5acf24a8\",\"name\":\"Alejandra Moncisbays\",\"image\":{\"@type\":\"ImageObject\",\"inLanguage\":\"es-MX\",\"@id\":\"https:\/\/nitu.mx\/#\/schema\/person\/image\/\",\"url\":\"https:\/\/secure.gravatar.com\/avatar\/e74f7af0be172b7804dacfd0bfbef787?s=96&d=mm&r=g\",\"contentUrl\":\"https:\/\/secure.gravatar.com\/avatar\/e74f7af0be172b7804dacfd0bfbef787?s=96&d=mm&r=g\",\"caption\":\"Alejandra Moncisbays\"},\"description\":\"Curs\u00e9 la carrera de Periodismo y Comunicaci\u00f3n en la Facultad de Estudios Profesionales Acatl\u00e1n. Vivo en Canc\u00fan desde hace 24 a\u00f1os. Fui reportera de La Tarde de Canc\u00fan, y Novedades de Quintana Roo, colabor\u00e9 en TVCUN, edit\u00e9 Cancun\u00edssimo y colabor\u00e9 en las revistas Latitud21, entre otras, con principal enfoque en los sectores empresarial y tur\u00edstico. Desde hace varios a\u00f1os soy Agente de Seguros con c\u00e9dula de la Comisi\u00f3n Nacional de Seguros y Fianzas. Actualmente, me desarrollo en los \u00e1mbitos del periodismo y el sector asegurador.\",\"sameAs\":[\"https:\/\/nitu.mx\"],\"url\":\"https:\/\/nitu.mx\/index.php\/author\/alejandra\/\"}]}<\/script>\n<!-- \/ Yoast SEO plugin. -->","yoast_head_json":{"title":"AMLO anuncia inversi\u00f3n para Canc\u00fan y 52 mdp para combatir el sargazo - Nitu - Noticias de la Industria Turistica","robots":{"index":"index","follow":"follow","max-snippet":"max-snippet:-1","max-image-preview":"max-image-preview:large","max-video-preview":"max-video-preview:-1"},"canonical":"https:\/\/nitu.mx\/index.php\/2020\/10\/12\/amlo-anuncia-inversion-para-cancun-y-52-mdp-para-combatir-el-sargazo\/","twitter_card":"summary_large_image","twitter_title":"AMLO anuncia inversi\u00f3n para Canc\u00fan y 52 mdp para combatir el sargazo - Nitu - Noticias de la Industria Turistica","twitter_description":"Durante su visita por el Caribe Mexicano, el presidente de M\u00e9xico Andr\u00e9s Manuel L\u00f3pez Obrador, anunci\u00f3 que como parte de las obras del Tren Maya, se contemplan obras de mejoramiento urbano para Canc\u00fan. Adem\u00e1s de 52 mdp para combatir el sargazo en las playas del Caribe Mexicano. Sin especificar montos el presidente apunt\u00f3 que se [&hellip;]","twitter_image":"https:\/\/nitu.mx\/wp-content\/uploads\/2020\/10\/AMLO-tren-maya-Cancun.jpg","twitter_creator":"@NITUmx","twitter_site":"@Arturo_Medina_G","twitter_misc":{"Escrito por":"Alejandra Moncisbays","Tiempo de lectura":"2 minutos"},"schema":{"@context":"https:\/\/schema.org","@graph":[{"@type":"Article","@id":"https:\/\/nitu.mx\/index.php\/2020\/10\/12\/amlo-anuncia-inversion-para-cancun-y-52-mdp-para-combatir-el-sargazo\/#article","isPartOf":{"@id":"https:\/\/nitu.mx\/index.php\/2020\/10\/12\/amlo-anuncia-inversion-para-cancun-y-52-mdp-para-combatir-el-sargazo\/"},"author":{"name":"Alejandra Moncisbays","@id":"https:\/\/nitu.mx\/#\/schema\/person\/2ecd887b19dfd3382d1f14fc5acf24a8"},"headline":"AMLO anuncia inversi\u00f3n para Canc\u00fan y 52 mdp para combatir el sargazo","datePublished":"2020-10-12T05:32:43+00:00","dateModified":"2020-10-12T05:50:12+00:00","mainEntityOfPage":{"@id":"https:\/\/nitu.mx\/index.php\/2020\/10\/12\/amlo-anuncia-inversion-para-cancun-y-52-mdp-para-combatir-el-sargazo\/"},"wordCount":423,"commentCount":0,"publisher":{"@id":"https:\/\/nitu.mx\/#\/schema\/person\/ae7a53426417292d3dd07b45a33e01bc"},"image":{"@id":"https:\/\/nitu.mx\/index.php\/2020\/10\/12\/amlo-anuncia-inversion-para-cancun-y-52-mdp-para-combatir-el-sargazo\/#primaryimage"},"thumbnailUrl":"https:\/\/nitu.mx\/wp-content\/uploads\/2020\/10\/AMLO-tren-maya-Cancun.jpg","keywords":["AMLO","Canc\u00fan","sargazo"],"articleSection":["Caribe Mexicano","M\u00e9xico"],"inLanguage":"es-MX","potentialAction":[{"@type":"CommentAction","name":"Comment","target":["https:\/\/nitu.mx\/index.php\/2020\/10\/12\/amlo-anuncia-inversion-para-cancun-y-52-mdp-para-combatir-el-sargazo\/#respond"]}]},{"@type":"WebPage","@id":"https:\/\/nitu.mx\/index.php\/2020\/10\/12\/amlo-anuncia-inversion-para-cancun-y-52-mdp-para-combatir-el-sargazo\/","url":"https:\/\/nitu.mx\/index.php\/2020\/10\/12\/amlo-anuncia-inversion-para-cancun-y-52-mdp-para-combatir-el-sargazo\/","name":"AMLO anuncia inversi\u00f3n para Canc\u00fan y 52 mdp para combatir el sargazo - Nitu - Noticias de la Industria Turistica","isPartOf":{"@id":"https:\/\/nitu.mx\/#website"},"primaryImageOfPage":{"@id":"https:\/\/nitu.mx\/index.php\/2020\/10\/12\/amlo-anuncia-inversion-para-cancun-y-52-mdp-para-combatir-el-sargazo\/#primaryimage"},"image":{"@id":"https:\/\/nitu.mx\/index.php\/2020\/10\/12\/amlo-anuncia-inversion-para-cancun-y-52-mdp-para-combatir-el-sargazo\/#primaryimage"},"thumbnailUrl":"https:\/\/nitu.mx\/wp-content\/uploads\/2020\/10\/AMLO-tren-maya-Cancun.jpg","datePublished":"2020-10-12T05:32:43+00:00","dateModified":"2020-10-12T05:50:12+00:00","breadcrumb":{"@id":"https:\/\/nitu.mx\/index.php\/2020\/10\/12\/amlo-anuncia-inversion-para-cancun-y-52-mdp-para-combatir-el-sargazo\/#breadcrumb"},"inLanguage":"es-MX","potentialAction":[{"@type":"ReadAction","target":["https:\/\/nitu.mx\/index.php\/2020\/10\/12\/amlo-anuncia-inversion-para-cancun-y-52-mdp-para-combatir-el-sargazo\/"]}]},{"@type":"ImageObject","inLanguage":"es-MX","@id":"https:\/\/nitu.mx\/index.php\/2020\/10\/12\/amlo-anuncia-inversion-para-cancun-y-52-mdp-para-combatir-el-sargazo\/#primaryimage","url":"https:\/\/nitu.mx\/wp-content\/uploads\/2020\/10\/AMLO-tren-maya-Cancun.jpg","contentUrl":"https:\/\/nitu.mx\/wp-content\/uploads\/2020\/10\/AMLO-tren-maya-Cancun.jpg","width":1200,"height":675},{"@type":"BreadcrumbList","@id":"https:\/\/nitu.mx\/index.php\/2020\/10\/12\/amlo-anuncia-inversion-para-cancun-y-52-mdp-para-combatir-el-sargazo\/#breadcrumb","itemListElement":[{"@type":"ListItem","position":1,"name":"Inicio","item":"https:\/\/nitu.mx\/"},{"@type":"ListItem","position":2,"name":"AMLO anuncia inversi\u00f3n para Canc\u00fan y 52 mdp para combatir el sargazo"}]},{"@type":"WebSite","@id":"https:\/\/nitu.mx\/#website","url":"https:\/\/nitu.mx\/","name":"Nitu - Noticias de la Industria Turistica","description":"Noticias de la Industria Turistica","publisher":{"@id":"https:\/\/nitu.mx\/#\/schema\/person\/ae7a53426417292d3dd07b45a33e01bc"},"alternateName":"Noticias de la Industria Turistica","potentialAction":[{"@type":"SearchAction","target":{"@type":"EntryPoint","urlTemplate":"https:\/\/nitu.mx\/?s={search_term_string}"},"query-input":"required name=search_term_string"}],"inLanguage":"es-MX"},{"@type":["Person","Organization"],"@id":"https:\/\/nitu.mx\/#\/schema\/person\/ae7a53426417292d3dd07b45a33e01bc","name":"Arturo Medina","image":{"@type":"ImageObject","inLanguage":"es-MX","@id":"https:\/\/nitu.mx\/#\/schema\/person\/image\/","url":"https:\/\/nitu.mx\/wp-content\/uploads\/2024\/04\/4A315622-1904-4D5C-B022-878CDC840E04-90x90-1.jpeg","contentUrl":"https:\/\/nitu.mx\/wp-content\/uploads\/2024\/04\/4A315622-1904-4D5C-B022-878CDC840E04-90x90-1.jpeg","width":90,"height":90,"caption":"Arturo Medina"},"logo":{"@id":"https:\/\/nitu.mx\/#\/schema\/person\/image\/"},"description":"Director NITU.mx, Egresado de la Escuela de Periodismo Carlos Septi\u00e9n Garc\u00eda. Periodista y analista especializado en turismo desde hace 35 a\u00f1os, radicado en Canc\u00fan Q.Roo. arturo@nitu.mx","sameAs":["https:\/\/nitu.mx","https:\/\/www.facebook.com\/NITUmx\/","medinacancun","https:\/\/twitter.com\/@Arturo_Medina_G"]},{"@type":"Person","@id":"https:\/\/nitu.mx\/#\/schema\/person\/2ecd887b19dfd3382d1f14fc5acf24a8","name":"Alejandra Moncisbays","image":{"@type":"ImageObject","inLanguage":"es-MX","@id":"https:\/\/nitu.mx\/#\/schema\/person\/image\/","url":"https:\/\/secure.gravatar.com\/avatar\/e74f7af0be172b7804dacfd0bfbef787?s=96&d=mm&r=g","contentUrl":"https:\/\/secure.gravatar.com\/avatar\/e74f7af0be172b7804dacfd0bfbef787?s=96&d=mm&r=g","caption":"Alejandra Moncisbays"},"description":"Curs\u00e9 la carrera de Periodismo y Comunicaci\u00f3n en la Facultad de Estudios Profesionales Acatl\u00e1n. Vivo en Canc\u00fan desde hace 24 a\u00f1os. Fui reportera de La Tarde de Canc\u00fan, y Novedades de Quintana Roo, colabor\u00e9 en TVCUN, edit\u00e9 Cancun\u00edssimo y colabor\u00e9 en las revistas Latitud21, entre otras, con principal enfoque en los sectores empresarial y tur\u00edstico. Desde hace varios a\u00f1os soy Agente de Seguros con c\u00e9dula de la Comisi\u00f3n Nacional de Seguros y Fianzas. Actualmente, me desarrollo en los \u00e1mbitos del periodismo y el sector asegurador.","sameAs":["https:\/\/nitu.mx"],"url":"https:\/\/nitu.mx\/index.php\/author\/alejandra\/"}]}},"views":417,"_links":{"self":[{"href":"https:\/\/nitu.mx\/index.php\/wp-json\/wp\/v2\/posts\/47129"}],"collection":[{"href":"https:\/\/nitu.mx\/index.php\/wp-json\/wp\/v2\/posts"}],"about":[{"href":"https:\/\/nitu.mx\/index.php\/wp-json\/wp\/v2\/types\/post"}],"author":[{"embeddable":true,"href":"https:\/\/nitu.mx\/index.php\/wp-json\/wp\/v2\/users\/3"}],"replies":[{"embeddable":true,"href":"https:\/\/nitu.mx\/index.php\/wp-json\/wp\/v2\/comments?post=47129"}],"version-history":[{"count":1,"href":"https:\/\/nitu.mx\/index.php\/wp-json\/wp\/v2\/posts\/47129\/revisions"}],"predecessor-version":[{"id":47130,"href":"https:\/\/nitu.mx\/index.php\/wp-json\/wp\/v2\/posts\/47129\/revisions\/47130"}],"wp:featuredmedia":[{"embeddable":true,"href":"https:\/\/nitu.mx\/index.php\/wp-json\/wp\/v2\/media\/47142"}],"wp:attachment":[{"href":"https:\/\/nitu.mx\/index.php\/wp-json\/wp\/v2\/media?parent=47129"}],"wp:term":[{"taxonomy":"category","embeddable":true,"href":"https:\/\/nitu.mx\/index.php\/wp-json\/wp\/v2\/categories?post=47129"},{"taxonomy":"post_tag","embeddable":true,"href":"https:\/\/nitu.mx\/index.php\/wp-json\/wp\/v2\/tags?post=47129"}],"curies":[{"name":"wp","href":"https:\/\/api.w.org\/{rel}","templated":true}]}}