{"id":47118,"date":"2020-10-11T17:06:21","date_gmt":"2020-10-11T22:06:21","guid":{"rendered":"https:\/\/www.dev.nitu.mx\/?p=47118"},"modified":"2020-10-12T00:50:28","modified_gmt":"2020-10-12T05:50:28","slug":"inah-dictamina-100-kilometros-de-trazo-del-tren-maya","status":"publish","type":"post","link":"https:\/\/nitu.mx\/index.php\/2020\/10\/11\/inah-dictamina-100-kilometros-de-trazo-del-tren-maya\/","title":{"rendered":"INAH dictamina 100 kil\u00f3metros de trazo del Tren Maya"},"content":{"rendered":"\n<p>Una de las fuertes pol\u00e9micas sobre el proyecto del Tren Maya es la posible afectaci\u00f3n al patrimonio cultural e hist\u00f3rico que hay en las zonas arqueol\u00f3gicas aleda\u00f1as a los diferentes tramos por donde pasar\u00e1 este transporte.<\/p>\n\n\n\n<p>Sobre este aspecto, la secretaria T\u00e9cnica del Instituto Nacional de Antropolog\u00eda e Historia (INAH), A\u00edda Castilleja Gonz\u00e1lez, inform\u00f3 que a la fecha se han dictaminado m\u00e1s de 100 kil\u00f3metros del trazo del Tren Maya.<\/p>\n\n\n\n<p>\u201cBajo la aplicaci\u00f3n de criterios para garantizar la salvaguarda del patrimonio, el INAH ha emitido los dict\u00e1menes t\u00e9cnicos que constituyen el sustento de los vistos buenos parciales solicitados por el Fonatur (Fondo Nacional de Fomento al Turismo) para las obras espec\u00edficas\u201d, coment\u00f3 Castilleja.<\/p>\n\n\n\n<p>Al acudir a la gira de trabajo que realiz\u00f3 el presidente Andr\u00e9s Manuel L\u00f3pez Obrador por la regi\u00f3n, la funcionaria del INAH destac\u00f3 que sobre la zona del Tren Maya se ubican 50 zonas arqueol\u00f3gicas abiertas al p\u00fablico.<\/p>\n\n\n\n<p>En estas se lleva a cabo trabajo de investigaci\u00f3n, conservaci\u00f3n y tareas de actualizaci\u00f3n de planes de manejo y fortalecimiento de las unidades de servicio para los visitantes. Adem\u00e1s, se encuentran 10 museos, dos Zonas de Monumentos Hist\u00f3ricos, 42 cenotes.<\/p>\n\n\n\n<p>Tambi\u00e9n se localizan varios monumentos hist\u00f3ricos como estaciones de ferrocarril, haciendas y templos que est\u00e1n bajo el resguardo del INAH, cinco de ellos inscritos en la Lista de Patrimonio Mundial: Uxmal, Chich\u00e9n Itz\u00e1, Palenque, Calakmul y la ciudad de Campeche.<\/p>\n\n\n\n<p>La funcionaria del INAH explic\u00f3 que una vez que se realice la investigaci\u00f3n, estudios de factibilidad y planes de manejo sostenibles, est\u00e1 considerada la apertura de tres o cuatro zonas arqueol\u00f3gicas a lo largo del recorrido del Tren Maya.<\/p>\n\n\n\n<p>Castilleja Gonz\u00e1lez detall\u00f3 que desde el inicio del proyecto se programaron tareas de salvamento arqueol\u00f3gico en colaboraci\u00f3n con Fonatur. Entre las tareas realizadas est\u00e1 el levantamiento topogr\u00e1fico con tecnolog\u00eda LIDIAR, que a trav\u00e9s de l\u00e1ser examina los terrenos.<\/p>\n\n\n\n<p>Otro trabajo es un an\u00e1lisis regional del sureste mesoamericano bajo el Proyecto U Lu`Umil Maaya W\u00ediniko`ob, que determina el salvamento arqueol\u00f3gico Tren Maya en los cinco estados que recorrer\u00e1 este medio.<\/p>\n\n\n\n<p>\u201cLa informaci\u00f3n generada y procesada por el laboratorio de an\u00e1lisis geoespacial ha posibilitado el seguimiento y registro, en tiempo real, de la ubicaci\u00f3n exacta y las caracter\u00edsticas de los vestigios arqueol\u00f3gicos que son reportados por los equipos de campo\u201d, coment\u00f3 la arque\u00f3loga.<\/p>\n\n\n\n<p>Agreg\u00f3 \u201cLos tramos 1 y 2 registran mayor grado de avance en cuanto a la distancia cubierta en los recorridos y a la identificaci\u00f3n de vestigios arqueol\u00f3gicos, entre los que predominan estructuras importantes, de dimensiones y caracter\u00edsticas distintas\u201d.<\/p>\n\n\n\n<p>Las tareas realizadas por el INAH forman parte de la estrategia integral que el gobierno federal lleva a cabo con distintas dependencias y organismos para la realizaci\u00f3n del proyecto del Tren Maya. (<a href=\"https:\/\/www.dev.nitu.mx\/index.php\/2020\/10\/02\/obras-del-tren-maya-contemplan-aeropuerto-en-tulum\/\">Obras del Tren Maya contemplan aeropuerto en Tulum<\/a>)<\/p>\n","protected":false},"excerpt":{"rendered":"<p>Una de las fuertes pol\u00e9micas sobre el proyecto del Tren Maya es la posible afectaci\u00f3n al patrimonio cultural e hist\u00f3rico que hay en las zonas arqueol\u00f3gicas aleda\u00f1as a los diferentes tramos por donde pasar\u00e1 este transporte. Sobre este aspecto, la secretaria T\u00e9cnica del Instituto Nacional de Antropolog\u00eda e Historia (INAH), A\u00edda Castilleja Gonz\u00e1lez, inform\u00f3 que [&hellip;]<\/p>\n","protected":false},"author":18,"featured_media":47123,"comment_status":"open","ping_status":"open","sticky":false,"template":"","format":"standard","meta":{"footnotes":""},"categories":[5],"tags":[10994,889,3206,11427],"yoast_head":"<!-- This site is optimized with the Yoast SEO plugin v22.2 - https:\/\/yoast.com\/wordpress\/plugins\/seo\/ -->\n<title>INAH dictamina 100 kil\u00f3metros de trazo del Tren Maya - Nitu - Noticias de la Industria Turistica<\/title>\n<meta name=\"robots\" content=\"index, follow, max-snippet:-1, max-image-preview:large, max-video-preview:-1\" \/>\n<link rel=\"canonical\" href=\"https:\/\/nitu.mx\/index.php\/2020\/10\/11\/inah-dictamina-100-kilometros-de-trazo-del-tren-maya\/\" \/>\n<meta name=\"twitter:card\" content=\"summary_large_image\" \/>\n<meta name=\"twitter:title\" content=\"INAH dictamina 100 kil\u00f3metros de trazo del Tren Maya - Nitu - Noticias de la Industria Turistica\" \/>\n<meta name=\"twitter:description\" content=\"Una de las fuertes pol\u00e9micas sobre el proyecto del Tren Maya es la posible afectaci\u00f3n al patrimonio cultural e hist\u00f3rico que hay en las zonas arqueol\u00f3gicas aleda\u00f1as a los diferentes tramos por donde pasar\u00e1 este transporte. Sobre este aspecto, la secretaria T\u00e9cnica del Instituto Nacional de Antropolog\u00eda e Historia (INAH), A\u00edda Castilleja Gonz\u00e1lez, inform\u00f3 que [&hellip;]\" \/>\n<meta name=\"twitter:image\" content=\"https:\/\/nitu.mx\/wp-content\/uploads\/2020\/10\/Tren-Maya-INAH.jpg\" \/>\n<meta name=\"twitter:creator\" content=\"@NITUmx\" \/>\n<meta name=\"twitter:site\" content=\"@Arturo_Medina_G\" \/>\n<meta name=\"twitter:label1\" content=\"Escrito por\" \/>\n\t<meta name=\"twitter:data1\" content=\"Guadalupe Sixto\" \/>\n\t<meta name=\"twitter:label2\" content=\"Tiempo de lectura\" \/>\n\t<meta name=\"twitter:data2\" content=\"3 minutos\" \/>\n<script type=\"application\/ld+json\" class=\"yoast-schema-graph\">{\"@context\":\"https:\/\/schema.org\",\"@graph\":[{\"@type\":\"Article\",\"@id\":\"https:\/\/nitu.mx\/index.php\/2020\/10\/11\/inah-dictamina-100-kilometros-de-trazo-del-tren-maya\/#article\",\"isPartOf\":{\"@id\":\"https:\/\/nitu.mx\/index.php\/2020\/10\/11\/inah-dictamina-100-kilometros-de-trazo-del-tren-maya\/\"},\"author\":{\"name\":\"Guadalupe Sixto\",\"@id\":\"https:\/\/nitu.mx\/#\/schema\/person\/3df3082b5e46037e3f13614d28ee0b77\"},\"headline\":\"INAH dictamina 100 kil\u00f3metros de trazo del Tren Maya\",\"datePublished\":\"2020-10-11T22:06:21+00:00\",\"dateModified\":\"2020-10-12T05:50:28+00:00\",\"mainEntityOfPage\":{\"@id\":\"https:\/\/nitu.mx\/index.php\/2020\/10\/11\/inah-dictamina-100-kilometros-de-trazo-del-tren-maya\/\"},\"wordCount\":515,\"commentCount\":0,\"publisher\":{\"@id\":\"https:\/\/nitu.mx\/#\/schema\/person\/ae7a53426417292d3dd07b45a33e01bc\"},\"image\":{\"@id\":\"https:\/\/nitu.mx\/index.php\/2020\/10\/11\/inah-dictamina-100-kilometros-de-trazo-del-tren-maya\/#primaryimage\"},\"thumbnailUrl\":\"https:\/\/nitu.mx\/wp-content\/uploads\/2020\/10\/Tren-Maya-INAH.jpg\",\"keywords\":[\"AMLO\",\"Fonatur\",\"INAH\",\"Tren Maya\"],\"articleSection\":[\"Destinos\"],\"inLanguage\":\"es-MX\",\"potentialAction\":[{\"@type\":\"CommentAction\",\"name\":\"Comment\",\"target\":[\"https:\/\/nitu.mx\/index.php\/2020\/10\/11\/inah-dictamina-100-kilometros-de-trazo-del-tren-maya\/#respond\"]}]},{\"@type\":\"WebPage\",\"@id\":\"https:\/\/nitu.mx\/index.php\/2020\/10\/11\/inah-dictamina-100-kilometros-de-trazo-del-tren-maya\/\",\"url\":\"https:\/\/nitu.mx\/index.php\/2020\/10\/11\/inah-dictamina-100-kilometros-de-trazo-del-tren-maya\/\",\"name\":\"INAH dictamina 100 kil\u00f3metros de trazo del Tren Maya - Nitu - Noticias de la Industria Turistica\",\"isPartOf\":{\"@id\":\"https:\/\/nitu.mx\/#website\"},\"primaryImageOfPage\":{\"@id\":\"https:\/\/nitu.mx\/index.php\/2020\/10\/11\/inah-dictamina-100-kilometros-de-trazo-del-tren-maya\/#primaryimage\"},\"image\":{\"@id\":\"https:\/\/nitu.mx\/index.php\/2020\/10\/11\/inah-dictamina-100-kilometros-de-trazo-del-tren-maya\/#primaryimage\"},\"thumbnailUrl\":\"https:\/\/nitu.mx\/wp-content\/uploads\/2020\/10\/Tren-Maya-INAH.jpg\",\"datePublished\":\"2020-10-11T22:06:21+00:00\",\"dateModified\":\"2020-10-12T05:50:28+00:00\",\"breadcrumb\":{\"@id\":\"https:\/\/nitu.mx\/index.php\/2020\/10\/11\/inah-dictamina-100-kilometros-de-trazo-del-tren-maya\/#breadcrumb\"},\"inLanguage\":\"es-MX\",\"potentialAction\":[{\"@type\":\"ReadAction\",\"target\":[\"https:\/\/nitu.mx\/index.php\/2020\/10\/11\/inah-dictamina-100-kilometros-de-trazo-del-tren-maya\/\"]}]},{\"@type\":\"ImageObject\",\"inLanguage\":\"es-MX\",\"@id\":\"https:\/\/nitu.mx\/index.php\/2020\/10\/11\/inah-dictamina-100-kilometros-de-trazo-del-tren-maya\/#primaryimage\",\"url\":\"https:\/\/nitu.mx\/wp-content\/uploads\/2020\/10\/Tren-Maya-INAH.jpg\",\"contentUrl\":\"https:\/\/nitu.mx\/wp-content\/uploads\/2020\/10\/Tren-Maya-INAH.jpg\",\"width\":1200,\"height\":675,\"caption\":\"Tren Maya INAH\"},{\"@type\":\"BreadcrumbList\",\"@id\":\"https:\/\/nitu.mx\/index.php\/2020\/10\/11\/inah-dictamina-100-kilometros-de-trazo-del-tren-maya\/#breadcrumb\",\"itemListElement\":[{\"@type\":\"ListItem\",\"position\":1,\"name\":\"Inicio\",\"item\":\"https:\/\/nitu.mx\/\"},{\"@type\":\"ListItem\",\"position\":2,\"name\":\"INAH dictamina 100 kil\u00f3metros de trazo del Tren Maya\"}]},{\"@type\":\"WebSite\",\"@id\":\"https:\/\/nitu.mx\/#website\",\"url\":\"https:\/\/nitu.mx\/\",\"name\":\"Nitu - Noticias de la Industria Turistica\",\"description\":\"Noticias de la Industria Turistica\",\"publisher\":{\"@id\":\"https:\/\/nitu.mx\/#\/schema\/person\/ae7a53426417292d3dd07b45a33e01bc\"},\"alternateName\":\"Noticias de la Industria Turistica\",\"potentialAction\":[{\"@type\":\"SearchAction\",\"target\":{\"@type\":\"EntryPoint\",\"urlTemplate\":\"https:\/\/nitu.mx\/?s={search_term_string}\"},\"query-input\":\"required name=search_term_string\"}],\"inLanguage\":\"es-MX\"},{\"@type\":[\"Person\",\"Organization\"],\"@id\":\"https:\/\/nitu.mx\/#\/schema\/person\/ae7a53426417292d3dd07b45a33e01bc\",\"name\":\"Arturo Medina\",\"image\":{\"@type\":\"ImageObject\",\"inLanguage\":\"es-MX\",\"@id\":\"https:\/\/nitu.mx\/#\/schema\/person\/image\/\",\"url\":\"https:\/\/nitu.mx\/wp-content\/uploads\/2024\/04\/4A315622-1904-4D5C-B022-878CDC840E04-90x90-1.jpeg\",\"contentUrl\":\"https:\/\/nitu.mx\/wp-content\/uploads\/2024\/04\/4A315622-1904-4D5C-B022-878CDC840E04-90x90-1.jpeg\",\"width\":90,\"height\":90,\"caption\":\"Arturo Medina\"},\"logo\":{\"@id\":\"https:\/\/nitu.mx\/#\/schema\/person\/image\/\"},\"description\":\"Director NITU.mx, Egresado de la Escuela de Periodismo Carlos Septi\u00e9n Garc\u00eda. Periodista y analista especializado en turismo desde hace 35 a\u00f1os, radicado en Canc\u00fan Q.Roo. arturo@nitu.mx\",\"sameAs\":[\"https:\/\/nitu.mx\",\"https:\/\/www.facebook.com\/NITUmx\/\",\"medinacancun\",\"https:\/\/twitter.com\/@Arturo_Medina_G\"]},{\"@type\":\"Person\",\"@id\":\"https:\/\/nitu.mx\/#\/schema\/person\/3df3082b5e46037e3f13614d28ee0b77\",\"name\":\"Guadalupe Sixto\",\"image\":{\"@type\":\"ImageObject\",\"inLanguage\":\"es-MX\",\"@id\":\"https:\/\/nitu.mx\/#\/schema\/person\/image\/\",\"url\":\"https:\/\/secure.gravatar.com\/avatar\/13914e1b0e1919e91f9539de4dc584c4?s=96&d=mm&r=g\",\"contentUrl\":\"https:\/\/secure.gravatar.com\/avatar\/13914e1b0e1919e91f9539de4dc584c4?s=96&d=mm&r=g\",\"caption\":\"Guadalupe Sixto\"},\"url\":\"https:\/\/nitu.mx\/index.php\/author\/gsixto\/\"}]}<\/script>\n<!-- \/ Yoast SEO plugin. -->","yoast_head_json":{"title":"INAH dictamina 100 kil\u00f3metros de trazo del Tren Maya - Nitu - Noticias de la Industria Turistica","robots":{"index":"index","follow":"follow","max-snippet":"max-snippet:-1","max-image-preview":"max-image-preview:large","max-video-preview":"max-video-preview:-1"},"canonical":"https:\/\/nitu.mx\/index.php\/2020\/10\/11\/inah-dictamina-100-kilometros-de-trazo-del-tren-maya\/","twitter_card":"summary_large_image","twitter_title":"INAH dictamina 100 kil\u00f3metros de trazo del Tren Maya - Nitu - Noticias de la Industria Turistica","twitter_description":"Una de las fuertes pol\u00e9micas sobre el proyecto del Tren Maya es la posible afectaci\u00f3n al patrimonio cultural e hist\u00f3rico que hay en las zonas arqueol\u00f3gicas aleda\u00f1as a los diferentes tramos por donde pasar\u00e1 este transporte. Sobre este aspecto, la secretaria T\u00e9cnica del Instituto Nacional de Antropolog\u00eda e Historia (INAH), A\u00edda Castilleja Gonz\u00e1lez, inform\u00f3 que [&hellip;]","twitter_image":"https:\/\/nitu.mx\/wp-content\/uploads\/2020\/10\/Tren-Maya-INAH.jpg","twitter_creator":"@NITUmx","twitter_site":"@Arturo_Medina_G","twitter_misc":{"Escrito por":"Guadalupe Sixto","Tiempo de lectura":"3 minutos"},"schema":{"@context":"https:\/\/schema.org","@graph":[{"@type":"Article","@id":"https:\/\/nitu.mx\/index.php\/2020\/10\/11\/inah-dictamina-100-kilometros-de-trazo-del-tren-maya\/#article","isPartOf":{"@id":"https:\/\/nitu.mx\/index.php\/2020\/10\/11\/inah-dictamina-100-kilometros-de-trazo-del-tren-maya\/"},"author":{"name":"Guadalupe Sixto","@id":"https:\/\/nitu.mx\/#\/schema\/person\/3df3082b5e46037e3f13614d28ee0b77"},"headline":"INAH dictamina 100 kil\u00f3metros de trazo del Tren Maya","datePublished":"2020-10-11T22:06:21+00:00","dateModified":"2020-10-12T05:50:28+00:00","mainEntityOfPage":{"@id":"https:\/\/nitu.mx\/index.php\/2020\/10\/11\/inah-dictamina-100-kilometros-de-trazo-del-tren-maya\/"},"wordCount":515,"commentCount":0,"publisher":{"@id":"https:\/\/nitu.mx\/#\/schema\/person\/ae7a53426417292d3dd07b45a33e01bc"},"image":{"@id":"https:\/\/nitu.mx\/index.php\/2020\/10\/11\/inah-dictamina-100-kilometros-de-trazo-del-tren-maya\/#primaryimage"},"thumbnailUrl":"https:\/\/nitu.mx\/wp-content\/uploads\/2020\/10\/Tren-Maya-INAH.jpg","keywords":["AMLO","Fonatur","INAH","Tren Maya"],"articleSection":["Destinos"],"inLanguage":"es-MX","potentialAction":[{"@type":"CommentAction","name":"Comment","target":["https:\/\/nitu.mx\/index.php\/2020\/10\/11\/inah-dictamina-100-kilometros-de-trazo-del-tren-maya\/#respond"]}]},{"@type":"WebPage","@id":"https:\/\/nitu.mx\/index.php\/2020\/10\/11\/inah-dictamina-100-kilometros-de-trazo-del-tren-maya\/","url":"https:\/\/nitu.mx\/index.php\/2020\/10\/11\/inah-dictamina-100-kilometros-de-trazo-del-tren-maya\/","name":"INAH dictamina 100 kil\u00f3metros de trazo del Tren Maya - Nitu - Noticias de la Industria Turistica","isPartOf":{"@id":"https:\/\/nitu.mx\/#website"},"primaryImageOfPage":{"@id":"https:\/\/nitu.mx\/index.php\/2020\/10\/11\/inah-dictamina-100-kilometros-de-trazo-del-tren-maya\/#primaryimage"},"image":{"@id":"https:\/\/nitu.mx\/index.php\/2020\/10\/11\/inah-dictamina-100-kilometros-de-trazo-del-tren-maya\/#primaryimage"},"thumbnailUrl":"https:\/\/nitu.mx\/wp-content\/uploads\/2020\/10\/Tren-Maya-INAH.jpg","datePublished":"2020-10-11T22:06:21+00:00","dateModified":"2020-10-12T05:50:28+00:00","breadcrumb":{"@id":"https:\/\/nitu.mx\/index.php\/2020\/10\/11\/inah-dictamina-100-kilometros-de-trazo-del-tren-maya\/#breadcrumb"},"inLanguage":"es-MX","potentialAction":[{"@type":"ReadAction","target":["https:\/\/nitu.mx\/index.php\/2020\/10\/11\/inah-dictamina-100-kilometros-de-trazo-del-tren-maya\/"]}]},{"@type":"ImageObject","inLanguage":"es-MX","@id":"https:\/\/nitu.mx\/index.php\/2020\/10\/11\/inah-dictamina-100-kilometros-de-trazo-del-tren-maya\/#primaryimage","url":"https:\/\/nitu.mx\/wp-content\/uploads\/2020\/10\/Tren-Maya-INAH.jpg","contentUrl":"https:\/\/nitu.mx\/wp-content\/uploads\/2020\/10\/Tren-Maya-INAH.jpg","width":1200,"height":675,"caption":"Tren Maya INAH"},{"@type":"BreadcrumbList","@id":"https:\/\/nitu.mx\/index.php\/2020\/10\/11\/inah-dictamina-100-kilometros-de-trazo-del-tren-maya\/#breadcrumb","itemListElement":[{"@type":"ListItem","position":1,"name":"Inicio","item":"https:\/\/nitu.mx\/"},{"@type":"ListItem","position":2,"name":"INAH dictamina 100 kil\u00f3metros de trazo del Tren Maya"}]},{"@type":"WebSite","@id":"https:\/\/nitu.mx\/#website","url":"https:\/\/nitu.mx\/","name":"Nitu - Noticias de la Industria Turistica","description":"Noticias de la Industria Turistica","publisher":{"@id":"https:\/\/nitu.mx\/#\/schema\/person\/ae7a53426417292d3dd07b45a33e01bc"},"alternateName":"Noticias de la Industria Turistica","potentialAction":[{"@type":"SearchAction","target":{"@type":"EntryPoint","urlTemplate":"https:\/\/nitu.mx\/?s={search_term_string}"},"query-input":"required name=search_term_string"}],"inLanguage":"es-MX"},{"@type":["Person","Organization"],"@id":"https:\/\/nitu.mx\/#\/schema\/person\/ae7a53426417292d3dd07b45a33e01bc","name":"Arturo Medina","image":{"@type":"ImageObject","inLanguage":"es-MX","@id":"https:\/\/nitu.mx\/#\/schema\/person\/image\/","url":"https:\/\/nitu.mx\/wp-content\/uploads\/2024\/04\/4A315622-1904-4D5C-B022-878CDC840E04-90x90-1.jpeg","contentUrl":"https:\/\/nitu.mx\/wp-content\/uploads\/2024\/04\/4A315622-1904-4D5C-B022-878CDC840E04-90x90-1.jpeg","width":90,"height":90,"caption":"Arturo Medina"},"logo":{"@id":"https:\/\/nitu.mx\/#\/schema\/person\/image\/"},"description":"Director NITU.mx, Egresado de la Escuela de Periodismo Carlos Septi\u00e9n Garc\u00eda. Periodista y analista especializado en turismo desde hace 35 a\u00f1os, radicado en Canc\u00fan Q.Roo. arturo@nitu.mx","sameAs":["https:\/\/nitu.mx","https:\/\/www.facebook.com\/NITUmx\/","medinacancun","https:\/\/twitter.com\/@Arturo_Medina_G"]},{"@type":"Person","@id":"https:\/\/nitu.mx\/#\/schema\/person\/3df3082b5e46037e3f13614d28ee0b77","name":"Guadalupe Sixto","image":{"@type":"ImageObject","inLanguage":"es-MX","@id":"https:\/\/nitu.mx\/#\/schema\/person\/image\/","url":"https:\/\/secure.gravatar.com\/avatar\/13914e1b0e1919e91f9539de4dc584c4?s=96&d=mm&r=g","contentUrl":"https:\/\/secure.gravatar.com\/avatar\/13914e1b0e1919e91f9539de4dc584c4?s=96&d=mm&r=g","caption":"Guadalupe Sixto"},"url":"https:\/\/nitu.mx\/index.php\/author\/gsixto\/"}]}},"views":294,"_links":{"self":[{"href":"https:\/\/nitu.mx\/index.php\/wp-json\/wp\/v2\/posts\/47118"}],"collection":[{"href":"https:\/\/nitu.mx\/index.php\/wp-json\/wp\/v2\/posts"}],"about":[{"href":"https:\/\/nitu.mx\/index.php\/wp-json\/wp\/v2\/types\/post"}],"author":[{"embeddable":true,"href":"https:\/\/nitu.mx\/index.php\/wp-json\/wp\/v2\/users\/18"}],"replies":[{"embeddable":true,"href":"https:\/\/nitu.mx\/index.php\/wp-json\/wp\/v2\/comments?post=47118"}],"version-history":[{"count":4,"href":"https:\/\/nitu.mx\/index.php\/wp-json\/wp\/v2\/posts\/47118\/revisions"}],"predecessor-version":[{"id":47124,"href":"https:\/\/nitu.mx\/index.php\/wp-json\/wp\/v2\/posts\/47118\/revisions\/47124"}],"wp:featuredmedia":[{"embeddable":true,"href":"https:\/\/nitu.mx\/index.php\/wp-json\/wp\/v2\/media\/47123"}],"wp:attachment":[{"href":"https:\/\/nitu.mx\/index.php\/wp-json\/wp\/v2\/media?parent=47118"}],"wp:term":[{"taxonomy":"category","embeddable":true,"href":"https:\/\/nitu.mx\/index.php\/wp-json\/wp\/v2\/categories?post=47118"},{"taxonomy":"post_tag","embeddable":true,"href":"https:\/\/nitu.mx\/index.php\/wp-json\/wp\/v2\/tags?post=47118"}],"curies":[{"name":"wp","href":"https:\/\/api.w.org\/{rel}","templated":true}]}}