{"id":4694,"date":"2016-12-08T00:09:11","date_gmt":"2016-12-08T05:09:11","guid":{"rendered":"http:\/\/www.dev.nitu.mx\/?p=4694"},"modified":"2016-12-08T06:16:26","modified_gmt":"2016-12-08T11:16:26","slug":"juan-carlos-nucci-nuevo-director-general-de-viva-aerobus","status":"publish","type":"post","link":"https:\/\/nitu.mx\/index.php\/2016\/12\/08\/juan-carlos-nucci-nuevo-director-general-de-viva-aerobus\/","title":{"rendered":"Gian Carlo Nucci, nuevo director general de VivaAerobus"},"content":{"rendered":"<p>Grupo VivaAerobus dio a conocer que Gian Carlo Nucci ser\u00e1 su nuevo director general (Chief Executive Officer), a partir del 9 de enero de 2017.<\/p>\n<p>Nucci ha colaborando con Grupo IAMSA desde hace m\u00e1s de un a\u00f1o, periodo durante el cual ha contribuido a sentar las bases para los proyectos futuros de la empresa.<\/p>\n<p>Para el nuevo director, este cargo representa todo un desaf\u00edo en su carrera. \u201cMe llena de emoci\u00f3n y orgullo la oportunidad que me da el Grupo, para contribuir con su visi\u00f3n y estrategia\u201d, dijo Nucci. Asimismo destac\u00f3 que tiene la confianza de que, con el apoyo del talentoso equipo que conforma VivaAerobus, consolidar\u00e1n su modelo en la industria.<\/p>\n<p>Nucci se ha desarrollado profesionalmente en Walmart de M\u00e9xico, donde desempe\u00f1\u00f3 roles operativos y estrat\u00e9gicos en los diferentes formatos de negocio del minorista, as\u00ed como tambi\u00e9n su paso por Walmart Chile, filial de la que fue presidente y director general.<\/p>\n<p>De acuerdo a un comunicado, Juan Carlos Zuazua a la fecha se mantiene en su actual cargo como director general de VivaAerobus, al mando de las operaciones de la aerol\u00ednea. Entre sus funciones Zuazua le reportar\u00e1 a Gian Carlo Nucci.<\/p>\n<p>Este nombramiento llega en medio de una ola de rumores sobre el futuro de la compa\u00f1\u00eda a\u00e9rea, ya que se presume que han llegado a un acuerdo con Irelandia Aviation para adquirir el 49 por ciento de las acciones propiedad de la familia Ryan, con lo que Grupo IAMSA se convertir\u00eda en propietario \u00fanico de la aerol\u00ednea.<\/p>\n<p>Irelandia, desarrolladora mundial de aerol\u00edneas de bajo costo entre las que destaca Ryanair, tambi\u00e9n es due\u00f1a de VivaColombia, compa\u00f1\u00eda hermana de VivaAerobus.<\/p>\n<p>Por su parte, Grupo IAMSA, consorcio de transporte propiedad de Roberto Alc\u00e1ntara, es socio de Irelandia en VivaAerobus desde la creaci\u00f3n de la aerol\u00ednea en 2006.<\/p>\n<p>Por otro lado, siguen los planes por incursionar en el mercado burs\u00e1til, como lo dijimos en <em><strong>NITU.mx<\/strong><\/em>. (<a title=\"VivaAerobus planea ingresar a bolsa en 2017\" href=\"http:\/\/www.dev.nitu.mx\/index.php\/2016\/10\/04\/vivaaerobus-planea-ingresar-a-bolsa-en-2017\/\" rel=\"bookmark\">VivaAerobus planea ingresar a bolsa en 2017<\/a>).<\/p>\n","protected":false},"excerpt":{"rendered":"<p>Grupo VivaAerobus dio a conocer que Gian Carlo Nucci ser\u00e1 su nuevo director general (Chief Executive Officer), a partir del 9 de enero de 2017. Nucci ha colaborando con Grupo IAMSA desde hace m\u00e1s de un a\u00f1o, periodo durante el cual ha contribuido a sentar las bases para los proyectos futuros de la empresa. Para [&hellip;]<\/p>\n","protected":false},"author":17,"featured_media":4719,"comment_status":"open","ping_status":"open","sticky":false,"template":"","format":"standard","meta":{"footnotes":""},"categories":[29,6],"tags":[2101,2100,295,878,2102],"yoast_head":"<!-- This site is optimized with the Yoast SEO plugin v22.2 - https:\/\/yoast.com\/wordpress\/plugins\/seo\/ -->\n<title>Gian Carlo Nucci, nuevo director general de VivaAerobus - Nitu - Noticias de la Industria Turistica<\/title>\n<meta name=\"description\" content=\"Grupo VivaAerobus dio a conocer que Gian Carlo Nucci ser\u00e1 su nuevo director general (Chief Executive Officer), a partir del 9 de enero de 2017.\" \/>\n<meta name=\"robots\" content=\"index, follow, max-snippet:-1, max-image-preview:large, max-video-preview:-1\" \/>\n<link rel=\"canonical\" href=\"https:\/\/nitu.mx\/index.php\/2016\/12\/08\/juan-carlos-nucci-nuevo-director-general-de-viva-aerobus\/\" \/>\n<meta name=\"twitter:card\" content=\"summary_large_image\" \/>\n<meta name=\"twitter:title\" content=\"Gian Carlo Nucci, nuevo director general de VivaAerobus - Nitu - Noticias de la Industria Turistica\" \/>\n<meta name=\"twitter:description\" content=\"Grupo VivaAerobus dio a conocer que Gian Carlo Nucci ser\u00e1 su nuevo director general (Chief Executive Officer), a partir del 9 de enero de 2017.\" \/>\n<meta name=\"twitter:image\" content=\"https:\/\/nitu.mx\/wp-content\/uploads\/2016\/12\/Gian-Carlo-Nucci-vivaaerobus.jpg\" \/>\n<meta name=\"twitter:creator\" content=\"@NITUmx\" \/>\n<meta name=\"twitter:site\" content=\"@Arturo_Medina_G\" \/>\n<meta name=\"twitter:label1\" content=\"Escrito por\" \/>\n\t<meta name=\"twitter:data1\" content=\"Redacci\u00f3n\" \/>\n\t<meta name=\"twitter:label2\" content=\"Tiempo de lectura\" \/>\n\t<meta name=\"twitter:data2\" content=\"2 minutos\" \/>\n<script type=\"application\/ld+json\" class=\"yoast-schema-graph\">{\"@context\":\"https:\/\/schema.org\",\"@graph\":[{\"@type\":\"Article\",\"@id\":\"https:\/\/nitu.mx\/index.php\/2016\/12\/08\/juan-carlos-nucci-nuevo-director-general-de-viva-aerobus\/#article\",\"isPartOf\":{\"@id\":\"https:\/\/nitu.mx\/index.php\/2016\/12\/08\/juan-carlos-nucci-nuevo-director-general-de-viva-aerobus\/\"},\"author\":{\"name\":\"Redacci\u00f3n\",\"@id\":\"https:\/\/nitu.mx\/#\/schema\/person\/4a28fe9bd65924f7c90623773daf1b0b\"},\"headline\":\"Gian Carlo Nucci, nuevo director general de VivaAerobus\",\"datePublished\":\"2016-12-08T05:09:11+00:00\",\"dateModified\":\"2016-12-08T11:16:26+00:00\",\"mainEntityOfPage\":{\"@id\":\"https:\/\/nitu.mx\/index.php\/2016\/12\/08\/juan-carlos-nucci-nuevo-director-general-de-viva-aerobus\/\"},\"wordCount\":347,\"commentCount\":0,\"publisher\":{\"@id\":\"https:\/\/nitu.mx\/#\/schema\/person\/ae7a53426417292d3dd07b45a33e01bc\"},\"image\":{\"@id\":\"https:\/\/nitu.mx\/index.php\/2016\/12\/08\/juan-carlos-nucci-nuevo-director-general-de-viva-aerobus\/#primaryimage\"},\"thumbnailUrl\":\"https:\/\/nitu.mx\/wp-content\/uploads\/2016\/12\/Gian-Carlo-Nucci-vivaaerobus.jpg\",\"keywords\":[\"Grupo IAMSA\",\"Juan Carlos Nucci\",\"Juan Carlos Zuazua\",\"Roberto Alc\u00e1ntara\",\"Viva Aerobus\"],\"articleSection\":[\"Aerol\u00edneas\",\"M\u00e9xico\"],\"inLanguage\":\"es-MX\",\"potentialAction\":[{\"@type\":\"CommentAction\",\"name\":\"Comment\",\"target\":[\"https:\/\/nitu.mx\/index.php\/2016\/12\/08\/juan-carlos-nucci-nuevo-director-general-de-viva-aerobus\/#respond\"]}]},{\"@type\":\"WebPage\",\"@id\":\"https:\/\/nitu.mx\/index.php\/2016\/12\/08\/juan-carlos-nucci-nuevo-director-general-de-viva-aerobus\/\",\"url\":\"https:\/\/nitu.mx\/index.php\/2016\/12\/08\/juan-carlos-nucci-nuevo-director-general-de-viva-aerobus\/\",\"name\":\"Gian Carlo Nucci, nuevo director general de VivaAerobus - Nitu - Noticias de la Industria Turistica\",\"isPartOf\":{\"@id\":\"https:\/\/nitu.mx\/#website\"},\"primaryImageOfPage\":{\"@id\":\"https:\/\/nitu.mx\/index.php\/2016\/12\/08\/juan-carlos-nucci-nuevo-director-general-de-viva-aerobus\/#primaryimage\"},\"image\":{\"@id\":\"https:\/\/nitu.mx\/index.php\/2016\/12\/08\/juan-carlos-nucci-nuevo-director-general-de-viva-aerobus\/#primaryimage\"},\"thumbnailUrl\":\"https:\/\/nitu.mx\/wp-content\/uploads\/2016\/12\/Gian-Carlo-Nucci-vivaaerobus.jpg\",\"datePublished\":\"2016-12-08T05:09:11+00:00\",\"dateModified\":\"2016-12-08T11:16:26+00:00\",\"description\":\"Grupo VivaAerobus dio a conocer que Gian Carlo Nucci ser\u00e1 su nuevo director general (Chief Executive Officer), a partir del 9 de enero de 2017.\",\"breadcrumb\":{\"@id\":\"https:\/\/nitu.mx\/index.php\/2016\/12\/08\/juan-carlos-nucci-nuevo-director-general-de-viva-aerobus\/#breadcrumb\"},\"inLanguage\":\"es-MX\",\"potentialAction\":[{\"@type\":\"ReadAction\",\"target\":[\"https:\/\/nitu.mx\/index.php\/2016\/12\/08\/juan-carlos-nucci-nuevo-director-general-de-viva-aerobus\/\"]}]},{\"@type\":\"ImageObject\",\"inLanguage\":\"es-MX\",\"@id\":\"https:\/\/nitu.mx\/index.php\/2016\/12\/08\/juan-carlos-nucci-nuevo-director-general-de-viva-aerobus\/#primaryimage\",\"url\":\"https:\/\/nitu.mx\/wp-content\/uploads\/2016\/12\/Gian-Carlo-Nucci-vivaaerobus.jpg\",\"contentUrl\":\"https:\/\/nitu.mx\/wp-content\/uploads\/2016\/12\/Gian-Carlo-Nucci-vivaaerobus.jpg\",\"width\":1400,\"height\":910,\"caption\":\"gian carlo nucci vivaaerobus\"},{\"@type\":\"BreadcrumbList\",\"@id\":\"https:\/\/nitu.mx\/index.php\/2016\/12\/08\/juan-carlos-nucci-nuevo-director-general-de-viva-aerobus\/#breadcrumb\",\"itemListElement\":[{\"@type\":\"ListItem\",\"position\":1,\"name\":\"Inicio\",\"item\":\"https:\/\/nitu.mx\/\"},{\"@type\":\"ListItem\",\"position\":2,\"name\":\"Gian Carlo Nucci, nuevo director general de VivaAerobus\"}]},{\"@type\":\"WebSite\",\"@id\":\"https:\/\/nitu.mx\/#website\",\"url\":\"https:\/\/nitu.mx\/\",\"name\":\"Nitu - Noticias de la Industria Turistica\",\"description\":\"Noticias de la Industria Turistica\",\"publisher\":{\"@id\":\"https:\/\/nitu.mx\/#\/schema\/person\/ae7a53426417292d3dd07b45a33e01bc\"},\"alternateName\":\"Noticias de la Industria Turistica\",\"potentialAction\":[{\"@type\":\"SearchAction\",\"target\":{\"@type\":\"EntryPoint\",\"urlTemplate\":\"https:\/\/nitu.mx\/?s={search_term_string}\"},\"query-input\":\"required name=search_term_string\"}],\"inLanguage\":\"es-MX\"},{\"@type\":[\"Person\",\"Organization\"],\"@id\":\"https:\/\/nitu.mx\/#\/schema\/person\/ae7a53426417292d3dd07b45a33e01bc\",\"name\":\"Arturo Medina\",\"image\":{\"@type\":\"ImageObject\",\"inLanguage\":\"es-MX\",\"@id\":\"https:\/\/nitu.mx\/#\/schema\/person\/image\/\",\"url\":\"https:\/\/nitu.mx\/wp-content\/uploads\/2024\/04\/4A315622-1904-4D5C-B022-878CDC840E04-90x90-1.jpeg\",\"contentUrl\":\"https:\/\/nitu.mx\/wp-content\/uploads\/2024\/04\/4A315622-1904-4D5C-B022-878CDC840E04-90x90-1.jpeg\",\"width\":90,\"height\":90,\"caption\":\"Arturo Medina\"},\"logo\":{\"@id\":\"https:\/\/nitu.mx\/#\/schema\/person\/image\/\"},\"description\":\"Director NITU.mx, Egresado de la Escuela de Periodismo Carlos Septi\u00e9n Garc\u00eda. Periodista y analista especializado en turismo desde hace 35 a\u00f1os, radicado en Canc\u00fan Q.Roo. arturo@nitu.mx\",\"sameAs\":[\"https:\/\/nitu.mx\",\"https:\/\/www.facebook.com\/NITUmx\/\",\"medinacancun\",\"https:\/\/twitter.com\/@Arturo_Medina_G\"]},{\"@type\":\"Person\",\"@id\":\"https:\/\/nitu.mx\/#\/schema\/person\/4a28fe9bd65924f7c90623773daf1b0b\",\"name\":\"Redacci\u00f3n\",\"image\":{\"@type\":\"ImageObject\",\"inLanguage\":\"es-MX\",\"@id\":\"https:\/\/nitu.mx\/#\/schema\/person\/image\/\",\"url\":\"https:\/\/secure.gravatar.com\/avatar\/5dd011c8ccfc5cd7e4c81e42252aab38?s=96&d=mm&r=g\",\"contentUrl\":\"https:\/\/secure.gravatar.com\/avatar\/5dd011c8ccfc5cd7e4c81e42252aab38?s=96&d=mm&r=g\",\"caption\":\"Redacci\u00f3n\"},\"url\":\"https:\/\/nitu.mx\/index.php\/author\/redaccion\/\"}]}<\/script>\n<!-- \/ Yoast SEO plugin. -->","yoast_head_json":{"title":"Gian Carlo Nucci, nuevo director general de VivaAerobus - Nitu - Noticias de la Industria Turistica","description":"Grupo VivaAerobus dio a conocer que Gian Carlo Nucci ser\u00e1 su nuevo director general (Chief Executive Officer), a partir del 9 de enero de 2017.","robots":{"index":"index","follow":"follow","max-snippet":"max-snippet:-1","max-image-preview":"max-image-preview:large","max-video-preview":"max-video-preview:-1"},"canonical":"https:\/\/nitu.mx\/index.php\/2016\/12\/08\/juan-carlos-nucci-nuevo-director-general-de-viva-aerobus\/","twitter_card":"summary_large_image","twitter_title":"Gian Carlo Nucci, nuevo director general de VivaAerobus - Nitu - Noticias de la Industria Turistica","twitter_description":"Grupo VivaAerobus dio a conocer que Gian Carlo Nucci ser\u00e1 su nuevo director general (Chief Executive Officer), a partir del 9 de enero de 2017.","twitter_image":"https:\/\/nitu.mx\/wp-content\/uploads\/2016\/12\/Gian-Carlo-Nucci-vivaaerobus.jpg","twitter_creator":"@NITUmx","twitter_site":"@Arturo_Medina_G","twitter_misc":{"Escrito por":"Redacci\u00f3n","Tiempo de lectura":"2 minutos"},"schema":{"@context":"https:\/\/schema.org","@graph":[{"@type":"Article","@id":"https:\/\/nitu.mx\/index.php\/2016\/12\/08\/juan-carlos-nucci-nuevo-director-general-de-viva-aerobus\/#article","isPartOf":{"@id":"https:\/\/nitu.mx\/index.php\/2016\/12\/08\/juan-carlos-nucci-nuevo-director-general-de-viva-aerobus\/"},"author":{"name":"Redacci\u00f3n","@id":"https:\/\/nitu.mx\/#\/schema\/person\/4a28fe9bd65924f7c90623773daf1b0b"},"headline":"Gian Carlo Nucci, nuevo director general de VivaAerobus","datePublished":"2016-12-08T05:09:11+00:00","dateModified":"2016-12-08T11:16:26+00:00","mainEntityOfPage":{"@id":"https:\/\/nitu.mx\/index.php\/2016\/12\/08\/juan-carlos-nucci-nuevo-director-general-de-viva-aerobus\/"},"wordCount":347,"commentCount":0,"publisher":{"@id":"https:\/\/nitu.mx\/#\/schema\/person\/ae7a53426417292d3dd07b45a33e01bc"},"image":{"@id":"https:\/\/nitu.mx\/index.php\/2016\/12\/08\/juan-carlos-nucci-nuevo-director-general-de-viva-aerobus\/#primaryimage"},"thumbnailUrl":"https:\/\/nitu.mx\/wp-content\/uploads\/2016\/12\/Gian-Carlo-Nucci-vivaaerobus.jpg","keywords":["Grupo IAMSA","Juan Carlos Nucci","Juan Carlos Zuazua","Roberto Alc\u00e1ntara","Viva Aerobus"],"articleSection":["Aerol\u00edneas","M\u00e9xico"],"inLanguage":"es-MX","potentialAction":[{"@type":"CommentAction","name":"Comment","target":["https:\/\/nitu.mx\/index.php\/2016\/12\/08\/juan-carlos-nucci-nuevo-director-general-de-viva-aerobus\/#respond"]}]},{"@type":"WebPage","@id":"https:\/\/nitu.mx\/index.php\/2016\/12\/08\/juan-carlos-nucci-nuevo-director-general-de-viva-aerobus\/","url":"https:\/\/nitu.mx\/index.php\/2016\/12\/08\/juan-carlos-nucci-nuevo-director-general-de-viva-aerobus\/","name":"Gian Carlo Nucci, nuevo director general de VivaAerobus - Nitu - Noticias de la Industria Turistica","isPartOf":{"@id":"https:\/\/nitu.mx\/#website"},"primaryImageOfPage":{"@id":"https:\/\/nitu.mx\/index.php\/2016\/12\/08\/juan-carlos-nucci-nuevo-director-general-de-viva-aerobus\/#primaryimage"},"image":{"@id":"https:\/\/nitu.mx\/index.php\/2016\/12\/08\/juan-carlos-nucci-nuevo-director-general-de-viva-aerobus\/#primaryimage"},"thumbnailUrl":"https:\/\/nitu.mx\/wp-content\/uploads\/2016\/12\/Gian-Carlo-Nucci-vivaaerobus.jpg","datePublished":"2016-12-08T05:09:11+00:00","dateModified":"2016-12-08T11:16:26+00:00","description":"Grupo VivaAerobus dio a conocer que Gian Carlo Nucci ser\u00e1 su nuevo director general (Chief Executive Officer), a partir del 9 de enero de 2017.","breadcrumb":{"@id":"https:\/\/nitu.mx\/index.php\/2016\/12\/08\/juan-carlos-nucci-nuevo-director-general-de-viva-aerobus\/#breadcrumb"},"inLanguage":"es-MX","potentialAction":[{"@type":"ReadAction","target":["https:\/\/nitu.mx\/index.php\/2016\/12\/08\/juan-carlos-nucci-nuevo-director-general-de-viva-aerobus\/"]}]},{"@type":"ImageObject","inLanguage":"es-MX","@id":"https:\/\/nitu.mx\/index.php\/2016\/12\/08\/juan-carlos-nucci-nuevo-director-general-de-viva-aerobus\/#primaryimage","url":"https:\/\/nitu.mx\/wp-content\/uploads\/2016\/12\/Gian-Carlo-Nucci-vivaaerobus.jpg","contentUrl":"https:\/\/nitu.mx\/wp-content\/uploads\/2016\/12\/Gian-Carlo-Nucci-vivaaerobus.jpg","width":1400,"height":910,"caption":"gian carlo nucci vivaaerobus"},{"@type":"BreadcrumbList","@id":"https:\/\/nitu.mx\/index.php\/2016\/12\/08\/juan-carlos-nucci-nuevo-director-general-de-viva-aerobus\/#breadcrumb","itemListElement":[{"@type":"ListItem","position":1,"name":"Inicio","item":"https:\/\/nitu.mx\/"},{"@type":"ListItem","position":2,"name":"Gian Carlo Nucci, nuevo director general de VivaAerobus"}]},{"@type":"WebSite","@id":"https:\/\/nitu.mx\/#website","url":"https:\/\/nitu.mx\/","name":"Nitu - Noticias de la Industria Turistica","description":"Noticias de la Industria Turistica","publisher":{"@id":"https:\/\/nitu.mx\/#\/schema\/person\/ae7a53426417292d3dd07b45a33e01bc"},"alternateName":"Noticias de la Industria Turistica","potentialAction":[{"@type":"SearchAction","target":{"@type":"EntryPoint","urlTemplate":"https:\/\/nitu.mx\/?s={search_term_string}"},"query-input":"required name=search_term_string"}],"inLanguage":"es-MX"},{"@type":["Person","Organization"],"@id":"https:\/\/nitu.mx\/#\/schema\/person\/ae7a53426417292d3dd07b45a33e01bc","name":"Arturo Medina","image":{"@type":"ImageObject","inLanguage":"es-MX","@id":"https:\/\/nitu.mx\/#\/schema\/person\/image\/","url":"https:\/\/nitu.mx\/wp-content\/uploads\/2024\/04\/4A315622-1904-4D5C-B022-878CDC840E04-90x90-1.jpeg","contentUrl":"https:\/\/nitu.mx\/wp-content\/uploads\/2024\/04\/4A315622-1904-4D5C-B022-878CDC840E04-90x90-1.jpeg","width":90,"height":90,"caption":"Arturo Medina"},"logo":{"@id":"https:\/\/nitu.mx\/#\/schema\/person\/image\/"},"description":"Director NITU.mx, Egresado de la Escuela de Periodismo Carlos Septi\u00e9n Garc\u00eda. Periodista y analista especializado en turismo desde hace 35 a\u00f1os, radicado en Canc\u00fan Q.Roo. arturo@nitu.mx","sameAs":["https:\/\/nitu.mx","https:\/\/www.facebook.com\/NITUmx\/","medinacancun","https:\/\/twitter.com\/@Arturo_Medina_G"]},{"@type":"Person","@id":"https:\/\/nitu.mx\/#\/schema\/person\/4a28fe9bd65924f7c90623773daf1b0b","name":"Redacci\u00f3n","image":{"@type":"ImageObject","inLanguage":"es-MX","@id":"https:\/\/nitu.mx\/#\/schema\/person\/image\/","url":"https:\/\/secure.gravatar.com\/avatar\/5dd011c8ccfc5cd7e4c81e42252aab38?s=96&d=mm&r=g","contentUrl":"https:\/\/secure.gravatar.com\/avatar\/5dd011c8ccfc5cd7e4c81e42252aab38?s=96&d=mm&r=g","caption":"Redacci\u00f3n"},"url":"https:\/\/nitu.mx\/index.php\/author\/redaccion\/"}]}},"views":1850,"_links":{"self":[{"href":"https:\/\/nitu.mx\/index.php\/wp-json\/wp\/v2\/posts\/4694"}],"collection":[{"href":"https:\/\/nitu.mx\/index.php\/wp-json\/wp\/v2\/posts"}],"about":[{"href":"https:\/\/nitu.mx\/index.php\/wp-json\/wp\/v2\/types\/post"}],"author":[{"embeddable":true,"href":"https:\/\/nitu.mx\/index.php\/wp-json\/wp\/v2\/users\/17"}],"replies":[{"embeddable":true,"href":"https:\/\/nitu.mx\/index.php\/wp-json\/wp\/v2\/comments?post=4694"}],"version-history":[{"count":3,"href":"https:\/\/nitu.mx\/index.php\/wp-json\/wp\/v2\/posts\/4694\/revisions"}],"predecessor-version":[{"id":4717,"href":"https:\/\/nitu.mx\/index.php\/wp-json\/wp\/v2\/posts\/4694\/revisions\/4717"}],"wp:featuredmedia":[{"embeddable":true,"href":"https:\/\/nitu.mx\/index.php\/wp-json\/wp\/v2\/media\/4719"}],"wp:attachment":[{"href":"https:\/\/nitu.mx\/index.php\/wp-json\/wp\/v2\/media?parent=4694"}],"wp:term":[{"taxonomy":"category","embeddable":true,"href":"https:\/\/nitu.mx\/index.php\/wp-json\/wp\/v2\/categories?post=4694"},{"taxonomy":"post_tag","embeddable":true,"href":"https:\/\/nitu.mx\/index.php\/wp-json\/wp\/v2\/tags?post=4694"}],"curies":[{"name":"wp","href":"https:\/\/api.w.org\/{rel}","templated":true}]}}