{"id":46791,"date":"2020-09-30T22:02:54","date_gmt":"2020-10-01T03:02:54","guid":{"rendered":"https:\/\/www.dev.nitu.mx\/?p=46791"},"modified":"2020-10-01T01:35:52","modified_gmt":"2020-10-01T06:35:52","slug":"yucatan-reanuda-conectividad-aerea-internacional","status":"publish","type":"post","link":"https:\/\/nitu.mx\/index.php\/2020\/09\/30\/yucatan-reanuda-conectividad-aerea-internacional\/","title":{"rendered":"Yucat\u00e1n reanuda conectividad a\u00e9rea internacional"},"content":{"rendered":"\n<p>A partir del 8 de octubre, American Airlines ser\u00e1 la primera aerol\u00ednea en reanudar rutas internacionales hacia Yucat\u00e1n con el vuelo Miami-M\u00e9rida, que representa el regreso del turismo estadounidense a la entidad.<\/p>\n\n\n\n<p>El reinicio de rutas internacionales viene acompa\u00f1ado de un crecimiento de frecuencias dom\u00e9sticas hacia Yucat\u00e1n para el pr\u00f3ximo este mes, que de acuerdo con Grupo Aeroportuario del Sureste (Asur) contempla la reactivaci\u00f3n de 120 vuelos.<\/p>\n\n\n\n<p>Esto representa un crecimiento de m\u00e1s de 50 por ciento de rutas que operaban hacia M\u00e9rida antes de la pandemia de covid-19, lo que impulsa el Plan de Recuperaci\u00f3n Econ\u00f3mica promovido por el gobernador Mauricio Vila Dosal.<\/p>\n\n\n\n<p>La secretaria de Fomento Tur\u00edstico estatal, Michelle Fridman, declar\u00f3 que \u201cEl aumento de conectividad es un reflejo de las sinergias y el trabajo conjunto, entre la industria de transporte a\u00e9reo y el estado de Yucat\u00e1n, para dar continuidad al proceso de recuperaci\u00f3n y restablecimiento de actividades en el pa\u00eds\u201d.<\/p>\n\n\n\n<p>Actualmente, el aeropuerto de M\u00e9rida recibe m\u00e1s de 100 vuelos semanales. Este mes, Aerom\u00e9xico elevar\u00e1 de 40 a 46 frecuencias de CDMX; y Viva Aerobus con 27 vuelos conectar\u00e1 CDMX, Monterrey, Guadalajara, Tuxtla Guti\u00e9rrez, y Veracruz.<\/p>\n\n\n\n<p>Volaris mantiene sus 21 frecuencias hacia M\u00e9rida desde Monterrey, Guadalajara, Tijuana y CDMX; igual que Interjet, que conserva los 14 vuelos en la ruta CDMX-M\u00e9rida.<\/p>\n\n\n\n<p>Por su parte, MAYAir y Magnicharters conectar\u00e1n M\u00e9rida con Canc\u00fan con dos frecuencias semanales cada una, mientras que la segunda aerol\u00ednea tambi\u00e9n operar\u00e1 un vuelo proveniente de Ciudad de M\u00e9xico.<\/p>\n\n\n\n<p>Aunado al incremento de conectividad a\u00e9rea, el director de Desarrollo Econ\u00f3mico y Turismo del Ayuntamiento de M\u00e9rida, Eduardo Seijo Sol\u00eds, dio el banderazo de reinicio de actividades del Turibus M\u00e9rida.<\/p>\n\n\n\n<p>El circuito Centro Hist\u00f3rico de la compa\u00f1\u00eda de Mobility ADO ofrecer\u00e1 cinco recorridos diarios entre las 9:00 y 17:00 horas, con capacidad limitada a 40 por ciento.<\/p>\n\n\n\n<p>Mientras que el Hotel Villa Mercedes que recientemente adquiri\u00f3 el sello Curio Collection by Hilton, est\u00e1 pr\u00f3ximo a reanudar operaciones luego de someterse a una remodelaci\u00f3n. <a href=\"https:\/\/www.dev.nitu.mx\/index.php\/2020\/09\/23\/yucatan-presenta-su-nueva-marca-y-sitio-web-de-promocion-turistica\/\">Yucat\u00e1n presenta su nueva marca y sitio web de promoci\u00f3n tur\u00edstica<\/a><\/p>\n","protected":false},"excerpt":{"rendered":"<p>A partir del 8 de octubre, American Airlines ser\u00e1 la primera aerol\u00ednea en reanudar rutas internacionales hacia Yucat\u00e1n con el vuelo Miami-M\u00e9rida, que representa el regreso del turismo estadounidense a la entidad. El reinicio de rutas internacionales viene acompa\u00f1ado de un crecimiento de frecuencias dom\u00e9sticas hacia Yucat\u00e1n para el pr\u00f3ximo este mes, que de acuerdo [&hellip;]<\/p>\n","protected":false},"author":18,"featured_media":46811,"comment_status":"open","ping_status":"open","sticky":false,"template":"","format":"standard","meta":{"footnotes":""},"categories":[5],"tags":[481,12599,12989,449],"yoast_head":"<!-- This site is optimized with the Yoast SEO plugin v22.2 - https:\/\/yoast.com\/wordpress\/plugins\/seo\/ -->\n<title>Yucat\u00e1n reanuda conectividad a\u00e9rea internacional - Nitu - Noticias de la Industria Turistica<\/title>\n<meta name=\"robots\" content=\"index, follow, max-snippet:-1, max-image-preview:large, max-video-preview:-1\" \/>\n<link rel=\"canonical\" href=\"https:\/\/nitu.mx\/index.php\/2020\/09\/30\/yucatan-reanuda-conectividad-aerea-internacional\/\" \/>\n<meta name=\"twitter:card\" content=\"summary_large_image\" \/>\n<meta name=\"twitter:title\" content=\"Yucat\u00e1n reanuda conectividad a\u00e9rea internacional - Nitu - Noticias de la Industria Turistica\" \/>\n<meta name=\"twitter:description\" content=\"A partir del 8 de octubre, American Airlines ser\u00e1 la primera aerol\u00ednea en reanudar rutas internacionales hacia Yucat\u00e1n con el vuelo Miami-M\u00e9rida, que representa el regreso del turismo estadounidense a la entidad. El reinicio de rutas internacionales viene acompa\u00f1ado de un crecimiento de frecuencias dom\u00e9sticas hacia Yucat\u00e1n para el pr\u00f3ximo este mes, que de acuerdo [&hellip;]\" \/>\n<meta name=\"twitter:image\" content=\"https:\/\/nitu.mx\/wp-content\/uploads\/2020\/09\/merida-vuelos-internacionales.jpg\" \/>\n<meta name=\"twitter:creator\" content=\"@NITUmx\" \/>\n<meta name=\"twitter:site\" content=\"@Arturo_Medina_G\" \/>\n<meta name=\"twitter:label1\" content=\"Escrito por\" \/>\n\t<meta name=\"twitter:data1\" content=\"Guadalupe Sixto\" \/>\n\t<meta name=\"twitter:label2\" content=\"Tiempo de lectura\" \/>\n\t<meta name=\"twitter:data2\" content=\"2 minutos\" \/>\n<script type=\"application\/ld+json\" class=\"yoast-schema-graph\">{\"@context\":\"https:\/\/schema.org\",\"@graph\":[{\"@type\":\"Article\",\"@id\":\"https:\/\/nitu.mx\/index.php\/2020\/09\/30\/yucatan-reanuda-conectividad-aerea-internacional\/#article\",\"isPartOf\":{\"@id\":\"https:\/\/nitu.mx\/index.php\/2020\/09\/30\/yucatan-reanuda-conectividad-aerea-internacional\/\"},\"author\":{\"name\":\"Guadalupe Sixto\",\"@id\":\"https:\/\/nitu.mx\/#\/schema\/person\/3df3082b5e46037e3f13614d28ee0b77\"},\"headline\":\"Yucat\u00e1n reanuda conectividad a\u00e9rea internacional\",\"datePublished\":\"2020-10-01T03:02:54+00:00\",\"dateModified\":\"2020-10-01T06:35:52+00:00\",\"mainEntityOfPage\":{\"@id\":\"https:\/\/nitu.mx\/index.php\/2020\/09\/30\/yucatan-reanuda-conectividad-aerea-internacional\/\"},\"wordCount\":374,\"commentCount\":0,\"publisher\":{\"@id\":\"https:\/\/nitu.mx\/#\/schema\/person\/ae7a53426417292d3dd07b45a33e01bc\"},\"image\":{\"@id\":\"https:\/\/nitu.mx\/index.php\/2020\/09\/30\/yucatan-reanuda-conectividad-aerea-internacional\/#primaryimage\"},\"thumbnailUrl\":\"https:\/\/nitu.mx\/wp-content\/uploads\/2020\/09\/merida-vuelos-internacionales.jpg\",\"keywords\":[\"American AIrlines\",\"Michelle Fridman\",\"Sefotur\",\"Yucat\u00e1n\"],\"articleSection\":[\"Destinos\"],\"inLanguage\":\"es-MX\",\"potentialAction\":[{\"@type\":\"CommentAction\",\"name\":\"Comment\",\"target\":[\"https:\/\/nitu.mx\/index.php\/2020\/09\/30\/yucatan-reanuda-conectividad-aerea-internacional\/#respond\"]}]},{\"@type\":\"WebPage\",\"@id\":\"https:\/\/nitu.mx\/index.php\/2020\/09\/30\/yucatan-reanuda-conectividad-aerea-internacional\/\",\"url\":\"https:\/\/nitu.mx\/index.php\/2020\/09\/30\/yucatan-reanuda-conectividad-aerea-internacional\/\",\"name\":\"Yucat\u00e1n reanuda conectividad a\u00e9rea internacional - Nitu - Noticias de la Industria Turistica\",\"isPartOf\":{\"@id\":\"https:\/\/nitu.mx\/#website\"},\"primaryImageOfPage\":{\"@id\":\"https:\/\/nitu.mx\/index.php\/2020\/09\/30\/yucatan-reanuda-conectividad-aerea-internacional\/#primaryimage\"},\"image\":{\"@id\":\"https:\/\/nitu.mx\/index.php\/2020\/09\/30\/yucatan-reanuda-conectividad-aerea-internacional\/#primaryimage\"},\"thumbnailUrl\":\"https:\/\/nitu.mx\/wp-content\/uploads\/2020\/09\/merida-vuelos-internacionales.jpg\",\"datePublished\":\"2020-10-01T03:02:54+00:00\",\"dateModified\":\"2020-10-01T06:35:52+00:00\",\"breadcrumb\":{\"@id\":\"https:\/\/nitu.mx\/index.php\/2020\/09\/30\/yucatan-reanuda-conectividad-aerea-internacional\/#breadcrumb\"},\"inLanguage\":\"es-MX\",\"potentialAction\":[{\"@type\":\"ReadAction\",\"target\":[\"https:\/\/nitu.mx\/index.php\/2020\/09\/30\/yucatan-reanuda-conectividad-aerea-internacional\/\"]}]},{\"@type\":\"ImageObject\",\"inLanguage\":\"es-MX\",\"@id\":\"https:\/\/nitu.mx\/index.php\/2020\/09\/30\/yucatan-reanuda-conectividad-aerea-internacional\/#primaryimage\",\"url\":\"https:\/\/nitu.mx\/wp-content\/uploads\/2020\/09\/merida-vuelos-internacionales.jpg\",\"contentUrl\":\"https:\/\/nitu.mx\/wp-content\/uploads\/2020\/09\/merida-vuelos-internacionales.jpg\",\"width\":1200,\"height\":675},{\"@type\":\"BreadcrumbList\",\"@id\":\"https:\/\/nitu.mx\/index.php\/2020\/09\/30\/yucatan-reanuda-conectividad-aerea-internacional\/#breadcrumb\",\"itemListElement\":[{\"@type\":\"ListItem\",\"position\":1,\"name\":\"Inicio\",\"item\":\"https:\/\/nitu.mx\/\"},{\"@type\":\"ListItem\",\"position\":2,\"name\":\"Yucat\u00e1n reanuda conectividad a\u00e9rea internacional\"}]},{\"@type\":\"WebSite\",\"@id\":\"https:\/\/nitu.mx\/#website\",\"url\":\"https:\/\/nitu.mx\/\",\"name\":\"Nitu - Noticias de la Industria Turistica\",\"description\":\"Noticias de la Industria Turistica\",\"publisher\":{\"@id\":\"https:\/\/nitu.mx\/#\/schema\/person\/ae7a53426417292d3dd07b45a33e01bc\"},\"alternateName\":\"Noticias de la Industria Turistica\",\"potentialAction\":[{\"@type\":\"SearchAction\",\"target\":{\"@type\":\"EntryPoint\",\"urlTemplate\":\"https:\/\/nitu.mx\/?s={search_term_string}\"},\"query-input\":\"required name=search_term_string\"}],\"inLanguage\":\"es-MX\"},{\"@type\":[\"Person\",\"Organization\"],\"@id\":\"https:\/\/nitu.mx\/#\/schema\/person\/ae7a53426417292d3dd07b45a33e01bc\",\"name\":\"Arturo Medina\",\"image\":{\"@type\":\"ImageObject\",\"inLanguage\":\"es-MX\",\"@id\":\"https:\/\/nitu.mx\/#\/schema\/person\/image\/\",\"url\":\"https:\/\/nitu.mx\/wp-content\/uploads\/2024\/04\/4A315622-1904-4D5C-B022-878CDC840E04-90x90-1.jpeg\",\"contentUrl\":\"https:\/\/nitu.mx\/wp-content\/uploads\/2024\/04\/4A315622-1904-4D5C-B022-878CDC840E04-90x90-1.jpeg\",\"width\":90,\"height\":90,\"caption\":\"Arturo Medina\"},\"logo\":{\"@id\":\"https:\/\/nitu.mx\/#\/schema\/person\/image\/\"},\"description\":\"Director NITU.mx, Egresado de la Escuela de Periodismo Carlos Septi\u00e9n Garc\u00eda. Periodista y analista especializado en turismo desde hace 35 a\u00f1os, radicado en Canc\u00fan Q.Roo. arturo@nitu.mx\",\"sameAs\":[\"https:\/\/nitu.mx\",\"https:\/\/www.facebook.com\/NITUmx\/\",\"medinacancun\",\"https:\/\/twitter.com\/@Arturo_Medina_G\"]},{\"@type\":\"Person\",\"@id\":\"https:\/\/nitu.mx\/#\/schema\/person\/3df3082b5e46037e3f13614d28ee0b77\",\"name\":\"Guadalupe Sixto\",\"image\":{\"@type\":\"ImageObject\",\"inLanguage\":\"es-MX\",\"@id\":\"https:\/\/nitu.mx\/#\/schema\/person\/image\/\",\"url\":\"https:\/\/secure.gravatar.com\/avatar\/13914e1b0e1919e91f9539de4dc584c4?s=96&d=mm&r=g\",\"contentUrl\":\"https:\/\/secure.gravatar.com\/avatar\/13914e1b0e1919e91f9539de4dc584c4?s=96&d=mm&r=g\",\"caption\":\"Guadalupe Sixto\"},\"url\":\"https:\/\/nitu.mx\/index.php\/author\/gsixto\/\"}]}<\/script>\n<!-- \/ Yoast SEO plugin. -->","yoast_head_json":{"title":"Yucat\u00e1n reanuda conectividad a\u00e9rea internacional - Nitu - Noticias de la Industria Turistica","robots":{"index":"index","follow":"follow","max-snippet":"max-snippet:-1","max-image-preview":"max-image-preview:large","max-video-preview":"max-video-preview:-1"},"canonical":"https:\/\/nitu.mx\/index.php\/2020\/09\/30\/yucatan-reanuda-conectividad-aerea-internacional\/","twitter_card":"summary_large_image","twitter_title":"Yucat\u00e1n reanuda conectividad a\u00e9rea internacional - Nitu - Noticias de la Industria Turistica","twitter_description":"A partir del 8 de octubre, American Airlines ser\u00e1 la primera aerol\u00ednea en reanudar rutas internacionales hacia Yucat\u00e1n con el vuelo Miami-M\u00e9rida, que representa el regreso del turismo estadounidense a la entidad. El reinicio de rutas internacionales viene acompa\u00f1ado de un crecimiento de frecuencias dom\u00e9sticas hacia Yucat\u00e1n para el pr\u00f3ximo este mes, que de acuerdo [&hellip;]","twitter_image":"https:\/\/nitu.mx\/wp-content\/uploads\/2020\/09\/merida-vuelos-internacionales.jpg","twitter_creator":"@NITUmx","twitter_site":"@Arturo_Medina_G","twitter_misc":{"Escrito por":"Guadalupe Sixto","Tiempo de lectura":"2 minutos"},"schema":{"@context":"https:\/\/schema.org","@graph":[{"@type":"Article","@id":"https:\/\/nitu.mx\/index.php\/2020\/09\/30\/yucatan-reanuda-conectividad-aerea-internacional\/#article","isPartOf":{"@id":"https:\/\/nitu.mx\/index.php\/2020\/09\/30\/yucatan-reanuda-conectividad-aerea-internacional\/"},"author":{"name":"Guadalupe Sixto","@id":"https:\/\/nitu.mx\/#\/schema\/person\/3df3082b5e46037e3f13614d28ee0b77"},"headline":"Yucat\u00e1n reanuda conectividad a\u00e9rea internacional","datePublished":"2020-10-01T03:02:54+00:00","dateModified":"2020-10-01T06:35:52+00:00","mainEntityOfPage":{"@id":"https:\/\/nitu.mx\/index.php\/2020\/09\/30\/yucatan-reanuda-conectividad-aerea-internacional\/"},"wordCount":374,"commentCount":0,"publisher":{"@id":"https:\/\/nitu.mx\/#\/schema\/person\/ae7a53426417292d3dd07b45a33e01bc"},"image":{"@id":"https:\/\/nitu.mx\/index.php\/2020\/09\/30\/yucatan-reanuda-conectividad-aerea-internacional\/#primaryimage"},"thumbnailUrl":"https:\/\/nitu.mx\/wp-content\/uploads\/2020\/09\/merida-vuelos-internacionales.jpg","keywords":["American AIrlines","Michelle Fridman","Sefotur","Yucat\u00e1n"],"articleSection":["Destinos"],"inLanguage":"es-MX","potentialAction":[{"@type":"CommentAction","name":"Comment","target":["https:\/\/nitu.mx\/index.php\/2020\/09\/30\/yucatan-reanuda-conectividad-aerea-internacional\/#respond"]}]},{"@type":"WebPage","@id":"https:\/\/nitu.mx\/index.php\/2020\/09\/30\/yucatan-reanuda-conectividad-aerea-internacional\/","url":"https:\/\/nitu.mx\/index.php\/2020\/09\/30\/yucatan-reanuda-conectividad-aerea-internacional\/","name":"Yucat\u00e1n reanuda conectividad a\u00e9rea internacional - Nitu - Noticias de la Industria Turistica","isPartOf":{"@id":"https:\/\/nitu.mx\/#website"},"primaryImageOfPage":{"@id":"https:\/\/nitu.mx\/index.php\/2020\/09\/30\/yucatan-reanuda-conectividad-aerea-internacional\/#primaryimage"},"image":{"@id":"https:\/\/nitu.mx\/index.php\/2020\/09\/30\/yucatan-reanuda-conectividad-aerea-internacional\/#primaryimage"},"thumbnailUrl":"https:\/\/nitu.mx\/wp-content\/uploads\/2020\/09\/merida-vuelos-internacionales.jpg","datePublished":"2020-10-01T03:02:54+00:00","dateModified":"2020-10-01T06:35:52+00:00","breadcrumb":{"@id":"https:\/\/nitu.mx\/index.php\/2020\/09\/30\/yucatan-reanuda-conectividad-aerea-internacional\/#breadcrumb"},"inLanguage":"es-MX","potentialAction":[{"@type":"ReadAction","target":["https:\/\/nitu.mx\/index.php\/2020\/09\/30\/yucatan-reanuda-conectividad-aerea-internacional\/"]}]},{"@type":"ImageObject","inLanguage":"es-MX","@id":"https:\/\/nitu.mx\/index.php\/2020\/09\/30\/yucatan-reanuda-conectividad-aerea-internacional\/#primaryimage","url":"https:\/\/nitu.mx\/wp-content\/uploads\/2020\/09\/merida-vuelos-internacionales.jpg","contentUrl":"https:\/\/nitu.mx\/wp-content\/uploads\/2020\/09\/merida-vuelos-internacionales.jpg","width":1200,"height":675},{"@type":"BreadcrumbList","@id":"https:\/\/nitu.mx\/index.php\/2020\/09\/30\/yucatan-reanuda-conectividad-aerea-internacional\/#breadcrumb","itemListElement":[{"@type":"ListItem","position":1,"name":"Inicio","item":"https:\/\/nitu.mx\/"},{"@type":"ListItem","position":2,"name":"Yucat\u00e1n reanuda conectividad a\u00e9rea internacional"}]},{"@type":"WebSite","@id":"https:\/\/nitu.mx\/#website","url":"https:\/\/nitu.mx\/","name":"Nitu - Noticias de la Industria Turistica","description":"Noticias de la Industria Turistica","publisher":{"@id":"https:\/\/nitu.mx\/#\/schema\/person\/ae7a53426417292d3dd07b45a33e01bc"},"alternateName":"Noticias de la Industria Turistica","potentialAction":[{"@type":"SearchAction","target":{"@type":"EntryPoint","urlTemplate":"https:\/\/nitu.mx\/?s={search_term_string}"},"query-input":"required name=search_term_string"}],"inLanguage":"es-MX"},{"@type":["Person","Organization"],"@id":"https:\/\/nitu.mx\/#\/schema\/person\/ae7a53426417292d3dd07b45a33e01bc","name":"Arturo Medina","image":{"@type":"ImageObject","inLanguage":"es-MX","@id":"https:\/\/nitu.mx\/#\/schema\/person\/image\/","url":"https:\/\/nitu.mx\/wp-content\/uploads\/2024\/04\/4A315622-1904-4D5C-B022-878CDC840E04-90x90-1.jpeg","contentUrl":"https:\/\/nitu.mx\/wp-content\/uploads\/2024\/04\/4A315622-1904-4D5C-B022-878CDC840E04-90x90-1.jpeg","width":90,"height":90,"caption":"Arturo Medina"},"logo":{"@id":"https:\/\/nitu.mx\/#\/schema\/person\/image\/"},"description":"Director NITU.mx, Egresado de la Escuela de Periodismo Carlos Septi\u00e9n Garc\u00eda. Periodista y analista especializado en turismo desde hace 35 a\u00f1os, radicado en Canc\u00fan Q.Roo. arturo@nitu.mx","sameAs":["https:\/\/nitu.mx","https:\/\/www.facebook.com\/NITUmx\/","medinacancun","https:\/\/twitter.com\/@Arturo_Medina_G"]},{"@type":"Person","@id":"https:\/\/nitu.mx\/#\/schema\/person\/3df3082b5e46037e3f13614d28ee0b77","name":"Guadalupe Sixto","image":{"@type":"ImageObject","inLanguage":"es-MX","@id":"https:\/\/nitu.mx\/#\/schema\/person\/image\/","url":"https:\/\/secure.gravatar.com\/avatar\/13914e1b0e1919e91f9539de4dc584c4?s=96&d=mm&r=g","contentUrl":"https:\/\/secure.gravatar.com\/avatar\/13914e1b0e1919e91f9539de4dc584c4?s=96&d=mm&r=g","caption":"Guadalupe Sixto"},"url":"https:\/\/nitu.mx\/index.php\/author\/gsixto\/"}]}},"views":439,"_links":{"self":[{"href":"https:\/\/nitu.mx\/index.php\/wp-json\/wp\/v2\/posts\/46791"}],"collection":[{"href":"https:\/\/nitu.mx\/index.php\/wp-json\/wp\/v2\/posts"}],"about":[{"href":"https:\/\/nitu.mx\/index.php\/wp-json\/wp\/v2\/types\/post"}],"author":[{"embeddable":true,"href":"https:\/\/nitu.mx\/index.php\/wp-json\/wp\/v2\/users\/18"}],"replies":[{"embeddable":true,"href":"https:\/\/nitu.mx\/index.php\/wp-json\/wp\/v2\/comments?post=46791"}],"version-history":[{"count":2,"href":"https:\/\/nitu.mx\/index.php\/wp-json\/wp\/v2\/posts\/46791\/revisions"}],"predecessor-version":[{"id":46796,"href":"https:\/\/nitu.mx\/index.php\/wp-json\/wp\/v2\/posts\/46791\/revisions\/46796"}],"wp:featuredmedia":[{"embeddable":true,"href":"https:\/\/nitu.mx\/index.php\/wp-json\/wp\/v2\/media\/46811"}],"wp:attachment":[{"href":"https:\/\/nitu.mx\/index.php\/wp-json\/wp\/v2\/media?parent=46791"}],"wp:term":[{"taxonomy":"category","embeddable":true,"href":"https:\/\/nitu.mx\/index.php\/wp-json\/wp\/v2\/categories?post=46791"},{"taxonomy":"post_tag","embeddable":true,"href":"https:\/\/nitu.mx\/index.php\/wp-json\/wp\/v2\/tags?post=46791"}],"curies":[{"name":"wp","href":"https:\/\/api.w.org\/{rel}","templated":true}]}}