{"id":46749,"date":"2020-09-29T22:33:59","date_gmt":"2020-09-30T03:33:59","guid":{"rendered":"https:\/\/www.dev.nitu.mx\/?p=46749"},"modified":"2020-09-30T02:12:44","modified_gmt":"2020-09-30T07:12:44","slug":"gran-plan-de-aeromexico-refuerza-alianza-con-empresas-que-priorizan-la-salud","status":"publish","type":"post","link":"https:\/\/nitu.mx\/index.php\/2020\/09\/29\/gran-plan-de-aeromexico-refuerza-alianza-con-empresas-que-priorizan-la-salud\/","title":{"rendered":"Gran Plan de Aerom\u00e9xico refuerza alianza con empresas que priorizan la salud"},"content":{"rendered":"\n<p>Gran Plan de Aerom\u00e9xico lanza la campa\u00f1a \u201cViaja seguro y todo incluido\u201d, a trav\u00e9s de la cual ofrece paquetes de viaje donde adem\u00e1s de la aerol\u00ednea, participan empresas que aplican los m\u00e1s altos est\u00e1ndares de salud e higiene para clientes y colaboradores.&nbsp;<\/p>\n\n\n\n<p>La oferta incluye paquetes de transportaci\u00f3n a\u00e9rea, terrestre y hospedaje en 11 destinos, 10 de ellos en las playas m\u00e1s emblem\u00e1ticas de M\u00e9xico:&nbsp;Acapulco, Canc\u00fan, Huatulco, La Paz, Los Cabos, Manzanillo, Mazatl\u00e1n, M\u00e9rida, Puerto Vallarta, Riviera Nayarit y Zihuatanejo.&nbsp;<\/p>\n\n\n\n<p>Se pueden reservar estancias a partir de una noche en los resorts participantes que se distinguen por contar con medidas de higiene en todas sus instalaciones y procesos. Destacan las cadenas hoteleras Grupo Posadas, AM Resorts, Hoteles Presidente, Grupo Hotelero Santa Fe, Brisas, Palace Resorts, Hoteles Velas, Hoteles Iberostar, Hoteles Palladium y Hoteles Hard Rock. Los servicios de transportaci\u00f3n terrestre que se ofrecen en cada paquete son proporcionados por compa\u00f1\u00edas que tambi\u00e9n cuentan con protocolos que protegen a los clientes.&nbsp;&nbsp;<\/p>\n\n\n\n<p>Recientemente, Gran Plan de Aerom\u00e9xico anunci\u00f3 su campa\u00f1a \u201cHome Office\u201d en la playa,\u00a0ofreciendo una experiencia de viaje, trabajo, estancia y esparcimiento bajo los m\u00e1s estrictos protocolos de salud en ciudades como\u00a0Canc\u00fan, Puerto Vallarta y Los Cabos.\u00a0 <\/p>\n\n\n\n<p>En los 11 destinos participantes de esta nueva campa\u00f1a\u00a0\u201cViaja seguro y todo incluido\u201d, Aerom\u00e9xico opera cerca de 240 vuelos semanales desde sus principales centros de operaci\u00f3n en la Ciudad de M\u00e9xico, Monterrey y Guadalajara. \u00a0(<a href=\"https:\/\/www.dev.nitu.mx\/index.php\/2020\/09\/17\/aeromexico-incrementara-casi-30-vuelos-internacionales-en-octubre\/\">Aerom\u00e9xico incrementar\u00e1 casi 30% vuelos internacionales en octubre<\/a>).<\/p>\n","protected":false},"excerpt":{"rendered":"<p>Gran Plan de Aerom\u00e9xico lanza la campa\u00f1a \u201cViaja seguro y todo incluido\u201d, a trav\u00e9s de la cual ofrece paquetes de viaje donde adem\u00e1s de la aerol\u00ednea, participan empresas que aplican los m\u00e1s altos est\u00e1ndares de salud e higiene para clientes y colaboradores.&nbsp; La oferta incluye paquetes de transportaci\u00f3n a\u00e9rea, terrestre y hospedaje en 11 destinos, [&hellip;]<\/p>\n","protected":false},"author":17,"featured_media":29995,"comment_status":"open","ping_status":"open","sticky":false,"template":"","format":"standard","meta":{"footnotes":""},"categories":[29],"tags":[30,14669,20726],"yoast_head":"<!-- This site is optimized with the Yoast SEO plugin v22.2 - https:\/\/yoast.com\/wordpress\/plugins\/seo\/ -->\n<title>Gran Plan de Aerom\u00e9xico refuerza alianza con empresas que priorizan la salud - Nitu - Noticias de la Industria Turistica<\/title>\n<meta name=\"robots\" content=\"index, follow, max-snippet:-1, max-image-preview:large, max-video-preview:-1\" \/>\n<link rel=\"canonical\" href=\"https:\/\/nitu.mx\/index.php\/2020\/09\/29\/gran-plan-de-aeromexico-refuerza-alianza-con-empresas-que-priorizan-la-salud\/\" \/>\n<meta name=\"twitter:card\" content=\"summary_large_image\" \/>\n<meta name=\"twitter:title\" content=\"Gran Plan de Aerom\u00e9xico refuerza alianza con empresas que priorizan la salud - Nitu - Noticias de la Industria Turistica\" \/>\n<meta name=\"twitter:description\" content=\"Gran Plan de Aerom\u00e9xico lanza la campa\u00f1a \u201cViaja seguro y todo incluido\u201d, a trav\u00e9s de la cual ofrece paquetes de viaje donde adem\u00e1s de la aerol\u00ednea, participan empresas que aplican los m\u00e1s altos est\u00e1ndares de salud e higiene para clientes y colaboradores.&nbsp; La oferta incluye paquetes de transportaci\u00f3n a\u00e9rea, terrestre y hospedaje en 11 destinos, [&hellip;]\" \/>\n<meta name=\"twitter:image\" content=\"https:\/\/nitu.mx\/wp-content\/uploads\/2019\/03\/aeromexico-737-MAX.jpg\" \/>\n<meta name=\"twitter:creator\" content=\"@NITUmx\" \/>\n<meta name=\"twitter:site\" content=\"@Arturo_Medina_G\" \/>\n<meta name=\"twitter:label1\" content=\"Escrito por\" \/>\n\t<meta name=\"twitter:data1\" content=\"Redacci\u00f3n\" \/>\n\t<meta name=\"twitter:label2\" content=\"Tiempo de lectura\" \/>\n\t<meta name=\"twitter:data2\" content=\"1 minuto\" \/>\n<script type=\"application\/ld+json\" class=\"yoast-schema-graph\">{\"@context\":\"https:\/\/schema.org\",\"@graph\":[{\"@type\":\"Article\",\"@id\":\"https:\/\/nitu.mx\/index.php\/2020\/09\/29\/gran-plan-de-aeromexico-refuerza-alianza-con-empresas-que-priorizan-la-salud\/#article\",\"isPartOf\":{\"@id\":\"https:\/\/nitu.mx\/index.php\/2020\/09\/29\/gran-plan-de-aeromexico-refuerza-alianza-con-empresas-que-priorizan-la-salud\/\"},\"author\":{\"name\":\"Redacci\u00f3n\",\"@id\":\"https:\/\/nitu.mx\/#\/schema\/person\/4a28fe9bd65924f7c90623773daf1b0b\"},\"headline\":\"Gran Plan de Aerom\u00e9xico refuerza alianza con empresas que priorizan la salud\",\"datePublished\":\"2020-09-30T03:33:59+00:00\",\"dateModified\":\"2020-09-30T07:12:44+00:00\",\"mainEntityOfPage\":{\"@id\":\"https:\/\/nitu.mx\/index.php\/2020\/09\/29\/gran-plan-de-aeromexico-refuerza-alianza-con-empresas-que-priorizan-la-salud\/\"},\"wordCount\":282,\"commentCount\":0,\"publisher\":{\"@id\":\"https:\/\/nitu.mx\/#\/schema\/person\/ae7a53426417292d3dd07b45a33e01bc\"},\"image\":{\"@id\":\"https:\/\/nitu.mx\/index.php\/2020\/09\/29\/gran-plan-de-aeromexico-refuerza-alianza-con-empresas-que-priorizan-la-salud\/#primaryimage\"},\"thumbnailUrl\":\"https:\/\/nitu.mx\/wp-content\/uploads\/2019\/03\/aeromexico-737-MAX.jpg\",\"keywords\":[\"Aerom\u00e9xico\",\"Gran Plan Aerom\u00e9xico\",\"Viaja seguro y todo inclu\u00eddo\"],\"articleSection\":[\"Aerol\u00edneas\"],\"inLanguage\":\"es-MX\",\"potentialAction\":[{\"@type\":\"CommentAction\",\"name\":\"Comment\",\"target\":[\"https:\/\/nitu.mx\/index.php\/2020\/09\/29\/gran-plan-de-aeromexico-refuerza-alianza-con-empresas-que-priorizan-la-salud\/#respond\"]}]},{\"@type\":\"WebPage\",\"@id\":\"https:\/\/nitu.mx\/index.php\/2020\/09\/29\/gran-plan-de-aeromexico-refuerza-alianza-con-empresas-que-priorizan-la-salud\/\",\"url\":\"https:\/\/nitu.mx\/index.php\/2020\/09\/29\/gran-plan-de-aeromexico-refuerza-alianza-con-empresas-que-priorizan-la-salud\/\",\"name\":\"Gran Plan de Aerom\u00e9xico refuerza alianza con empresas que priorizan la salud - Nitu - Noticias de la Industria Turistica\",\"isPartOf\":{\"@id\":\"https:\/\/nitu.mx\/#website\"},\"primaryImageOfPage\":{\"@id\":\"https:\/\/nitu.mx\/index.php\/2020\/09\/29\/gran-plan-de-aeromexico-refuerza-alianza-con-empresas-que-priorizan-la-salud\/#primaryimage\"},\"image\":{\"@id\":\"https:\/\/nitu.mx\/index.php\/2020\/09\/29\/gran-plan-de-aeromexico-refuerza-alianza-con-empresas-que-priorizan-la-salud\/#primaryimage\"},\"thumbnailUrl\":\"https:\/\/nitu.mx\/wp-content\/uploads\/2019\/03\/aeromexico-737-MAX.jpg\",\"datePublished\":\"2020-09-30T03:33:59+00:00\",\"dateModified\":\"2020-09-30T07:12:44+00:00\",\"breadcrumb\":{\"@id\":\"https:\/\/nitu.mx\/index.php\/2020\/09\/29\/gran-plan-de-aeromexico-refuerza-alianza-con-empresas-que-priorizan-la-salud\/#breadcrumb\"},\"inLanguage\":\"es-MX\",\"potentialAction\":[{\"@type\":\"ReadAction\",\"target\":[\"https:\/\/nitu.mx\/index.php\/2020\/09\/29\/gran-plan-de-aeromexico-refuerza-alianza-con-empresas-que-priorizan-la-salud\/\"]}]},{\"@type\":\"ImageObject\",\"inLanguage\":\"es-MX\",\"@id\":\"https:\/\/nitu.mx\/index.php\/2020\/09\/29\/gran-plan-de-aeromexico-refuerza-alianza-con-empresas-que-priorizan-la-salud\/#primaryimage\",\"url\":\"https:\/\/nitu.mx\/wp-content\/uploads\/2019\/03\/aeromexico-737-MAX.jpg\",\"contentUrl\":\"https:\/\/nitu.mx\/wp-content\/uploads\/2019\/03\/aeromexico-737-MAX.jpg\",\"width\":850,\"height\":480,\"caption\":\"aeromexico 737 MAX izzi\"},{\"@type\":\"BreadcrumbList\",\"@id\":\"https:\/\/nitu.mx\/index.php\/2020\/09\/29\/gran-plan-de-aeromexico-refuerza-alianza-con-empresas-que-priorizan-la-salud\/#breadcrumb\",\"itemListElement\":[{\"@type\":\"ListItem\",\"position\":1,\"name\":\"Inicio\",\"item\":\"https:\/\/nitu.mx\/\"},{\"@type\":\"ListItem\",\"position\":2,\"name\":\"Gran Plan de Aerom\u00e9xico refuerza alianza con empresas que priorizan la salud\"}]},{\"@type\":\"WebSite\",\"@id\":\"https:\/\/nitu.mx\/#website\",\"url\":\"https:\/\/nitu.mx\/\",\"name\":\"Nitu - Noticias de la Industria Turistica\",\"description\":\"Noticias de la Industria Turistica\",\"publisher\":{\"@id\":\"https:\/\/nitu.mx\/#\/schema\/person\/ae7a53426417292d3dd07b45a33e01bc\"},\"alternateName\":\"Noticias de la Industria Turistica\",\"potentialAction\":[{\"@type\":\"SearchAction\",\"target\":{\"@type\":\"EntryPoint\",\"urlTemplate\":\"https:\/\/nitu.mx\/?s={search_term_string}\"},\"query-input\":\"required name=search_term_string\"}],\"inLanguage\":\"es-MX\"},{\"@type\":[\"Person\",\"Organization\"],\"@id\":\"https:\/\/nitu.mx\/#\/schema\/person\/ae7a53426417292d3dd07b45a33e01bc\",\"name\":\"Arturo Medina\",\"image\":{\"@type\":\"ImageObject\",\"inLanguage\":\"es-MX\",\"@id\":\"https:\/\/nitu.mx\/#\/schema\/person\/image\/\",\"url\":\"https:\/\/nitu.mx\/wp-content\/uploads\/2024\/04\/4A315622-1904-4D5C-B022-878CDC840E04-90x90-1.jpeg\",\"contentUrl\":\"https:\/\/nitu.mx\/wp-content\/uploads\/2024\/04\/4A315622-1904-4D5C-B022-878CDC840E04-90x90-1.jpeg\",\"width\":90,\"height\":90,\"caption\":\"Arturo Medina\"},\"logo\":{\"@id\":\"https:\/\/nitu.mx\/#\/schema\/person\/image\/\"},\"description\":\"Director NITU.mx, Egresado de la Escuela de Periodismo Carlos Septi\u00e9n Garc\u00eda. Periodista y analista especializado en turismo desde hace 35 a\u00f1os, radicado en Canc\u00fan Q.Roo. arturo@nitu.mx\",\"sameAs\":[\"https:\/\/nitu.mx\",\"https:\/\/www.facebook.com\/NITUmx\/\",\"medinacancun\",\"https:\/\/twitter.com\/@Arturo_Medina_G\"]},{\"@type\":\"Person\",\"@id\":\"https:\/\/nitu.mx\/#\/schema\/person\/4a28fe9bd65924f7c90623773daf1b0b\",\"name\":\"Redacci\u00f3n\",\"image\":{\"@type\":\"ImageObject\",\"inLanguage\":\"es-MX\",\"@id\":\"https:\/\/nitu.mx\/#\/schema\/person\/image\/\",\"url\":\"https:\/\/secure.gravatar.com\/avatar\/5dd011c8ccfc5cd7e4c81e42252aab38?s=96&d=mm&r=g\",\"contentUrl\":\"https:\/\/secure.gravatar.com\/avatar\/5dd011c8ccfc5cd7e4c81e42252aab38?s=96&d=mm&r=g\",\"caption\":\"Redacci\u00f3n\"},\"url\":\"https:\/\/nitu.mx\/index.php\/author\/redaccion\/\"}]}<\/script>\n<!-- \/ Yoast SEO plugin. -->","yoast_head_json":{"title":"Gran Plan de Aerom\u00e9xico refuerza alianza con empresas que priorizan la salud - Nitu - Noticias de la Industria Turistica","robots":{"index":"index","follow":"follow","max-snippet":"max-snippet:-1","max-image-preview":"max-image-preview:large","max-video-preview":"max-video-preview:-1"},"canonical":"https:\/\/nitu.mx\/index.php\/2020\/09\/29\/gran-plan-de-aeromexico-refuerza-alianza-con-empresas-que-priorizan-la-salud\/","twitter_card":"summary_large_image","twitter_title":"Gran Plan de Aerom\u00e9xico refuerza alianza con empresas que priorizan la salud - Nitu - Noticias de la Industria Turistica","twitter_description":"Gran Plan de Aerom\u00e9xico lanza la campa\u00f1a \u201cViaja seguro y todo incluido\u201d, a trav\u00e9s de la cual ofrece paquetes de viaje donde adem\u00e1s de la aerol\u00ednea, participan empresas que aplican los m\u00e1s altos est\u00e1ndares de salud e higiene para clientes y colaboradores.&nbsp; La oferta incluye paquetes de transportaci\u00f3n a\u00e9rea, terrestre y hospedaje en 11 destinos, [&hellip;]","twitter_image":"https:\/\/nitu.mx\/wp-content\/uploads\/2019\/03\/aeromexico-737-MAX.jpg","twitter_creator":"@NITUmx","twitter_site":"@Arturo_Medina_G","twitter_misc":{"Escrito por":"Redacci\u00f3n","Tiempo de lectura":"1 minuto"},"schema":{"@context":"https:\/\/schema.org","@graph":[{"@type":"Article","@id":"https:\/\/nitu.mx\/index.php\/2020\/09\/29\/gran-plan-de-aeromexico-refuerza-alianza-con-empresas-que-priorizan-la-salud\/#article","isPartOf":{"@id":"https:\/\/nitu.mx\/index.php\/2020\/09\/29\/gran-plan-de-aeromexico-refuerza-alianza-con-empresas-que-priorizan-la-salud\/"},"author":{"name":"Redacci\u00f3n","@id":"https:\/\/nitu.mx\/#\/schema\/person\/4a28fe9bd65924f7c90623773daf1b0b"},"headline":"Gran Plan de Aerom\u00e9xico refuerza alianza con empresas que priorizan la salud","datePublished":"2020-09-30T03:33:59+00:00","dateModified":"2020-09-30T07:12:44+00:00","mainEntityOfPage":{"@id":"https:\/\/nitu.mx\/index.php\/2020\/09\/29\/gran-plan-de-aeromexico-refuerza-alianza-con-empresas-que-priorizan-la-salud\/"},"wordCount":282,"commentCount":0,"publisher":{"@id":"https:\/\/nitu.mx\/#\/schema\/person\/ae7a53426417292d3dd07b45a33e01bc"},"image":{"@id":"https:\/\/nitu.mx\/index.php\/2020\/09\/29\/gran-plan-de-aeromexico-refuerza-alianza-con-empresas-que-priorizan-la-salud\/#primaryimage"},"thumbnailUrl":"https:\/\/nitu.mx\/wp-content\/uploads\/2019\/03\/aeromexico-737-MAX.jpg","keywords":["Aerom\u00e9xico","Gran Plan Aerom\u00e9xico","Viaja seguro y todo inclu\u00eddo"],"articleSection":["Aerol\u00edneas"],"inLanguage":"es-MX","potentialAction":[{"@type":"CommentAction","name":"Comment","target":["https:\/\/nitu.mx\/index.php\/2020\/09\/29\/gran-plan-de-aeromexico-refuerza-alianza-con-empresas-que-priorizan-la-salud\/#respond"]}]},{"@type":"WebPage","@id":"https:\/\/nitu.mx\/index.php\/2020\/09\/29\/gran-plan-de-aeromexico-refuerza-alianza-con-empresas-que-priorizan-la-salud\/","url":"https:\/\/nitu.mx\/index.php\/2020\/09\/29\/gran-plan-de-aeromexico-refuerza-alianza-con-empresas-que-priorizan-la-salud\/","name":"Gran Plan de Aerom\u00e9xico refuerza alianza con empresas que priorizan la salud - Nitu - Noticias de la Industria Turistica","isPartOf":{"@id":"https:\/\/nitu.mx\/#website"},"primaryImageOfPage":{"@id":"https:\/\/nitu.mx\/index.php\/2020\/09\/29\/gran-plan-de-aeromexico-refuerza-alianza-con-empresas-que-priorizan-la-salud\/#primaryimage"},"image":{"@id":"https:\/\/nitu.mx\/index.php\/2020\/09\/29\/gran-plan-de-aeromexico-refuerza-alianza-con-empresas-que-priorizan-la-salud\/#primaryimage"},"thumbnailUrl":"https:\/\/nitu.mx\/wp-content\/uploads\/2019\/03\/aeromexico-737-MAX.jpg","datePublished":"2020-09-30T03:33:59+00:00","dateModified":"2020-09-30T07:12:44+00:00","breadcrumb":{"@id":"https:\/\/nitu.mx\/index.php\/2020\/09\/29\/gran-plan-de-aeromexico-refuerza-alianza-con-empresas-que-priorizan-la-salud\/#breadcrumb"},"inLanguage":"es-MX","potentialAction":[{"@type":"ReadAction","target":["https:\/\/nitu.mx\/index.php\/2020\/09\/29\/gran-plan-de-aeromexico-refuerza-alianza-con-empresas-que-priorizan-la-salud\/"]}]},{"@type":"ImageObject","inLanguage":"es-MX","@id":"https:\/\/nitu.mx\/index.php\/2020\/09\/29\/gran-plan-de-aeromexico-refuerza-alianza-con-empresas-que-priorizan-la-salud\/#primaryimage","url":"https:\/\/nitu.mx\/wp-content\/uploads\/2019\/03\/aeromexico-737-MAX.jpg","contentUrl":"https:\/\/nitu.mx\/wp-content\/uploads\/2019\/03\/aeromexico-737-MAX.jpg","width":850,"height":480,"caption":"aeromexico 737 MAX izzi"},{"@type":"BreadcrumbList","@id":"https:\/\/nitu.mx\/index.php\/2020\/09\/29\/gran-plan-de-aeromexico-refuerza-alianza-con-empresas-que-priorizan-la-salud\/#breadcrumb","itemListElement":[{"@type":"ListItem","position":1,"name":"Inicio","item":"https:\/\/nitu.mx\/"},{"@type":"ListItem","position":2,"name":"Gran Plan de Aerom\u00e9xico refuerza alianza con empresas que priorizan la salud"}]},{"@type":"WebSite","@id":"https:\/\/nitu.mx\/#website","url":"https:\/\/nitu.mx\/","name":"Nitu - Noticias de la Industria Turistica","description":"Noticias de la Industria Turistica","publisher":{"@id":"https:\/\/nitu.mx\/#\/schema\/person\/ae7a53426417292d3dd07b45a33e01bc"},"alternateName":"Noticias de la Industria Turistica","potentialAction":[{"@type":"SearchAction","target":{"@type":"EntryPoint","urlTemplate":"https:\/\/nitu.mx\/?s={search_term_string}"},"query-input":"required name=search_term_string"}],"inLanguage":"es-MX"},{"@type":["Person","Organization"],"@id":"https:\/\/nitu.mx\/#\/schema\/person\/ae7a53426417292d3dd07b45a33e01bc","name":"Arturo Medina","image":{"@type":"ImageObject","inLanguage":"es-MX","@id":"https:\/\/nitu.mx\/#\/schema\/person\/image\/","url":"https:\/\/nitu.mx\/wp-content\/uploads\/2024\/04\/4A315622-1904-4D5C-B022-878CDC840E04-90x90-1.jpeg","contentUrl":"https:\/\/nitu.mx\/wp-content\/uploads\/2024\/04\/4A315622-1904-4D5C-B022-878CDC840E04-90x90-1.jpeg","width":90,"height":90,"caption":"Arturo Medina"},"logo":{"@id":"https:\/\/nitu.mx\/#\/schema\/person\/image\/"},"description":"Director NITU.mx, Egresado de la Escuela de Periodismo Carlos Septi\u00e9n Garc\u00eda. Periodista y analista especializado en turismo desde hace 35 a\u00f1os, radicado en Canc\u00fan Q.Roo. arturo@nitu.mx","sameAs":["https:\/\/nitu.mx","https:\/\/www.facebook.com\/NITUmx\/","medinacancun","https:\/\/twitter.com\/@Arturo_Medina_G"]},{"@type":"Person","@id":"https:\/\/nitu.mx\/#\/schema\/person\/4a28fe9bd65924f7c90623773daf1b0b","name":"Redacci\u00f3n","image":{"@type":"ImageObject","inLanguage":"es-MX","@id":"https:\/\/nitu.mx\/#\/schema\/person\/image\/","url":"https:\/\/secure.gravatar.com\/avatar\/5dd011c8ccfc5cd7e4c81e42252aab38?s=96&d=mm&r=g","contentUrl":"https:\/\/secure.gravatar.com\/avatar\/5dd011c8ccfc5cd7e4c81e42252aab38?s=96&d=mm&r=g","caption":"Redacci\u00f3n"},"url":"https:\/\/nitu.mx\/index.php\/author\/redaccion\/"}]}},"views":364,"_links":{"self":[{"href":"https:\/\/nitu.mx\/index.php\/wp-json\/wp\/v2\/posts\/46749"}],"collection":[{"href":"https:\/\/nitu.mx\/index.php\/wp-json\/wp\/v2\/posts"}],"about":[{"href":"https:\/\/nitu.mx\/index.php\/wp-json\/wp\/v2\/types\/post"}],"author":[{"embeddable":true,"href":"https:\/\/nitu.mx\/index.php\/wp-json\/wp\/v2\/users\/17"}],"replies":[{"embeddable":true,"href":"https:\/\/nitu.mx\/index.php\/wp-json\/wp\/v2\/comments?post=46749"}],"version-history":[{"count":3,"href":"https:\/\/nitu.mx\/index.php\/wp-json\/wp\/v2\/posts\/46749\/revisions"}],"predecessor-version":[{"id":46781,"href":"https:\/\/nitu.mx\/index.php\/wp-json\/wp\/v2\/posts\/46749\/revisions\/46781"}],"wp:featuredmedia":[{"embeddable":true,"href":"https:\/\/nitu.mx\/index.php\/wp-json\/wp\/v2\/media\/29995"}],"wp:attachment":[{"href":"https:\/\/nitu.mx\/index.php\/wp-json\/wp\/v2\/media?parent=46749"}],"wp:term":[{"taxonomy":"category","embeddable":true,"href":"https:\/\/nitu.mx\/index.php\/wp-json\/wp\/v2\/categories?post=46749"},{"taxonomy":"post_tag","embeddable":true,"href":"https:\/\/nitu.mx\/index.php\/wp-json\/wp\/v2\/tags?post=46749"}],"curies":[{"name":"wp","href":"https:\/\/api.w.org\/{rel}","templated":true}]}}