{"id":46719,"date":"2020-09-29T00:41:41","date_gmt":"2020-09-29T05:41:41","guid":{"rendered":"https:\/\/www.dev.nitu.mx\/?p=46719"},"modified":"2020-09-29T00:55:17","modified_gmt":"2020-09-29T05:55:17","slug":"cdmx-busca-reapertura-responsable-del-sector-con-programa-turismo-seguro","status":"publish","type":"post","link":"https:\/\/nitu.mx\/index.php\/2020\/09\/29\/cdmx-busca-reapertura-responsable-del-sector-con-programa-turismo-seguro\/","title":{"rendered":"CDMX busca reapertura responsable del sector con Programa Turismo Seguro"},"content":{"rendered":"\n<p>Volaris&nbsp;recibi\u00f3 por parte de la Secretar\u00eda de Turismo de la Ciudad de M\u00e9xico el Timbre de Seguridad Tur\u00edstica de la CDMX por la temprana y exitosa implementaci\u00f3n de su Protocolo de Bioseguridad, y por su destacada labor en el transporte de pasajeros durante la pandemia de COVID-19 en el pa\u00eds.<\/p>\n\n\n\n<p>En el marco del D\u00eda Mundial del Turismo y del lanzamiento del Programa de Turismo Seguro en el que la Ciudad de M\u00e9xico recibi\u00f3 el sello Safe Travels avalado por la Organizaci\u00f3n Mundial del Turismo, Jos\u00e9 Alfonso Su\u00e1rez del Real, Secretario de Gobierno de la Ciudad de M\u00e9xico, junto a Carlos Mackinlay, Secretario de Turismo de la Ciudad de M\u00e9xico, entregaron este reconocimiento a&nbsp;Volaris&nbsp;en el Museo de la Ciudad de M\u00e9xico, en el centro hist\u00f3rico de la ciudad.<\/p>\n\n\n\n<p>\u201cLa calidad operativa y la seguridad son fundamentales para Volaris, por lo que estamos enfocando todos nuestros esfuerzos para garantizar el bienestar de nuestro personal y los pasajeros. Continuaremos actualizando nuestros protocolos y adoptando las mejores pr\u00e1cticas internacionales para apoyar a la reactivaci\u00f3n de la industria de forma segura\u201d, se\u00f1al\u00f3&nbsp;Jaime Pous, vicepresidente legal de&nbsp;Volaris<strong>.<\/strong><\/p>\n\n\n\n<p>Volaris&nbsp;es la primera aerol\u00ednea en M\u00e9xico en obtener este reconocimiento por parte del Gobierno de la Ciudad de M\u00e9xico y destaca su compromiso por continuar implementando estrictas medidas preventivas de salud y seguridad, con la finalidad de seguir ofreciendo las mejores experiencias de viaje a los pasajeros y apoyar a la reactivaci\u00f3n de la industria.<\/p>\n\n\n\n<p>Como empresa socialmente responsable, desde que comenz\u00f3 la crisis sanitaria por el COVID-19,&nbsp;Volaris&nbsp;ha sido el gran aliado en la movilidad segura de los mexicanos durante la contingencia, al ofrecer un servicio de calidad con protocolos de bioseguridad alineados a las mejores pr\u00e1cticas y recomendaciones internacionales, lo que ha permitido que m\u00e1s de 2 millones de personas pudieran viajar dentro de M\u00e9xico y hacia los Estados Unidos con total tranquilidad.<\/p>\n\n\n\n<p>\u201cLa temprana y rigurosa implementaci\u00f3n del Protocolo de Bioseguridad de Volaris, aunada a la resiliencia y adaptabilidad de nuestro modelo de negocio de ultra bajo costo, nos ha permitido recuperar r\u00e1pidamente nuestra capacidad \u2013que hoy se encuentra al 75%\u2013 y consolidarnos como el l\u00edder indiscutible del mercado de los viajes a\u00e9reos en M\u00e9xico, con m\u00e1s pasajeros transportados que cualquier aerol\u00ednea\u201d, destac\u00f3 Pous.<\/p>\n\n\n\n<p>Para&nbsp;Volaris,&nbsp;este reconocimiento cobra mayor importancia por el hecho de haber sido otorgado en el marco del D\u00eda Mundial del Turismo, pues uno de los prop\u00f3sitos de conmemorar este d\u00eda es sensibilizar a la comunidad internacional acerca del valor social, cultural, pol\u00edtico y econ\u00f3mico del sector.<\/p>\n\n\n\n<p>Asimismo, para la aerol\u00ednea es un orgullo ser la primera en recibir este reconocimiento y que el Gobierno de la Ciudad de M\u00e9xico reconozca sus acciones y protocolos implementados durante la pandemia.&nbsp;Volaris&nbsp;reitera todo su apoyo en los esfuerzos para lograr una reactivaci\u00f3n tur\u00edstica del pa\u00eds en el menor tiempo posible, protegiendo siempre la salud y seguridad de los pasajeros.<\/p>\n","protected":false},"excerpt":{"rendered":"<p>Volaris&nbsp;recibi\u00f3 por parte de la Secretar\u00eda de Turismo de la Ciudad de M\u00e9xico el Timbre de Seguridad Tur\u00edstica de la CDMX por la temprana y exitosa implementaci\u00f3n de su Protocolo de Bioseguridad, y por su destacada labor en el transporte de pasajeros durante la pandemia de COVID-19 en el pa\u00eds. En el marco del D\u00eda [&hellip;]<\/p>\n","protected":false},"author":17,"featured_media":46732,"comment_status":"open","ping_status":"open","sticky":false,"template":"","format":"standard","meta":{"footnotes":""},"categories":[5],"tags":[587,3803,19626,131],"yoast_head":"<!-- This site is optimized with the Yoast SEO plugin v22.2 - https:\/\/yoast.com\/wordpress\/plugins\/seo\/ -->\n<title>CDMX busca reapertura responsable del sector con Programa Turismo Seguro - Nitu - Noticias de la Industria Turistica<\/title>\n<meta name=\"robots\" content=\"index, follow, max-snippet:-1, max-image-preview:large, max-video-preview:-1\" \/>\n<link rel=\"canonical\" href=\"https:\/\/nitu.mx\/index.php\/2020\/09\/29\/cdmx-busca-reapertura-responsable-del-sector-con-programa-turismo-seguro\/\" \/>\n<meta name=\"twitter:card\" content=\"summary_large_image\" \/>\n<meta name=\"twitter:title\" content=\"CDMX busca reapertura responsable del sector con Programa Turismo Seguro - Nitu - Noticias de la Industria Turistica\" \/>\n<meta name=\"twitter:description\" content=\"Volaris&nbsp;recibi\u00f3 por parte de la Secretar\u00eda de Turismo de la Ciudad de M\u00e9xico el Timbre de Seguridad Tur\u00edstica de la CDMX por la temprana y exitosa implementaci\u00f3n de su Protocolo de Bioseguridad, y por su destacada labor en el transporte de pasajeros durante la pandemia de COVID-19 en el pa\u00eds. En el marco del D\u00eda [&hellip;]\" \/>\n<meta name=\"twitter:image\" content=\"https:\/\/nitu.mx\/wp-content\/uploads\/2020\/09\/CDMX-Volaris.jpg\" \/>\n<meta name=\"twitter:creator\" content=\"@NITUmx\" \/>\n<meta name=\"twitter:site\" content=\"@Arturo_Medina_G\" \/>\n<meta name=\"twitter:label1\" content=\"Escrito por\" \/>\n\t<meta name=\"twitter:data1\" content=\"Redacci\u00f3n\" \/>\n\t<meta name=\"twitter:label2\" content=\"Tiempo de lectura\" \/>\n\t<meta name=\"twitter:data2\" content=\"3 minutos\" \/>\n<script type=\"application\/ld+json\" class=\"yoast-schema-graph\">{\"@context\":\"https:\/\/schema.org\",\"@graph\":[{\"@type\":\"Article\",\"@id\":\"https:\/\/nitu.mx\/index.php\/2020\/09\/29\/cdmx-busca-reapertura-responsable-del-sector-con-programa-turismo-seguro\/#article\",\"isPartOf\":{\"@id\":\"https:\/\/nitu.mx\/index.php\/2020\/09\/29\/cdmx-busca-reapertura-responsable-del-sector-con-programa-turismo-seguro\/\"},\"author\":{\"name\":\"Redacci\u00f3n\",\"@id\":\"https:\/\/nitu.mx\/#\/schema\/person\/4a28fe9bd65924f7c90623773daf1b0b\"},\"headline\":\"CDMX busca reapertura responsable del sector con Programa Turismo Seguro\",\"datePublished\":\"2020-09-29T05:41:41+00:00\",\"dateModified\":\"2020-09-29T05:55:17+00:00\",\"mainEntityOfPage\":{\"@id\":\"https:\/\/nitu.mx\/index.php\/2020\/09\/29\/cdmx-busca-reapertura-responsable-del-sector-con-programa-turismo-seguro\/\"},\"wordCount\":544,\"commentCount\":0,\"publisher\":{\"@id\":\"https:\/\/nitu.mx\/#\/schema\/person\/ae7a53426417292d3dd07b45a33e01bc\"},\"image\":{\"@id\":\"https:\/\/nitu.mx\/index.php\/2020\/09\/29\/cdmx-busca-reapertura-responsable-del-sector-con-programa-turismo-seguro\/#primaryimage\"},\"thumbnailUrl\":\"https:\/\/nitu.mx\/wp-content\/uploads\/2020\/09\/CDMX-Volaris.jpg\",\"keywords\":[\"CDMX\",\"D\u00eda Mundial del Turismo\",\"Safe Travels\",\"Volaris\"],\"articleSection\":[\"Destinos\"],\"inLanguage\":\"es-MX\",\"potentialAction\":[{\"@type\":\"CommentAction\",\"name\":\"Comment\",\"target\":[\"https:\/\/nitu.mx\/index.php\/2020\/09\/29\/cdmx-busca-reapertura-responsable-del-sector-con-programa-turismo-seguro\/#respond\"]}]},{\"@type\":\"WebPage\",\"@id\":\"https:\/\/nitu.mx\/index.php\/2020\/09\/29\/cdmx-busca-reapertura-responsable-del-sector-con-programa-turismo-seguro\/\",\"url\":\"https:\/\/nitu.mx\/index.php\/2020\/09\/29\/cdmx-busca-reapertura-responsable-del-sector-con-programa-turismo-seguro\/\",\"name\":\"CDMX busca reapertura responsable del sector con Programa Turismo Seguro - Nitu - Noticias de la Industria Turistica\",\"isPartOf\":{\"@id\":\"https:\/\/nitu.mx\/#website\"},\"primaryImageOfPage\":{\"@id\":\"https:\/\/nitu.mx\/index.php\/2020\/09\/29\/cdmx-busca-reapertura-responsable-del-sector-con-programa-turismo-seguro\/#primaryimage\"},\"image\":{\"@id\":\"https:\/\/nitu.mx\/index.php\/2020\/09\/29\/cdmx-busca-reapertura-responsable-del-sector-con-programa-turismo-seguro\/#primaryimage\"},\"thumbnailUrl\":\"https:\/\/nitu.mx\/wp-content\/uploads\/2020\/09\/CDMX-Volaris.jpg\",\"datePublished\":\"2020-09-29T05:41:41+00:00\",\"dateModified\":\"2020-09-29T05:55:17+00:00\",\"breadcrumb\":{\"@id\":\"https:\/\/nitu.mx\/index.php\/2020\/09\/29\/cdmx-busca-reapertura-responsable-del-sector-con-programa-turismo-seguro\/#breadcrumb\"},\"inLanguage\":\"es-MX\",\"potentialAction\":[{\"@type\":\"ReadAction\",\"target\":[\"https:\/\/nitu.mx\/index.php\/2020\/09\/29\/cdmx-busca-reapertura-responsable-del-sector-con-programa-turismo-seguro\/\"]}]},{\"@type\":\"ImageObject\",\"inLanguage\":\"es-MX\",\"@id\":\"https:\/\/nitu.mx\/index.php\/2020\/09\/29\/cdmx-busca-reapertura-responsable-del-sector-con-programa-turismo-seguro\/#primaryimage\",\"url\":\"https:\/\/nitu.mx\/wp-content\/uploads\/2020\/09\/CDMX-Volaris.jpg\",\"contentUrl\":\"https:\/\/nitu.mx\/wp-content\/uploads\/2020\/09\/CDMX-Volaris.jpg\",\"width\":1200,\"height\":675},{\"@type\":\"BreadcrumbList\",\"@id\":\"https:\/\/nitu.mx\/index.php\/2020\/09\/29\/cdmx-busca-reapertura-responsable-del-sector-con-programa-turismo-seguro\/#breadcrumb\",\"itemListElement\":[{\"@type\":\"ListItem\",\"position\":1,\"name\":\"Inicio\",\"item\":\"https:\/\/nitu.mx\/\"},{\"@type\":\"ListItem\",\"position\":2,\"name\":\"CDMX busca reapertura responsable del sector con Programa Turismo Seguro\"}]},{\"@type\":\"WebSite\",\"@id\":\"https:\/\/nitu.mx\/#website\",\"url\":\"https:\/\/nitu.mx\/\",\"name\":\"Nitu - Noticias de la Industria Turistica\",\"description\":\"Noticias de la Industria Turistica\",\"publisher\":{\"@id\":\"https:\/\/nitu.mx\/#\/schema\/person\/ae7a53426417292d3dd07b45a33e01bc\"},\"alternateName\":\"Noticias de la Industria Turistica\",\"potentialAction\":[{\"@type\":\"SearchAction\",\"target\":{\"@type\":\"EntryPoint\",\"urlTemplate\":\"https:\/\/nitu.mx\/?s={search_term_string}\"},\"query-input\":\"required name=search_term_string\"}],\"inLanguage\":\"es-MX\"},{\"@type\":[\"Person\",\"Organization\"],\"@id\":\"https:\/\/nitu.mx\/#\/schema\/person\/ae7a53426417292d3dd07b45a33e01bc\",\"name\":\"Arturo Medina\",\"image\":{\"@type\":\"ImageObject\",\"inLanguage\":\"es-MX\",\"@id\":\"https:\/\/nitu.mx\/#\/schema\/person\/image\/\",\"url\":\"https:\/\/nitu.mx\/wp-content\/uploads\/2024\/04\/4A315622-1904-4D5C-B022-878CDC840E04-90x90-1.jpeg\",\"contentUrl\":\"https:\/\/nitu.mx\/wp-content\/uploads\/2024\/04\/4A315622-1904-4D5C-B022-878CDC840E04-90x90-1.jpeg\",\"width\":90,\"height\":90,\"caption\":\"Arturo Medina\"},\"logo\":{\"@id\":\"https:\/\/nitu.mx\/#\/schema\/person\/image\/\"},\"description\":\"Director NITU.mx, Egresado de la Escuela de Periodismo Carlos Septi\u00e9n Garc\u00eda. Periodista y analista especializado en turismo desde hace 35 a\u00f1os, radicado en Canc\u00fan Q.Roo. arturo@nitu.mx\",\"sameAs\":[\"https:\/\/nitu.mx\",\"https:\/\/www.facebook.com\/NITUmx\/\",\"medinacancun\",\"https:\/\/twitter.com\/@Arturo_Medina_G\"]},{\"@type\":\"Person\",\"@id\":\"https:\/\/nitu.mx\/#\/schema\/person\/4a28fe9bd65924f7c90623773daf1b0b\",\"name\":\"Redacci\u00f3n\",\"image\":{\"@type\":\"ImageObject\",\"inLanguage\":\"es-MX\",\"@id\":\"https:\/\/nitu.mx\/#\/schema\/person\/image\/\",\"url\":\"https:\/\/secure.gravatar.com\/avatar\/5dd011c8ccfc5cd7e4c81e42252aab38?s=96&d=mm&r=g\",\"contentUrl\":\"https:\/\/secure.gravatar.com\/avatar\/5dd011c8ccfc5cd7e4c81e42252aab38?s=96&d=mm&r=g\",\"caption\":\"Redacci\u00f3n\"},\"url\":\"https:\/\/nitu.mx\/index.php\/author\/redaccion\/\"}]}<\/script>\n<!-- \/ Yoast SEO plugin. -->","yoast_head_json":{"title":"CDMX busca reapertura responsable del sector con Programa Turismo Seguro - Nitu - Noticias de la Industria Turistica","robots":{"index":"index","follow":"follow","max-snippet":"max-snippet:-1","max-image-preview":"max-image-preview:large","max-video-preview":"max-video-preview:-1"},"canonical":"https:\/\/nitu.mx\/index.php\/2020\/09\/29\/cdmx-busca-reapertura-responsable-del-sector-con-programa-turismo-seguro\/","twitter_card":"summary_large_image","twitter_title":"CDMX busca reapertura responsable del sector con Programa Turismo Seguro - Nitu - Noticias de la Industria Turistica","twitter_description":"Volaris&nbsp;recibi\u00f3 por parte de la Secretar\u00eda de Turismo de la Ciudad de M\u00e9xico el Timbre de Seguridad Tur\u00edstica de la CDMX por la temprana y exitosa implementaci\u00f3n de su Protocolo de Bioseguridad, y por su destacada labor en el transporte de pasajeros durante la pandemia de COVID-19 en el pa\u00eds. En el marco del D\u00eda [&hellip;]","twitter_image":"https:\/\/nitu.mx\/wp-content\/uploads\/2020\/09\/CDMX-Volaris.jpg","twitter_creator":"@NITUmx","twitter_site":"@Arturo_Medina_G","twitter_misc":{"Escrito por":"Redacci\u00f3n","Tiempo de lectura":"3 minutos"},"schema":{"@context":"https:\/\/schema.org","@graph":[{"@type":"Article","@id":"https:\/\/nitu.mx\/index.php\/2020\/09\/29\/cdmx-busca-reapertura-responsable-del-sector-con-programa-turismo-seguro\/#article","isPartOf":{"@id":"https:\/\/nitu.mx\/index.php\/2020\/09\/29\/cdmx-busca-reapertura-responsable-del-sector-con-programa-turismo-seguro\/"},"author":{"name":"Redacci\u00f3n","@id":"https:\/\/nitu.mx\/#\/schema\/person\/4a28fe9bd65924f7c90623773daf1b0b"},"headline":"CDMX busca reapertura responsable del sector con Programa Turismo Seguro","datePublished":"2020-09-29T05:41:41+00:00","dateModified":"2020-09-29T05:55:17+00:00","mainEntityOfPage":{"@id":"https:\/\/nitu.mx\/index.php\/2020\/09\/29\/cdmx-busca-reapertura-responsable-del-sector-con-programa-turismo-seguro\/"},"wordCount":544,"commentCount":0,"publisher":{"@id":"https:\/\/nitu.mx\/#\/schema\/person\/ae7a53426417292d3dd07b45a33e01bc"},"image":{"@id":"https:\/\/nitu.mx\/index.php\/2020\/09\/29\/cdmx-busca-reapertura-responsable-del-sector-con-programa-turismo-seguro\/#primaryimage"},"thumbnailUrl":"https:\/\/nitu.mx\/wp-content\/uploads\/2020\/09\/CDMX-Volaris.jpg","keywords":["CDMX","D\u00eda Mundial del Turismo","Safe Travels","Volaris"],"articleSection":["Destinos"],"inLanguage":"es-MX","potentialAction":[{"@type":"CommentAction","name":"Comment","target":["https:\/\/nitu.mx\/index.php\/2020\/09\/29\/cdmx-busca-reapertura-responsable-del-sector-con-programa-turismo-seguro\/#respond"]}]},{"@type":"WebPage","@id":"https:\/\/nitu.mx\/index.php\/2020\/09\/29\/cdmx-busca-reapertura-responsable-del-sector-con-programa-turismo-seguro\/","url":"https:\/\/nitu.mx\/index.php\/2020\/09\/29\/cdmx-busca-reapertura-responsable-del-sector-con-programa-turismo-seguro\/","name":"CDMX busca reapertura responsable del sector con Programa Turismo Seguro - Nitu - Noticias de la Industria Turistica","isPartOf":{"@id":"https:\/\/nitu.mx\/#website"},"primaryImageOfPage":{"@id":"https:\/\/nitu.mx\/index.php\/2020\/09\/29\/cdmx-busca-reapertura-responsable-del-sector-con-programa-turismo-seguro\/#primaryimage"},"image":{"@id":"https:\/\/nitu.mx\/index.php\/2020\/09\/29\/cdmx-busca-reapertura-responsable-del-sector-con-programa-turismo-seguro\/#primaryimage"},"thumbnailUrl":"https:\/\/nitu.mx\/wp-content\/uploads\/2020\/09\/CDMX-Volaris.jpg","datePublished":"2020-09-29T05:41:41+00:00","dateModified":"2020-09-29T05:55:17+00:00","breadcrumb":{"@id":"https:\/\/nitu.mx\/index.php\/2020\/09\/29\/cdmx-busca-reapertura-responsable-del-sector-con-programa-turismo-seguro\/#breadcrumb"},"inLanguage":"es-MX","potentialAction":[{"@type":"ReadAction","target":["https:\/\/nitu.mx\/index.php\/2020\/09\/29\/cdmx-busca-reapertura-responsable-del-sector-con-programa-turismo-seguro\/"]}]},{"@type":"ImageObject","inLanguage":"es-MX","@id":"https:\/\/nitu.mx\/index.php\/2020\/09\/29\/cdmx-busca-reapertura-responsable-del-sector-con-programa-turismo-seguro\/#primaryimage","url":"https:\/\/nitu.mx\/wp-content\/uploads\/2020\/09\/CDMX-Volaris.jpg","contentUrl":"https:\/\/nitu.mx\/wp-content\/uploads\/2020\/09\/CDMX-Volaris.jpg","width":1200,"height":675},{"@type":"BreadcrumbList","@id":"https:\/\/nitu.mx\/index.php\/2020\/09\/29\/cdmx-busca-reapertura-responsable-del-sector-con-programa-turismo-seguro\/#breadcrumb","itemListElement":[{"@type":"ListItem","position":1,"name":"Inicio","item":"https:\/\/nitu.mx\/"},{"@type":"ListItem","position":2,"name":"CDMX busca reapertura responsable del sector con Programa Turismo Seguro"}]},{"@type":"WebSite","@id":"https:\/\/nitu.mx\/#website","url":"https:\/\/nitu.mx\/","name":"Nitu - Noticias de la Industria Turistica","description":"Noticias de la Industria Turistica","publisher":{"@id":"https:\/\/nitu.mx\/#\/schema\/person\/ae7a53426417292d3dd07b45a33e01bc"},"alternateName":"Noticias de la Industria Turistica","potentialAction":[{"@type":"SearchAction","target":{"@type":"EntryPoint","urlTemplate":"https:\/\/nitu.mx\/?s={search_term_string}"},"query-input":"required name=search_term_string"}],"inLanguage":"es-MX"},{"@type":["Person","Organization"],"@id":"https:\/\/nitu.mx\/#\/schema\/person\/ae7a53426417292d3dd07b45a33e01bc","name":"Arturo Medina","image":{"@type":"ImageObject","inLanguage":"es-MX","@id":"https:\/\/nitu.mx\/#\/schema\/person\/image\/","url":"https:\/\/nitu.mx\/wp-content\/uploads\/2024\/04\/4A315622-1904-4D5C-B022-878CDC840E04-90x90-1.jpeg","contentUrl":"https:\/\/nitu.mx\/wp-content\/uploads\/2024\/04\/4A315622-1904-4D5C-B022-878CDC840E04-90x90-1.jpeg","width":90,"height":90,"caption":"Arturo Medina"},"logo":{"@id":"https:\/\/nitu.mx\/#\/schema\/person\/image\/"},"description":"Director NITU.mx, Egresado de la Escuela de Periodismo Carlos Septi\u00e9n Garc\u00eda. Periodista y analista especializado en turismo desde hace 35 a\u00f1os, radicado en Canc\u00fan Q.Roo. arturo@nitu.mx","sameAs":["https:\/\/nitu.mx","https:\/\/www.facebook.com\/NITUmx\/","medinacancun","https:\/\/twitter.com\/@Arturo_Medina_G"]},{"@type":"Person","@id":"https:\/\/nitu.mx\/#\/schema\/person\/4a28fe9bd65924f7c90623773daf1b0b","name":"Redacci\u00f3n","image":{"@type":"ImageObject","inLanguage":"es-MX","@id":"https:\/\/nitu.mx\/#\/schema\/person\/image\/","url":"https:\/\/secure.gravatar.com\/avatar\/5dd011c8ccfc5cd7e4c81e42252aab38?s=96&d=mm&r=g","contentUrl":"https:\/\/secure.gravatar.com\/avatar\/5dd011c8ccfc5cd7e4c81e42252aab38?s=96&d=mm&r=g","caption":"Redacci\u00f3n"},"url":"https:\/\/nitu.mx\/index.php\/author\/redaccion\/"}]}},"views":310,"_links":{"self":[{"href":"https:\/\/nitu.mx\/index.php\/wp-json\/wp\/v2\/posts\/46719"}],"collection":[{"href":"https:\/\/nitu.mx\/index.php\/wp-json\/wp\/v2\/posts"}],"about":[{"href":"https:\/\/nitu.mx\/index.php\/wp-json\/wp\/v2\/types\/post"}],"author":[{"embeddable":true,"href":"https:\/\/nitu.mx\/index.php\/wp-json\/wp\/v2\/users\/17"}],"replies":[{"embeddable":true,"href":"https:\/\/nitu.mx\/index.php\/wp-json\/wp\/v2\/comments?post=46719"}],"version-history":[{"count":2,"href":"https:\/\/nitu.mx\/index.php\/wp-json\/wp\/v2\/posts\/46719\/revisions"}],"predecessor-version":[{"id":46733,"href":"https:\/\/nitu.mx\/index.php\/wp-json\/wp\/v2\/posts\/46719\/revisions\/46733"}],"wp:featuredmedia":[{"embeddable":true,"href":"https:\/\/nitu.mx\/index.php\/wp-json\/wp\/v2\/media\/46732"}],"wp:attachment":[{"href":"https:\/\/nitu.mx\/index.php\/wp-json\/wp\/v2\/media?parent=46719"}],"wp:term":[{"taxonomy":"category","embeddable":true,"href":"https:\/\/nitu.mx\/index.php\/wp-json\/wp\/v2\/categories?post=46719"},{"taxonomy":"post_tag","embeddable":true,"href":"https:\/\/nitu.mx\/index.php\/wp-json\/wp\/v2\/tags?post=46719"}],"curies":[{"name":"wp","href":"https:\/\/api.w.org\/{rel}","templated":true}]}}