{"id":46713,"date":"2020-09-28T21:44:30","date_gmt":"2020-09-29T02:44:30","guid":{"rendered":"https:\/\/www.dev.nitu.mx\/?p=46713"},"modified":"2020-09-29T00:54:42","modified_gmt":"2020-09-29T05:54:42","slug":"bestday-reinicia-la-reapertura-de-puntos-de-venta-en-centros-comerciales","status":"publish","type":"post","link":"https:\/\/nitu.mx\/index.php\/2020\/09\/28\/bestday-reinicia-la-reapertura-de-puntos-de-venta-en-centros-comerciales\/","title":{"rendered":"BestDay reinicia la reapertura de puntos de venta en centros comerciales"},"content":{"rendered":"\n<p>Best Day, la agencia de viajes en l\u00ednea m\u00e1s importante del pa\u00eds, anunci\u00f3 el reinicio de operaciones de sus islas de venta, ubicadas en los centros comerciales m\u00e1s importantes del pa\u00eds.<\/p>\n\n\n\n<p>En el reinicio de operaciones de estos puntos de venta se ha implementado un programa especial de medidas de sana distancia e higiene, el cual se desarroll\u00f3 con la supervisi\u00f3n de m\u00e9dicos y expertos en el tema.&nbsp;Como dictan las autoridades, se implementan acciones de sana distancia, el uso obligatorio de cubrebocas o careta y la aplicaci\u00f3n de gel antibacterial.<\/p>\n\n\n\n<p>\u201cEn&nbsp;BestDay&nbsp;estamos muy contentos de reabrir nuestras islas en plazas comerciales, en las que brindamos atenci\u00f3n personalizada y asesor\u00eda tur\u00edstica a los viajeros en las principales ciudades del pa\u00eds, El reinicio se ha realizado, paulatinamente, de acuerdo con el sem\u00e1foro epidemiol\u00f3gico de cada entidad. En BestDay siempre estamos atentos a las necesidades de nuestros usuarios y, aun cuando hay h\u00e1bitos que han cambiado, el gusto por viajar sigue latente, coment\u00f3&nbsp;Alejandro Calligaris, CEO de Best Day Travel Group.<\/p>\n\n\n\n<p>Hoy, ya funcionan 61 Islas Comerciales ubicadas en CDMX, Estado de M\u00e9xico, Chihuahua, Saltillo, Hidalgo, Morelos, Puebla, San Luis Potos\u00ed, Guanajuato, Guerrero, M\u00e9rida, Nuevo Le\u00f3n, Quer\u00e9taro, Tabasco, Tamaulipas y Veracruz. Paralelamente, se espera que 30 islas m\u00e1s reinicien operaciones en el lapso de un mes. (<a href=\"https:\/\/www.dev.nitu.mx\/index.php\/2020\/08\/07\/bestday-mantiene-y-refuerza-sus-protocolos-sanitarios-en-sus-instalaciones\/\">BestDay mantiene y refuerza sus protocolos sanitarios en sus instalaciones<\/a>).<\/p>\n\n\n\n<p>\u201cEn las Islas Comerciales de BestDay, adem\u00e1s de recibir atenci\u00f3n personalizada en sus lugares de residencia, nuestros clientes tienen acceso a las atractivas ofertas y servicios disponibles en nuestro sitio web. Sobre todo, en estos momentos, BestDay ofrece una importante gama de promociones especiales y los mejores beneficios de pago, que motivan a muchos viajeros que desean disfrutar de destinos tur\u00edsticos, despu\u00e9s del periodo de confinamiento que han enfrentado\u201d, mencion\u00f3 Alejandro S\u00e1nchez, Vicepresidente de Puntos de Venta de&nbsp;BestDay<a href=\"http:\/\/bestday.com.mx\/\">.<\/a><\/p>\n\n\n\n<p>Las Islas&nbsp;Comerciales son unidades equipadas con sistemas de c\u00f3mputo, que est\u00e1n ubicadas en los pasillos principales de los centros comerciales y cuentan con la atenci\u00f3n de expertos asesores de&nbsp;BestDay,&nbsp;quienes gu\u00edan a los usuarios para dise\u00f1ar viajes de negocios o de vacaciones, a la medida de sus necesidades.<\/p>\n","protected":false},"excerpt":{"rendered":"<p>Best Day, la agencia de viajes en l\u00ednea m\u00e1s importante del pa\u00eds, anunci\u00f3 el reinicio de operaciones de sus islas de venta, ubicadas en los centros comerciales m\u00e1s importantes del pa\u00eds. En el reinicio de operaciones de estos puntos de venta se ha implementado un programa especial de medidas de sana distancia e higiene, el [&hellip;]<\/p>\n","protected":false},"author":17,"featured_media":46727,"comment_status":"open","ping_status":"open","sticky":false,"template":"","format":"standard","meta":{"footnotes":""},"categories":[3],"tags":[10252,612,20719],"yoast_head":"<!-- This site is optimized with the Yoast SEO plugin v22.2 - https:\/\/yoast.com\/wordpress\/plugins\/seo\/ -->\n<title>BestDay reinicia la reapertura de puntos de venta en centros comerciales - Nitu - Noticias de la Industria Turistica<\/title>\n<meta name=\"robots\" content=\"index, follow, max-snippet:-1, max-image-preview:large, max-video-preview:-1\" \/>\n<link rel=\"canonical\" href=\"https:\/\/nitu.mx\/index.php\/2020\/09\/28\/bestday-reinicia-la-reapertura-de-puntos-de-venta-en-centros-comerciales\/\" \/>\n<meta name=\"twitter:card\" content=\"summary_large_image\" \/>\n<meta name=\"twitter:title\" content=\"BestDay reinicia la reapertura de puntos de venta en centros comerciales - Nitu - Noticias de la Industria Turistica\" \/>\n<meta name=\"twitter:description\" content=\"Best Day, la agencia de viajes en l\u00ednea m\u00e1s importante del pa\u00eds, anunci\u00f3 el reinicio de operaciones de sus islas de venta, ubicadas en los centros comerciales m\u00e1s importantes del pa\u00eds. En el reinicio de operaciones de estos puntos de venta se ha implementado un programa especial de medidas de sana distancia e higiene, el [&hellip;]\" \/>\n<meta name=\"twitter:image\" content=\"https:\/\/nitu.mx\/wp-content\/uploads\/2020\/09\/BestDay-reactivacio\u0301n.jpg\" \/>\n<meta name=\"twitter:creator\" content=\"@NITUmx\" \/>\n<meta name=\"twitter:site\" content=\"@Arturo_Medina_G\" \/>\n<meta name=\"twitter:label1\" content=\"Escrito por\" \/>\n\t<meta name=\"twitter:data1\" content=\"Redacci\u00f3n\" \/>\n\t<meta name=\"twitter:label2\" content=\"Tiempo de lectura\" \/>\n\t<meta name=\"twitter:data2\" content=\"2 minutos\" \/>\n<script type=\"application\/ld+json\" class=\"yoast-schema-graph\">{\"@context\":\"https:\/\/schema.org\",\"@graph\":[{\"@type\":\"Article\",\"@id\":\"https:\/\/nitu.mx\/index.php\/2020\/09\/28\/bestday-reinicia-la-reapertura-de-puntos-de-venta-en-centros-comerciales\/#article\",\"isPartOf\":{\"@id\":\"https:\/\/nitu.mx\/index.php\/2020\/09\/28\/bestday-reinicia-la-reapertura-de-puntos-de-venta-en-centros-comerciales\/\"},\"author\":{\"name\":\"Redacci\u00f3n\",\"@id\":\"https:\/\/nitu.mx\/#\/schema\/person\/4a28fe9bd65924f7c90623773daf1b0b\"},\"headline\":\"BestDay reinicia la reapertura de puntos de venta en centros comerciales\",\"datePublished\":\"2020-09-29T02:44:30+00:00\",\"dateModified\":\"2020-09-29T05:54:42+00:00\",\"mainEntityOfPage\":{\"@id\":\"https:\/\/nitu.mx\/index.php\/2020\/09\/28\/bestday-reinicia-la-reapertura-de-puntos-de-venta-en-centros-comerciales\/\"},\"wordCount\":401,\"commentCount\":0,\"publisher\":{\"@id\":\"https:\/\/nitu.mx\/#\/schema\/person\/ae7a53426417292d3dd07b45a33e01bc\"},\"image\":{\"@id\":\"https:\/\/nitu.mx\/index.php\/2020\/09\/28\/bestday-reinicia-la-reapertura-de-puntos-de-venta-en-centros-comerciales\/#primaryimage\"},\"thumbnailUrl\":\"https:\/\/nitu.mx\/wp-content\/uploads\/2020\/09\/BestDay-reactivacio\u0301n.jpg\",\"keywords\":[\"Alejandro Calligaris\",\"Bestday\",\"Islas Comerciales\"],\"articleSection\":[\"Agencias de Viajes\"],\"inLanguage\":\"es-MX\",\"potentialAction\":[{\"@type\":\"CommentAction\",\"name\":\"Comment\",\"target\":[\"https:\/\/nitu.mx\/index.php\/2020\/09\/28\/bestday-reinicia-la-reapertura-de-puntos-de-venta-en-centros-comerciales\/#respond\"]}]},{\"@type\":\"WebPage\",\"@id\":\"https:\/\/nitu.mx\/index.php\/2020\/09\/28\/bestday-reinicia-la-reapertura-de-puntos-de-venta-en-centros-comerciales\/\",\"url\":\"https:\/\/nitu.mx\/index.php\/2020\/09\/28\/bestday-reinicia-la-reapertura-de-puntos-de-venta-en-centros-comerciales\/\",\"name\":\"BestDay reinicia la reapertura de puntos de venta en centros comerciales - Nitu - Noticias de la Industria Turistica\",\"isPartOf\":{\"@id\":\"https:\/\/nitu.mx\/#website\"},\"primaryImageOfPage\":{\"@id\":\"https:\/\/nitu.mx\/index.php\/2020\/09\/28\/bestday-reinicia-la-reapertura-de-puntos-de-venta-en-centros-comerciales\/#primaryimage\"},\"image\":{\"@id\":\"https:\/\/nitu.mx\/index.php\/2020\/09\/28\/bestday-reinicia-la-reapertura-de-puntos-de-venta-en-centros-comerciales\/#primaryimage\"},\"thumbnailUrl\":\"https:\/\/nitu.mx\/wp-content\/uploads\/2020\/09\/BestDay-reactivacio\u0301n.jpg\",\"datePublished\":\"2020-09-29T02:44:30+00:00\",\"dateModified\":\"2020-09-29T05:54:42+00:00\",\"breadcrumb\":{\"@id\":\"https:\/\/nitu.mx\/index.php\/2020\/09\/28\/bestday-reinicia-la-reapertura-de-puntos-de-venta-en-centros-comerciales\/#breadcrumb\"},\"inLanguage\":\"es-MX\",\"potentialAction\":[{\"@type\":\"ReadAction\",\"target\":[\"https:\/\/nitu.mx\/index.php\/2020\/09\/28\/bestday-reinicia-la-reapertura-de-puntos-de-venta-en-centros-comerciales\/\"]}]},{\"@type\":\"ImageObject\",\"inLanguage\":\"es-MX\",\"@id\":\"https:\/\/nitu.mx\/index.php\/2020\/09\/28\/bestday-reinicia-la-reapertura-de-puntos-de-venta-en-centros-comerciales\/#primaryimage\",\"url\":\"https:\/\/nitu.mx\/wp-content\/uploads\/2020\/09\/BestDay-reactivacio\u0301n.jpg\",\"contentUrl\":\"https:\/\/nitu.mx\/wp-content\/uploads\/2020\/09\/BestDay-reactivacio\u0301n.jpg\",\"width\":1200,\"height\":675},{\"@type\":\"BreadcrumbList\",\"@id\":\"https:\/\/nitu.mx\/index.php\/2020\/09\/28\/bestday-reinicia-la-reapertura-de-puntos-de-venta-en-centros-comerciales\/#breadcrumb\",\"itemListElement\":[{\"@type\":\"ListItem\",\"position\":1,\"name\":\"Inicio\",\"item\":\"https:\/\/nitu.mx\/\"},{\"@type\":\"ListItem\",\"position\":2,\"name\":\"BestDay reinicia la reapertura de puntos de venta en centros comerciales\"}]},{\"@type\":\"WebSite\",\"@id\":\"https:\/\/nitu.mx\/#website\",\"url\":\"https:\/\/nitu.mx\/\",\"name\":\"Nitu - Noticias de la Industria Turistica\",\"description\":\"Noticias de la Industria Turistica\",\"publisher\":{\"@id\":\"https:\/\/nitu.mx\/#\/schema\/person\/ae7a53426417292d3dd07b45a33e01bc\"},\"alternateName\":\"Noticias de la Industria Turistica\",\"potentialAction\":[{\"@type\":\"SearchAction\",\"target\":{\"@type\":\"EntryPoint\",\"urlTemplate\":\"https:\/\/nitu.mx\/?s={search_term_string}\"},\"query-input\":\"required name=search_term_string\"}],\"inLanguage\":\"es-MX\"},{\"@type\":[\"Person\",\"Organization\"],\"@id\":\"https:\/\/nitu.mx\/#\/schema\/person\/ae7a53426417292d3dd07b45a33e01bc\",\"name\":\"Arturo Medina\",\"image\":{\"@type\":\"ImageObject\",\"inLanguage\":\"es-MX\",\"@id\":\"https:\/\/nitu.mx\/#\/schema\/person\/image\/\",\"url\":\"https:\/\/nitu.mx\/wp-content\/uploads\/2024\/04\/4A315622-1904-4D5C-B022-878CDC840E04-90x90-1.jpeg\",\"contentUrl\":\"https:\/\/nitu.mx\/wp-content\/uploads\/2024\/04\/4A315622-1904-4D5C-B022-878CDC840E04-90x90-1.jpeg\",\"width\":90,\"height\":90,\"caption\":\"Arturo Medina\"},\"logo\":{\"@id\":\"https:\/\/nitu.mx\/#\/schema\/person\/image\/\"},\"description\":\"Director NITU.mx, Egresado de la Escuela de Periodismo Carlos Septi\u00e9n Garc\u00eda. Periodista y analista especializado en turismo desde hace 35 a\u00f1os, radicado en Canc\u00fan Q.Roo. arturo@nitu.mx\",\"sameAs\":[\"https:\/\/nitu.mx\",\"https:\/\/www.facebook.com\/NITUmx\/\",\"medinacancun\",\"https:\/\/twitter.com\/@Arturo_Medina_G\"]},{\"@type\":\"Person\",\"@id\":\"https:\/\/nitu.mx\/#\/schema\/person\/4a28fe9bd65924f7c90623773daf1b0b\",\"name\":\"Redacci\u00f3n\",\"image\":{\"@type\":\"ImageObject\",\"inLanguage\":\"es-MX\",\"@id\":\"https:\/\/nitu.mx\/#\/schema\/person\/image\/\",\"url\":\"https:\/\/secure.gravatar.com\/avatar\/5dd011c8ccfc5cd7e4c81e42252aab38?s=96&d=mm&r=g\",\"contentUrl\":\"https:\/\/secure.gravatar.com\/avatar\/5dd011c8ccfc5cd7e4c81e42252aab38?s=96&d=mm&r=g\",\"caption\":\"Redacci\u00f3n\"},\"url\":\"https:\/\/nitu.mx\/index.php\/author\/redaccion\/\"}]}<\/script>\n<!-- \/ Yoast SEO plugin. -->","yoast_head_json":{"title":"BestDay reinicia la reapertura de puntos de venta en centros comerciales - Nitu - Noticias de la Industria Turistica","robots":{"index":"index","follow":"follow","max-snippet":"max-snippet:-1","max-image-preview":"max-image-preview:large","max-video-preview":"max-video-preview:-1"},"canonical":"https:\/\/nitu.mx\/index.php\/2020\/09\/28\/bestday-reinicia-la-reapertura-de-puntos-de-venta-en-centros-comerciales\/","twitter_card":"summary_large_image","twitter_title":"BestDay reinicia la reapertura de puntos de venta en centros comerciales - Nitu - Noticias de la Industria Turistica","twitter_description":"Best Day, la agencia de viajes en l\u00ednea m\u00e1s importante del pa\u00eds, anunci\u00f3 el reinicio de operaciones de sus islas de venta, ubicadas en los centros comerciales m\u00e1s importantes del pa\u00eds. En el reinicio de operaciones de estos puntos de venta se ha implementado un programa especial de medidas de sana distancia e higiene, el [&hellip;]","twitter_image":"https:\/\/nitu.mx\/wp-content\/uploads\/2020\/09\/BestDay-reactivacio\u0301n.jpg","twitter_creator":"@NITUmx","twitter_site":"@Arturo_Medina_G","twitter_misc":{"Escrito por":"Redacci\u00f3n","Tiempo de lectura":"2 minutos"},"schema":{"@context":"https:\/\/schema.org","@graph":[{"@type":"Article","@id":"https:\/\/nitu.mx\/index.php\/2020\/09\/28\/bestday-reinicia-la-reapertura-de-puntos-de-venta-en-centros-comerciales\/#article","isPartOf":{"@id":"https:\/\/nitu.mx\/index.php\/2020\/09\/28\/bestday-reinicia-la-reapertura-de-puntos-de-venta-en-centros-comerciales\/"},"author":{"name":"Redacci\u00f3n","@id":"https:\/\/nitu.mx\/#\/schema\/person\/4a28fe9bd65924f7c90623773daf1b0b"},"headline":"BestDay reinicia la reapertura de puntos de venta en centros comerciales","datePublished":"2020-09-29T02:44:30+00:00","dateModified":"2020-09-29T05:54:42+00:00","mainEntityOfPage":{"@id":"https:\/\/nitu.mx\/index.php\/2020\/09\/28\/bestday-reinicia-la-reapertura-de-puntos-de-venta-en-centros-comerciales\/"},"wordCount":401,"commentCount":0,"publisher":{"@id":"https:\/\/nitu.mx\/#\/schema\/person\/ae7a53426417292d3dd07b45a33e01bc"},"image":{"@id":"https:\/\/nitu.mx\/index.php\/2020\/09\/28\/bestday-reinicia-la-reapertura-de-puntos-de-venta-en-centros-comerciales\/#primaryimage"},"thumbnailUrl":"https:\/\/nitu.mx\/wp-content\/uploads\/2020\/09\/BestDay-reactivacio\u0301n.jpg","keywords":["Alejandro Calligaris","Bestday","Islas Comerciales"],"articleSection":["Agencias de Viajes"],"inLanguage":"es-MX","potentialAction":[{"@type":"CommentAction","name":"Comment","target":["https:\/\/nitu.mx\/index.php\/2020\/09\/28\/bestday-reinicia-la-reapertura-de-puntos-de-venta-en-centros-comerciales\/#respond"]}]},{"@type":"WebPage","@id":"https:\/\/nitu.mx\/index.php\/2020\/09\/28\/bestday-reinicia-la-reapertura-de-puntos-de-venta-en-centros-comerciales\/","url":"https:\/\/nitu.mx\/index.php\/2020\/09\/28\/bestday-reinicia-la-reapertura-de-puntos-de-venta-en-centros-comerciales\/","name":"BestDay reinicia la reapertura de puntos de venta en centros comerciales - Nitu - Noticias de la Industria Turistica","isPartOf":{"@id":"https:\/\/nitu.mx\/#website"},"primaryImageOfPage":{"@id":"https:\/\/nitu.mx\/index.php\/2020\/09\/28\/bestday-reinicia-la-reapertura-de-puntos-de-venta-en-centros-comerciales\/#primaryimage"},"image":{"@id":"https:\/\/nitu.mx\/index.php\/2020\/09\/28\/bestday-reinicia-la-reapertura-de-puntos-de-venta-en-centros-comerciales\/#primaryimage"},"thumbnailUrl":"https:\/\/nitu.mx\/wp-content\/uploads\/2020\/09\/BestDay-reactivacio\u0301n.jpg","datePublished":"2020-09-29T02:44:30+00:00","dateModified":"2020-09-29T05:54:42+00:00","breadcrumb":{"@id":"https:\/\/nitu.mx\/index.php\/2020\/09\/28\/bestday-reinicia-la-reapertura-de-puntos-de-venta-en-centros-comerciales\/#breadcrumb"},"inLanguage":"es-MX","potentialAction":[{"@type":"ReadAction","target":["https:\/\/nitu.mx\/index.php\/2020\/09\/28\/bestday-reinicia-la-reapertura-de-puntos-de-venta-en-centros-comerciales\/"]}]},{"@type":"ImageObject","inLanguage":"es-MX","@id":"https:\/\/nitu.mx\/index.php\/2020\/09\/28\/bestday-reinicia-la-reapertura-de-puntos-de-venta-en-centros-comerciales\/#primaryimage","url":"https:\/\/nitu.mx\/wp-content\/uploads\/2020\/09\/BestDay-reactivacio\u0301n.jpg","contentUrl":"https:\/\/nitu.mx\/wp-content\/uploads\/2020\/09\/BestDay-reactivacio\u0301n.jpg","width":1200,"height":675},{"@type":"BreadcrumbList","@id":"https:\/\/nitu.mx\/index.php\/2020\/09\/28\/bestday-reinicia-la-reapertura-de-puntos-de-venta-en-centros-comerciales\/#breadcrumb","itemListElement":[{"@type":"ListItem","position":1,"name":"Inicio","item":"https:\/\/nitu.mx\/"},{"@type":"ListItem","position":2,"name":"BestDay reinicia la reapertura de puntos de venta en centros comerciales"}]},{"@type":"WebSite","@id":"https:\/\/nitu.mx\/#website","url":"https:\/\/nitu.mx\/","name":"Nitu - Noticias de la Industria Turistica","description":"Noticias de la Industria Turistica","publisher":{"@id":"https:\/\/nitu.mx\/#\/schema\/person\/ae7a53426417292d3dd07b45a33e01bc"},"alternateName":"Noticias de la Industria Turistica","potentialAction":[{"@type":"SearchAction","target":{"@type":"EntryPoint","urlTemplate":"https:\/\/nitu.mx\/?s={search_term_string}"},"query-input":"required name=search_term_string"}],"inLanguage":"es-MX"},{"@type":["Person","Organization"],"@id":"https:\/\/nitu.mx\/#\/schema\/person\/ae7a53426417292d3dd07b45a33e01bc","name":"Arturo Medina","image":{"@type":"ImageObject","inLanguage":"es-MX","@id":"https:\/\/nitu.mx\/#\/schema\/person\/image\/","url":"https:\/\/nitu.mx\/wp-content\/uploads\/2024\/04\/4A315622-1904-4D5C-B022-878CDC840E04-90x90-1.jpeg","contentUrl":"https:\/\/nitu.mx\/wp-content\/uploads\/2024\/04\/4A315622-1904-4D5C-B022-878CDC840E04-90x90-1.jpeg","width":90,"height":90,"caption":"Arturo Medina"},"logo":{"@id":"https:\/\/nitu.mx\/#\/schema\/person\/image\/"},"description":"Director NITU.mx, Egresado de la Escuela de Periodismo Carlos Septi\u00e9n Garc\u00eda. Periodista y analista especializado en turismo desde hace 35 a\u00f1os, radicado en Canc\u00fan Q.Roo. arturo@nitu.mx","sameAs":["https:\/\/nitu.mx","https:\/\/www.facebook.com\/NITUmx\/","medinacancun","https:\/\/twitter.com\/@Arturo_Medina_G"]},{"@type":"Person","@id":"https:\/\/nitu.mx\/#\/schema\/person\/4a28fe9bd65924f7c90623773daf1b0b","name":"Redacci\u00f3n","image":{"@type":"ImageObject","inLanguage":"es-MX","@id":"https:\/\/nitu.mx\/#\/schema\/person\/image\/","url":"https:\/\/secure.gravatar.com\/avatar\/5dd011c8ccfc5cd7e4c81e42252aab38?s=96&d=mm&r=g","contentUrl":"https:\/\/secure.gravatar.com\/avatar\/5dd011c8ccfc5cd7e4c81e42252aab38?s=96&d=mm&r=g","caption":"Redacci\u00f3n"},"url":"https:\/\/nitu.mx\/index.php\/author\/redaccion\/"}]}},"views":525,"_links":{"self":[{"href":"https:\/\/nitu.mx\/index.php\/wp-json\/wp\/v2\/posts\/46713"}],"collection":[{"href":"https:\/\/nitu.mx\/index.php\/wp-json\/wp\/v2\/posts"}],"about":[{"href":"https:\/\/nitu.mx\/index.php\/wp-json\/wp\/v2\/types\/post"}],"author":[{"embeddable":true,"href":"https:\/\/nitu.mx\/index.php\/wp-json\/wp\/v2\/users\/17"}],"replies":[{"embeddable":true,"href":"https:\/\/nitu.mx\/index.php\/wp-json\/wp\/v2\/comments?post=46713"}],"version-history":[{"count":2,"href":"https:\/\/nitu.mx\/index.php\/wp-json\/wp\/v2\/posts\/46713\/revisions"}],"predecessor-version":[{"id":46728,"href":"https:\/\/nitu.mx\/index.php\/wp-json\/wp\/v2\/posts\/46713\/revisions\/46728"}],"wp:featuredmedia":[{"embeddable":true,"href":"https:\/\/nitu.mx\/index.php\/wp-json\/wp\/v2\/media\/46727"}],"wp:attachment":[{"href":"https:\/\/nitu.mx\/index.php\/wp-json\/wp\/v2\/media?parent=46713"}],"wp:term":[{"taxonomy":"category","embeddable":true,"href":"https:\/\/nitu.mx\/index.php\/wp-json\/wp\/v2\/categories?post=46713"},{"taxonomy":"post_tag","embeddable":true,"href":"https:\/\/nitu.mx\/index.php\/wp-json\/wp\/v2\/tags?post=46713"}],"curies":[{"name":"wp","href":"https:\/\/api.w.org\/{rel}","templated":true}]}}