{"id":46686,"date":"2020-09-28T00:28:54","date_gmt":"2020-09-28T05:28:54","guid":{"rendered":"https:\/\/www.dev.nitu.mx\/?p=46686"},"modified":"2020-09-28T00:39:58","modified_gmt":"2020-09-28T05:39:58","slug":"sedetur-lanza-la-semana-del-turismo-rural-en-el-caribe-mexicano","status":"publish","type":"post","link":"https:\/\/nitu.mx\/index.php\/2020\/09\/28\/sedetur-lanza-la-semana-del-turismo-rural-en-el-caribe-mexicano\/","title":{"rendered":"Sedetur lanza la \u201cSemana del Turismo Rural en el Caribe Mexicano\u201d"},"content":{"rendered":"\n<p>Con actividades virtuales por la actual pandemia y un enfoque en el turismo rural, la Secretar\u00eda de Turismo estatal (Sedetur) lanzar\u00e1 este domingo, 27 de septiembre, la \u201cSemana del Turismo Rural en el Caribe Mexicano\u201d, seg\u00fan anunci\u00f3 en su portal.<\/p>\n\n\n\n<p>Este a\u00f1o el tema del D\u00eda Mundial del Turismo que propone la Organizaci\u00f3n Mundial de Turismo (OMT), es el Turismo y el Desarrollo Rural, ya que en estos momentos la rama del turismo es la m\u00e1s afectada por la crisis generada por la COVID-19. Ello, porque para muchas de las comunidades el turismo es una actividad esencial o incluso \u00fanica de su econom\u00eda.<\/p>\n\n\n\n<p>En M\u00e9xico y, particularmente, en Quintana Roo este tipo de turismo representa una alternativa para todas aquellas comunidades rurales que se dedican a la producci\u00f3n de materias primas como sustento econ\u00f3mico y a trav\u00e9s del turismo tienen una oportunidad para incrementar su econom\u00eda sin tener que emigrar a las zonas urbanas o modificar su estilo de vida en la comunidad. (<a href=\"https:\/\/www.dev.nitu.mx\/index.php\/2020\/09\/03\/sedetur-y-facebook-se-alian-para-apoyar-a-pymes-turisticas\/\">Sedetur y Facebook se al\u00edan para apoyar a PyMES tur\u00edsticas<\/a>).<\/p>\n\n\n\n<p>El programa se llevar\u00e1 a cabo del domingo 27 de septiembre al viernes 02 de octubre del presente a\u00f1o, de manera virtual a trav\u00e9s de las redes sociales de la Secretar\u00eda de Turismo de Quintana Roo @SedeturQROO.<\/p>\n\n\n\n<p>A lo largo de la Semana del Turismo Rural en el Caribe Mexicano se tendr\u00e1n las siguientes actividades:<\/p>\n\n\n\n<p>Presentaci\u00f3n de la Semana del Turismo Rural en el Caribe Mexicano. Domingo, 27 de septiembre, 18:00 hrs.<\/p>\n\n\n\n<p>Lanzamiento de la Convocatoria Estatal de Reconocimiento a la Innovaci\u00f3n del Turismo Alternativo en Quintana Roo. Lunes, 28 de septiembre, 11:00 hrs.<\/p>\n\n\n\n<p>Presentaci\u00f3n del Programa Nuestros H\u00e9roes de la Salud. Martes, 29 de septiembre,11:00 hrs.<\/p>\n\n\n\n<p>Conferencia \u201cRetos y Perspectivas del Turismo Rural en el Caribe Mexicano\u201d. Mi\u00e9rcoles, 30 de septiembre, 11:00 hrs.<\/p>\n\n\n\n<p>Convocatoria Concurso de Fotograf\u00eda \u201cTurismo Rural en el Caribe Mexicano\u201d. Mi\u00e9rcoles, 30 de septiembre, 11:30 hrs.<\/p>\n\n\n\n<p>Tr\u00e1iler: Historias y Traves\u00edas Mayas. Mi\u00e9rcoles, 30 de septiembre, 18:00 hrs.<\/p>\n\n\n\n<p>Panel \u2013 El Turismo Rural clave para la diversificaci\u00f3n y reactivaci\u00f3n econ\u00f3mica en el Caribe Mexicano. Jueves, 01 de octubre, 11:00 hrs.<\/p>\n\n\n\n<p>Panel \u2013 Casos de \u00e9xito del Turismo Rural en la Pen\u00ednsula de Yucat\u00e1n. Jueves, 01 de octubre, 18:00 hrs. (Noticaribe)<\/p>\n","protected":false},"excerpt":{"rendered":"<p>Con actividades virtuales por la actual pandemia y un enfoque en el turismo rural, la Secretar\u00eda de Turismo estatal (Sedetur) lanzar\u00e1 este domingo, 27 de septiembre, la \u201cSemana del Turismo Rural en el Caribe Mexicano\u201d, seg\u00fan anunci\u00f3 en su portal. Este a\u00f1o el tema del D\u00eda Mundial del Turismo que propone la Organizaci\u00f3n Mundial de [&hellip;]<\/p>\n","protected":false},"author":17,"featured_media":46700,"comment_status":"open","ping_status":"open","sticky":false,"template":"","format":"standard","meta":{"footnotes":""},"categories":[18475,12],"tags":[3803,1024,1960,260,1153],"yoast_head":"<!-- This site is optimized with the Yoast SEO plugin v22.2 - https:\/\/yoast.com\/wordpress\/plugins\/seo\/ -->\n<title>Sedetur lanza la \u201cSemana del Turismo Rural en el Caribe Mexicano\u201d - Nitu - Noticias de la Industria Turistica<\/title>\n<meta name=\"robots\" content=\"index, follow, max-snippet:-1, max-image-preview:large, max-video-preview:-1\" \/>\n<link rel=\"canonical\" href=\"https:\/\/nitu.mx\/index.php\/2020\/09\/28\/sedetur-lanza-la-semana-del-turismo-rural-en-el-caribe-mexicano\/\" \/>\n<meta name=\"twitter:card\" content=\"summary_large_image\" \/>\n<meta name=\"twitter:title\" content=\"Sedetur lanza la \u201cSemana del Turismo Rural en el Caribe Mexicano\u201d - Nitu - Noticias de la Industria Turistica\" \/>\n<meta name=\"twitter:description\" content=\"Con actividades virtuales por la actual pandemia y un enfoque en el turismo rural, la Secretar\u00eda de Turismo estatal (Sedetur) lanzar\u00e1 este domingo, 27 de septiembre, la \u201cSemana del Turismo Rural en el Caribe Mexicano\u201d, seg\u00fan anunci\u00f3 en su portal. Este a\u00f1o el tema del D\u00eda Mundial del Turismo que propone la Organizaci\u00f3n Mundial de [&hellip;]\" \/>\n<meta name=\"twitter:image\" content=\"https:\/\/nitu.mx\/wp-content\/uploads\/2020\/09\/Marisol-Vanegas-Sedetur.jpg\" \/>\n<meta name=\"twitter:creator\" content=\"@NITUmx\" \/>\n<meta name=\"twitter:site\" content=\"@Arturo_Medina_G\" \/>\n<meta name=\"twitter:label1\" content=\"Escrito por\" \/>\n\t<meta name=\"twitter:data1\" content=\"Redacci\u00f3n\" \/>\n\t<meta name=\"twitter:label2\" content=\"Tiempo de lectura\" \/>\n\t<meta name=\"twitter:data2\" content=\"2 minutos\" \/>\n<script type=\"application\/ld+json\" class=\"yoast-schema-graph\">{\"@context\":\"https:\/\/schema.org\",\"@graph\":[{\"@type\":\"Article\",\"@id\":\"https:\/\/nitu.mx\/index.php\/2020\/09\/28\/sedetur-lanza-la-semana-del-turismo-rural-en-el-caribe-mexicano\/#article\",\"isPartOf\":{\"@id\":\"https:\/\/nitu.mx\/index.php\/2020\/09\/28\/sedetur-lanza-la-semana-del-turismo-rural-en-el-caribe-mexicano\/\"},\"author\":{\"name\":\"Redacci\u00f3n\",\"@id\":\"https:\/\/nitu.mx\/#\/schema\/person\/4a28fe9bd65924f7c90623773daf1b0b\"},\"headline\":\"Sedetur lanza la \u201cSemana del Turismo Rural en el Caribe Mexicano\u201d\",\"datePublished\":\"2020-09-28T05:28:54+00:00\",\"dateModified\":\"2020-09-28T05:39:58+00:00\",\"mainEntityOfPage\":{\"@id\":\"https:\/\/nitu.mx\/index.php\/2020\/09\/28\/sedetur-lanza-la-semana-del-turismo-rural-en-el-caribe-mexicano\/\"},\"wordCount\":390,\"commentCount\":0,\"publisher\":{\"@id\":\"https:\/\/nitu.mx\/#\/schema\/person\/ae7a53426417292d3dd07b45a33e01bc\"},\"image\":{\"@id\":\"https:\/\/nitu.mx\/index.php\/2020\/09\/28\/sedetur-lanza-la-semana-del-turismo-rural-en-el-caribe-mexicano\/#primaryimage\"},\"thumbnailUrl\":\"https:\/\/nitu.mx\/wp-content\/uploads\/2020\/09\/Marisol-Vanegas-Sedetur.jpg\",\"keywords\":[\"D\u00eda Mundial del Turismo\",\"Marisol Vanegas\",\"OMT\",\"Quintana Roo\",\"Sedetur\"],\"articleSection\":[\"Caribe Mexicano\",\"Marketing\"],\"inLanguage\":\"es-MX\",\"potentialAction\":[{\"@type\":\"CommentAction\",\"name\":\"Comment\",\"target\":[\"https:\/\/nitu.mx\/index.php\/2020\/09\/28\/sedetur-lanza-la-semana-del-turismo-rural-en-el-caribe-mexicano\/#respond\"]}]},{\"@type\":\"WebPage\",\"@id\":\"https:\/\/nitu.mx\/index.php\/2020\/09\/28\/sedetur-lanza-la-semana-del-turismo-rural-en-el-caribe-mexicano\/\",\"url\":\"https:\/\/nitu.mx\/index.php\/2020\/09\/28\/sedetur-lanza-la-semana-del-turismo-rural-en-el-caribe-mexicano\/\",\"name\":\"Sedetur lanza la \u201cSemana del Turismo Rural en el Caribe Mexicano\u201d - Nitu - Noticias de la Industria Turistica\",\"isPartOf\":{\"@id\":\"https:\/\/nitu.mx\/#website\"},\"primaryImageOfPage\":{\"@id\":\"https:\/\/nitu.mx\/index.php\/2020\/09\/28\/sedetur-lanza-la-semana-del-turismo-rural-en-el-caribe-mexicano\/#primaryimage\"},\"image\":{\"@id\":\"https:\/\/nitu.mx\/index.php\/2020\/09\/28\/sedetur-lanza-la-semana-del-turismo-rural-en-el-caribe-mexicano\/#primaryimage\"},\"thumbnailUrl\":\"https:\/\/nitu.mx\/wp-content\/uploads\/2020\/09\/Marisol-Vanegas-Sedetur.jpg\",\"datePublished\":\"2020-09-28T05:28:54+00:00\",\"dateModified\":\"2020-09-28T05:39:58+00:00\",\"breadcrumb\":{\"@id\":\"https:\/\/nitu.mx\/index.php\/2020\/09\/28\/sedetur-lanza-la-semana-del-turismo-rural-en-el-caribe-mexicano\/#breadcrumb\"},\"inLanguage\":\"es-MX\",\"potentialAction\":[{\"@type\":\"ReadAction\",\"target\":[\"https:\/\/nitu.mx\/index.php\/2020\/09\/28\/sedetur-lanza-la-semana-del-turismo-rural-en-el-caribe-mexicano\/\"]}]},{\"@type\":\"ImageObject\",\"inLanguage\":\"es-MX\",\"@id\":\"https:\/\/nitu.mx\/index.php\/2020\/09\/28\/sedetur-lanza-la-semana-del-turismo-rural-en-el-caribe-mexicano\/#primaryimage\",\"url\":\"https:\/\/nitu.mx\/wp-content\/uploads\/2020\/09\/Marisol-Vanegas-Sedetur.jpg\",\"contentUrl\":\"https:\/\/nitu.mx\/wp-content\/uploads\/2020\/09\/Marisol-Vanegas-Sedetur.jpg\",\"width\":1200,\"height\":675},{\"@type\":\"BreadcrumbList\",\"@id\":\"https:\/\/nitu.mx\/index.php\/2020\/09\/28\/sedetur-lanza-la-semana-del-turismo-rural-en-el-caribe-mexicano\/#breadcrumb\",\"itemListElement\":[{\"@type\":\"ListItem\",\"position\":1,\"name\":\"Inicio\",\"item\":\"https:\/\/nitu.mx\/\"},{\"@type\":\"ListItem\",\"position\":2,\"name\":\"Sedetur lanza la \u201cSemana del Turismo Rural en el Caribe Mexicano\u201d\"}]},{\"@type\":\"WebSite\",\"@id\":\"https:\/\/nitu.mx\/#website\",\"url\":\"https:\/\/nitu.mx\/\",\"name\":\"Nitu - Noticias de la Industria Turistica\",\"description\":\"Noticias de la Industria Turistica\",\"publisher\":{\"@id\":\"https:\/\/nitu.mx\/#\/schema\/person\/ae7a53426417292d3dd07b45a33e01bc\"},\"alternateName\":\"Noticias de la Industria Turistica\",\"potentialAction\":[{\"@type\":\"SearchAction\",\"target\":{\"@type\":\"EntryPoint\",\"urlTemplate\":\"https:\/\/nitu.mx\/?s={search_term_string}\"},\"query-input\":\"required name=search_term_string\"}],\"inLanguage\":\"es-MX\"},{\"@type\":[\"Person\",\"Organization\"],\"@id\":\"https:\/\/nitu.mx\/#\/schema\/person\/ae7a53426417292d3dd07b45a33e01bc\",\"name\":\"Arturo Medina\",\"image\":{\"@type\":\"ImageObject\",\"inLanguage\":\"es-MX\",\"@id\":\"https:\/\/nitu.mx\/#\/schema\/person\/image\/\",\"url\":\"https:\/\/nitu.mx\/wp-content\/uploads\/2024\/04\/4A315622-1904-4D5C-B022-878CDC840E04-90x90-1.jpeg\",\"contentUrl\":\"https:\/\/nitu.mx\/wp-content\/uploads\/2024\/04\/4A315622-1904-4D5C-B022-878CDC840E04-90x90-1.jpeg\",\"width\":90,\"height\":90,\"caption\":\"Arturo Medina\"},\"logo\":{\"@id\":\"https:\/\/nitu.mx\/#\/schema\/person\/image\/\"},\"description\":\"Director NITU.mx, Egresado de la Escuela de Periodismo Carlos Septi\u00e9n Garc\u00eda. Periodista y analista especializado en turismo desde hace 35 a\u00f1os, radicado en Canc\u00fan Q.Roo. arturo@nitu.mx\",\"sameAs\":[\"https:\/\/nitu.mx\",\"https:\/\/www.facebook.com\/NITUmx\/\",\"medinacancun\",\"https:\/\/twitter.com\/@Arturo_Medina_G\"]},{\"@type\":\"Person\",\"@id\":\"https:\/\/nitu.mx\/#\/schema\/person\/4a28fe9bd65924f7c90623773daf1b0b\",\"name\":\"Redacci\u00f3n\",\"image\":{\"@type\":\"ImageObject\",\"inLanguage\":\"es-MX\",\"@id\":\"https:\/\/nitu.mx\/#\/schema\/person\/image\/\",\"url\":\"https:\/\/secure.gravatar.com\/avatar\/5dd011c8ccfc5cd7e4c81e42252aab38?s=96&d=mm&r=g\",\"contentUrl\":\"https:\/\/secure.gravatar.com\/avatar\/5dd011c8ccfc5cd7e4c81e42252aab38?s=96&d=mm&r=g\",\"caption\":\"Redacci\u00f3n\"},\"url\":\"https:\/\/nitu.mx\/index.php\/author\/redaccion\/\"}]}<\/script>\n<!-- \/ Yoast SEO plugin. -->","yoast_head_json":{"title":"Sedetur lanza la \u201cSemana del Turismo Rural en el Caribe Mexicano\u201d - Nitu - Noticias de la Industria Turistica","robots":{"index":"index","follow":"follow","max-snippet":"max-snippet:-1","max-image-preview":"max-image-preview:large","max-video-preview":"max-video-preview:-1"},"canonical":"https:\/\/nitu.mx\/index.php\/2020\/09\/28\/sedetur-lanza-la-semana-del-turismo-rural-en-el-caribe-mexicano\/","twitter_card":"summary_large_image","twitter_title":"Sedetur lanza la \u201cSemana del Turismo Rural en el Caribe Mexicano\u201d - Nitu - Noticias de la Industria Turistica","twitter_description":"Con actividades virtuales por la actual pandemia y un enfoque en el turismo rural, la Secretar\u00eda de Turismo estatal (Sedetur) lanzar\u00e1 este domingo, 27 de septiembre, la \u201cSemana del Turismo Rural en el Caribe Mexicano\u201d, seg\u00fan anunci\u00f3 en su portal. Este a\u00f1o el tema del D\u00eda Mundial del Turismo que propone la Organizaci\u00f3n Mundial de [&hellip;]","twitter_image":"https:\/\/nitu.mx\/wp-content\/uploads\/2020\/09\/Marisol-Vanegas-Sedetur.jpg","twitter_creator":"@NITUmx","twitter_site":"@Arturo_Medina_G","twitter_misc":{"Escrito por":"Redacci\u00f3n","Tiempo de lectura":"2 minutos"},"schema":{"@context":"https:\/\/schema.org","@graph":[{"@type":"Article","@id":"https:\/\/nitu.mx\/index.php\/2020\/09\/28\/sedetur-lanza-la-semana-del-turismo-rural-en-el-caribe-mexicano\/#article","isPartOf":{"@id":"https:\/\/nitu.mx\/index.php\/2020\/09\/28\/sedetur-lanza-la-semana-del-turismo-rural-en-el-caribe-mexicano\/"},"author":{"name":"Redacci\u00f3n","@id":"https:\/\/nitu.mx\/#\/schema\/person\/4a28fe9bd65924f7c90623773daf1b0b"},"headline":"Sedetur lanza la \u201cSemana del Turismo Rural en el Caribe Mexicano\u201d","datePublished":"2020-09-28T05:28:54+00:00","dateModified":"2020-09-28T05:39:58+00:00","mainEntityOfPage":{"@id":"https:\/\/nitu.mx\/index.php\/2020\/09\/28\/sedetur-lanza-la-semana-del-turismo-rural-en-el-caribe-mexicano\/"},"wordCount":390,"commentCount":0,"publisher":{"@id":"https:\/\/nitu.mx\/#\/schema\/person\/ae7a53426417292d3dd07b45a33e01bc"},"image":{"@id":"https:\/\/nitu.mx\/index.php\/2020\/09\/28\/sedetur-lanza-la-semana-del-turismo-rural-en-el-caribe-mexicano\/#primaryimage"},"thumbnailUrl":"https:\/\/nitu.mx\/wp-content\/uploads\/2020\/09\/Marisol-Vanegas-Sedetur.jpg","keywords":["D\u00eda Mundial del Turismo","Marisol Vanegas","OMT","Quintana Roo","Sedetur"],"articleSection":["Caribe Mexicano","Marketing"],"inLanguage":"es-MX","potentialAction":[{"@type":"CommentAction","name":"Comment","target":["https:\/\/nitu.mx\/index.php\/2020\/09\/28\/sedetur-lanza-la-semana-del-turismo-rural-en-el-caribe-mexicano\/#respond"]}]},{"@type":"WebPage","@id":"https:\/\/nitu.mx\/index.php\/2020\/09\/28\/sedetur-lanza-la-semana-del-turismo-rural-en-el-caribe-mexicano\/","url":"https:\/\/nitu.mx\/index.php\/2020\/09\/28\/sedetur-lanza-la-semana-del-turismo-rural-en-el-caribe-mexicano\/","name":"Sedetur lanza la \u201cSemana del Turismo Rural en el Caribe Mexicano\u201d - Nitu - Noticias de la Industria Turistica","isPartOf":{"@id":"https:\/\/nitu.mx\/#website"},"primaryImageOfPage":{"@id":"https:\/\/nitu.mx\/index.php\/2020\/09\/28\/sedetur-lanza-la-semana-del-turismo-rural-en-el-caribe-mexicano\/#primaryimage"},"image":{"@id":"https:\/\/nitu.mx\/index.php\/2020\/09\/28\/sedetur-lanza-la-semana-del-turismo-rural-en-el-caribe-mexicano\/#primaryimage"},"thumbnailUrl":"https:\/\/nitu.mx\/wp-content\/uploads\/2020\/09\/Marisol-Vanegas-Sedetur.jpg","datePublished":"2020-09-28T05:28:54+00:00","dateModified":"2020-09-28T05:39:58+00:00","breadcrumb":{"@id":"https:\/\/nitu.mx\/index.php\/2020\/09\/28\/sedetur-lanza-la-semana-del-turismo-rural-en-el-caribe-mexicano\/#breadcrumb"},"inLanguage":"es-MX","potentialAction":[{"@type":"ReadAction","target":["https:\/\/nitu.mx\/index.php\/2020\/09\/28\/sedetur-lanza-la-semana-del-turismo-rural-en-el-caribe-mexicano\/"]}]},{"@type":"ImageObject","inLanguage":"es-MX","@id":"https:\/\/nitu.mx\/index.php\/2020\/09\/28\/sedetur-lanza-la-semana-del-turismo-rural-en-el-caribe-mexicano\/#primaryimage","url":"https:\/\/nitu.mx\/wp-content\/uploads\/2020\/09\/Marisol-Vanegas-Sedetur.jpg","contentUrl":"https:\/\/nitu.mx\/wp-content\/uploads\/2020\/09\/Marisol-Vanegas-Sedetur.jpg","width":1200,"height":675},{"@type":"BreadcrumbList","@id":"https:\/\/nitu.mx\/index.php\/2020\/09\/28\/sedetur-lanza-la-semana-del-turismo-rural-en-el-caribe-mexicano\/#breadcrumb","itemListElement":[{"@type":"ListItem","position":1,"name":"Inicio","item":"https:\/\/nitu.mx\/"},{"@type":"ListItem","position":2,"name":"Sedetur lanza la \u201cSemana del Turismo Rural en el Caribe Mexicano\u201d"}]},{"@type":"WebSite","@id":"https:\/\/nitu.mx\/#website","url":"https:\/\/nitu.mx\/","name":"Nitu - Noticias de la Industria Turistica","description":"Noticias de la Industria Turistica","publisher":{"@id":"https:\/\/nitu.mx\/#\/schema\/person\/ae7a53426417292d3dd07b45a33e01bc"},"alternateName":"Noticias de la Industria Turistica","potentialAction":[{"@type":"SearchAction","target":{"@type":"EntryPoint","urlTemplate":"https:\/\/nitu.mx\/?s={search_term_string}"},"query-input":"required name=search_term_string"}],"inLanguage":"es-MX"},{"@type":["Person","Organization"],"@id":"https:\/\/nitu.mx\/#\/schema\/person\/ae7a53426417292d3dd07b45a33e01bc","name":"Arturo Medina","image":{"@type":"ImageObject","inLanguage":"es-MX","@id":"https:\/\/nitu.mx\/#\/schema\/person\/image\/","url":"https:\/\/nitu.mx\/wp-content\/uploads\/2024\/04\/4A315622-1904-4D5C-B022-878CDC840E04-90x90-1.jpeg","contentUrl":"https:\/\/nitu.mx\/wp-content\/uploads\/2024\/04\/4A315622-1904-4D5C-B022-878CDC840E04-90x90-1.jpeg","width":90,"height":90,"caption":"Arturo Medina"},"logo":{"@id":"https:\/\/nitu.mx\/#\/schema\/person\/image\/"},"description":"Director NITU.mx, Egresado de la Escuela de Periodismo Carlos Septi\u00e9n Garc\u00eda. Periodista y analista especializado en turismo desde hace 35 a\u00f1os, radicado en Canc\u00fan Q.Roo. arturo@nitu.mx","sameAs":["https:\/\/nitu.mx","https:\/\/www.facebook.com\/NITUmx\/","medinacancun","https:\/\/twitter.com\/@Arturo_Medina_G"]},{"@type":"Person","@id":"https:\/\/nitu.mx\/#\/schema\/person\/4a28fe9bd65924f7c90623773daf1b0b","name":"Redacci\u00f3n","image":{"@type":"ImageObject","inLanguage":"es-MX","@id":"https:\/\/nitu.mx\/#\/schema\/person\/image\/","url":"https:\/\/secure.gravatar.com\/avatar\/5dd011c8ccfc5cd7e4c81e42252aab38?s=96&d=mm&r=g","contentUrl":"https:\/\/secure.gravatar.com\/avatar\/5dd011c8ccfc5cd7e4c81e42252aab38?s=96&d=mm&r=g","caption":"Redacci\u00f3n"},"url":"https:\/\/nitu.mx\/index.php\/author\/redaccion\/"}]}},"views":274,"_links":{"self":[{"href":"https:\/\/nitu.mx\/index.php\/wp-json\/wp\/v2\/posts\/46686"}],"collection":[{"href":"https:\/\/nitu.mx\/index.php\/wp-json\/wp\/v2\/posts"}],"about":[{"href":"https:\/\/nitu.mx\/index.php\/wp-json\/wp\/v2\/types\/post"}],"author":[{"embeddable":true,"href":"https:\/\/nitu.mx\/index.php\/wp-json\/wp\/v2\/users\/17"}],"replies":[{"embeddable":true,"href":"https:\/\/nitu.mx\/index.php\/wp-json\/wp\/v2\/comments?post=46686"}],"version-history":[{"count":2,"href":"https:\/\/nitu.mx\/index.php\/wp-json\/wp\/v2\/posts\/46686\/revisions"}],"predecessor-version":[{"id":46701,"href":"https:\/\/nitu.mx\/index.php\/wp-json\/wp\/v2\/posts\/46686\/revisions\/46701"}],"wp:featuredmedia":[{"embeddable":true,"href":"https:\/\/nitu.mx\/index.php\/wp-json\/wp\/v2\/media\/46700"}],"wp:attachment":[{"href":"https:\/\/nitu.mx\/index.php\/wp-json\/wp\/v2\/media?parent=46686"}],"wp:term":[{"taxonomy":"category","embeddable":true,"href":"https:\/\/nitu.mx\/index.php\/wp-json\/wp\/v2\/categories?post=46686"},{"taxonomy":"post_tag","embeddable":true,"href":"https:\/\/nitu.mx\/index.php\/wp-json\/wp\/v2\/tags?post=46686"}],"curies":[{"name":"wp","href":"https:\/\/api.w.org\/{rel}","templated":true}]}}