{"id":46667,"date":"2020-09-27T13:50:31","date_gmt":"2020-09-27T18:50:31","guid":{"rendered":"https:\/\/www.dev.nitu.mx\/?p=46667"},"modified":"2020-09-28T00:39:50","modified_gmt":"2020-09-28T05:39:50","slug":"cnet-y-concanaco-se-unen-para-apoyar-empresas-turisticas","status":"publish","type":"post","link":"https:\/\/nitu.mx\/index.php\/2020\/09\/27\/cnet-y-concanaco-se-unen-para-apoyar-empresas-turisticas\/","title":{"rendered":"CNET y Concanaco se unen para apoyar empresas tur\u00edsticas"},"content":{"rendered":"\n<p>Como parte de la Alianza Nacional Emergente por el Turismo (Anetur) que impulsa el Consejo Nacional Empresarial Tur\u00edstico (CNET), el organismo firm\u00f3 un Convenio de Colaboraci\u00f3n con la Confederaci\u00f3n de C\u00e1maras Nacionales de Comercio, Servicios y Turismo (Concanaco Servytur).<\/p>\n\n\n\n<p>A trav\u00e9s de este acuerdo, CNET y Concaco Servytur promover\u00e1n acciones para apoyar de forma integral a las micro, peque\u00f1as y medianas empresas tur\u00edsticas, e impulsar as\u00ed la reactivaci\u00f3n del sector, como respuesta a los efectos de la pandemia de covid-19.<\/p>\n\n\n\n<p>Juan Ignacio Rodr\u00edguez, vicepresidente del CNET, precis\u00f3 que dentro de las acciones que contempla esta alianza, se encuentran la difusi\u00f3n de an\u00e1lisis, estudios y estad\u00edsticas del sector, que permitan evaluar las condiciones de la situaci\u00f3n actual.<\/p>\n\n\n\n<p>Tambi\u00e9n se promover\u00e1 la realizaci\u00f3n de foros, seminarios y webinars que favorezcan la capacitaci\u00f3n de los empresarios del sector, al reunirlos con los actores de la industria; as\u00ed como un plan emergente de seguridad y uso de c\u00f3digos QR y uso de aplicaciones para ampliar la competitividad en los destinos.<\/p>\n\n\n\n<p>CNET y Concanaco Servytur adem\u00e1s impulsar\u00e1n a las Mpymes tur\u00edsticas con esquemas de financiamiento accesibles para apoyar su rescate, agreg\u00f3 el vicepresidente del organismo c\u00fapula del turismo. <\/p>\n\n\n\n<div class=\"wp-block-image\"><figure class=\"aligncenter size-large is-resized\"><img decoding=\"async\" loading=\"lazy\" src=\"https:\/\/www.dev.nitu.mx\/wp-content\/uploads\/2020\/09\/Concanaco-CNET-1024x576.jpg\" alt=\"\" class=\"wp-image-46695\" width=\"470\" height=\"264\" srcset=\"https:\/\/nitu.mx\/wp-content\/uploads\/2020\/09\/Concanaco-CNET-1024x576.jpg 1024w, https:\/\/nitu.mx\/wp-content\/uploads\/2020\/09\/Concanaco-CNET-300x169.jpg 300w, https:\/\/nitu.mx\/wp-content\/uploads\/2020\/09\/Concanaco-CNET-768x432.jpg 768w, https:\/\/nitu.mx\/wp-content\/uploads\/2020\/09\/Concanaco-CNET-848x478.jpg 848w, https:\/\/nitu.mx\/wp-content\/uploads\/2020\/09\/Concanaco-CNET.jpg 1200w\" sizes=\"(max-width: 470px) 100vw, 470px\" \/><\/figure><\/div>\n\n\n\n<p>Braulio Arsuaga, el presidente del CNET, destac\u00f3 el impacto de la pandemia en la actividad tur\u00edstica. En los primeros siete meses del a\u00f1o, M\u00e9xico recibi\u00f3 14.4 millones de turistas internacionales, 45.2 por ciento menos que en este periodo de 2019.<\/p>\n\n\n\n<p>La derrama econ\u00f3mica fue de 7 mil millones de d\u00f3lares, un golpe de 54 por ciento respecto al a\u00f1o pasado, y el empleo formal sigue en descenso con 27.7 por ciento menos en el ramo hotelero y de 18 por ciento en el \u00e1rea de alimentos y bebidas.<\/p>\n\n\n\n<p>Por su parte, Jos\u00e9 Manuel L\u00f3pez Campos, presidente de Concanaco Servytur, coment\u00f3 que impulsan la difusi\u00f3n de viajes, campa\u00f1as de capacitaci\u00f3n y se apoya en tareas de censo de infraestructura, transporte y obras de mejoramiento en los destinos tur\u00edsticos. (<a href=\"https:\/\/www.dev.nitu.mx\/index.php\/2020\/09\/20\/cnet-detecta-las-necesidades-en-la-infraestructura-turistica-del-pais\/\">CNET detecta las necesidades en la infraestructura tur\u00edstica del pa\u00eds<\/a>)<\/p>\n\n\n\n<p>Una de las acciones m\u00e1s relevantes que promueve este organismo es el programa Digitaliza tu Pyme, que a trav\u00e9s de VisitM\u00e9xico apoyar\u00e1 a que todas las empresas asociadas se sumen a esta tecnolog\u00eda para impulsar su competitividad.<\/p>\n","protected":false},"excerpt":{"rendered":"<p>Como parte de la Alianza Nacional Emergente por el Turismo (Anetur) que impulsa el Consejo Nacional Empresarial Tur\u00edstico (CNET), el organismo firm\u00f3 un Convenio de Colaboraci\u00f3n con la Confederaci\u00f3n de C\u00e1maras Nacionales de Comercio, Servicios y Turismo (Concanaco Servytur). A trav\u00e9s de este acuerdo, CNET y Concaco Servytur promover\u00e1n acciones para apoyar de forma integral [&hellip;]<\/p>\n","protected":false},"author":18,"featured_media":46694,"comment_status":"open","ping_status":"open","sticky":false,"template":"","format":"standard","meta":{"footnotes":""},"categories":[12],"tags":[20711,4195,834,1607,1713],"yoast_head":"<!-- This site is optimized with the Yoast SEO plugin v22.2 - https:\/\/yoast.com\/wordpress\/plugins\/seo\/ -->\n<title>CNET y Concanaco se unen para apoyar empresas tur\u00edsticas - Nitu - Noticias de la Industria Turistica<\/title>\n<meta name=\"robots\" content=\"index, follow, max-snippet:-1, max-image-preview:large, max-video-preview:-1\" \/>\n<link rel=\"canonical\" href=\"https:\/\/nitu.mx\/index.php\/2020\/09\/27\/cnet-y-concanaco-se-unen-para-apoyar-empresas-turisticas\/\" \/>\n<meta name=\"twitter:card\" content=\"summary_large_image\" \/>\n<meta name=\"twitter:title\" content=\"CNET y Concanaco se unen para apoyar empresas tur\u00edsticas - Nitu - Noticias de la Industria Turistica\" \/>\n<meta name=\"twitter:description\" content=\"Como parte de la Alianza Nacional Emergente por el Turismo (Anetur) que impulsa el Consejo Nacional Empresarial Tur\u00edstico (CNET), el organismo firm\u00f3 un Convenio de Colaboraci\u00f3n con la Confederaci\u00f3n de C\u00e1maras Nacionales de Comercio, Servicios y Turismo (Concanaco Servytur). A trav\u00e9s de este acuerdo, CNET y Concaco Servytur promover\u00e1n acciones para apoyar de forma integral [&hellip;]\" \/>\n<meta name=\"twitter:image\" content=\"https:\/\/nitu.mx\/wp-content\/uploads\/2020\/09\/CNET-Concanaco.jpg\" \/>\n<meta name=\"twitter:creator\" content=\"@NITUmx\" \/>\n<meta name=\"twitter:site\" content=\"@Arturo_Medina_G\" \/>\n<meta name=\"twitter:label1\" content=\"Escrito por\" \/>\n\t<meta name=\"twitter:data1\" content=\"Guadalupe Sixto\" \/>\n\t<meta name=\"twitter:label2\" content=\"Tiempo de lectura\" \/>\n\t<meta name=\"twitter:data2\" content=\"2 minutos\" \/>\n<script type=\"application\/ld+json\" class=\"yoast-schema-graph\">{\"@context\":\"https:\/\/schema.org\",\"@graph\":[{\"@type\":\"Article\",\"@id\":\"https:\/\/nitu.mx\/index.php\/2020\/09\/27\/cnet-y-concanaco-se-unen-para-apoyar-empresas-turisticas\/#article\",\"isPartOf\":{\"@id\":\"https:\/\/nitu.mx\/index.php\/2020\/09\/27\/cnet-y-concanaco-se-unen-para-apoyar-empresas-turisticas\/\"},\"author\":{\"name\":\"Guadalupe Sixto\",\"@id\":\"https:\/\/nitu.mx\/#\/schema\/person\/3df3082b5e46037e3f13614d28ee0b77\"},\"headline\":\"CNET y Concanaco se unen para apoyar empresas tur\u00edsticas\",\"datePublished\":\"2020-09-27T18:50:31+00:00\",\"dateModified\":\"2020-09-28T05:39:50+00:00\",\"mainEntityOfPage\":{\"@id\":\"https:\/\/nitu.mx\/index.php\/2020\/09\/27\/cnet-y-concanaco-se-unen-para-apoyar-empresas-turisticas\/\"},\"wordCount\":409,\"commentCount\":0,\"publisher\":{\"@id\":\"https:\/\/nitu.mx\/#\/schema\/person\/ae7a53426417292d3dd07b45a33e01bc\"},\"image\":{\"@id\":\"https:\/\/nitu.mx\/index.php\/2020\/09\/27\/cnet-y-concanaco-se-unen-para-apoyar-empresas-turisticas\/#primaryimage\"},\"thumbnailUrl\":\"https:\/\/nitu.mx\/wp-content\/uploads\/2020\/09\/CNET-Concanaco.jpg\",\"keywords\":[\"Anetur\",\"Braulio Arsuaga\",\"CNET\",\"Concanaco Servytur\",\"Jos\u00e9 Manuel L\u00f3pez Campos\"],\"articleSection\":[\"Marketing\"],\"inLanguage\":\"es-MX\",\"potentialAction\":[{\"@type\":\"CommentAction\",\"name\":\"Comment\",\"target\":[\"https:\/\/nitu.mx\/index.php\/2020\/09\/27\/cnet-y-concanaco-se-unen-para-apoyar-empresas-turisticas\/#respond\"]}]},{\"@type\":\"WebPage\",\"@id\":\"https:\/\/nitu.mx\/index.php\/2020\/09\/27\/cnet-y-concanaco-se-unen-para-apoyar-empresas-turisticas\/\",\"url\":\"https:\/\/nitu.mx\/index.php\/2020\/09\/27\/cnet-y-concanaco-se-unen-para-apoyar-empresas-turisticas\/\",\"name\":\"CNET y Concanaco se unen para apoyar empresas tur\u00edsticas - Nitu - Noticias de la Industria Turistica\",\"isPartOf\":{\"@id\":\"https:\/\/nitu.mx\/#website\"},\"primaryImageOfPage\":{\"@id\":\"https:\/\/nitu.mx\/index.php\/2020\/09\/27\/cnet-y-concanaco-se-unen-para-apoyar-empresas-turisticas\/#primaryimage\"},\"image\":{\"@id\":\"https:\/\/nitu.mx\/index.php\/2020\/09\/27\/cnet-y-concanaco-se-unen-para-apoyar-empresas-turisticas\/#primaryimage\"},\"thumbnailUrl\":\"https:\/\/nitu.mx\/wp-content\/uploads\/2020\/09\/CNET-Concanaco.jpg\",\"datePublished\":\"2020-09-27T18:50:31+00:00\",\"dateModified\":\"2020-09-28T05:39:50+00:00\",\"breadcrumb\":{\"@id\":\"https:\/\/nitu.mx\/index.php\/2020\/09\/27\/cnet-y-concanaco-se-unen-para-apoyar-empresas-turisticas\/#breadcrumb\"},\"inLanguage\":\"es-MX\",\"potentialAction\":[{\"@type\":\"ReadAction\",\"target\":[\"https:\/\/nitu.mx\/index.php\/2020\/09\/27\/cnet-y-concanaco-se-unen-para-apoyar-empresas-turisticas\/\"]}]},{\"@type\":\"ImageObject\",\"inLanguage\":\"es-MX\",\"@id\":\"https:\/\/nitu.mx\/index.php\/2020\/09\/27\/cnet-y-concanaco-se-unen-para-apoyar-empresas-turisticas\/#primaryimage\",\"url\":\"https:\/\/nitu.mx\/wp-content\/uploads\/2020\/09\/CNET-Concanaco.jpg\",\"contentUrl\":\"https:\/\/nitu.mx\/wp-content\/uploads\/2020\/09\/CNET-Concanaco.jpg\",\"width\":1200,\"height\":675},{\"@type\":\"BreadcrumbList\",\"@id\":\"https:\/\/nitu.mx\/index.php\/2020\/09\/27\/cnet-y-concanaco-se-unen-para-apoyar-empresas-turisticas\/#breadcrumb\",\"itemListElement\":[{\"@type\":\"ListItem\",\"position\":1,\"name\":\"Inicio\",\"item\":\"https:\/\/nitu.mx\/\"},{\"@type\":\"ListItem\",\"position\":2,\"name\":\"CNET y Concanaco se unen para apoyar empresas tur\u00edsticas\"}]},{\"@type\":\"WebSite\",\"@id\":\"https:\/\/nitu.mx\/#website\",\"url\":\"https:\/\/nitu.mx\/\",\"name\":\"Nitu - Noticias de la Industria Turistica\",\"description\":\"Noticias de la Industria Turistica\",\"publisher\":{\"@id\":\"https:\/\/nitu.mx\/#\/schema\/person\/ae7a53426417292d3dd07b45a33e01bc\"},\"alternateName\":\"Noticias de la Industria Turistica\",\"potentialAction\":[{\"@type\":\"SearchAction\",\"target\":{\"@type\":\"EntryPoint\",\"urlTemplate\":\"https:\/\/nitu.mx\/?s={search_term_string}\"},\"query-input\":\"required name=search_term_string\"}],\"inLanguage\":\"es-MX\"},{\"@type\":[\"Person\",\"Organization\"],\"@id\":\"https:\/\/nitu.mx\/#\/schema\/person\/ae7a53426417292d3dd07b45a33e01bc\",\"name\":\"Arturo Medina\",\"image\":{\"@type\":\"ImageObject\",\"inLanguage\":\"es-MX\",\"@id\":\"https:\/\/nitu.mx\/#\/schema\/person\/image\/\",\"url\":\"https:\/\/nitu.mx\/wp-content\/uploads\/2024\/04\/4A315622-1904-4D5C-B022-878CDC840E04-90x90-1.jpeg\",\"contentUrl\":\"https:\/\/nitu.mx\/wp-content\/uploads\/2024\/04\/4A315622-1904-4D5C-B022-878CDC840E04-90x90-1.jpeg\",\"width\":90,\"height\":90,\"caption\":\"Arturo Medina\"},\"logo\":{\"@id\":\"https:\/\/nitu.mx\/#\/schema\/person\/image\/\"},\"description\":\"Director NITU.mx, Egresado de la Escuela de Periodismo Carlos Septi\u00e9n Garc\u00eda. Periodista y analista especializado en turismo desde hace 35 a\u00f1os, radicado en Canc\u00fan Q.Roo. arturo@nitu.mx\",\"sameAs\":[\"https:\/\/nitu.mx\",\"https:\/\/www.facebook.com\/NITUmx\/\",\"medinacancun\",\"https:\/\/twitter.com\/@Arturo_Medina_G\"]},{\"@type\":\"Person\",\"@id\":\"https:\/\/nitu.mx\/#\/schema\/person\/3df3082b5e46037e3f13614d28ee0b77\",\"name\":\"Guadalupe Sixto\",\"image\":{\"@type\":\"ImageObject\",\"inLanguage\":\"es-MX\",\"@id\":\"https:\/\/nitu.mx\/#\/schema\/person\/image\/\",\"url\":\"https:\/\/secure.gravatar.com\/avatar\/13914e1b0e1919e91f9539de4dc584c4?s=96&d=mm&r=g\",\"contentUrl\":\"https:\/\/secure.gravatar.com\/avatar\/13914e1b0e1919e91f9539de4dc584c4?s=96&d=mm&r=g\",\"caption\":\"Guadalupe Sixto\"},\"url\":\"https:\/\/nitu.mx\/index.php\/author\/gsixto\/\"}]}<\/script>\n<!-- \/ Yoast SEO plugin. -->","yoast_head_json":{"title":"CNET y Concanaco se unen para apoyar empresas tur\u00edsticas - Nitu - Noticias de la Industria Turistica","robots":{"index":"index","follow":"follow","max-snippet":"max-snippet:-1","max-image-preview":"max-image-preview:large","max-video-preview":"max-video-preview:-1"},"canonical":"https:\/\/nitu.mx\/index.php\/2020\/09\/27\/cnet-y-concanaco-se-unen-para-apoyar-empresas-turisticas\/","twitter_card":"summary_large_image","twitter_title":"CNET y Concanaco se unen para apoyar empresas tur\u00edsticas - Nitu - Noticias de la Industria Turistica","twitter_description":"Como parte de la Alianza Nacional Emergente por el Turismo (Anetur) que impulsa el Consejo Nacional Empresarial Tur\u00edstico (CNET), el organismo firm\u00f3 un Convenio de Colaboraci\u00f3n con la Confederaci\u00f3n de C\u00e1maras Nacionales de Comercio, Servicios y Turismo (Concanaco Servytur). A trav\u00e9s de este acuerdo, CNET y Concaco Servytur promover\u00e1n acciones para apoyar de forma integral [&hellip;]","twitter_image":"https:\/\/nitu.mx\/wp-content\/uploads\/2020\/09\/CNET-Concanaco.jpg","twitter_creator":"@NITUmx","twitter_site":"@Arturo_Medina_G","twitter_misc":{"Escrito por":"Guadalupe Sixto","Tiempo de lectura":"2 minutos"},"schema":{"@context":"https:\/\/schema.org","@graph":[{"@type":"Article","@id":"https:\/\/nitu.mx\/index.php\/2020\/09\/27\/cnet-y-concanaco-se-unen-para-apoyar-empresas-turisticas\/#article","isPartOf":{"@id":"https:\/\/nitu.mx\/index.php\/2020\/09\/27\/cnet-y-concanaco-se-unen-para-apoyar-empresas-turisticas\/"},"author":{"name":"Guadalupe Sixto","@id":"https:\/\/nitu.mx\/#\/schema\/person\/3df3082b5e46037e3f13614d28ee0b77"},"headline":"CNET y Concanaco se unen para apoyar empresas tur\u00edsticas","datePublished":"2020-09-27T18:50:31+00:00","dateModified":"2020-09-28T05:39:50+00:00","mainEntityOfPage":{"@id":"https:\/\/nitu.mx\/index.php\/2020\/09\/27\/cnet-y-concanaco-se-unen-para-apoyar-empresas-turisticas\/"},"wordCount":409,"commentCount":0,"publisher":{"@id":"https:\/\/nitu.mx\/#\/schema\/person\/ae7a53426417292d3dd07b45a33e01bc"},"image":{"@id":"https:\/\/nitu.mx\/index.php\/2020\/09\/27\/cnet-y-concanaco-se-unen-para-apoyar-empresas-turisticas\/#primaryimage"},"thumbnailUrl":"https:\/\/nitu.mx\/wp-content\/uploads\/2020\/09\/CNET-Concanaco.jpg","keywords":["Anetur","Braulio Arsuaga","CNET","Concanaco Servytur","Jos\u00e9 Manuel L\u00f3pez Campos"],"articleSection":["Marketing"],"inLanguage":"es-MX","potentialAction":[{"@type":"CommentAction","name":"Comment","target":["https:\/\/nitu.mx\/index.php\/2020\/09\/27\/cnet-y-concanaco-se-unen-para-apoyar-empresas-turisticas\/#respond"]}]},{"@type":"WebPage","@id":"https:\/\/nitu.mx\/index.php\/2020\/09\/27\/cnet-y-concanaco-se-unen-para-apoyar-empresas-turisticas\/","url":"https:\/\/nitu.mx\/index.php\/2020\/09\/27\/cnet-y-concanaco-se-unen-para-apoyar-empresas-turisticas\/","name":"CNET y Concanaco se unen para apoyar empresas tur\u00edsticas - Nitu - Noticias de la Industria Turistica","isPartOf":{"@id":"https:\/\/nitu.mx\/#website"},"primaryImageOfPage":{"@id":"https:\/\/nitu.mx\/index.php\/2020\/09\/27\/cnet-y-concanaco-se-unen-para-apoyar-empresas-turisticas\/#primaryimage"},"image":{"@id":"https:\/\/nitu.mx\/index.php\/2020\/09\/27\/cnet-y-concanaco-se-unen-para-apoyar-empresas-turisticas\/#primaryimage"},"thumbnailUrl":"https:\/\/nitu.mx\/wp-content\/uploads\/2020\/09\/CNET-Concanaco.jpg","datePublished":"2020-09-27T18:50:31+00:00","dateModified":"2020-09-28T05:39:50+00:00","breadcrumb":{"@id":"https:\/\/nitu.mx\/index.php\/2020\/09\/27\/cnet-y-concanaco-se-unen-para-apoyar-empresas-turisticas\/#breadcrumb"},"inLanguage":"es-MX","potentialAction":[{"@type":"ReadAction","target":["https:\/\/nitu.mx\/index.php\/2020\/09\/27\/cnet-y-concanaco-se-unen-para-apoyar-empresas-turisticas\/"]}]},{"@type":"ImageObject","inLanguage":"es-MX","@id":"https:\/\/nitu.mx\/index.php\/2020\/09\/27\/cnet-y-concanaco-se-unen-para-apoyar-empresas-turisticas\/#primaryimage","url":"https:\/\/nitu.mx\/wp-content\/uploads\/2020\/09\/CNET-Concanaco.jpg","contentUrl":"https:\/\/nitu.mx\/wp-content\/uploads\/2020\/09\/CNET-Concanaco.jpg","width":1200,"height":675},{"@type":"BreadcrumbList","@id":"https:\/\/nitu.mx\/index.php\/2020\/09\/27\/cnet-y-concanaco-se-unen-para-apoyar-empresas-turisticas\/#breadcrumb","itemListElement":[{"@type":"ListItem","position":1,"name":"Inicio","item":"https:\/\/nitu.mx\/"},{"@type":"ListItem","position":2,"name":"CNET y Concanaco se unen para apoyar empresas tur\u00edsticas"}]},{"@type":"WebSite","@id":"https:\/\/nitu.mx\/#website","url":"https:\/\/nitu.mx\/","name":"Nitu - Noticias de la Industria Turistica","description":"Noticias de la Industria Turistica","publisher":{"@id":"https:\/\/nitu.mx\/#\/schema\/person\/ae7a53426417292d3dd07b45a33e01bc"},"alternateName":"Noticias de la Industria Turistica","potentialAction":[{"@type":"SearchAction","target":{"@type":"EntryPoint","urlTemplate":"https:\/\/nitu.mx\/?s={search_term_string}"},"query-input":"required name=search_term_string"}],"inLanguage":"es-MX"},{"@type":["Person","Organization"],"@id":"https:\/\/nitu.mx\/#\/schema\/person\/ae7a53426417292d3dd07b45a33e01bc","name":"Arturo Medina","image":{"@type":"ImageObject","inLanguage":"es-MX","@id":"https:\/\/nitu.mx\/#\/schema\/person\/image\/","url":"https:\/\/nitu.mx\/wp-content\/uploads\/2024\/04\/4A315622-1904-4D5C-B022-878CDC840E04-90x90-1.jpeg","contentUrl":"https:\/\/nitu.mx\/wp-content\/uploads\/2024\/04\/4A315622-1904-4D5C-B022-878CDC840E04-90x90-1.jpeg","width":90,"height":90,"caption":"Arturo Medina"},"logo":{"@id":"https:\/\/nitu.mx\/#\/schema\/person\/image\/"},"description":"Director NITU.mx, Egresado de la Escuela de Periodismo Carlos Septi\u00e9n Garc\u00eda. Periodista y analista especializado en turismo desde hace 35 a\u00f1os, radicado en Canc\u00fan Q.Roo. arturo@nitu.mx","sameAs":["https:\/\/nitu.mx","https:\/\/www.facebook.com\/NITUmx\/","medinacancun","https:\/\/twitter.com\/@Arturo_Medina_G"]},{"@type":"Person","@id":"https:\/\/nitu.mx\/#\/schema\/person\/3df3082b5e46037e3f13614d28ee0b77","name":"Guadalupe Sixto","image":{"@type":"ImageObject","inLanguage":"es-MX","@id":"https:\/\/nitu.mx\/#\/schema\/person\/image\/","url":"https:\/\/secure.gravatar.com\/avatar\/13914e1b0e1919e91f9539de4dc584c4?s=96&d=mm&r=g","contentUrl":"https:\/\/secure.gravatar.com\/avatar\/13914e1b0e1919e91f9539de4dc584c4?s=96&d=mm&r=g","caption":"Guadalupe Sixto"},"url":"https:\/\/nitu.mx\/index.php\/author\/gsixto\/"}]}},"views":432,"_links":{"self":[{"href":"https:\/\/nitu.mx\/index.php\/wp-json\/wp\/v2\/posts\/46667"}],"collection":[{"href":"https:\/\/nitu.mx\/index.php\/wp-json\/wp\/v2\/posts"}],"about":[{"href":"https:\/\/nitu.mx\/index.php\/wp-json\/wp\/v2\/types\/post"}],"author":[{"embeddable":true,"href":"https:\/\/nitu.mx\/index.php\/wp-json\/wp\/v2\/users\/18"}],"replies":[{"embeddable":true,"href":"https:\/\/nitu.mx\/index.php\/wp-json\/wp\/v2\/comments?post=46667"}],"version-history":[{"count":3,"href":"https:\/\/nitu.mx\/index.php\/wp-json\/wp\/v2\/posts\/46667\/revisions"}],"predecessor-version":[{"id":46696,"href":"https:\/\/nitu.mx\/index.php\/wp-json\/wp\/v2\/posts\/46667\/revisions\/46696"}],"wp:featuredmedia":[{"embeddable":true,"href":"https:\/\/nitu.mx\/index.php\/wp-json\/wp\/v2\/media\/46694"}],"wp:attachment":[{"href":"https:\/\/nitu.mx\/index.php\/wp-json\/wp\/v2\/media?parent=46667"}],"wp:term":[{"taxonomy":"category","embeddable":true,"href":"https:\/\/nitu.mx\/index.php\/wp-json\/wp\/v2\/categories?post=46667"},{"taxonomy":"post_tag","embeddable":true,"href":"https:\/\/nitu.mx\/index.php\/wp-json\/wp\/v2\/tags?post=46667"}],"curies":[{"name":"wp","href":"https:\/\/api.w.org\/{rel}","templated":true}]}}