{"id":46509,"date":"2020-09-21T18:56:46","date_gmt":"2020-09-21T23:56:46","guid":{"rendered":"https:\/\/www.dev.nitu.mx\/?p=46509"},"modified":"2020-09-22T00:44:48","modified_gmt":"2020-09-22T05:44:48","slug":"carlos-joaquin-confirma-la-ruta-cdmx-chetumal-de-viva-aerobus","status":"publish","type":"post","link":"https:\/\/nitu.mx\/index.php\/2020\/09\/21\/carlos-joaquin-confirma-la-ruta-cdmx-chetumal-de-viva-aerobus\/","title":{"rendered":"Carlos Joaqu\u00edn confirma la ruta CDMX-Chetumal de Viva Aerobus"},"content":{"rendered":"\n<p>El gobernador de Quintana Roo, Carlos Joaqu\u00edn Gonz\u00e1lez, particip\u00f3 esta ma\u00f1ana en el anuncio de la nueva ruta de Viva Aerobus, CDMX-Chetumal, que iniciar\u00e1 operaciones el d\u00eda 12 de noviembre, con cuatro frecuencias se\u00f1ales los lunes, jueves, viernes y domingo.<\/p>\n\n\n\n<p>Esta nueva ruta impulsar\u00e1 el turismo en la zona sur de Quintana Roo, pues adem\u00e1s de la conectividad desde la capital del pa\u00eds, es a bajo costo con tarifas desde 429 pesos en viaje sencillo, m\u00e1s la Tarifa de Uso Aeroportuario (TUA).<\/p>\n\n\n\n<p>El mandatario estatal coment\u00f3 asegur\u00f3 que esta ruta de Viva Aerobus ser\u00e1 exitosa tanto para la aerol\u00ednea como para Chetumal.<\/p>\n\n\n\n<p>\u201cMe da mucho gusto la llegada de Viva Aerobus a Chetumal. Este nuevo vuelo que iniciar\u00e1 a partir de noviembre desde la Ciudad de M\u00e9xico, con precios muy competitivos, permitir\u00e1 que la capital de nuestro estado tenga una mayor conectividad con un gran n\u00famero de asientos de avi\u00f3n. Esto tambi\u00e9n permitir\u00e1 acercarnos a la Ciudad de M\u00e9xico y brindar la oportunidad para crear nuevos negocios y fortalecer el turismo tanto a la zona de Centroam\u00e9rica como a los diferentes destinos tur\u00edsticos que tiene el sur del estado\u201d, comento Carlos Joaqu\u00edn.<\/p>\n\n\n\n<p>Agreg\u00f3 \u201cNos da mucho gusto, porque esta zona tiene un alto potencial de crecimiento y viene a reforzar el dinamismo que tienen lugares como Bacalar y Mahahual. Me parece que es una muy buena decisi\u00f3n\u201d.<\/p>\n\n\n\n<p>Por su parte, el director general de Viva Aerobus, Juan Carlos Zuazua, dijo \u201cEstamos muy contentos de iniciar una nueva ruta al estado, la primera a Chetumal y con las tarifas m\u00e1s competitivas del mercado y con la flota m\u00e1s nueva del pa\u00eds. Seguimos trabajando para mejorar la conectividad del estado de Quintana Roo y as\u00ed impulsar la industria tur\u00edstica, cuidando de la salud de los pasajeros y ofreciendo una opci\u00f3n de vuelo a precios realmente bajos\u201d. (<a href=\"https:\/\/www.dev.nitu.mx\/index.php\/2020\/08\/31\/viva-aerobus-anuncia-4-nuevas-rutas-para-septiembre\/\">Viva Aerobus anuncia 4 nuevas rutas para septiembre<\/a>)<\/p>\n\n\n\n<p>El vuelo desde CDMX saldr\u00e1 a las 11:00 horas con llegada a Chetumal a las 14:15. Despegar\u00e1 de regreso a las 14:45 para aterrizar en la capital mexicana a las 16:10 horas.<\/p>\n\n\n\n<p>En conferencia de prensa, Dar\u00edo Flota Ocampo, director general del Consejo de Promoci\u00f3n Tur\u00edstica de Quintana Roo (CPTQ), destac\u00f3 que \u201cla apertura de esta nueva ruta aprovechar\u00e1 la ampliaci\u00f3n del Aeropuerto Internacional de Chetumal para incrementar el tr\u00e1fico de pasajeros a la zona sur del estado y contribuir as\u00ed en la reactivaci\u00f3n tur\u00edstica y econ\u00f3mica de la entidad. Continuaremos apoyando a Viva Aerob\u00fas con nuestra pauta en medios nacionales\u201d. (<a href=\"https:\/\/www.dev.nitu.mx\/index.php\/2020\/03\/08\/en-solo-5-anos-chetumal-duplico-su-numero-de-pasajeros-en-el-aeropuerto\/\">En solo 5 a\u00f1os Chetumal duplic\u00f3 su n\u00famero de pasajeros en el aeropuerto<\/a>)<\/p>\n","protected":false},"excerpt":{"rendered":"<p>El gobernador de Quintana Roo, Carlos Joaqu\u00edn Gonz\u00e1lez, particip\u00f3 esta ma\u00f1ana en el anuncio de la nueva ruta de Viva Aerobus, CDMX-Chetumal, que iniciar\u00e1 operaciones el d\u00eda 12 de noviembre, con cuatro frecuencias se\u00f1ales los lunes, jueves, viernes y domingo. Esta nueva ruta impulsar\u00e1 el turismo en la zona sur de Quintana Roo, pues adem\u00e1s [&hellip;]<\/p>\n","protected":false},"author":18,"featured_media":46512,"comment_status":"open","ping_status":"open","sticky":false,"template":"","format":"standard","meta":{"footnotes":""},"categories":[29],"tags":[384,587,454,8145,1812,295,2102],"yoast_head":"<!-- This site is optimized with the Yoast SEO plugin v22.2 - https:\/\/yoast.com\/wordpress\/plugins\/seo\/ -->\n<title>Carlos Joaqu\u00edn confirma la ruta CDMX-Chetumal de Viva Aerobus - Nitu - Noticias de la Industria Turistica<\/title>\n<meta name=\"robots\" content=\"index, follow, max-snippet:-1, max-image-preview:large, max-video-preview:-1\" \/>\n<link rel=\"canonical\" href=\"https:\/\/nitu.mx\/index.php\/2020\/09\/21\/carlos-joaquin-confirma-la-ruta-cdmx-chetumal-de-viva-aerobus\/\" \/>\n<meta name=\"twitter:card\" content=\"summary_large_image\" \/>\n<meta name=\"twitter:title\" content=\"Carlos Joaqu\u00edn confirma la ruta CDMX-Chetumal de Viva Aerobus - Nitu - Noticias de la Industria Turistica\" \/>\n<meta name=\"twitter:description\" content=\"El gobernador de Quintana Roo, Carlos Joaqu\u00edn Gonz\u00e1lez, particip\u00f3 esta ma\u00f1ana en el anuncio de la nueva ruta de Viva Aerobus, CDMX-Chetumal, que iniciar\u00e1 operaciones el d\u00eda 12 de noviembre, con cuatro frecuencias se\u00f1ales los lunes, jueves, viernes y domingo. Esta nueva ruta impulsar\u00e1 el turismo en la zona sur de Quintana Roo, pues adem\u00e1s [&hellip;]\" \/>\n<meta name=\"twitter:image\" content=\"https:\/\/nitu.mx\/wp-content\/uploads\/2020\/09\/Viva-Aerobus-CDMX-Chetumal.jpg\" \/>\n<meta name=\"twitter:creator\" content=\"@NITUmx\" \/>\n<meta name=\"twitter:site\" content=\"@Arturo_Medina_G\" \/>\n<meta name=\"twitter:label1\" content=\"Escrito por\" \/>\n\t<meta name=\"twitter:data1\" content=\"Guadalupe Sixto\" \/>\n\t<meta name=\"twitter:label2\" content=\"Tiempo de lectura\" \/>\n\t<meta name=\"twitter:data2\" content=\"2 minutos\" \/>\n<script type=\"application\/ld+json\" class=\"yoast-schema-graph\">{\"@context\":\"https:\/\/schema.org\",\"@graph\":[{\"@type\":\"Article\",\"@id\":\"https:\/\/nitu.mx\/index.php\/2020\/09\/21\/carlos-joaquin-confirma-la-ruta-cdmx-chetumal-de-viva-aerobus\/#article\",\"isPartOf\":{\"@id\":\"https:\/\/nitu.mx\/index.php\/2020\/09\/21\/carlos-joaquin-confirma-la-ruta-cdmx-chetumal-de-viva-aerobus\/\"},\"author\":{\"name\":\"Guadalupe Sixto\",\"@id\":\"https:\/\/nitu.mx\/#\/schema\/person\/3df3082b5e46037e3f13614d28ee0b77\"},\"headline\":\"Carlos Joaqu\u00edn confirma la ruta CDMX-Chetumal de Viva Aerobus\",\"datePublished\":\"2020-09-21T23:56:46+00:00\",\"dateModified\":\"2020-09-22T05:44:48+00:00\",\"mainEntityOfPage\":{\"@id\":\"https:\/\/nitu.mx\/index.php\/2020\/09\/21\/carlos-joaquin-confirma-la-ruta-cdmx-chetumal-de-viva-aerobus\/\"},\"wordCount\":462,\"commentCount\":0,\"publisher\":{\"@id\":\"https:\/\/nitu.mx\/#\/schema\/person\/ae7a53426417292d3dd07b45a33e01bc\"},\"image\":{\"@id\":\"https:\/\/nitu.mx\/index.php\/2020\/09\/21\/carlos-joaquin-confirma-la-ruta-cdmx-chetumal-de-viva-aerobus\/#primaryimage\"},\"thumbnailUrl\":\"https:\/\/nitu.mx\/wp-content\/uploads\/2020\/09\/Viva-Aerobus-CDMX-Chetumal.jpg\",\"keywords\":[\"Carlos Joaqu\u00edn\",\"CDMX\",\"Chetumal\",\"CPTQ\",\"Dar\u00edo Flota\",\"Juan Carlos Zuazua\",\"Viva Aerobus\"],\"articleSection\":[\"Aerol\u00edneas\"],\"inLanguage\":\"es-MX\",\"potentialAction\":[{\"@type\":\"CommentAction\",\"name\":\"Comment\",\"target\":[\"https:\/\/nitu.mx\/index.php\/2020\/09\/21\/carlos-joaquin-confirma-la-ruta-cdmx-chetumal-de-viva-aerobus\/#respond\"]}]},{\"@type\":\"WebPage\",\"@id\":\"https:\/\/nitu.mx\/index.php\/2020\/09\/21\/carlos-joaquin-confirma-la-ruta-cdmx-chetumal-de-viva-aerobus\/\",\"url\":\"https:\/\/nitu.mx\/index.php\/2020\/09\/21\/carlos-joaquin-confirma-la-ruta-cdmx-chetumal-de-viva-aerobus\/\",\"name\":\"Carlos Joaqu\u00edn confirma la ruta CDMX-Chetumal de Viva Aerobus - Nitu - Noticias de la Industria Turistica\",\"isPartOf\":{\"@id\":\"https:\/\/nitu.mx\/#website\"},\"primaryImageOfPage\":{\"@id\":\"https:\/\/nitu.mx\/index.php\/2020\/09\/21\/carlos-joaquin-confirma-la-ruta-cdmx-chetumal-de-viva-aerobus\/#primaryimage\"},\"image\":{\"@id\":\"https:\/\/nitu.mx\/index.php\/2020\/09\/21\/carlos-joaquin-confirma-la-ruta-cdmx-chetumal-de-viva-aerobus\/#primaryimage\"},\"thumbnailUrl\":\"https:\/\/nitu.mx\/wp-content\/uploads\/2020\/09\/Viva-Aerobus-CDMX-Chetumal.jpg\",\"datePublished\":\"2020-09-21T23:56:46+00:00\",\"dateModified\":\"2020-09-22T05:44:48+00:00\",\"breadcrumb\":{\"@id\":\"https:\/\/nitu.mx\/index.php\/2020\/09\/21\/carlos-joaquin-confirma-la-ruta-cdmx-chetumal-de-viva-aerobus\/#breadcrumb\"},\"inLanguage\":\"es-MX\",\"potentialAction\":[{\"@type\":\"ReadAction\",\"target\":[\"https:\/\/nitu.mx\/index.php\/2020\/09\/21\/carlos-joaquin-confirma-la-ruta-cdmx-chetumal-de-viva-aerobus\/\"]}]},{\"@type\":\"ImageObject\",\"inLanguage\":\"es-MX\",\"@id\":\"https:\/\/nitu.mx\/index.php\/2020\/09\/21\/carlos-joaquin-confirma-la-ruta-cdmx-chetumal-de-viva-aerobus\/#primaryimage\",\"url\":\"https:\/\/nitu.mx\/wp-content\/uploads\/2020\/09\/Viva-Aerobus-CDMX-Chetumal.jpg\",\"contentUrl\":\"https:\/\/nitu.mx\/wp-content\/uploads\/2020\/09\/Viva-Aerobus-CDMX-Chetumal.jpg\",\"width\":1200,\"height\":675,\"caption\":\"Chetumal Viva Aerobus\"},{\"@type\":\"BreadcrumbList\",\"@id\":\"https:\/\/nitu.mx\/index.php\/2020\/09\/21\/carlos-joaquin-confirma-la-ruta-cdmx-chetumal-de-viva-aerobus\/#breadcrumb\",\"itemListElement\":[{\"@type\":\"ListItem\",\"position\":1,\"name\":\"Inicio\",\"item\":\"https:\/\/nitu.mx\/\"},{\"@type\":\"ListItem\",\"position\":2,\"name\":\"Carlos Joaqu\u00edn confirma la ruta CDMX-Chetumal de Viva Aerobus\"}]},{\"@type\":\"WebSite\",\"@id\":\"https:\/\/nitu.mx\/#website\",\"url\":\"https:\/\/nitu.mx\/\",\"name\":\"Nitu - Noticias de la Industria Turistica\",\"description\":\"Noticias de la Industria Turistica\",\"publisher\":{\"@id\":\"https:\/\/nitu.mx\/#\/schema\/person\/ae7a53426417292d3dd07b45a33e01bc\"},\"alternateName\":\"Noticias de la Industria Turistica\",\"potentialAction\":[{\"@type\":\"SearchAction\",\"target\":{\"@type\":\"EntryPoint\",\"urlTemplate\":\"https:\/\/nitu.mx\/?s={search_term_string}\"},\"query-input\":\"required name=search_term_string\"}],\"inLanguage\":\"es-MX\"},{\"@type\":[\"Person\",\"Organization\"],\"@id\":\"https:\/\/nitu.mx\/#\/schema\/person\/ae7a53426417292d3dd07b45a33e01bc\",\"name\":\"Arturo Medina\",\"image\":{\"@type\":\"ImageObject\",\"inLanguage\":\"es-MX\",\"@id\":\"https:\/\/nitu.mx\/#\/schema\/person\/image\/\",\"url\":\"https:\/\/nitu.mx\/wp-content\/uploads\/2024\/04\/4A315622-1904-4D5C-B022-878CDC840E04-90x90-1.jpeg\",\"contentUrl\":\"https:\/\/nitu.mx\/wp-content\/uploads\/2024\/04\/4A315622-1904-4D5C-B022-878CDC840E04-90x90-1.jpeg\",\"width\":90,\"height\":90,\"caption\":\"Arturo Medina\"},\"logo\":{\"@id\":\"https:\/\/nitu.mx\/#\/schema\/person\/image\/\"},\"description\":\"Director NITU.mx, Egresado de la Escuela de Periodismo Carlos Septi\u00e9n Garc\u00eda. Periodista y analista especializado en turismo desde hace 35 a\u00f1os, radicado en Canc\u00fan Q.Roo. arturo@nitu.mx\",\"sameAs\":[\"https:\/\/nitu.mx\",\"https:\/\/www.facebook.com\/NITUmx\/\",\"medinacancun\",\"https:\/\/twitter.com\/@Arturo_Medina_G\"]},{\"@type\":\"Person\",\"@id\":\"https:\/\/nitu.mx\/#\/schema\/person\/3df3082b5e46037e3f13614d28ee0b77\",\"name\":\"Guadalupe Sixto\",\"image\":{\"@type\":\"ImageObject\",\"inLanguage\":\"es-MX\",\"@id\":\"https:\/\/nitu.mx\/#\/schema\/person\/image\/\",\"url\":\"https:\/\/secure.gravatar.com\/avatar\/13914e1b0e1919e91f9539de4dc584c4?s=96&d=mm&r=g\",\"contentUrl\":\"https:\/\/secure.gravatar.com\/avatar\/13914e1b0e1919e91f9539de4dc584c4?s=96&d=mm&r=g\",\"caption\":\"Guadalupe Sixto\"},\"url\":\"https:\/\/nitu.mx\/index.php\/author\/gsixto\/\"}]}<\/script>\n<!-- \/ Yoast SEO plugin. -->","yoast_head_json":{"title":"Carlos Joaqu\u00edn confirma la ruta CDMX-Chetumal de Viva Aerobus - Nitu - Noticias de la Industria Turistica","robots":{"index":"index","follow":"follow","max-snippet":"max-snippet:-1","max-image-preview":"max-image-preview:large","max-video-preview":"max-video-preview:-1"},"canonical":"https:\/\/nitu.mx\/index.php\/2020\/09\/21\/carlos-joaquin-confirma-la-ruta-cdmx-chetumal-de-viva-aerobus\/","twitter_card":"summary_large_image","twitter_title":"Carlos Joaqu\u00edn confirma la ruta CDMX-Chetumal de Viva Aerobus - Nitu - Noticias de la Industria Turistica","twitter_description":"El gobernador de Quintana Roo, Carlos Joaqu\u00edn Gonz\u00e1lez, particip\u00f3 esta ma\u00f1ana en el anuncio de la nueva ruta de Viva Aerobus, CDMX-Chetumal, que iniciar\u00e1 operaciones el d\u00eda 12 de noviembre, con cuatro frecuencias se\u00f1ales los lunes, jueves, viernes y domingo. Esta nueva ruta impulsar\u00e1 el turismo en la zona sur de Quintana Roo, pues adem\u00e1s [&hellip;]","twitter_image":"https:\/\/nitu.mx\/wp-content\/uploads\/2020\/09\/Viva-Aerobus-CDMX-Chetumal.jpg","twitter_creator":"@NITUmx","twitter_site":"@Arturo_Medina_G","twitter_misc":{"Escrito por":"Guadalupe Sixto","Tiempo de lectura":"2 minutos"},"schema":{"@context":"https:\/\/schema.org","@graph":[{"@type":"Article","@id":"https:\/\/nitu.mx\/index.php\/2020\/09\/21\/carlos-joaquin-confirma-la-ruta-cdmx-chetumal-de-viva-aerobus\/#article","isPartOf":{"@id":"https:\/\/nitu.mx\/index.php\/2020\/09\/21\/carlos-joaquin-confirma-la-ruta-cdmx-chetumal-de-viva-aerobus\/"},"author":{"name":"Guadalupe Sixto","@id":"https:\/\/nitu.mx\/#\/schema\/person\/3df3082b5e46037e3f13614d28ee0b77"},"headline":"Carlos Joaqu\u00edn confirma la ruta CDMX-Chetumal de Viva Aerobus","datePublished":"2020-09-21T23:56:46+00:00","dateModified":"2020-09-22T05:44:48+00:00","mainEntityOfPage":{"@id":"https:\/\/nitu.mx\/index.php\/2020\/09\/21\/carlos-joaquin-confirma-la-ruta-cdmx-chetumal-de-viva-aerobus\/"},"wordCount":462,"commentCount":0,"publisher":{"@id":"https:\/\/nitu.mx\/#\/schema\/person\/ae7a53426417292d3dd07b45a33e01bc"},"image":{"@id":"https:\/\/nitu.mx\/index.php\/2020\/09\/21\/carlos-joaquin-confirma-la-ruta-cdmx-chetumal-de-viva-aerobus\/#primaryimage"},"thumbnailUrl":"https:\/\/nitu.mx\/wp-content\/uploads\/2020\/09\/Viva-Aerobus-CDMX-Chetumal.jpg","keywords":["Carlos Joaqu\u00edn","CDMX","Chetumal","CPTQ","Dar\u00edo Flota","Juan Carlos Zuazua","Viva Aerobus"],"articleSection":["Aerol\u00edneas"],"inLanguage":"es-MX","potentialAction":[{"@type":"CommentAction","name":"Comment","target":["https:\/\/nitu.mx\/index.php\/2020\/09\/21\/carlos-joaquin-confirma-la-ruta-cdmx-chetumal-de-viva-aerobus\/#respond"]}]},{"@type":"WebPage","@id":"https:\/\/nitu.mx\/index.php\/2020\/09\/21\/carlos-joaquin-confirma-la-ruta-cdmx-chetumal-de-viva-aerobus\/","url":"https:\/\/nitu.mx\/index.php\/2020\/09\/21\/carlos-joaquin-confirma-la-ruta-cdmx-chetumal-de-viva-aerobus\/","name":"Carlos Joaqu\u00edn confirma la ruta CDMX-Chetumal de Viva Aerobus - Nitu - Noticias de la Industria Turistica","isPartOf":{"@id":"https:\/\/nitu.mx\/#website"},"primaryImageOfPage":{"@id":"https:\/\/nitu.mx\/index.php\/2020\/09\/21\/carlos-joaquin-confirma-la-ruta-cdmx-chetumal-de-viva-aerobus\/#primaryimage"},"image":{"@id":"https:\/\/nitu.mx\/index.php\/2020\/09\/21\/carlos-joaquin-confirma-la-ruta-cdmx-chetumal-de-viva-aerobus\/#primaryimage"},"thumbnailUrl":"https:\/\/nitu.mx\/wp-content\/uploads\/2020\/09\/Viva-Aerobus-CDMX-Chetumal.jpg","datePublished":"2020-09-21T23:56:46+00:00","dateModified":"2020-09-22T05:44:48+00:00","breadcrumb":{"@id":"https:\/\/nitu.mx\/index.php\/2020\/09\/21\/carlos-joaquin-confirma-la-ruta-cdmx-chetumal-de-viva-aerobus\/#breadcrumb"},"inLanguage":"es-MX","potentialAction":[{"@type":"ReadAction","target":["https:\/\/nitu.mx\/index.php\/2020\/09\/21\/carlos-joaquin-confirma-la-ruta-cdmx-chetumal-de-viva-aerobus\/"]}]},{"@type":"ImageObject","inLanguage":"es-MX","@id":"https:\/\/nitu.mx\/index.php\/2020\/09\/21\/carlos-joaquin-confirma-la-ruta-cdmx-chetumal-de-viva-aerobus\/#primaryimage","url":"https:\/\/nitu.mx\/wp-content\/uploads\/2020\/09\/Viva-Aerobus-CDMX-Chetumal.jpg","contentUrl":"https:\/\/nitu.mx\/wp-content\/uploads\/2020\/09\/Viva-Aerobus-CDMX-Chetumal.jpg","width":1200,"height":675,"caption":"Chetumal Viva Aerobus"},{"@type":"BreadcrumbList","@id":"https:\/\/nitu.mx\/index.php\/2020\/09\/21\/carlos-joaquin-confirma-la-ruta-cdmx-chetumal-de-viva-aerobus\/#breadcrumb","itemListElement":[{"@type":"ListItem","position":1,"name":"Inicio","item":"https:\/\/nitu.mx\/"},{"@type":"ListItem","position":2,"name":"Carlos Joaqu\u00edn confirma la ruta CDMX-Chetumal de Viva Aerobus"}]},{"@type":"WebSite","@id":"https:\/\/nitu.mx\/#website","url":"https:\/\/nitu.mx\/","name":"Nitu - Noticias de la Industria Turistica","description":"Noticias de la Industria Turistica","publisher":{"@id":"https:\/\/nitu.mx\/#\/schema\/person\/ae7a53426417292d3dd07b45a33e01bc"},"alternateName":"Noticias de la Industria Turistica","potentialAction":[{"@type":"SearchAction","target":{"@type":"EntryPoint","urlTemplate":"https:\/\/nitu.mx\/?s={search_term_string}"},"query-input":"required name=search_term_string"}],"inLanguage":"es-MX"},{"@type":["Person","Organization"],"@id":"https:\/\/nitu.mx\/#\/schema\/person\/ae7a53426417292d3dd07b45a33e01bc","name":"Arturo Medina","image":{"@type":"ImageObject","inLanguage":"es-MX","@id":"https:\/\/nitu.mx\/#\/schema\/person\/image\/","url":"https:\/\/nitu.mx\/wp-content\/uploads\/2024\/04\/4A315622-1904-4D5C-B022-878CDC840E04-90x90-1.jpeg","contentUrl":"https:\/\/nitu.mx\/wp-content\/uploads\/2024\/04\/4A315622-1904-4D5C-B022-878CDC840E04-90x90-1.jpeg","width":90,"height":90,"caption":"Arturo Medina"},"logo":{"@id":"https:\/\/nitu.mx\/#\/schema\/person\/image\/"},"description":"Director NITU.mx, Egresado de la Escuela de Periodismo Carlos Septi\u00e9n Garc\u00eda. Periodista y analista especializado en turismo desde hace 35 a\u00f1os, radicado en Canc\u00fan Q.Roo. arturo@nitu.mx","sameAs":["https:\/\/nitu.mx","https:\/\/www.facebook.com\/NITUmx\/","medinacancun","https:\/\/twitter.com\/@Arturo_Medina_G"]},{"@type":"Person","@id":"https:\/\/nitu.mx\/#\/schema\/person\/3df3082b5e46037e3f13614d28ee0b77","name":"Guadalupe Sixto","image":{"@type":"ImageObject","inLanguage":"es-MX","@id":"https:\/\/nitu.mx\/#\/schema\/person\/image\/","url":"https:\/\/secure.gravatar.com\/avatar\/13914e1b0e1919e91f9539de4dc584c4?s=96&d=mm&r=g","contentUrl":"https:\/\/secure.gravatar.com\/avatar\/13914e1b0e1919e91f9539de4dc584c4?s=96&d=mm&r=g","caption":"Guadalupe Sixto"},"url":"https:\/\/nitu.mx\/index.php\/author\/gsixto\/"}]}},"views":363,"_links":{"self":[{"href":"https:\/\/nitu.mx\/index.php\/wp-json\/wp\/v2\/posts\/46509"}],"collection":[{"href":"https:\/\/nitu.mx\/index.php\/wp-json\/wp\/v2\/posts"}],"about":[{"href":"https:\/\/nitu.mx\/index.php\/wp-json\/wp\/v2\/types\/post"}],"author":[{"embeddable":true,"href":"https:\/\/nitu.mx\/index.php\/wp-json\/wp\/v2\/users\/18"}],"replies":[{"embeddable":true,"href":"https:\/\/nitu.mx\/index.php\/wp-json\/wp\/v2\/comments?post=46509"}],"version-history":[{"count":3,"href":"https:\/\/nitu.mx\/index.php\/wp-json\/wp\/v2\/posts\/46509\/revisions"}],"predecessor-version":[{"id":46514,"href":"https:\/\/nitu.mx\/index.php\/wp-json\/wp\/v2\/posts\/46509\/revisions\/46514"}],"wp:featuredmedia":[{"embeddable":true,"href":"https:\/\/nitu.mx\/index.php\/wp-json\/wp\/v2\/media\/46512"}],"wp:attachment":[{"href":"https:\/\/nitu.mx\/index.php\/wp-json\/wp\/v2\/media?parent=46509"}],"wp:term":[{"taxonomy":"category","embeddable":true,"href":"https:\/\/nitu.mx\/index.php\/wp-json\/wp\/v2\/categories?post=46509"},{"taxonomy":"post_tag","embeddable":true,"href":"https:\/\/nitu.mx\/index.php\/wp-json\/wp\/v2\/tags?post=46509"}],"curies":[{"name":"wp","href":"https:\/\/api.w.org\/{rel}","templated":true}]}}