{"id":46401,"date":"2020-09-17T17:49:45","date_gmt":"2020-09-17T22:49:45","guid":{"rendered":"https:\/\/www.dev.nitu.mx\/?p=46401"},"modified":"2020-09-18T01:10:48","modified_gmt":"2020-09-18T06:10:48","slug":"aeromexico-incrementara-casi-30-vuelos-internacionales-en-octubre","status":"publish","type":"post","link":"https:\/\/nitu.mx\/index.php\/2020\/09\/17\/aeromexico-incrementara-casi-30-vuelos-internacionales-en-octubre\/","title":{"rendered":"Aerom\u00e9xico incrementar\u00e1 casi 30% vuelos internacionales en octubre"},"content":{"rendered":"\n<p>Aerom\u00e9xico anunci\u00f3 que en octubre operar\u00e1 cerca de 30 por ciento m\u00e1s vuelos internacionales, comparados con los de septiembre, con lo que llegar\u00e1 a 28 destinos en Estados Unidos, Canad\u00e1, Centro y Sudam\u00e9rica, el Caribe, Europa y Asia.<\/p>\n\n\n\n<p>La aerol\u00ednea bandera de M\u00e9xico inform\u00f3 que las rutas internacionales que reanudar\u00e1n su servicio a partir del 1 de octubre ser\u00e1n San Jos\u00e9 con tres vuelos semanales, Buenos Aires con dos, Bogot\u00e1 con cinco frecuencias, y de Guadalajara a San Francisco con tres vuelos por semana.<\/p>\n\n\n\n<p>El 2 de octubre, Aerom\u00e9xico reanuda la ruta a Medell\u00edn, a Guatemala el d\u00eda 3 y a Lima, Per\u00fa para el 16 de octubre, todas estas con tres frecuencias semanales.<\/p>\n\n\n\n<p>La compa\u00f1\u00eda a\u00e9rea tambi\u00e9n notific\u00f3 las rutas internacionales que ver\u00e1n incremento de frecuencias el pr\u00f3ximo mes. Desde el 1 de octubre, a Par\u00eds y Quito ofrecer\u00e1 cinco vuelos semanales, seis a Sao Paulo, Brasil y 10 a Miami, Florida, en Estados Unidos.<\/p>\n\n\n\n<p>A partir del 5 de octubre pasa de tres a cuatro vuelos semanales a Santo Domingo, el 6 de octubre cuatro frecuencias en la ruta Guadalajara-Sacramento. El vuelo a Se\u00fal, Corea del Sur tendr\u00e1 tres frecuencias por semana desde el d\u00eda 7 de octubre.<\/p>\n\n\n\n<p>En t\u00e9rminos de oferta de asientos por kil\u00f3metro (ASK) Aerom\u00e9xico tendr\u00e1 un aumento de 31 por ciento en octubre, respecto a septiembre, con las adecuaciones anunciadas.<\/p>\n\n\n\n<p>La l\u00ednea a\u00e9rea ofrecer\u00e1 cerca de mil 100 vuelos internacionales, de los 9 mil 300 programados para octubre, con los que llegar\u00e1 a alrededor de 70 destinos nacionales e internacionales. (<a href=\"https:\/\/www.dev.nitu.mx\/index.php\/2020\/09\/16\/aeromexico-solicita-modificar-arrendamiento-de-72-de-sus-aviones\/\">Aerom\u00e9xico solicita modificar arrendamiento de 72 de sus aviones<\/a>)<\/p>\n","protected":false},"excerpt":{"rendered":"<p>Aerom\u00e9xico anunci\u00f3 que en octubre operar\u00e1 cerca de 30 por ciento m\u00e1s vuelos internacionales, comparados con los de septiembre, con lo que llegar\u00e1 a 28 destinos en Estados Unidos, Canad\u00e1, Centro y Sudam\u00e9rica, el Caribe, Europa y Asia. La aerol\u00ednea bandera de M\u00e9xico inform\u00f3 que las rutas internacionales que reanudar\u00e1n su servicio a partir del [&hellip;]<\/p>\n","protected":false},"author":18,"featured_media":29995,"comment_status":"open","ping_status":"open","sticky":false,"template":"","format":"standard","meta":{"footnotes":""},"categories":[29],"tags":[30,587,490,10612],"yoast_head":"<!-- This site is optimized with the Yoast SEO plugin v22.2 - https:\/\/yoast.com\/wordpress\/plugins\/seo\/ -->\n<title>Aerom\u00e9xico incrementar\u00e1 casi 30% vuelos internacionales en octubre - Nitu - Noticias de la Industria Turistica<\/title>\n<meta name=\"robots\" content=\"index, follow, max-snippet:-1, max-image-preview:large, max-video-preview:-1\" \/>\n<link rel=\"canonical\" href=\"https:\/\/nitu.mx\/index.php\/2020\/09\/17\/aeromexico-incrementara-casi-30-vuelos-internacionales-en-octubre\/\" \/>\n<meta name=\"twitter:card\" content=\"summary_large_image\" \/>\n<meta name=\"twitter:title\" content=\"Aerom\u00e9xico incrementar\u00e1 casi 30% vuelos internacionales en octubre - Nitu - Noticias de la Industria Turistica\" \/>\n<meta name=\"twitter:description\" content=\"Aerom\u00e9xico anunci\u00f3 que en octubre operar\u00e1 cerca de 30 por ciento m\u00e1s vuelos internacionales, comparados con los de septiembre, con lo que llegar\u00e1 a 28 destinos en Estados Unidos, Canad\u00e1, Centro y Sudam\u00e9rica, el Caribe, Europa y Asia. La aerol\u00ednea bandera de M\u00e9xico inform\u00f3 que las rutas internacionales que reanudar\u00e1n su servicio a partir del [&hellip;]\" \/>\n<meta name=\"twitter:image\" content=\"https:\/\/nitu.mx\/wp-content\/uploads\/2019\/03\/aeromexico-737-MAX.jpg\" \/>\n<meta name=\"twitter:creator\" content=\"@NITUmx\" \/>\n<meta name=\"twitter:site\" content=\"@Arturo_Medina_G\" \/>\n<meta name=\"twitter:label1\" content=\"Escrito por\" \/>\n\t<meta name=\"twitter:data1\" content=\"Guadalupe Sixto\" \/>\n\t<meta name=\"twitter:label2\" content=\"Tiempo de lectura\" \/>\n\t<meta name=\"twitter:data2\" content=\"1 minuto\" \/>\n<script type=\"application\/ld+json\" class=\"yoast-schema-graph\">{\"@context\":\"https:\/\/schema.org\",\"@graph\":[{\"@type\":\"Article\",\"@id\":\"https:\/\/nitu.mx\/index.php\/2020\/09\/17\/aeromexico-incrementara-casi-30-vuelos-internacionales-en-octubre\/#article\",\"isPartOf\":{\"@id\":\"https:\/\/nitu.mx\/index.php\/2020\/09\/17\/aeromexico-incrementara-casi-30-vuelos-internacionales-en-octubre\/\"},\"author\":{\"name\":\"Guadalupe Sixto\",\"@id\":\"https:\/\/nitu.mx\/#\/schema\/person\/3df3082b5e46037e3f13614d28ee0b77\"},\"headline\":\"Aerom\u00e9xico incrementar\u00e1 casi 30% vuelos internacionales en octubre\",\"datePublished\":\"2020-09-17T22:49:45+00:00\",\"dateModified\":\"2020-09-18T06:10:48+00:00\",\"mainEntityOfPage\":{\"@id\":\"https:\/\/nitu.mx\/index.php\/2020\/09\/17\/aeromexico-incrementara-casi-30-vuelos-internacionales-en-octubre\/\"},\"wordCount\":280,\"commentCount\":0,\"publisher\":{\"@id\":\"https:\/\/nitu.mx\/#\/schema\/person\/ae7a53426417292d3dd07b45a33e01bc\"},\"image\":{\"@id\":\"https:\/\/nitu.mx\/index.php\/2020\/09\/17\/aeromexico-incrementara-casi-30-vuelos-internacionales-en-octubre\/#primaryimage\"},\"thumbnailUrl\":\"https:\/\/nitu.mx\/wp-content\/uploads\/2019\/03\/aeromexico-737-MAX.jpg\",\"keywords\":[\"Aerom\u00e9xico\",\"CDMX\",\"Guadalajara\",\"rutas internacionales\"],\"articleSection\":[\"Aerol\u00edneas\"],\"inLanguage\":\"es-MX\",\"potentialAction\":[{\"@type\":\"CommentAction\",\"name\":\"Comment\",\"target\":[\"https:\/\/nitu.mx\/index.php\/2020\/09\/17\/aeromexico-incrementara-casi-30-vuelos-internacionales-en-octubre\/#respond\"]}]},{\"@type\":\"WebPage\",\"@id\":\"https:\/\/nitu.mx\/index.php\/2020\/09\/17\/aeromexico-incrementara-casi-30-vuelos-internacionales-en-octubre\/\",\"url\":\"https:\/\/nitu.mx\/index.php\/2020\/09\/17\/aeromexico-incrementara-casi-30-vuelos-internacionales-en-octubre\/\",\"name\":\"Aerom\u00e9xico incrementar\u00e1 casi 30% vuelos internacionales en octubre - Nitu - Noticias de la Industria Turistica\",\"isPartOf\":{\"@id\":\"https:\/\/nitu.mx\/#website\"},\"primaryImageOfPage\":{\"@id\":\"https:\/\/nitu.mx\/index.php\/2020\/09\/17\/aeromexico-incrementara-casi-30-vuelos-internacionales-en-octubre\/#primaryimage\"},\"image\":{\"@id\":\"https:\/\/nitu.mx\/index.php\/2020\/09\/17\/aeromexico-incrementara-casi-30-vuelos-internacionales-en-octubre\/#primaryimage\"},\"thumbnailUrl\":\"https:\/\/nitu.mx\/wp-content\/uploads\/2019\/03\/aeromexico-737-MAX.jpg\",\"datePublished\":\"2020-09-17T22:49:45+00:00\",\"dateModified\":\"2020-09-18T06:10:48+00:00\",\"breadcrumb\":{\"@id\":\"https:\/\/nitu.mx\/index.php\/2020\/09\/17\/aeromexico-incrementara-casi-30-vuelos-internacionales-en-octubre\/#breadcrumb\"},\"inLanguage\":\"es-MX\",\"potentialAction\":[{\"@type\":\"ReadAction\",\"target\":[\"https:\/\/nitu.mx\/index.php\/2020\/09\/17\/aeromexico-incrementara-casi-30-vuelos-internacionales-en-octubre\/\"]}]},{\"@type\":\"ImageObject\",\"inLanguage\":\"es-MX\",\"@id\":\"https:\/\/nitu.mx\/index.php\/2020\/09\/17\/aeromexico-incrementara-casi-30-vuelos-internacionales-en-octubre\/#primaryimage\",\"url\":\"https:\/\/nitu.mx\/wp-content\/uploads\/2019\/03\/aeromexico-737-MAX.jpg\",\"contentUrl\":\"https:\/\/nitu.mx\/wp-content\/uploads\/2019\/03\/aeromexico-737-MAX.jpg\",\"width\":850,\"height\":480,\"caption\":\"aeromexico 737 MAX izzi\"},{\"@type\":\"BreadcrumbList\",\"@id\":\"https:\/\/nitu.mx\/index.php\/2020\/09\/17\/aeromexico-incrementara-casi-30-vuelos-internacionales-en-octubre\/#breadcrumb\",\"itemListElement\":[{\"@type\":\"ListItem\",\"position\":1,\"name\":\"Inicio\",\"item\":\"https:\/\/nitu.mx\/\"},{\"@type\":\"ListItem\",\"position\":2,\"name\":\"Aerom\u00e9xico incrementar\u00e1 casi 30% vuelos internacionales en octubre\"}]},{\"@type\":\"WebSite\",\"@id\":\"https:\/\/nitu.mx\/#website\",\"url\":\"https:\/\/nitu.mx\/\",\"name\":\"Nitu - Noticias de la Industria Turistica\",\"description\":\"Noticias de la Industria Turistica\",\"publisher\":{\"@id\":\"https:\/\/nitu.mx\/#\/schema\/person\/ae7a53426417292d3dd07b45a33e01bc\"},\"alternateName\":\"Noticias de la Industria Turistica\",\"potentialAction\":[{\"@type\":\"SearchAction\",\"target\":{\"@type\":\"EntryPoint\",\"urlTemplate\":\"https:\/\/nitu.mx\/?s={search_term_string}\"},\"query-input\":\"required name=search_term_string\"}],\"inLanguage\":\"es-MX\"},{\"@type\":[\"Person\",\"Organization\"],\"@id\":\"https:\/\/nitu.mx\/#\/schema\/person\/ae7a53426417292d3dd07b45a33e01bc\",\"name\":\"Arturo Medina\",\"image\":{\"@type\":\"ImageObject\",\"inLanguage\":\"es-MX\",\"@id\":\"https:\/\/nitu.mx\/#\/schema\/person\/image\/\",\"url\":\"https:\/\/nitu.mx\/wp-content\/uploads\/2024\/04\/4A315622-1904-4D5C-B022-878CDC840E04-90x90-1.jpeg\",\"contentUrl\":\"https:\/\/nitu.mx\/wp-content\/uploads\/2024\/04\/4A315622-1904-4D5C-B022-878CDC840E04-90x90-1.jpeg\",\"width\":90,\"height\":90,\"caption\":\"Arturo Medina\"},\"logo\":{\"@id\":\"https:\/\/nitu.mx\/#\/schema\/person\/image\/\"},\"description\":\"Director NITU.mx, Egresado de la Escuela de Periodismo Carlos Septi\u00e9n Garc\u00eda. Periodista y analista especializado en turismo desde hace 35 a\u00f1os, radicado en Canc\u00fan Q.Roo. arturo@nitu.mx\",\"sameAs\":[\"https:\/\/nitu.mx\",\"https:\/\/www.facebook.com\/NITUmx\/\",\"medinacancun\",\"https:\/\/twitter.com\/@Arturo_Medina_G\"]},{\"@type\":\"Person\",\"@id\":\"https:\/\/nitu.mx\/#\/schema\/person\/3df3082b5e46037e3f13614d28ee0b77\",\"name\":\"Guadalupe Sixto\",\"image\":{\"@type\":\"ImageObject\",\"inLanguage\":\"es-MX\",\"@id\":\"https:\/\/nitu.mx\/#\/schema\/person\/image\/\",\"url\":\"https:\/\/secure.gravatar.com\/avatar\/13914e1b0e1919e91f9539de4dc584c4?s=96&d=mm&r=g\",\"contentUrl\":\"https:\/\/secure.gravatar.com\/avatar\/13914e1b0e1919e91f9539de4dc584c4?s=96&d=mm&r=g\",\"caption\":\"Guadalupe Sixto\"},\"url\":\"https:\/\/nitu.mx\/index.php\/author\/gsixto\/\"}]}<\/script>\n<!-- \/ Yoast SEO plugin. -->","yoast_head_json":{"title":"Aerom\u00e9xico incrementar\u00e1 casi 30% vuelos internacionales en octubre - Nitu - Noticias de la Industria Turistica","robots":{"index":"index","follow":"follow","max-snippet":"max-snippet:-1","max-image-preview":"max-image-preview:large","max-video-preview":"max-video-preview:-1"},"canonical":"https:\/\/nitu.mx\/index.php\/2020\/09\/17\/aeromexico-incrementara-casi-30-vuelos-internacionales-en-octubre\/","twitter_card":"summary_large_image","twitter_title":"Aerom\u00e9xico incrementar\u00e1 casi 30% vuelos internacionales en octubre - Nitu - Noticias de la Industria Turistica","twitter_description":"Aerom\u00e9xico anunci\u00f3 que en octubre operar\u00e1 cerca de 30 por ciento m\u00e1s vuelos internacionales, comparados con los de septiembre, con lo que llegar\u00e1 a 28 destinos en Estados Unidos, Canad\u00e1, Centro y Sudam\u00e9rica, el Caribe, Europa y Asia. La aerol\u00ednea bandera de M\u00e9xico inform\u00f3 que las rutas internacionales que reanudar\u00e1n su servicio a partir del [&hellip;]","twitter_image":"https:\/\/nitu.mx\/wp-content\/uploads\/2019\/03\/aeromexico-737-MAX.jpg","twitter_creator":"@NITUmx","twitter_site":"@Arturo_Medina_G","twitter_misc":{"Escrito por":"Guadalupe Sixto","Tiempo de lectura":"1 minuto"},"schema":{"@context":"https:\/\/schema.org","@graph":[{"@type":"Article","@id":"https:\/\/nitu.mx\/index.php\/2020\/09\/17\/aeromexico-incrementara-casi-30-vuelos-internacionales-en-octubre\/#article","isPartOf":{"@id":"https:\/\/nitu.mx\/index.php\/2020\/09\/17\/aeromexico-incrementara-casi-30-vuelos-internacionales-en-octubre\/"},"author":{"name":"Guadalupe Sixto","@id":"https:\/\/nitu.mx\/#\/schema\/person\/3df3082b5e46037e3f13614d28ee0b77"},"headline":"Aerom\u00e9xico incrementar\u00e1 casi 30% vuelos internacionales en octubre","datePublished":"2020-09-17T22:49:45+00:00","dateModified":"2020-09-18T06:10:48+00:00","mainEntityOfPage":{"@id":"https:\/\/nitu.mx\/index.php\/2020\/09\/17\/aeromexico-incrementara-casi-30-vuelos-internacionales-en-octubre\/"},"wordCount":280,"commentCount":0,"publisher":{"@id":"https:\/\/nitu.mx\/#\/schema\/person\/ae7a53426417292d3dd07b45a33e01bc"},"image":{"@id":"https:\/\/nitu.mx\/index.php\/2020\/09\/17\/aeromexico-incrementara-casi-30-vuelos-internacionales-en-octubre\/#primaryimage"},"thumbnailUrl":"https:\/\/nitu.mx\/wp-content\/uploads\/2019\/03\/aeromexico-737-MAX.jpg","keywords":["Aerom\u00e9xico","CDMX","Guadalajara","rutas internacionales"],"articleSection":["Aerol\u00edneas"],"inLanguage":"es-MX","potentialAction":[{"@type":"CommentAction","name":"Comment","target":["https:\/\/nitu.mx\/index.php\/2020\/09\/17\/aeromexico-incrementara-casi-30-vuelos-internacionales-en-octubre\/#respond"]}]},{"@type":"WebPage","@id":"https:\/\/nitu.mx\/index.php\/2020\/09\/17\/aeromexico-incrementara-casi-30-vuelos-internacionales-en-octubre\/","url":"https:\/\/nitu.mx\/index.php\/2020\/09\/17\/aeromexico-incrementara-casi-30-vuelos-internacionales-en-octubre\/","name":"Aerom\u00e9xico incrementar\u00e1 casi 30% vuelos internacionales en octubre - Nitu - Noticias de la Industria Turistica","isPartOf":{"@id":"https:\/\/nitu.mx\/#website"},"primaryImageOfPage":{"@id":"https:\/\/nitu.mx\/index.php\/2020\/09\/17\/aeromexico-incrementara-casi-30-vuelos-internacionales-en-octubre\/#primaryimage"},"image":{"@id":"https:\/\/nitu.mx\/index.php\/2020\/09\/17\/aeromexico-incrementara-casi-30-vuelos-internacionales-en-octubre\/#primaryimage"},"thumbnailUrl":"https:\/\/nitu.mx\/wp-content\/uploads\/2019\/03\/aeromexico-737-MAX.jpg","datePublished":"2020-09-17T22:49:45+00:00","dateModified":"2020-09-18T06:10:48+00:00","breadcrumb":{"@id":"https:\/\/nitu.mx\/index.php\/2020\/09\/17\/aeromexico-incrementara-casi-30-vuelos-internacionales-en-octubre\/#breadcrumb"},"inLanguage":"es-MX","potentialAction":[{"@type":"ReadAction","target":["https:\/\/nitu.mx\/index.php\/2020\/09\/17\/aeromexico-incrementara-casi-30-vuelos-internacionales-en-octubre\/"]}]},{"@type":"ImageObject","inLanguage":"es-MX","@id":"https:\/\/nitu.mx\/index.php\/2020\/09\/17\/aeromexico-incrementara-casi-30-vuelos-internacionales-en-octubre\/#primaryimage","url":"https:\/\/nitu.mx\/wp-content\/uploads\/2019\/03\/aeromexico-737-MAX.jpg","contentUrl":"https:\/\/nitu.mx\/wp-content\/uploads\/2019\/03\/aeromexico-737-MAX.jpg","width":850,"height":480,"caption":"aeromexico 737 MAX izzi"},{"@type":"BreadcrumbList","@id":"https:\/\/nitu.mx\/index.php\/2020\/09\/17\/aeromexico-incrementara-casi-30-vuelos-internacionales-en-octubre\/#breadcrumb","itemListElement":[{"@type":"ListItem","position":1,"name":"Inicio","item":"https:\/\/nitu.mx\/"},{"@type":"ListItem","position":2,"name":"Aerom\u00e9xico incrementar\u00e1 casi 30% vuelos internacionales en octubre"}]},{"@type":"WebSite","@id":"https:\/\/nitu.mx\/#website","url":"https:\/\/nitu.mx\/","name":"Nitu - Noticias de la Industria Turistica","description":"Noticias de la Industria Turistica","publisher":{"@id":"https:\/\/nitu.mx\/#\/schema\/person\/ae7a53426417292d3dd07b45a33e01bc"},"alternateName":"Noticias de la Industria Turistica","potentialAction":[{"@type":"SearchAction","target":{"@type":"EntryPoint","urlTemplate":"https:\/\/nitu.mx\/?s={search_term_string}"},"query-input":"required name=search_term_string"}],"inLanguage":"es-MX"},{"@type":["Person","Organization"],"@id":"https:\/\/nitu.mx\/#\/schema\/person\/ae7a53426417292d3dd07b45a33e01bc","name":"Arturo Medina","image":{"@type":"ImageObject","inLanguage":"es-MX","@id":"https:\/\/nitu.mx\/#\/schema\/person\/image\/","url":"https:\/\/nitu.mx\/wp-content\/uploads\/2024\/04\/4A315622-1904-4D5C-B022-878CDC840E04-90x90-1.jpeg","contentUrl":"https:\/\/nitu.mx\/wp-content\/uploads\/2024\/04\/4A315622-1904-4D5C-B022-878CDC840E04-90x90-1.jpeg","width":90,"height":90,"caption":"Arturo Medina"},"logo":{"@id":"https:\/\/nitu.mx\/#\/schema\/person\/image\/"},"description":"Director NITU.mx, Egresado de la Escuela de Periodismo Carlos Septi\u00e9n Garc\u00eda. Periodista y analista especializado en turismo desde hace 35 a\u00f1os, radicado en Canc\u00fan Q.Roo. arturo@nitu.mx","sameAs":["https:\/\/nitu.mx","https:\/\/www.facebook.com\/NITUmx\/","medinacancun","https:\/\/twitter.com\/@Arturo_Medina_G"]},{"@type":"Person","@id":"https:\/\/nitu.mx\/#\/schema\/person\/3df3082b5e46037e3f13614d28ee0b77","name":"Guadalupe Sixto","image":{"@type":"ImageObject","inLanguage":"es-MX","@id":"https:\/\/nitu.mx\/#\/schema\/person\/image\/","url":"https:\/\/secure.gravatar.com\/avatar\/13914e1b0e1919e91f9539de4dc584c4?s=96&d=mm&r=g","contentUrl":"https:\/\/secure.gravatar.com\/avatar\/13914e1b0e1919e91f9539de4dc584c4?s=96&d=mm&r=g","caption":"Guadalupe Sixto"},"url":"https:\/\/nitu.mx\/index.php\/author\/gsixto\/"}]}},"views":356,"_links":{"self":[{"href":"https:\/\/nitu.mx\/index.php\/wp-json\/wp\/v2\/posts\/46401"}],"collection":[{"href":"https:\/\/nitu.mx\/index.php\/wp-json\/wp\/v2\/posts"}],"about":[{"href":"https:\/\/nitu.mx\/index.php\/wp-json\/wp\/v2\/types\/post"}],"author":[{"embeddable":true,"href":"https:\/\/nitu.mx\/index.php\/wp-json\/wp\/v2\/users\/18"}],"replies":[{"embeddable":true,"href":"https:\/\/nitu.mx\/index.php\/wp-json\/wp\/v2\/comments?post=46401"}],"version-history":[{"count":2,"href":"https:\/\/nitu.mx\/index.php\/wp-json\/wp\/v2\/posts\/46401\/revisions"}],"predecessor-version":[{"id":46405,"href":"https:\/\/nitu.mx\/index.php\/wp-json\/wp\/v2\/posts\/46401\/revisions\/46405"}],"wp:featuredmedia":[{"embeddable":true,"href":"https:\/\/nitu.mx\/index.php\/wp-json\/wp\/v2\/media\/29995"}],"wp:attachment":[{"href":"https:\/\/nitu.mx\/index.php\/wp-json\/wp\/v2\/media?parent=46401"}],"wp:term":[{"taxonomy":"category","embeddable":true,"href":"https:\/\/nitu.mx\/index.php\/wp-json\/wp\/v2\/categories?post=46401"},{"taxonomy":"post_tag","embeddable":true,"href":"https:\/\/nitu.mx\/index.php\/wp-json\/wp\/v2\/tags?post=46401"}],"curies":[{"name":"wp","href":"https:\/\/api.w.org\/{rel}","templated":true}]}}