{"id":46375,"date":"2020-09-16T23:30:40","date_gmt":"2020-09-17T04:30:40","guid":{"rendered":"https:\/\/www.dev.nitu.mx\/?p=46375"},"modified":"2020-09-17T00:35:11","modified_gmt":"2020-09-17T05:35:11","slug":"caida-del-turismo-europeo-afecta-hoteles-en-la-riviera-maya","status":"publish","type":"post","link":"https:\/\/nitu.mx\/index.php\/2020\/09\/16\/caida-del-turismo-europeo-afecta-hoteles-en-la-riviera-maya\/","title":{"rendered":"Ca\u00edda del turismo europeo afecta hoteles en la Riviera Maya"},"content":{"rendered":"\n<p>La ca\u00edda del turismo europeo afecta a los hoteles en las estancias promedio, al ser el mercado que llega por tiempo m\u00e1s prolongado, lo que golpea sobre todo a la Riviera Maya que mantiene una ocupaci\u00f3n de 23%.<\/p>\n\n\n\n<p>Dario Flota Ocampo, director del Consejo de Promoci\u00f3n Turistica de Quintana Roo (CPTQ), coment\u00f3 que esperan que a partir de octubre el mercado levante con tres vuelos que est\u00e1n programados desde Europa; sin embargo, esto a\u00fan es incierto, por lo que estar\u00e1n llegando vacacionistas con estancias de entre tres a seis d\u00edas que tendr\u00e1 hasta 5 puntos abajo en las reservaciones a Canc\u00fan para los pr\u00f3ximos meses.<\/p>\n\n\n\n<p>\u201cNos informaron que Suiza sac\u00f3 de la lista de restricci\u00f3n de viajes a M\u00e9xico, y a partir de ello la aerol\u00ednea Edelweiss comenzar\u00e1 con una frecuencia a partir de octubre hacia el aeropuerto de Canc\u00fan, lo cual es positivo para el Caribe Mexicano. El vuelo se suma al de AirFrance, desde Par\u00eds que llegar\u00eda en octubre y estamos a la espera de Evelop, que si bien arrancar\u00eda desde agosto, decidieron posponerlo hasta que la situaci\u00f3n mejore\u201d, agreg\u00f3.<\/p>\n\n\n\n<p>Ser\u00e1 un vuelo semanal desde Suiza durante octubre y para noviembre estiman incrementarlo a dos. Con esto esperan ir recuperando la confianza de las aerol\u00edneas que no la han pasado nada bien.<\/p>\n\n\n\n<p>Hasta julio, los destinos de Quintana Roo dejaron de recibir 4.5 millones de viajeros, muchos de estos provenientes de Europa, un mercado que esperan recuperar antes de que finalice el 2020, y que una vez que comiencen los vuelos, los turistas tengan el deseo de viajar. (<a href=\"https:\/\/www.dev.nitu.mx\/index.php\/2020\/09\/08\/hoteleros-de-riviera-maya-optimistas-por-semaforo-amarillo\/\">Hoteleros de Riviera Maya optimistas por sem\u00e1foro amarillo<\/a>).<\/p>\n\n\n\n<p>Por ahora mantiene el CPTQ detenidas las campa\u00f1as de promoci\u00f3n tur\u00edstica hacia estos pa\u00edses del viejo continente, para cuando est\u00e9n m\u00e1s cerca su apertura puedan atraer a los visitantes y dar un respiro a la Riviera Maya.<\/p>\n\n\n\n<p>Los casos de Covid-19 en Europa siguen al alza e incluso para el invierno se prev\u00e9 un rebrote, por lo que en el tema del turismo est\u00e1n atentos a las restricciones y avance de la pandemia. (Novedades Quintana Roo).<\/p>\n","protected":false},"excerpt":{"rendered":"<p>La ca\u00edda del turismo europeo afecta a los hoteles en las estancias promedio, al ser el mercado que llega por tiempo m\u00e1s prolongado, lo que golpea sobre todo a la Riviera Maya que mantiene una ocupaci\u00f3n de 23%. Dario Flota Ocampo, director del Consejo de Promoci\u00f3n Turistica de Quintana Roo (CPTQ), coment\u00f3 que esperan que [&hellip;]<\/p>\n","protected":false},"author":17,"featured_media":25316,"comment_status":"open","ping_status":"open","sticky":false,"template":"","format":"standard","meta":{"footnotes":""},"categories":[18475,2],"tags":[20646,3591,80,17486],"yoast_head":"<!-- This site is optimized with the Yoast SEO plugin v22.2 - https:\/\/yoast.com\/wordpress\/plugins\/seo\/ -->\n<title>Ca\u00edda del turismo europeo afecta hoteles en la Riviera Maya - Nitu - Noticias de la Industria Turistica<\/title>\n<meta name=\"robots\" content=\"index, follow, max-snippet:-1, max-image-preview:large, max-video-preview:-1\" \/>\n<link rel=\"canonical\" href=\"https:\/\/nitu.mx\/index.php\/2020\/09\/16\/caida-del-turismo-europeo-afecta-hoteles-en-la-riviera-maya\/\" \/>\n<meta name=\"twitter:card\" content=\"summary_large_image\" \/>\n<meta name=\"twitter:title\" content=\"Ca\u00edda del turismo europeo afecta hoteles en la Riviera Maya - Nitu - Noticias de la Industria Turistica\" \/>\n<meta name=\"twitter:description\" content=\"La ca\u00edda del turismo europeo afecta a los hoteles en las estancias promedio, al ser el mercado que llega por tiempo m\u00e1s prolongado, lo que golpea sobre todo a la Riviera Maya que mantiene una ocupaci\u00f3n de 23%. Dario Flota Ocampo, director del Consejo de Promoci\u00f3n Turistica de Quintana Roo (CPTQ), coment\u00f3 que esperan que [&hellip;]\" \/>\n<meta name=\"twitter:image\" content=\"https:\/\/nitu.mx\/wp-content\/uploads\/2018\/10\/riviera-maya.jpg\" \/>\n<meta name=\"twitter:creator\" content=\"@NITUmx\" \/>\n<meta name=\"twitter:site\" content=\"@Arturo_Medina_G\" \/>\n<meta name=\"twitter:label1\" content=\"Escrito por\" \/>\n\t<meta name=\"twitter:data1\" content=\"Redacci\u00f3n\" \/>\n\t<meta name=\"twitter:label2\" content=\"Tiempo de lectura\" \/>\n\t<meta name=\"twitter:data2\" content=\"2 minutos\" \/>\n<script type=\"application\/ld+json\" class=\"yoast-schema-graph\">{\"@context\":\"https:\/\/schema.org\",\"@graph\":[{\"@type\":\"Article\",\"@id\":\"https:\/\/nitu.mx\/index.php\/2020\/09\/16\/caida-del-turismo-europeo-afecta-hoteles-en-la-riviera-maya\/#article\",\"isPartOf\":{\"@id\":\"https:\/\/nitu.mx\/index.php\/2020\/09\/16\/caida-del-turismo-europeo-afecta-hoteles-en-la-riviera-maya\/\"},\"author\":{\"name\":\"Redacci\u00f3n\",\"@id\":\"https:\/\/nitu.mx\/#\/schema\/person\/4a28fe9bd65924f7c90623773daf1b0b\"},\"headline\":\"Ca\u00edda del turismo europeo afecta hoteles en la Riviera Maya\",\"datePublished\":\"2020-09-17T04:30:40+00:00\",\"dateModified\":\"2020-09-17T05:35:11+00:00\",\"mainEntityOfPage\":{\"@id\":\"https:\/\/nitu.mx\/index.php\/2020\/09\/16\/caida-del-turismo-europeo-afecta-hoteles-en-la-riviera-maya\/\"},\"wordCount\":378,\"commentCount\":0,\"publisher\":{\"@id\":\"https:\/\/nitu.mx\/#\/schema\/person\/ae7a53426417292d3dd07b45a33e01bc\"},\"image\":{\"@id\":\"https:\/\/nitu.mx\/index.php\/2020\/09\/16\/caida-del-turismo-europeo-afecta-hoteles-en-la-riviera-maya\/#primaryimage\"},\"thumbnailUrl\":\"https:\/\/nitu.mx\/wp-content\/uploads\/2018\/10\/riviera-maya.jpg\",\"keywords\":[\"Ca\u00edda\",\"Hoteles\",\"Riviera Maya\",\"turismo europeo\"],\"articleSection\":[\"Caribe Mexicano\",\"Hoteles\"],\"inLanguage\":\"es-MX\",\"potentialAction\":[{\"@type\":\"CommentAction\",\"name\":\"Comment\",\"target\":[\"https:\/\/nitu.mx\/index.php\/2020\/09\/16\/caida-del-turismo-europeo-afecta-hoteles-en-la-riviera-maya\/#respond\"]}]},{\"@type\":\"WebPage\",\"@id\":\"https:\/\/nitu.mx\/index.php\/2020\/09\/16\/caida-del-turismo-europeo-afecta-hoteles-en-la-riviera-maya\/\",\"url\":\"https:\/\/nitu.mx\/index.php\/2020\/09\/16\/caida-del-turismo-europeo-afecta-hoteles-en-la-riviera-maya\/\",\"name\":\"Ca\u00edda del turismo europeo afecta hoteles en la Riviera Maya - Nitu - Noticias de la Industria Turistica\",\"isPartOf\":{\"@id\":\"https:\/\/nitu.mx\/#website\"},\"primaryImageOfPage\":{\"@id\":\"https:\/\/nitu.mx\/index.php\/2020\/09\/16\/caida-del-turismo-europeo-afecta-hoteles-en-la-riviera-maya\/#primaryimage\"},\"image\":{\"@id\":\"https:\/\/nitu.mx\/index.php\/2020\/09\/16\/caida-del-turismo-europeo-afecta-hoteles-en-la-riviera-maya\/#primaryimage\"},\"thumbnailUrl\":\"https:\/\/nitu.mx\/wp-content\/uploads\/2018\/10\/riviera-maya.jpg\",\"datePublished\":\"2020-09-17T04:30:40+00:00\",\"dateModified\":\"2020-09-17T05:35:11+00:00\",\"breadcrumb\":{\"@id\":\"https:\/\/nitu.mx\/index.php\/2020\/09\/16\/caida-del-turismo-europeo-afecta-hoteles-en-la-riviera-maya\/#breadcrumb\"},\"inLanguage\":\"es-MX\",\"potentialAction\":[{\"@type\":\"ReadAction\",\"target\":[\"https:\/\/nitu.mx\/index.php\/2020\/09\/16\/caida-del-turismo-europeo-afecta-hoteles-en-la-riviera-maya\/\"]}]},{\"@type\":\"ImageObject\",\"inLanguage\":\"es-MX\",\"@id\":\"https:\/\/nitu.mx\/index.php\/2020\/09\/16\/caida-del-turismo-europeo-afecta-hoteles-en-la-riviera-maya\/#primaryimage\",\"url\":\"https:\/\/nitu.mx\/wp-content\/uploads\/2018\/10\/riviera-maya.jpg\",\"contentUrl\":\"https:\/\/nitu.mx\/wp-content\/uploads\/2018\/10\/riviera-maya.jpg\",\"width\":850,\"height\":480,\"caption\":\"riviera maya\"},{\"@type\":\"BreadcrumbList\",\"@id\":\"https:\/\/nitu.mx\/index.php\/2020\/09\/16\/caida-del-turismo-europeo-afecta-hoteles-en-la-riviera-maya\/#breadcrumb\",\"itemListElement\":[{\"@type\":\"ListItem\",\"position\":1,\"name\":\"Inicio\",\"item\":\"https:\/\/nitu.mx\/\"},{\"@type\":\"ListItem\",\"position\":2,\"name\":\"Ca\u00edda del turismo europeo afecta hoteles en la Riviera Maya\"}]},{\"@type\":\"WebSite\",\"@id\":\"https:\/\/nitu.mx\/#website\",\"url\":\"https:\/\/nitu.mx\/\",\"name\":\"Nitu - Noticias de la Industria Turistica\",\"description\":\"Noticias de la Industria Turistica\",\"publisher\":{\"@id\":\"https:\/\/nitu.mx\/#\/schema\/person\/ae7a53426417292d3dd07b45a33e01bc\"},\"alternateName\":\"Noticias de la Industria Turistica\",\"potentialAction\":[{\"@type\":\"SearchAction\",\"target\":{\"@type\":\"EntryPoint\",\"urlTemplate\":\"https:\/\/nitu.mx\/?s={search_term_string}\"},\"query-input\":\"required name=search_term_string\"}],\"inLanguage\":\"es-MX\"},{\"@type\":[\"Person\",\"Organization\"],\"@id\":\"https:\/\/nitu.mx\/#\/schema\/person\/ae7a53426417292d3dd07b45a33e01bc\",\"name\":\"Arturo Medina\",\"image\":{\"@type\":\"ImageObject\",\"inLanguage\":\"es-MX\",\"@id\":\"https:\/\/nitu.mx\/#\/schema\/person\/image\/\",\"url\":\"https:\/\/nitu.mx\/wp-content\/uploads\/2024\/04\/4A315622-1904-4D5C-B022-878CDC840E04-90x90-1.jpeg\",\"contentUrl\":\"https:\/\/nitu.mx\/wp-content\/uploads\/2024\/04\/4A315622-1904-4D5C-B022-878CDC840E04-90x90-1.jpeg\",\"width\":90,\"height\":90,\"caption\":\"Arturo Medina\"},\"logo\":{\"@id\":\"https:\/\/nitu.mx\/#\/schema\/person\/image\/\"},\"description\":\"Director NITU.mx, Egresado de la Escuela de Periodismo Carlos Septi\u00e9n Garc\u00eda. Periodista y analista especializado en turismo desde hace 35 a\u00f1os, radicado en Canc\u00fan Q.Roo. arturo@nitu.mx\",\"sameAs\":[\"https:\/\/nitu.mx\",\"https:\/\/www.facebook.com\/NITUmx\/\",\"medinacancun\",\"https:\/\/twitter.com\/@Arturo_Medina_G\"]},{\"@type\":\"Person\",\"@id\":\"https:\/\/nitu.mx\/#\/schema\/person\/4a28fe9bd65924f7c90623773daf1b0b\",\"name\":\"Redacci\u00f3n\",\"image\":{\"@type\":\"ImageObject\",\"inLanguage\":\"es-MX\",\"@id\":\"https:\/\/nitu.mx\/#\/schema\/person\/image\/\",\"url\":\"https:\/\/secure.gravatar.com\/avatar\/5dd011c8ccfc5cd7e4c81e42252aab38?s=96&d=mm&r=g\",\"contentUrl\":\"https:\/\/secure.gravatar.com\/avatar\/5dd011c8ccfc5cd7e4c81e42252aab38?s=96&d=mm&r=g\",\"caption\":\"Redacci\u00f3n\"},\"url\":\"https:\/\/nitu.mx\/index.php\/author\/redaccion\/\"}]}<\/script>\n<!-- \/ Yoast SEO plugin. -->","yoast_head_json":{"title":"Ca\u00edda del turismo europeo afecta hoteles en la Riviera Maya - Nitu - Noticias de la Industria Turistica","robots":{"index":"index","follow":"follow","max-snippet":"max-snippet:-1","max-image-preview":"max-image-preview:large","max-video-preview":"max-video-preview:-1"},"canonical":"https:\/\/nitu.mx\/index.php\/2020\/09\/16\/caida-del-turismo-europeo-afecta-hoteles-en-la-riviera-maya\/","twitter_card":"summary_large_image","twitter_title":"Ca\u00edda del turismo europeo afecta hoteles en la Riviera Maya - Nitu - Noticias de la Industria Turistica","twitter_description":"La ca\u00edda del turismo europeo afecta a los hoteles en las estancias promedio, al ser el mercado que llega por tiempo m\u00e1s prolongado, lo que golpea sobre todo a la Riviera Maya que mantiene una ocupaci\u00f3n de 23%. Dario Flota Ocampo, director del Consejo de Promoci\u00f3n Turistica de Quintana Roo (CPTQ), coment\u00f3 que esperan que [&hellip;]","twitter_image":"https:\/\/nitu.mx\/wp-content\/uploads\/2018\/10\/riviera-maya.jpg","twitter_creator":"@NITUmx","twitter_site":"@Arturo_Medina_G","twitter_misc":{"Escrito por":"Redacci\u00f3n","Tiempo de lectura":"2 minutos"},"schema":{"@context":"https:\/\/schema.org","@graph":[{"@type":"Article","@id":"https:\/\/nitu.mx\/index.php\/2020\/09\/16\/caida-del-turismo-europeo-afecta-hoteles-en-la-riviera-maya\/#article","isPartOf":{"@id":"https:\/\/nitu.mx\/index.php\/2020\/09\/16\/caida-del-turismo-europeo-afecta-hoteles-en-la-riviera-maya\/"},"author":{"name":"Redacci\u00f3n","@id":"https:\/\/nitu.mx\/#\/schema\/person\/4a28fe9bd65924f7c90623773daf1b0b"},"headline":"Ca\u00edda del turismo europeo afecta hoteles en la Riviera Maya","datePublished":"2020-09-17T04:30:40+00:00","dateModified":"2020-09-17T05:35:11+00:00","mainEntityOfPage":{"@id":"https:\/\/nitu.mx\/index.php\/2020\/09\/16\/caida-del-turismo-europeo-afecta-hoteles-en-la-riviera-maya\/"},"wordCount":378,"commentCount":0,"publisher":{"@id":"https:\/\/nitu.mx\/#\/schema\/person\/ae7a53426417292d3dd07b45a33e01bc"},"image":{"@id":"https:\/\/nitu.mx\/index.php\/2020\/09\/16\/caida-del-turismo-europeo-afecta-hoteles-en-la-riviera-maya\/#primaryimage"},"thumbnailUrl":"https:\/\/nitu.mx\/wp-content\/uploads\/2018\/10\/riviera-maya.jpg","keywords":["Ca\u00edda","Hoteles","Riviera Maya","turismo europeo"],"articleSection":["Caribe Mexicano","Hoteles"],"inLanguage":"es-MX","potentialAction":[{"@type":"CommentAction","name":"Comment","target":["https:\/\/nitu.mx\/index.php\/2020\/09\/16\/caida-del-turismo-europeo-afecta-hoteles-en-la-riviera-maya\/#respond"]}]},{"@type":"WebPage","@id":"https:\/\/nitu.mx\/index.php\/2020\/09\/16\/caida-del-turismo-europeo-afecta-hoteles-en-la-riviera-maya\/","url":"https:\/\/nitu.mx\/index.php\/2020\/09\/16\/caida-del-turismo-europeo-afecta-hoteles-en-la-riviera-maya\/","name":"Ca\u00edda del turismo europeo afecta hoteles en la Riviera Maya - Nitu - Noticias de la Industria Turistica","isPartOf":{"@id":"https:\/\/nitu.mx\/#website"},"primaryImageOfPage":{"@id":"https:\/\/nitu.mx\/index.php\/2020\/09\/16\/caida-del-turismo-europeo-afecta-hoteles-en-la-riviera-maya\/#primaryimage"},"image":{"@id":"https:\/\/nitu.mx\/index.php\/2020\/09\/16\/caida-del-turismo-europeo-afecta-hoteles-en-la-riviera-maya\/#primaryimage"},"thumbnailUrl":"https:\/\/nitu.mx\/wp-content\/uploads\/2018\/10\/riviera-maya.jpg","datePublished":"2020-09-17T04:30:40+00:00","dateModified":"2020-09-17T05:35:11+00:00","breadcrumb":{"@id":"https:\/\/nitu.mx\/index.php\/2020\/09\/16\/caida-del-turismo-europeo-afecta-hoteles-en-la-riviera-maya\/#breadcrumb"},"inLanguage":"es-MX","potentialAction":[{"@type":"ReadAction","target":["https:\/\/nitu.mx\/index.php\/2020\/09\/16\/caida-del-turismo-europeo-afecta-hoteles-en-la-riviera-maya\/"]}]},{"@type":"ImageObject","inLanguage":"es-MX","@id":"https:\/\/nitu.mx\/index.php\/2020\/09\/16\/caida-del-turismo-europeo-afecta-hoteles-en-la-riviera-maya\/#primaryimage","url":"https:\/\/nitu.mx\/wp-content\/uploads\/2018\/10\/riviera-maya.jpg","contentUrl":"https:\/\/nitu.mx\/wp-content\/uploads\/2018\/10\/riviera-maya.jpg","width":850,"height":480,"caption":"riviera maya"},{"@type":"BreadcrumbList","@id":"https:\/\/nitu.mx\/index.php\/2020\/09\/16\/caida-del-turismo-europeo-afecta-hoteles-en-la-riviera-maya\/#breadcrumb","itemListElement":[{"@type":"ListItem","position":1,"name":"Inicio","item":"https:\/\/nitu.mx\/"},{"@type":"ListItem","position":2,"name":"Ca\u00edda del turismo europeo afecta hoteles en la Riviera Maya"}]},{"@type":"WebSite","@id":"https:\/\/nitu.mx\/#website","url":"https:\/\/nitu.mx\/","name":"Nitu - Noticias de la Industria Turistica","description":"Noticias de la Industria Turistica","publisher":{"@id":"https:\/\/nitu.mx\/#\/schema\/person\/ae7a53426417292d3dd07b45a33e01bc"},"alternateName":"Noticias de la Industria Turistica","potentialAction":[{"@type":"SearchAction","target":{"@type":"EntryPoint","urlTemplate":"https:\/\/nitu.mx\/?s={search_term_string}"},"query-input":"required name=search_term_string"}],"inLanguage":"es-MX"},{"@type":["Person","Organization"],"@id":"https:\/\/nitu.mx\/#\/schema\/person\/ae7a53426417292d3dd07b45a33e01bc","name":"Arturo Medina","image":{"@type":"ImageObject","inLanguage":"es-MX","@id":"https:\/\/nitu.mx\/#\/schema\/person\/image\/","url":"https:\/\/nitu.mx\/wp-content\/uploads\/2024\/04\/4A315622-1904-4D5C-B022-878CDC840E04-90x90-1.jpeg","contentUrl":"https:\/\/nitu.mx\/wp-content\/uploads\/2024\/04\/4A315622-1904-4D5C-B022-878CDC840E04-90x90-1.jpeg","width":90,"height":90,"caption":"Arturo Medina"},"logo":{"@id":"https:\/\/nitu.mx\/#\/schema\/person\/image\/"},"description":"Director NITU.mx, Egresado de la Escuela de Periodismo Carlos Septi\u00e9n Garc\u00eda. Periodista y analista especializado en turismo desde hace 35 a\u00f1os, radicado en Canc\u00fan Q.Roo. arturo@nitu.mx","sameAs":["https:\/\/nitu.mx","https:\/\/www.facebook.com\/NITUmx\/","medinacancun","https:\/\/twitter.com\/@Arturo_Medina_G"]},{"@type":"Person","@id":"https:\/\/nitu.mx\/#\/schema\/person\/4a28fe9bd65924f7c90623773daf1b0b","name":"Redacci\u00f3n","image":{"@type":"ImageObject","inLanguage":"es-MX","@id":"https:\/\/nitu.mx\/#\/schema\/person\/image\/","url":"https:\/\/secure.gravatar.com\/avatar\/5dd011c8ccfc5cd7e4c81e42252aab38?s=96&d=mm&r=g","contentUrl":"https:\/\/secure.gravatar.com\/avatar\/5dd011c8ccfc5cd7e4c81e42252aab38?s=96&d=mm&r=g","caption":"Redacci\u00f3n"},"url":"https:\/\/nitu.mx\/index.php\/author\/redaccion\/"}]}},"views":333,"_links":{"self":[{"href":"https:\/\/nitu.mx\/index.php\/wp-json\/wp\/v2\/posts\/46375"}],"collection":[{"href":"https:\/\/nitu.mx\/index.php\/wp-json\/wp\/v2\/posts"}],"about":[{"href":"https:\/\/nitu.mx\/index.php\/wp-json\/wp\/v2\/types\/post"}],"author":[{"embeddable":true,"href":"https:\/\/nitu.mx\/index.php\/wp-json\/wp\/v2\/users\/17"}],"replies":[{"embeddable":true,"href":"https:\/\/nitu.mx\/index.php\/wp-json\/wp\/v2\/comments?post=46375"}],"version-history":[{"count":3,"href":"https:\/\/nitu.mx\/index.php\/wp-json\/wp\/v2\/posts\/46375\/revisions"}],"predecessor-version":[{"id":46396,"href":"https:\/\/nitu.mx\/index.php\/wp-json\/wp\/v2\/posts\/46375\/revisions\/46396"}],"wp:featuredmedia":[{"embeddable":true,"href":"https:\/\/nitu.mx\/index.php\/wp-json\/wp\/v2\/media\/25316"}],"wp:attachment":[{"href":"https:\/\/nitu.mx\/index.php\/wp-json\/wp\/v2\/media?parent=46375"}],"wp:term":[{"taxonomy":"category","embeddable":true,"href":"https:\/\/nitu.mx\/index.php\/wp-json\/wp\/v2\/categories?post=46375"},{"taxonomy":"post_tag","embeddable":true,"href":"https:\/\/nitu.mx\/index.php\/wp-json\/wp\/v2\/tags?post=46375"}],"curies":[{"name":"wp","href":"https:\/\/api.w.org\/{rel}","templated":true}]}}