{"id":46368,"date":"2020-09-16T23:14:50","date_gmt":"2020-09-17T04:14:50","guid":{"rendered":"https:\/\/www.dev.nitu.mx\/?p=46368"},"modified":"2020-09-17T00:56:50","modified_gmt":"2020-09-17T05:56:50","slug":"aeromexico-solicita-modificar-arrendamiento-de-72-de-sus-aviones","status":"publish","type":"post","link":"https:\/\/nitu.mx\/index.php\/2020\/09\/16\/aeromexico-solicita-modificar-arrendamiento-de-72-de-sus-aviones\/","title":{"rendered":"Aerom\u00e9xico solicita modificar arrendamiento de 72 de sus aviones"},"content":{"rendered":"\n<p>Grupo Aerom\u00e9xico solicit\u00f3 este martes a la Corte del Distrito Sur de Nueva York autorizaci\u00f3n para modificar los contratos de arrendamiento de 72 aeronaves de su flota y pasar de una renta mensual por equipo a un pago de renta calculado por el uso de las aeronaves, es decir, pago por hora (o PBH, por sus siglas en ingl\u00e9s).<\/p>\n\n\n\n<p>\u201cLas estipulaciones generales se\u00f1alan que, si el equipo no es usado u operado, los Deudores (Grupo Aerom\u00e9xico) no pagar\u00e1n la renta pero, entre otras cosas, mantendr\u00e1n y guardar\u00e1n el equipo, asegurar\u00e1n el equipo y le dar\u00e1n las inspecciones necesarias al equipo.<\/p>\n\n\n\n<p>\u201cSi el equipo es usado u operado, los Deudores deber\u00e1n, entre otras cosas, pagar por el uso del equipo en una base de \u2018pago por hora\u2019\u201d, se\u00f1al\u00f3 Grupo Aerom\u00e9xico en un documento presentado ante la Corte del Distrito Sur de Nueva York, en el marco de su reorganizaci\u00f3n financiera bajo el Cap\u00edtulo 11 de la Ley de Quiebras de Estados Unidos.<\/p>\n\n\n\n<p>Asimismo, la aerol\u00ednea del caballero \u00e1guila remarc\u00f3 que en los meses pasados, ha rechazado los contratos de arrendamiento de 19 aeronaves, y se\u00f1al\u00f3 que \u201cprobablemente tenga que replicar esta acci\u00f3n m\u00e1s adelante en el futuro\u201d.<\/p>\n\n\n\n<p>En orden para continuar con las operaciones del negocio de forma ordinaria y considerar todas las necesidades futuras de la flota, los Deudores necesitan la flexibilidad para utilizar todas sus aeronaves en sus actuales rutas operativas\u201d, asever\u00f3 la compa\u00f1\u00eda.<\/p>\n\n\n\n<p>Un acuerdo PBH no es algo extra\u00f1o dentro de la aviaci\u00f3n comercial. Es un contrato que permite manejar los costos de una manera m\u00e1s efectiva, de acuerdo con la empresa especializada AJW.<\/p>\n\n\n\n<p>Grupo Aerom\u00e9xico planea modificar los contratos de 22 aeronaves Boeing 737-800 (actualmente tiene 34 aviones de este modelo); tres Boeing 737 MAX 8 (de seis que posee y est\u00e1n en tierra desde marzo de 2019); siete Boeing 787-8 Dreamliner (de nueve); ocho Boeing 787-9 Dreamliner (de diez) y 32 Embraer E190 (de 47 que posee).<\/p>\n\n\n\n<p>Estas 72 aeronaves est\u00e1n arrendadas con 19 empresas arrendadoras, entre las que se incluyen GECAS, Avolon, Wells Fargo, Aercap y otras. (<a href=\"https:\/\/www.dev.nitu.mx\/index.php\/2020\/09\/11\/aeromexico-confia-en-su-propia-fortaleza-y-en-la-del-mercado-turistico\/\">Aerom\u00e9xico conf\u00eda en su propia fortaleza y en la del mercado tur\u00edstico<\/a>).<\/p>\n\n\n\n<p>En meses pasados, Aerom\u00e9xico rechaz\u00f3 los contratos de arrendamiento de 19 aeronaves: cinco Boeing 737-800, cinco Boeing 737-700 y nueve Embraer E170. De tal forma, redujo su flota a 105 aeronaves (a finales de 2019 contaba con 125 unidades). Finalmente, cabe se\u00f1alar que Grupo Aerom\u00e9xico posee un total de 22 aeronaves. (El Economista).<\/p>\n","protected":false},"excerpt":{"rendered":"<p>Grupo Aerom\u00e9xico solicit\u00f3 este martes a la Corte del Distrito Sur de Nueva York autorizaci\u00f3n para modificar los contratos de arrendamiento de 72 aeronaves de su flota y pasar de una renta mensual por equipo a un pago de renta calculado por el uso de las aeronaves, es decir, pago por hora (o PBH, por [&hellip;]<\/p>\n","protected":false},"author":17,"featured_media":7029,"comment_status":"open","ping_status":"open","sticky":false,"template":"","format":"standard","meta":{"footnotes":""},"categories":[29,374],"tags":[3735,30,20641],"yoast_head":"<!-- This site is optimized with the Yoast SEO plugin v22.2 - https:\/\/yoast.com\/wordpress\/plugins\/seo\/ -->\n<title>Aerom\u00e9xico solicita modificar arrendamiento de 72 de sus aviones - Nitu - Noticias de la Industria Turistica<\/title>\n<meta name=\"robots\" content=\"index, follow, max-snippet:-1, max-image-preview:large, max-video-preview:-1\" \/>\n<link rel=\"canonical\" href=\"https:\/\/nitu.mx\/index.php\/2020\/09\/16\/aeromexico-solicita-modificar-arrendamiento-de-72-de-sus-aviones\/\" \/>\n<meta name=\"twitter:card\" content=\"summary_large_image\" \/>\n<meta name=\"twitter:title\" content=\"Aerom\u00e9xico solicita modificar arrendamiento de 72 de sus aviones - Nitu - Noticias de la Industria Turistica\" \/>\n<meta name=\"twitter:description\" content=\"Grupo Aerom\u00e9xico solicit\u00f3 este martes a la Corte del Distrito Sur de Nueva York autorizaci\u00f3n para modificar los contratos de arrendamiento de 72 aeronaves de su flota y pasar de una renta mensual por equipo a un pago de renta calculado por el uso de las aeronaves, es decir, pago por hora (o PBH, por [&hellip;]\" \/>\n<meta name=\"twitter:image\" content=\"https:\/\/nitu.mx\/wp-content\/uploads\/2017\/02\/aeromexico-tarifas.jpg\" \/>\n<meta name=\"twitter:creator\" content=\"@NITUmx\" \/>\n<meta name=\"twitter:site\" content=\"@Arturo_Medina_G\" \/>\n<meta name=\"twitter:label1\" content=\"Escrito por\" \/>\n\t<meta name=\"twitter:data1\" content=\"Redacci\u00f3n\" \/>\n\t<meta name=\"twitter:label2\" content=\"Tiempo de lectura\" \/>\n\t<meta name=\"twitter:data2\" content=\"2 minutos\" \/>\n<script type=\"application\/ld+json\" class=\"yoast-schema-graph\">{\"@context\":\"https:\/\/schema.org\",\"@graph\":[{\"@type\":\"Article\",\"@id\":\"https:\/\/nitu.mx\/index.php\/2020\/09\/16\/aeromexico-solicita-modificar-arrendamiento-de-72-de-sus-aviones\/#article\",\"isPartOf\":{\"@id\":\"https:\/\/nitu.mx\/index.php\/2020\/09\/16\/aeromexico-solicita-modificar-arrendamiento-de-72-de-sus-aviones\/\"},\"author\":{\"name\":\"Redacci\u00f3n\",\"@id\":\"https:\/\/nitu.mx\/#\/schema\/person\/4a28fe9bd65924f7c90623773daf1b0b\"},\"headline\":\"Aerom\u00e9xico solicita modificar arrendamiento de 72 de sus aviones\",\"datePublished\":\"2020-09-17T04:14:50+00:00\",\"dateModified\":\"2020-09-17T05:56:50+00:00\",\"mainEntityOfPage\":{\"@id\":\"https:\/\/nitu.mx\/index.php\/2020\/09\/16\/aeromexico-solicita-modificar-arrendamiento-de-72-de-sus-aviones\/\"},\"wordCount\":432,\"commentCount\":0,\"publisher\":{\"@id\":\"https:\/\/nitu.mx\/#\/schema\/person\/ae7a53426417292d3dd07b45a33e01bc\"},\"image\":{\"@id\":\"https:\/\/nitu.mx\/index.php\/2020\/09\/16\/aeromexico-solicita-modificar-arrendamiento-de-72-de-sus-aviones\/#primaryimage\"},\"thumbnailUrl\":\"https:\/\/nitu.mx\/wp-content\/uploads\/2017\/02\/aeromexico-tarifas.jpg\",\"keywords\":[\"Aerol\u00ednea\",\"Aerom\u00e9xico\",\"arrendamientos\"],\"articleSection\":[\"Aerol\u00edneas\",\"Internacional\"],\"inLanguage\":\"es-MX\",\"potentialAction\":[{\"@type\":\"CommentAction\",\"name\":\"Comment\",\"target\":[\"https:\/\/nitu.mx\/index.php\/2020\/09\/16\/aeromexico-solicita-modificar-arrendamiento-de-72-de-sus-aviones\/#respond\"]}]},{\"@type\":\"WebPage\",\"@id\":\"https:\/\/nitu.mx\/index.php\/2020\/09\/16\/aeromexico-solicita-modificar-arrendamiento-de-72-de-sus-aviones\/\",\"url\":\"https:\/\/nitu.mx\/index.php\/2020\/09\/16\/aeromexico-solicita-modificar-arrendamiento-de-72-de-sus-aviones\/\",\"name\":\"Aerom\u00e9xico solicita modificar arrendamiento de 72 de sus aviones - Nitu - Noticias de la Industria Turistica\",\"isPartOf\":{\"@id\":\"https:\/\/nitu.mx\/#website\"},\"primaryImageOfPage\":{\"@id\":\"https:\/\/nitu.mx\/index.php\/2020\/09\/16\/aeromexico-solicita-modificar-arrendamiento-de-72-de-sus-aviones\/#primaryimage\"},\"image\":{\"@id\":\"https:\/\/nitu.mx\/index.php\/2020\/09\/16\/aeromexico-solicita-modificar-arrendamiento-de-72-de-sus-aviones\/#primaryimage\"},\"thumbnailUrl\":\"https:\/\/nitu.mx\/wp-content\/uploads\/2017\/02\/aeromexico-tarifas.jpg\",\"datePublished\":\"2020-09-17T04:14:50+00:00\",\"dateModified\":\"2020-09-17T05:56:50+00:00\",\"breadcrumb\":{\"@id\":\"https:\/\/nitu.mx\/index.php\/2020\/09\/16\/aeromexico-solicita-modificar-arrendamiento-de-72-de-sus-aviones\/#breadcrumb\"},\"inLanguage\":\"es-MX\",\"potentialAction\":[{\"@type\":\"ReadAction\",\"target\":[\"https:\/\/nitu.mx\/index.php\/2020\/09\/16\/aeromexico-solicita-modificar-arrendamiento-de-72-de-sus-aviones\/\"]}]},{\"@type\":\"ImageObject\",\"inLanguage\":\"es-MX\",\"@id\":\"https:\/\/nitu.mx\/index.php\/2020\/09\/16\/aeromexico-solicita-modificar-arrendamiento-de-72-de-sus-aviones\/#primaryimage\",\"url\":\"https:\/\/nitu.mx\/wp-content\/uploads\/2017\/02\/aeromexico-tarifas.jpg\",\"contentUrl\":\"https:\/\/nitu.mx\/wp-content\/uploads\/2017\/02\/aeromexico-tarifas.jpg\",\"width\":850,\"height\":480,\"caption\":\"aeromexico\"},{\"@type\":\"BreadcrumbList\",\"@id\":\"https:\/\/nitu.mx\/index.php\/2020\/09\/16\/aeromexico-solicita-modificar-arrendamiento-de-72-de-sus-aviones\/#breadcrumb\",\"itemListElement\":[{\"@type\":\"ListItem\",\"position\":1,\"name\":\"Inicio\",\"item\":\"https:\/\/nitu.mx\/\"},{\"@type\":\"ListItem\",\"position\":2,\"name\":\"Aerom\u00e9xico solicita modificar arrendamiento de 72 de sus aviones\"}]},{\"@type\":\"WebSite\",\"@id\":\"https:\/\/nitu.mx\/#website\",\"url\":\"https:\/\/nitu.mx\/\",\"name\":\"Nitu - Noticias de la Industria Turistica\",\"description\":\"Noticias de la Industria Turistica\",\"publisher\":{\"@id\":\"https:\/\/nitu.mx\/#\/schema\/person\/ae7a53426417292d3dd07b45a33e01bc\"},\"alternateName\":\"Noticias de la Industria Turistica\",\"potentialAction\":[{\"@type\":\"SearchAction\",\"target\":{\"@type\":\"EntryPoint\",\"urlTemplate\":\"https:\/\/nitu.mx\/?s={search_term_string}\"},\"query-input\":\"required name=search_term_string\"}],\"inLanguage\":\"es-MX\"},{\"@type\":[\"Person\",\"Organization\"],\"@id\":\"https:\/\/nitu.mx\/#\/schema\/person\/ae7a53426417292d3dd07b45a33e01bc\",\"name\":\"Arturo Medina\",\"image\":{\"@type\":\"ImageObject\",\"inLanguage\":\"es-MX\",\"@id\":\"https:\/\/nitu.mx\/#\/schema\/person\/image\/\",\"url\":\"https:\/\/nitu.mx\/wp-content\/uploads\/2024\/04\/4A315622-1904-4D5C-B022-878CDC840E04-90x90-1.jpeg\",\"contentUrl\":\"https:\/\/nitu.mx\/wp-content\/uploads\/2024\/04\/4A315622-1904-4D5C-B022-878CDC840E04-90x90-1.jpeg\",\"width\":90,\"height\":90,\"caption\":\"Arturo Medina\"},\"logo\":{\"@id\":\"https:\/\/nitu.mx\/#\/schema\/person\/image\/\"},\"description\":\"Director NITU.mx, Egresado de la Escuela de Periodismo Carlos Septi\u00e9n Garc\u00eda. Periodista y analista especializado en turismo desde hace 35 a\u00f1os, radicado en Canc\u00fan Q.Roo. arturo@nitu.mx\",\"sameAs\":[\"https:\/\/nitu.mx\",\"https:\/\/www.facebook.com\/NITUmx\/\",\"medinacancun\",\"https:\/\/twitter.com\/@Arturo_Medina_G\"]},{\"@type\":\"Person\",\"@id\":\"https:\/\/nitu.mx\/#\/schema\/person\/4a28fe9bd65924f7c90623773daf1b0b\",\"name\":\"Redacci\u00f3n\",\"image\":{\"@type\":\"ImageObject\",\"inLanguage\":\"es-MX\",\"@id\":\"https:\/\/nitu.mx\/#\/schema\/person\/image\/\",\"url\":\"https:\/\/secure.gravatar.com\/avatar\/5dd011c8ccfc5cd7e4c81e42252aab38?s=96&d=mm&r=g\",\"contentUrl\":\"https:\/\/secure.gravatar.com\/avatar\/5dd011c8ccfc5cd7e4c81e42252aab38?s=96&d=mm&r=g\",\"caption\":\"Redacci\u00f3n\"},\"url\":\"https:\/\/nitu.mx\/index.php\/author\/redaccion\/\"}]}<\/script>\n<!-- \/ Yoast SEO plugin. -->","yoast_head_json":{"title":"Aerom\u00e9xico solicita modificar arrendamiento de 72 de sus aviones - Nitu - Noticias de la Industria Turistica","robots":{"index":"index","follow":"follow","max-snippet":"max-snippet:-1","max-image-preview":"max-image-preview:large","max-video-preview":"max-video-preview:-1"},"canonical":"https:\/\/nitu.mx\/index.php\/2020\/09\/16\/aeromexico-solicita-modificar-arrendamiento-de-72-de-sus-aviones\/","twitter_card":"summary_large_image","twitter_title":"Aerom\u00e9xico solicita modificar arrendamiento de 72 de sus aviones - Nitu - Noticias de la Industria Turistica","twitter_description":"Grupo Aerom\u00e9xico solicit\u00f3 este martes a la Corte del Distrito Sur de Nueva York autorizaci\u00f3n para modificar los contratos de arrendamiento de 72 aeronaves de su flota y pasar de una renta mensual por equipo a un pago de renta calculado por el uso de las aeronaves, es decir, pago por hora (o PBH, por [&hellip;]","twitter_image":"https:\/\/nitu.mx\/wp-content\/uploads\/2017\/02\/aeromexico-tarifas.jpg","twitter_creator":"@NITUmx","twitter_site":"@Arturo_Medina_G","twitter_misc":{"Escrito por":"Redacci\u00f3n","Tiempo de lectura":"2 minutos"},"schema":{"@context":"https:\/\/schema.org","@graph":[{"@type":"Article","@id":"https:\/\/nitu.mx\/index.php\/2020\/09\/16\/aeromexico-solicita-modificar-arrendamiento-de-72-de-sus-aviones\/#article","isPartOf":{"@id":"https:\/\/nitu.mx\/index.php\/2020\/09\/16\/aeromexico-solicita-modificar-arrendamiento-de-72-de-sus-aviones\/"},"author":{"name":"Redacci\u00f3n","@id":"https:\/\/nitu.mx\/#\/schema\/person\/4a28fe9bd65924f7c90623773daf1b0b"},"headline":"Aerom\u00e9xico solicita modificar arrendamiento de 72 de sus aviones","datePublished":"2020-09-17T04:14:50+00:00","dateModified":"2020-09-17T05:56:50+00:00","mainEntityOfPage":{"@id":"https:\/\/nitu.mx\/index.php\/2020\/09\/16\/aeromexico-solicita-modificar-arrendamiento-de-72-de-sus-aviones\/"},"wordCount":432,"commentCount":0,"publisher":{"@id":"https:\/\/nitu.mx\/#\/schema\/person\/ae7a53426417292d3dd07b45a33e01bc"},"image":{"@id":"https:\/\/nitu.mx\/index.php\/2020\/09\/16\/aeromexico-solicita-modificar-arrendamiento-de-72-de-sus-aviones\/#primaryimage"},"thumbnailUrl":"https:\/\/nitu.mx\/wp-content\/uploads\/2017\/02\/aeromexico-tarifas.jpg","keywords":["Aerol\u00ednea","Aerom\u00e9xico","arrendamientos"],"articleSection":["Aerol\u00edneas","Internacional"],"inLanguage":"es-MX","potentialAction":[{"@type":"CommentAction","name":"Comment","target":["https:\/\/nitu.mx\/index.php\/2020\/09\/16\/aeromexico-solicita-modificar-arrendamiento-de-72-de-sus-aviones\/#respond"]}]},{"@type":"WebPage","@id":"https:\/\/nitu.mx\/index.php\/2020\/09\/16\/aeromexico-solicita-modificar-arrendamiento-de-72-de-sus-aviones\/","url":"https:\/\/nitu.mx\/index.php\/2020\/09\/16\/aeromexico-solicita-modificar-arrendamiento-de-72-de-sus-aviones\/","name":"Aerom\u00e9xico solicita modificar arrendamiento de 72 de sus aviones - Nitu - Noticias de la Industria Turistica","isPartOf":{"@id":"https:\/\/nitu.mx\/#website"},"primaryImageOfPage":{"@id":"https:\/\/nitu.mx\/index.php\/2020\/09\/16\/aeromexico-solicita-modificar-arrendamiento-de-72-de-sus-aviones\/#primaryimage"},"image":{"@id":"https:\/\/nitu.mx\/index.php\/2020\/09\/16\/aeromexico-solicita-modificar-arrendamiento-de-72-de-sus-aviones\/#primaryimage"},"thumbnailUrl":"https:\/\/nitu.mx\/wp-content\/uploads\/2017\/02\/aeromexico-tarifas.jpg","datePublished":"2020-09-17T04:14:50+00:00","dateModified":"2020-09-17T05:56:50+00:00","breadcrumb":{"@id":"https:\/\/nitu.mx\/index.php\/2020\/09\/16\/aeromexico-solicita-modificar-arrendamiento-de-72-de-sus-aviones\/#breadcrumb"},"inLanguage":"es-MX","potentialAction":[{"@type":"ReadAction","target":["https:\/\/nitu.mx\/index.php\/2020\/09\/16\/aeromexico-solicita-modificar-arrendamiento-de-72-de-sus-aviones\/"]}]},{"@type":"ImageObject","inLanguage":"es-MX","@id":"https:\/\/nitu.mx\/index.php\/2020\/09\/16\/aeromexico-solicita-modificar-arrendamiento-de-72-de-sus-aviones\/#primaryimage","url":"https:\/\/nitu.mx\/wp-content\/uploads\/2017\/02\/aeromexico-tarifas.jpg","contentUrl":"https:\/\/nitu.mx\/wp-content\/uploads\/2017\/02\/aeromexico-tarifas.jpg","width":850,"height":480,"caption":"aeromexico"},{"@type":"BreadcrumbList","@id":"https:\/\/nitu.mx\/index.php\/2020\/09\/16\/aeromexico-solicita-modificar-arrendamiento-de-72-de-sus-aviones\/#breadcrumb","itemListElement":[{"@type":"ListItem","position":1,"name":"Inicio","item":"https:\/\/nitu.mx\/"},{"@type":"ListItem","position":2,"name":"Aerom\u00e9xico solicita modificar arrendamiento de 72 de sus aviones"}]},{"@type":"WebSite","@id":"https:\/\/nitu.mx\/#website","url":"https:\/\/nitu.mx\/","name":"Nitu - Noticias de la Industria Turistica","description":"Noticias de la Industria Turistica","publisher":{"@id":"https:\/\/nitu.mx\/#\/schema\/person\/ae7a53426417292d3dd07b45a33e01bc"},"alternateName":"Noticias de la Industria Turistica","potentialAction":[{"@type":"SearchAction","target":{"@type":"EntryPoint","urlTemplate":"https:\/\/nitu.mx\/?s={search_term_string}"},"query-input":"required name=search_term_string"}],"inLanguage":"es-MX"},{"@type":["Person","Organization"],"@id":"https:\/\/nitu.mx\/#\/schema\/person\/ae7a53426417292d3dd07b45a33e01bc","name":"Arturo Medina","image":{"@type":"ImageObject","inLanguage":"es-MX","@id":"https:\/\/nitu.mx\/#\/schema\/person\/image\/","url":"https:\/\/nitu.mx\/wp-content\/uploads\/2024\/04\/4A315622-1904-4D5C-B022-878CDC840E04-90x90-1.jpeg","contentUrl":"https:\/\/nitu.mx\/wp-content\/uploads\/2024\/04\/4A315622-1904-4D5C-B022-878CDC840E04-90x90-1.jpeg","width":90,"height":90,"caption":"Arturo Medina"},"logo":{"@id":"https:\/\/nitu.mx\/#\/schema\/person\/image\/"},"description":"Director NITU.mx, Egresado de la Escuela de Periodismo Carlos Septi\u00e9n Garc\u00eda. Periodista y analista especializado en turismo desde hace 35 a\u00f1os, radicado en Canc\u00fan Q.Roo. arturo@nitu.mx","sameAs":["https:\/\/nitu.mx","https:\/\/www.facebook.com\/NITUmx\/","medinacancun","https:\/\/twitter.com\/@Arturo_Medina_G"]},{"@type":"Person","@id":"https:\/\/nitu.mx\/#\/schema\/person\/4a28fe9bd65924f7c90623773daf1b0b","name":"Redacci\u00f3n","image":{"@type":"ImageObject","inLanguage":"es-MX","@id":"https:\/\/nitu.mx\/#\/schema\/person\/image\/","url":"https:\/\/secure.gravatar.com\/avatar\/5dd011c8ccfc5cd7e4c81e42252aab38?s=96&d=mm&r=g","contentUrl":"https:\/\/secure.gravatar.com\/avatar\/5dd011c8ccfc5cd7e4c81e42252aab38?s=96&d=mm&r=g","caption":"Redacci\u00f3n"},"url":"https:\/\/nitu.mx\/index.php\/author\/redaccion\/"}]}},"views":195,"_links":{"self":[{"href":"https:\/\/nitu.mx\/index.php\/wp-json\/wp\/v2\/posts\/46368"}],"collection":[{"href":"https:\/\/nitu.mx\/index.php\/wp-json\/wp\/v2\/posts"}],"about":[{"href":"https:\/\/nitu.mx\/index.php\/wp-json\/wp\/v2\/types\/post"}],"author":[{"embeddable":true,"href":"https:\/\/nitu.mx\/index.php\/wp-json\/wp\/v2\/users\/17"}],"replies":[{"embeddable":true,"href":"https:\/\/nitu.mx\/index.php\/wp-json\/wp\/v2\/comments?post=46368"}],"version-history":[{"count":3,"href":"https:\/\/nitu.mx\/index.php\/wp-json\/wp\/v2\/posts\/46368\/revisions"}],"predecessor-version":[{"id":46399,"href":"https:\/\/nitu.mx\/index.php\/wp-json\/wp\/v2\/posts\/46368\/revisions\/46399"}],"wp:featuredmedia":[{"embeddable":true,"href":"https:\/\/nitu.mx\/index.php\/wp-json\/wp\/v2\/media\/7029"}],"wp:attachment":[{"href":"https:\/\/nitu.mx\/index.php\/wp-json\/wp\/v2\/media?parent=46368"}],"wp:term":[{"taxonomy":"category","embeddable":true,"href":"https:\/\/nitu.mx\/index.php\/wp-json\/wp\/v2\/categories?post=46368"},{"taxonomy":"post_tag","embeddable":true,"href":"https:\/\/nitu.mx\/index.php\/wp-json\/wp\/v2\/tags?post=46368"}],"curies":[{"name":"wp","href":"https:\/\/api.w.org\/{rel}","templated":true}]}}