{"id":46355,"date":"2020-09-16T22:25:38","date_gmt":"2020-09-17T03:25:38","guid":{"rendered":"https:\/\/www.dev.nitu.mx\/?p=46355"},"modified":"2020-09-17T00:31:09","modified_gmt":"2020-09-17T05:31:09","slug":"quintana-roo-anuncia-nuevos-vuelos-en-rutas-nacionales-de-eu-y-europa","status":"publish","type":"post","link":"https:\/\/nitu.mx\/index.php\/2020\/09\/16\/quintana-roo-anuncia-nuevos-vuelos-en-rutas-nacionales-de-eu-y-europa\/","title":{"rendered":"Quintana Roo anuncia nuevos vuelos en rutas nacionales, de EU y Europa"},"content":{"rendered":"<p>Desde el pasado lunes 14 de septiembre todo Quintana Roo, se encuentra en sem\u00e1foro amarillo, lo que da pie a continuar de manera paulatina y responsable con la reactivaci\u00f3n tur\u00edstica, con una mayor capacidad en espacios p\u00fablicos y con la apertura de m\u00e1s establecimientos.<br \/>\nEs por ello que se permitir\u00e1 que en los hoteles se pueda operar hasta con el 60% de ocupaci\u00f3n, atrayendo un mayor n\u00famero de visitantes y nuevos vuelos en el estado.<\/p>\n<p>En los \u00faltimos d\u00edas se han confirmado la reanudaci\u00f3n de nuevos vuelos, nacionales, de Estados Unidos y de Europa.<\/p>\n<p>Al hablar de vuelos nacionales, se reactiv\u00f3 la ruta Guadalajara-Canc\u00fan-Guadalajara de Aerom\u00e9xico con una frecuencia semanal de 7 vuelos, desde la semana pasada y por parte de Viva Aerobus, retomar\u00e1 sus dos rutas Guadalajara y Ciudad de M\u00e9xico al Aeropuerto Internacional de Chetumal, a partir del 12 de noviembre del presente a\u00f1o. (<a title=\"Aerom\u00e9xico inaugura vuelo Guadalajara-Canc\u00fan\" href=\"https:\/\/www.dev.nitu.mx\/index.php\/2020\/09\/11\/aeromexico-inaugura-vuelo-guadalajara-cancun\/\" rel=\"bookmark\">Aerom\u00e9xico inaugura vuelo Guadalajara-Canc\u00fan<\/a>).<\/p>\n<p>En cuanto a los vuelos de Europa, el Comit\u00e9 de Aerol\u00edneas de Canc\u00fan, coment\u00f3 acerca de los siguientes nuevos vuelos, son los datos m\u00e1s recientes de estas aerol\u00edneas, pero la informaci\u00f3n est\u00e1 sujeta a cambios sin previo aviso, ya que hay algunos gobiernos como Francia y Gran Breta\u00f1a, que siguen tomando decisiones en cuanto a reactivaci\u00f3n de vuelos.<\/p>\n<ul>\n<li><span style=\"font-size: inherit;\">Lufthansa reanudar\u00e1 vuelos de Frankfurt \/ Canc\u00fan a partir del 1ero de octubre, operando jueves y s\u00e1bados.<\/span><\/li>\n<li>Edelweiss, retomar\u00e1 su vuelo directo de Z\u00farich (ZRH) -CUN, a partir del 3 de octubre con una frecuencia semanal.<\/li>\n<li>Airfrance, estima que reactivar\u00e1 sus vuelos, ruta Par\u00eds (CDG) \u2013CUN, en octubre con 3 vuelos semanales, en noviembre con 5 vuelos y en diciembre con un vuelo diario.<\/li>\n<li>Turkish Airlines, Estambul \u2013Canc\u00fan, retoma 2 vuelos semanales a partir de octubre.<\/li>\n<li>British Airlines, a partir de octubre a\u00fan por confirmar si seguir\u00e1 siendo Londres (LGW)-CUN.<\/li>\n<li>En cuanto a los vuelos a Madrid (MAD), se estima iniciar con la reactivaci\u00f3n, para el mes de diciembre con las siguientes aerol\u00edneas: WAMOS, EVELOP y AIREUROPE.<\/li>\n<li>En cuanto a Estados Unidos, Jet Blue, anunci\u00f3 la reactivaci\u00f3n de cuatro rutas, iniciando el 19 de noviembre de 2020, con dos 2 vuelos diarios para: EWR \u2013CUN y LAX \u2013CUN y con un vuelo diario de RDU- CUN y TPA- CUN.<\/li>\n<li>Alaska Airlines, empieza sus operaciones el 8 de octubre, con una frecuencia diaria a Seattle y a partir del 20 noviembre empieza con vuelos de San Diego y Portland.<\/li>\n<\/ul>\n","protected":false},"excerpt":{"rendered":"<p>Desde el pasado lunes 14 de septiembre todo Quintana Roo, se encuentra en sem\u00e1foro amarillo, lo que da pie a continuar de manera paulatina y responsable con la reactivaci\u00f3n tur\u00edstica, con una mayor capacidad en espacios p\u00fablicos y con la apertura de m\u00e1s establecimientos. Es por ello que se permitir\u00e1 que en los hoteles se [&hellip;]<\/p>\n","protected":false},"author":3,"featured_media":4985,"comment_status":"open","ping_status":"open","sticky":false,"template":"","format":"standard","meta":{"footnotes":""},"categories":[19462,18475],"tags":[766,1827,260,9306],"yoast_head":"<!-- This site is optimized with the Yoast SEO plugin v22.2 - https:\/\/yoast.com\/wordpress\/plugins\/seo\/ -->\n<title>Quintana Roo anuncia nuevos vuelos en rutas nacionales, de EU y Europa - Nitu - Noticias de la Industria Turistica<\/title>\n<meta name=\"robots\" content=\"index, follow, max-snippet:-1, max-image-preview:large, max-video-preview:-1\" \/>\n<link rel=\"canonical\" href=\"https:\/\/nitu.mx\/index.php\/2020\/09\/16\/quintana-roo-anuncia-nuevos-vuelos-en-rutas-nacionales-de-eu-y-europa\/\" \/>\n<meta name=\"twitter:card\" content=\"summary_large_image\" \/>\n<meta name=\"twitter:title\" content=\"Quintana Roo anuncia nuevos vuelos en rutas nacionales, de EU y Europa - Nitu - Noticias de la Industria Turistica\" \/>\n<meta name=\"twitter:description\" content=\"Desde el pasado lunes 14 de septiembre todo Quintana Roo, se encuentra en sem\u00e1foro amarillo, lo que da pie a continuar de manera paulatina y responsable con la reactivaci\u00f3n tur\u00edstica, con una mayor capacidad en espacios p\u00fablicos y con la apertura de m\u00e1s establecimientos. Es por ello que se permitir\u00e1 que en los hoteles se [&hellip;]\" \/>\n<meta name=\"twitter:image\" content=\"https:\/\/nitu.mx\/wp-content\/uploads\/2016\/12\/aeropuerto-internacional-de-canc\u00fan.jpg\" \/>\n<meta name=\"twitter:creator\" content=\"@NITUmx\" \/>\n<meta name=\"twitter:site\" content=\"@Arturo_Medina_G\" \/>\n<meta name=\"twitter:label1\" content=\"Escrito por\" \/>\n\t<meta name=\"twitter:data1\" content=\"Alejandra Moncisbays\" \/>\n\t<meta name=\"twitter:label2\" content=\"Tiempo de lectura\" \/>\n\t<meta name=\"twitter:data2\" content=\"2 minutos\" \/>\n<script type=\"application\/ld+json\" class=\"yoast-schema-graph\">{\"@context\":\"https:\/\/schema.org\",\"@graph\":[{\"@type\":\"Article\",\"@id\":\"https:\/\/nitu.mx\/index.php\/2020\/09\/16\/quintana-roo-anuncia-nuevos-vuelos-en-rutas-nacionales-de-eu-y-europa\/#article\",\"isPartOf\":{\"@id\":\"https:\/\/nitu.mx\/index.php\/2020\/09\/16\/quintana-roo-anuncia-nuevos-vuelos-en-rutas-nacionales-de-eu-y-europa\/\"},\"author\":{\"name\":\"Alejandra Moncisbays\",\"@id\":\"https:\/\/nitu.mx\/#\/schema\/person\/2ecd887b19dfd3382d1f14fc5acf24a8\"},\"headline\":\"Quintana Roo anuncia nuevos vuelos en rutas nacionales, de EU y Europa\",\"datePublished\":\"2020-09-17T03:25:38+00:00\",\"dateModified\":\"2020-09-17T05:31:09+00:00\",\"mainEntityOfPage\":{\"@id\":\"https:\/\/nitu.mx\/index.php\/2020\/09\/16\/quintana-roo-anuncia-nuevos-vuelos-en-rutas-nacionales-de-eu-y-europa\/\"},\"wordCount\":426,\"commentCount\":0,\"publisher\":{\"@id\":\"https:\/\/nitu.mx\/#\/schema\/person\/ae7a53426417292d3dd07b45a33e01bc\"},\"image\":{\"@id\":\"https:\/\/nitu.mx\/index.php\/2020\/09\/16\/quintana-roo-anuncia-nuevos-vuelos-en-rutas-nacionales-de-eu-y-europa\/#primaryimage\"},\"thumbnailUrl\":\"https:\/\/nitu.mx\/wp-content\/uploads\/2016\/12\/aeropuerto-internacional-de-canc\u00fan.jpg\",\"keywords\":[\"Aeropuerto Internacional de Canc\u00fan\",\"EU\",\"Quintana Roo\",\"rutas nacionales\"],\"articleSection\":[\"Aeropuertos\",\"Caribe Mexicano\"],\"inLanguage\":\"es-MX\",\"potentialAction\":[{\"@type\":\"CommentAction\",\"name\":\"Comment\",\"target\":[\"https:\/\/nitu.mx\/index.php\/2020\/09\/16\/quintana-roo-anuncia-nuevos-vuelos-en-rutas-nacionales-de-eu-y-europa\/#respond\"]}]},{\"@type\":\"WebPage\",\"@id\":\"https:\/\/nitu.mx\/index.php\/2020\/09\/16\/quintana-roo-anuncia-nuevos-vuelos-en-rutas-nacionales-de-eu-y-europa\/\",\"url\":\"https:\/\/nitu.mx\/index.php\/2020\/09\/16\/quintana-roo-anuncia-nuevos-vuelos-en-rutas-nacionales-de-eu-y-europa\/\",\"name\":\"Quintana Roo anuncia nuevos vuelos en rutas nacionales, de EU y Europa - Nitu - Noticias de la Industria Turistica\",\"isPartOf\":{\"@id\":\"https:\/\/nitu.mx\/#website\"},\"primaryImageOfPage\":{\"@id\":\"https:\/\/nitu.mx\/index.php\/2020\/09\/16\/quintana-roo-anuncia-nuevos-vuelos-en-rutas-nacionales-de-eu-y-europa\/#primaryimage\"},\"image\":{\"@id\":\"https:\/\/nitu.mx\/index.php\/2020\/09\/16\/quintana-roo-anuncia-nuevos-vuelos-en-rutas-nacionales-de-eu-y-europa\/#primaryimage\"},\"thumbnailUrl\":\"https:\/\/nitu.mx\/wp-content\/uploads\/2016\/12\/aeropuerto-internacional-de-canc\u00fan.jpg\",\"datePublished\":\"2020-09-17T03:25:38+00:00\",\"dateModified\":\"2020-09-17T05:31:09+00:00\",\"breadcrumb\":{\"@id\":\"https:\/\/nitu.mx\/index.php\/2020\/09\/16\/quintana-roo-anuncia-nuevos-vuelos-en-rutas-nacionales-de-eu-y-europa\/#breadcrumb\"},\"inLanguage\":\"es-MX\",\"potentialAction\":[{\"@type\":\"ReadAction\",\"target\":[\"https:\/\/nitu.mx\/index.php\/2020\/09\/16\/quintana-roo-anuncia-nuevos-vuelos-en-rutas-nacionales-de-eu-y-europa\/\"]}]},{\"@type\":\"ImageObject\",\"inLanguage\":\"es-MX\",\"@id\":\"https:\/\/nitu.mx\/index.php\/2020\/09\/16\/quintana-roo-anuncia-nuevos-vuelos-en-rutas-nacionales-de-eu-y-europa\/#primaryimage\",\"url\":\"https:\/\/nitu.mx\/wp-content\/uploads\/2016\/12\/aeropuerto-internacional-de-canc\u00fan.jpg\",\"contentUrl\":\"https:\/\/nitu.mx\/wp-content\/uploads\/2016\/12\/aeropuerto-internacional-de-canc\u00fan.jpg\",\"width\":848,\"height\":478,\"caption\":\"Aeropuerto de Canc\u00fan aeropuertos CDMX-Canc\u00fan\"},{\"@type\":\"BreadcrumbList\",\"@id\":\"https:\/\/nitu.mx\/index.php\/2020\/09\/16\/quintana-roo-anuncia-nuevos-vuelos-en-rutas-nacionales-de-eu-y-europa\/#breadcrumb\",\"itemListElement\":[{\"@type\":\"ListItem\",\"position\":1,\"name\":\"Inicio\",\"item\":\"https:\/\/nitu.mx\/\"},{\"@type\":\"ListItem\",\"position\":2,\"name\":\"Quintana Roo anuncia nuevos vuelos en rutas nacionales, de EU y Europa\"}]},{\"@type\":\"WebSite\",\"@id\":\"https:\/\/nitu.mx\/#website\",\"url\":\"https:\/\/nitu.mx\/\",\"name\":\"Nitu - Noticias de la Industria Turistica\",\"description\":\"Noticias de la Industria Turistica\",\"publisher\":{\"@id\":\"https:\/\/nitu.mx\/#\/schema\/person\/ae7a53426417292d3dd07b45a33e01bc\"},\"alternateName\":\"Noticias de la Industria Turistica\",\"potentialAction\":[{\"@type\":\"SearchAction\",\"target\":{\"@type\":\"EntryPoint\",\"urlTemplate\":\"https:\/\/nitu.mx\/?s={search_term_string}\"},\"query-input\":\"required name=search_term_string\"}],\"inLanguage\":\"es-MX\"},{\"@type\":[\"Person\",\"Organization\"],\"@id\":\"https:\/\/nitu.mx\/#\/schema\/person\/ae7a53426417292d3dd07b45a33e01bc\",\"name\":\"Arturo Medina\",\"image\":{\"@type\":\"ImageObject\",\"inLanguage\":\"es-MX\",\"@id\":\"https:\/\/nitu.mx\/#\/schema\/person\/image\/\",\"url\":\"https:\/\/nitu.mx\/wp-content\/uploads\/2024\/04\/4A315622-1904-4D5C-B022-878CDC840E04-90x90-1.jpeg\",\"contentUrl\":\"https:\/\/nitu.mx\/wp-content\/uploads\/2024\/04\/4A315622-1904-4D5C-B022-878CDC840E04-90x90-1.jpeg\",\"width\":90,\"height\":90,\"caption\":\"Arturo Medina\"},\"logo\":{\"@id\":\"https:\/\/nitu.mx\/#\/schema\/person\/image\/\"},\"description\":\"Director NITU.mx, Egresado de la Escuela de Periodismo Carlos Septi\u00e9n Garc\u00eda. Periodista y analista especializado en turismo desde hace 35 a\u00f1os, radicado en Canc\u00fan Q.Roo. arturo@nitu.mx\",\"sameAs\":[\"https:\/\/nitu.mx\",\"https:\/\/www.facebook.com\/NITUmx\/\",\"medinacancun\",\"https:\/\/twitter.com\/@Arturo_Medina_G\"]},{\"@type\":\"Person\",\"@id\":\"https:\/\/nitu.mx\/#\/schema\/person\/2ecd887b19dfd3382d1f14fc5acf24a8\",\"name\":\"Alejandra Moncisbays\",\"image\":{\"@type\":\"ImageObject\",\"inLanguage\":\"es-MX\",\"@id\":\"https:\/\/nitu.mx\/#\/schema\/person\/image\/\",\"url\":\"https:\/\/secure.gravatar.com\/avatar\/e74f7af0be172b7804dacfd0bfbef787?s=96&d=mm&r=g\",\"contentUrl\":\"https:\/\/secure.gravatar.com\/avatar\/e74f7af0be172b7804dacfd0bfbef787?s=96&d=mm&r=g\",\"caption\":\"Alejandra Moncisbays\"},\"description\":\"Curs\u00e9 la carrera de Periodismo y Comunicaci\u00f3n en la Facultad de Estudios Profesionales Acatl\u00e1n. Vivo en Canc\u00fan desde hace 24 a\u00f1os. Fui reportera de La Tarde de Canc\u00fan, y Novedades de Quintana Roo, colabor\u00e9 en TVCUN, edit\u00e9 Cancun\u00edssimo y colabor\u00e9 en las revistas Latitud21, entre otras, con principal enfoque en los sectores empresarial y tur\u00edstico. Desde hace varios a\u00f1os soy Agente de Seguros con c\u00e9dula de la Comisi\u00f3n Nacional de Seguros y Fianzas. Actualmente, me desarrollo en los \u00e1mbitos del periodismo y el sector asegurador.\",\"sameAs\":[\"https:\/\/nitu.mx\"],\"url\":\"https:\/\/nitu.mx\/index.php\/author\/alejandra\/\"}]}<\/script>\n<!-- \/ Yoast SEO plugin. -->","yoast_head_json":{"title":"Quintana Roo anuncia nuevos vuelos en rutas nacionales, de EU y Europa - Nitu - Noticias de la Industria Turistica","robots":{"index":"index","follow":"follow","max-snippet":"max-snippet:-1","max-image-preview":"max-image-preview:large","max-video-preview":"max-video-preview:-1"},"canonical":"https:\/\/nitu.mx\/index.php\/2020\/09\/16\/quintana-roo-anuncia-nuevos-vuelos-en-rutas-nacionales-de-eu-y-europa\/","twitter_card":"summary_large_image","twitter_title":"Quintana Roo anuncia nuevos vuelos en rutas nacionales, de EU y Europa - Nitu - Noticias de la Industria Turistica","twitter_description":"Desde el pasado lunes 14 de septiembre todo Quintana Roo, se encuentra en sem\u00e1foro amarillo, lo que da pie a continuar de manera paulatina y responsable con la reactivaci\u00f3n tur\u00edstica, con una mayor capacidad en espacios p\u00fablicos y con la apertura de m\u00e1s establecimientos. Es por ello que se permitir\u00e1 que en los hoteles se [&hellip;]","twitter_image":"https:\/\/nitu.mx\/wp-content\/uploads\/2016\/12\/aeropuerto-internacional-de-canc\u00fan.jpg","twitter_creator":"@NITUmx","twitter_site":"@Arturo_Medina_G","twitter_misc":{"Escrito por":"Alejandra Moncisbays","Tiempo de lectura":"2 minutos"},"schema":{"@context":"https:\/\/schema.org","@graph":[{"@type":"Article","@id":"https:\/\/nitu.mx\/index.php\/2020\/09\/16\/quintana-roo-anuncia-nuevos-vuelos-en-rutas-nacionales-de-eu-y-europa\/#article","isPartOf":{"@id":"https:\/\/nitu.mx\/index.php\/2020\/09\/16\/quintana-roo-anuncia-nuevos-vuelos-en-rutas-nacionales-de-eu-y-europa\/"},"author":{"name":"Alejandra Moncisbays","@id":"https:\/\/nitu.mx\/#\/schema\/person\/2ecd887b19dfd3382d1f14fc5acf24a8"},"headline":"Quintana Roo anuncia nuevos vuelos en rutas nacionales, de EU y Europa","datePublished":"2020-09-17T03:25:38+00:00","dateModified":"2020-09-17T05:31:09+00:00","mainEntityOfPage":{"@id":"https:\/\/nitu.mx\/index.php\/2020\/09\/16\/quintana-roo-anuncia-nuevos-vuelos-en-rutas-nacionales-de-eu-y-europa\/"},"wordCount":426,"commentCount":0,"publisher":{"@id":"https:\/\/nitu.mx\/#\/schema\/person\/ae7a53426417292d3dd07b45a33e01bc"},"image":{"@id":"https:\/\/nitu.mx\/index.php\/2020\/09\/16\/quintana-roo-anuncia-nuevos-vuelos-en-rutas-nacionales-de-eu-y-europa\/#primaryimage"},"thumbnailUrl":"https:\/\/nitu.mx\/wp-content\/uploads\/2016\/12\/aeropuerto-internacional-de-canc\u00fan.jpg","keywords":["Aeropuerto Internacional de Canc\u00fan","EU","Quintana Roo","rutas nacionales"],"articleSection":["Aeropuertos","Caribe Mexicano"],"inLanguage":"es-MX","potentialAction":[{"@type":"CommentAction","name":"Comment","target":["https:\/\/nitu.mx\/index.php\/2020\/09\/16\/quintana-roo-anuncia-nuevos-vuelos-en-rutas-nacionales-de-eu-y-europa\/#respond"]}]},{"@type":"WebPage","@id":"https:\/\/nitu.mx\/index.php\/2020\/09\/16\/quintana-roo-anuncia-nuevos-vuelos-en-rutas-nacionales-de-eu-y-europa\/","url":"https:\/\/nitu.mx\/index.php\/2020\/09\/16\/quintana-roo-anuncia-nuevos-vuelos-en-rutas-nacionales-de-eu-y-europa\/","name":"Quintana Roo anuncia nuevos vuelos en rutas nacionales, de EU y Europa - Nitu - Noticias de la Industria Turistica","isPartOf":{"@id":"https:\/\/nitu.mx\/#website"},"primaryImageOfPage":{"@id":"https:\/\/nitu.mx\/index.php\/2020\/09\/16\/quintana-roo-anuncia-nuevos-vuelos-en-rutas-nacionales-de-eu-y-europa\/#primaryimage"},"image":{"@id":"https:\/\/nitu.mx\/index.php\/2020\/09\/16\/quintana-roo-anuncia-nuevos-vuelos-en-rutas-nacionales-de-eu-y-europa\/#primaryimage"},"thumbnailUrl":"https:\/\/nitu.mx\/wp-content\/uploads\/2016\/12\/aeropuerto-internacional-de-canc\u00fan.jpg","datePublished":"2020-09-17T03:25:38+00:00","dateModified":"2020-09-17T05:31:09+00:00","breadcrumb":{"@id":"https:\/\/nitu.mx\/index.php\/2020\/09\/16\/quintana-roo-anuncia-nuevos-vuelos-en-rutas-nacionales-de-eu-y-europa\/#breadcrumb"},"inLanguage":"es-MX","potentialAction":[{"@type":"ReadAction","target":["https:\/\/nitu.mx\/index.php\/2020\/09\/16\/quintana-roo-anuncia-nuevos-vuelos-en-rutas-nacionales-de-eu-y-europa\/"]}]},{"@type":"ImageObject","inLanguage":"es-MX","@id":"https:\/\/nitu.mx\/index.php\/2020\/09\/16\/quintana-roo-anuncia-nuevos-vuelos-en-rutas-nacionales-de-eu-y-europa\/#primaryimage","url":"https:\/\/nitu.mx\/wp-content\/uploads\/2016\/12\/aeropuerto-internacional-de-canc\u00fan.jpg","contentUrl":"https:\/\/nitu.mx\/wp-content\/uploads\/2016\/12\/aeropuerto-internacional-de-canc\u00fan.jpg","width":848,"height":478,"caption":"Aeropuerto de Canc\u00fan aeropuertos CDMX-Canc\u00fan"},{"@type":"BreadcrumbList","@id":"https:\/\/nitu.mx\/index.php\/2020\/09\/16\/quintana-roo-anuncia-nuevos-vuelos-en-rutas-nacionales-de-eu-y-europa\/#breadcrumb","itemListElement":[{"@type":"ListItem","position":1,"name":"Inicio","item":"https:\/\/nitu.mx\/"},{"@type":"ListItem","position":2,"name":"Quintana Roo anuncia nuevos vuelos en rutas nacionales, de EU y Europa"}]},{"@type":"WebSite","@id":"https:\/\/nitu.mx\/#website","url":"https:\/\/nitu.mx\/","name":"Nitu - Noticias de la Industria Turistica","description":"Noticias de la Industria Turistica","publisher":{"@id":"https:\/\/nitu.mx\/#\/schema\/person\/ae7a53426417292d3dd07b45a33e01bc"},"alternateName":"Noticias de la Industria Turistica","potentialAction":[{"@type":"SearchAction","target":{"@type":"EntryPoint","urlTemplate":"https:\/\/nitu.mx\/?s={search_term_string}"},"query-input":"required name=search_term_string"}],"inLanguage":"es-MX"},{"@type":["Person","Organization"],"@id":"https:\/\/nitu.mx\/#\/schema\/person\/ae7a53426417292d3dd07b45a33e01bc","name":"Arturo Medina","image":{"@type":"ImageObject","inLanguage":"es-MX","@id":"https:\/\/nitu.mx\/#\/schema\/person\/image\/","url":"https:\/\/nitu.mx\/wp-content\/uploads\/2024\/04\/4A315622-1904-4D5C-B022-878CDC840E04-90x90-1.jpeg","contentUrl":"https:\/\/nitu.mx\/wp-content\/uploads\/2024\/04\/4A315622-1904-4D5C-B022-878CDC840E04-90x90-1.jpeg","width":90,"height":90,"caption":"Arturo Medina"},"logo":{"@id":"https:\/\/nitu.mx\/#\/schema\/person\/image\/"},"description":"Director NITU.mx, Egresado de la Escuela de Periodismo Carlos Septi\u00e9n Garc\u00eda. Periodista y analista especializado en turismo desde hace 35 a\u00f1os, radicado en Canc\u00fan Q.Roo. arturo@nitu.mx","sameAs":["https:\/\/nitu.mx","https:\/\/www.facebook.com\/NITUmx\/","medinacancun","https:\/\/twitter.com\/@Arturo_Medina_G"]},{"@type":"Person","@id":"https:\/\/nitu.mx\/#\/schema\/person\/2ecd887b19dfd3382d1f14fc5acf24a8","name":"Alejandra Moncisbays","image":{"@type":"ImageObject","inLanguage":"es-MX","@id":"https:\/\/nitu.mx\/#\/schema\/person\/image\/","url":"https:\/\/secure.gravatar.com\/avatar\/e74f7af0be172b7804dacfd0bfbef787?s=96&d=mm&r=g","contentUrl":"https:\/\/secure.gravatar.com\/avatar\/e74f7af0be172b7804dacfd0bfbef787?s=96&d=mm&r=g","caption":"Alejandra Moncisbays"},"description":"Curs\u00e9 la carrera de Periodismo y Comunicaci\u00f3n en la Facultad de Estudios Profesionales Acatl\u00e1n. Vivo en Canc\u00fan desde hace 24 a\u00f1os. Fui reportera de La Tarde de Canc\u00fan, y Novedades de Quintana Roo, colabor\u00e9 en TVCUN, edit\u00e9 Cancun\u00edssimo y colabor\u00e9 en las revistas Latitud21, entre otras, con principal enfoque en los sectores empresarial y tur\u00edstico. Desde hace varios a\u00f1os soy Agente de Seguros con c\u00e9dula de la Comisi\u00f3n Nacional de Seguros y Fianzas. Actualmente, me desarrollo en los \u00e1mbitos del periodismo y el sector asegurador.","sameAs":["https:\/\/nitu.mx"],"url":"https:\/\/nitu.mx\/index.php\/author\/alejandra\/"}]}},"views":259,"_links":{"self":[{"href":"https:\/\/nitu.mx\/index.php\/wp-json\/wp\/v2\/posts\/46355"}],"collection":[{"href":"https:\/\/nitu.mx\/index.php\/wp-json\/wp\/v2\/posts"}],"about":[{"href":"https:\/\/nitu.mx\/index.php\/wp-json\/wp\/v2\/types\/post"}],"author":[{"embeddable":true,"href":"https:\/\/nitu.mx\/index.php\/wp-json\/wp\/v2\/users\/3"}],"replies":[{"embeddable":true,"href":"https:\/\/nitu.mx\/index.php\/wp-json\/wp\/v2\/comments?post=46355"}],"version-history":[{"count":3,"href":"https:\/\/nitu.mx\/index.php\/wp-json\/wp\/v2\/posts\/46355\/revisions"}],"predecessor-version":[{"id":46391,"href":"https:\/\/nitu.mx\/index.php\/wp-json\/wp\/v2\/posts\/46355\/revisions\/46391"}],"wp:featuredmedia":[{"embeddable":true,"href":"https:\/\/nitu.mx\/index.php\/wp-json\/wp\/v2\/media\/4985"}],"wp:attachment":[{"href":"https:\/\/nitu.mx\/index.php\/wp-json\/wp\/v2\/media?parent=46355"}],"wp:term":[{"taxonomy":"category","embeddable":true,"href":"https:\/\/nitu.mx\/index.php\/wp-json\/wp\/v2\/categories?post=46355"},{"taxonomy":"post_tag","embeddable":true,"href":"https:\/\/nitu.mx\/index.php\/wp-json\/wp\/v2\/tags?post=46355"}],"curies":[{"name":"wp","href":"https:\/\/api.w.org\/{rel}","templated":true}]}}