{"id":46310,"date":"2020-09-15T00:55:32","date_gmt":"2020-09-15T05:55:32","guid":{"rendered":"https:\/\/www.dev.nitu.mx\/?p=46310"},"modified":"2020-09-15T00:58:13","modified_gmt":"2020-09-15T05:58:13","slug":"aeromar-reactiva-ruta-cdmx-puerto-vallarta-con-vuelos-todos-los-dias","status":"publish","type":"post","link":"https:\/\/nitu.mx\/index.php\/2020\/09\/15\/aeromar-reactiva-ruta-cdmx-puerto-vallarta-con-vuelos-todos-los-dias\/","title":{"rendered":"Aeromar reactiva ruta CDMX-Puerto Vallarta con vuelos todos los d\u00edas"},"content":{"rendered":"\n<p>Durante septiembre, Aeromar recupera la conectividad de Ciudad de M\u00e9xico con Puerto Vallarta todos los d\u00edas de la semana con una breve escala en Guadalajara, como parte de la reactivaci\u00f3n del turismo en este destino del Pac\u00edfico mexicano.<\/p>\n\n\n\n<p>Aeromar ofrecer\u00e1 dos horarios, los d\u00edas viernes saldr\u00e1 del AICM a las 10:30 horas y llegar\u00e1 a Puerto Vallarta a las 13:35; mientras que el resto de la semana (de s\u00e1bado a jueves) la salida ser\u00e1 a las 7:30 con llegada a las 10:40 horas.<\/p>\n\n\n\n<p>Para los vuelos de regreso de Puerto Vallarta hacia Ciudad de M\u00e9xico los viernes y domingo ser\u00e1n&nbsp; las 14:05 para llegar a la capital del pa\u00eds a las 17:15. De lunes a jueves y los s\u00e1bados el despegue es a las 11:05 con llegada a las 14:05 horas.<\/p>\n\n\n\n<p>La conectividad que ofrece Aeromar con Puerto Vallarta se complementa con la ruta Guadalajara-Puerto Vallarta que tambi\u00e9n cuenta con dos horarios, para ajustarse a la demanda de los pasajeros.<\/p>\n\n\n\n<p>De lunes a jueves y s\u00e1bados y domingos sale a las 9:40 y llega 10:40. Los viernes y un segundo vuelo en domingo despega 12:35 para llegar 13:35. El regreso de lunes a jueves, s\u00e1bados y domingo es a las 11:05 con llegada a las 12:05.<\/p>\n\n\n\n<p>Los viernes y el segundo vuelo del domingo despega de Puerto Vallarta a las 14:05 y aterriza en Guadalajara a las 15:05.<\/p>\n\n\n\n<p>Esta reactivaci\u00f3n se suma a la iniciativa \u201cFrente del Pac\u00edfico\u201d que lanz\u00f3 Aeromar hace tres meses para impulsar el turismo hacia Acapulco, Ixtapa Zihuatanejo, Manzanillo, Puerto Escondido y Puerto Vallarta.<\/p>\n\n\n\n<p>A trav\u00e9s de un acuerdo con las oficinas de turismo de estos destinos, los pasajeros de la aerol\u00ednea regional recibir\u00e1n una cuponera con descuentos en hoteles, tours, experiencias gastron\u00f3micas, entre otras, as\u00ed como 15 por ciento de descuento en la ruta durante un mes. La ruta CDMX-Puerto Vallarta favorecer\u00e1 la llegada de visitantes ahora que el destino del Pac\u00edfico mexicano puede tener hasta 50 por ciento de ocupaci\u00f3n en los establecimientos tur\u00edsticos. <a href=\"https:\/\/www.dev.nitu.mx\/index.php\/2020\/09\/11\/ifc-y-banco-sabadell-destinan-100-mdd-en-creditos-para-hoteles-de-riviera-maya-y-puerto-vallarta\/\">(IFC y Banco Sabadell destinan 100 mdd en cr\u00e9ditos para hoteles de Riviera Maya y Puerto Vallarta<\/a>)<\/p>\n","protected":false},"excerpt":{"rendered":"<p>Durante septiembre, Aeromar recupera la conectividad de Ciudad de M\u00e9xico con Puerto Vallarta todos los d\u00edas de la semana con una breve escala en Guadalajara, como parte de la reactivaci\u00f3n del turismo en este destino del Pac\u00edfico mexicano. Aeromar ofrecer\u00e1 dos horarios, los d\u00edas viernes saldr\u00e1 del AICM a las 10:30 horas y llegar\u00e1 a [&hellip;]<\/p>\n","protected":false},"author":18,"featured_media":8079,"comment_status":"open","ping_status":"open","sticky":false,"template":"","format":"standard","meta":{"footnotes":""},"categories":[29,5],"tags":[473,294,587,471],"yoast_head":"<!-- This site is optimized with the Yoast SEO plugin v22.2 - https:\/\/yoast.com\/wordpress\/plugins\/seo\/ -->\n<title>Aeromar reactiva ruta CDMX-Puerto Vallarta con vuelos todos los d\u00edas - Nitu - Noticias de la Industria Turistica<\/title>\n<meta name=\"robots\" content=\"index, follow, max-snippet:-1, max-image-preview:large, max-video-preview:-1\" \/>\n<link rel=\"canonical\" href=\"https:\/\/nitu.mx\/index.php\/2020\/09\/15\/aeromar-reactiva-ruta-cdmx-puerto-vallarta-con-vuelos-todos-los-dias\/\" \/>\n<meta name=\"twitter:card\" content=\"summary_large_image\" \/>\n<meta name=\"twitter:title\" content=\"Aeromar reactiva ruta CDMX-Puerto Vallarta con vuelos todos los d\u00edas - Nitu - Noticias de la Industria Turistica\" \/>\n<meta name=\"twitter:description\" content=\"Durante septiembre, Aeromar recupera la conectividad de Ciudad de M\u00e9xico con Puerto Vallarta todos los d\u00edas de la semana con una breve escala en Guadalajara, como parte de la reactivaci\u00f3n del turismo en este destino del Pac\u00edfico mexicano. Aeromar ofrecer\u00e1 dos horarios, los d\u00edas viernes saldr\u00e1 del AICM a las 10:30 horas y llegar\u00e1 a [&hellip;]\" \/>\n<meta name=\"twitter:image\" content=\"https:\/\/nitu.mx\/wp-content\/uploads\/2017\/03\/Aeromar.jpg\" \/>\n<meta name=\"twitter:creator\" content=\"@NITUmx\" \/>\n<meta name=\"twitter:site\" content=\"@Arturo_Medina_G\" \/>\n<meta name=\"twitter:label1\" content=\"Escrito por\" \/>\n\t<meta name=\"twitter:data1\" content=\"Guadalupe Sixto\" \/>\n\t<meta name=\"twitter:label2\" content=\"Tiempo de lectura\" \/>\n\t<meta name=\"twitter:data2\" content=\"2 minutos\" \/>\n<script type=\"application\/ld+json\" class=\"yoast-schema-graph\">{\"@context\":\"https:\/\/schema.org\",\"@graph\":[{\"@type\":\"Article\",\"@id\":\"https:\/\/nitu.mx\/index.php\/2020\/09\/15\/aeromar-reactiva-ruta-cdmx-puerto-vallarta-con-vuelos-todos-los-dias\/#article\",\"isPartOf\":{\"@id\":\"https:\/\/nitu.mx\/index.php\/2020\/09\/15\/aeromar-reactiva-ruta-cdmx-puerto-vallarta-con-vuelos-todos-los-dias\/\"},\"author\":{\"name\":\"Guadalupe Sixto\",\"@id\":\"https:\/\/nitu.mx\/#\/schema\/person\/3df3082b5e46037e3f13614d28ee0b77\"},\"headline\":\"Aeromar reactiva ruta CDMX-Puerto Vallarta con vuelos todos los d\u00edas\",\"datePublished\":\"2020-09-15T05:55:32+00:00\",\"dateModified\":\"2020-09-15T05:58:13+00:00\",\"mainEntityOfPage\":{\"@id\":\"https:\/\/nitu.mx\/index.php\/2020\/09\/15\/aeromar-reactiva-ruta-cdmx-puerto-vallarta-con-vuelos-todos-los-dias\/\"},\"wordCount\":363,\"commentCount\":0,\"publisher\":{\"@id\":\"https:\/\/nitu.mx\/#\/schema\/person\/ae7a53426417292d3dd07b45a33e01bc\"},\"image\":{\"@id\":\"https:\/\/nitu.mx\/index.php\/2020\/09\/15\/aeromar-reactiva-ruta-cdmx-puerto-vallarta-con-vuelos-todos-los-dias\/#primaryimage\"},\"thumbnailUrl\":\"https:\/\/nitu.mx\/wp-content\/uploads\/2017\/03\/Aeromar.jpg\",\"keywords\":[\"Aeromar\",\"AICM\",\"CDMX\",\"Puerto Vallarta\"],\"articleSection\":[\"Aerol\u00edneas\",\"Destinos\"],\"inLanguage\":\"es-MX\",\"potentialAction\":[{\"@type\":\"CommentAction\",\"name\":\"Comment\",\"target\":[\"https:\/\/nitu.mx\/index.php\/2020\/09\/15\/aeromar-reactiva-ruta-cdmx-puerto-vallarta-con-vuelos-todos-los-dias\/#respond\"]}]},{\"@type\":\"WebPage\",\"@id\":\"https:\/\/nitu.mx\/index.php\/2020\/09\/15\/aeromar-reactiva-ruta-cdmx-puerto-vallarta-con-vuelos-todos-los-dias\/\",\"url\":\"https:\/\/nitu.mx\/index.php\/2020\/09\/15\/aeromar-reactiva-ruta-cdmx-puerto-vallarta-con-vuelos-todos-los-dias\/\",\"name\":\"Aeromar reactiva ruta CDMX-Puerto Vallarta con vuelos todos los d\u00edas - Nitu - Noticias de la Industria Turistica\",\"isPartOf\":{\"@id\":\"https:\/\/nitu.mx\/#website\"},\"primaryImageOfPage\":{\"@id\":\"https:\/\/nitu.mx\/index.php\/2020\/09\/15\/aeromar-reactiva-ruta-cdmx-puerto-vallarta-con-vuelos-todos-los-dias\/#primaryimage\"},\"image\":{\"@id\":\"https:\/\/nitu.mx\/index.php\/2020\/09\/15\/aeromar-reactiva-ruta-cdmx-puerto-vallarta-con-vuelos-todos-los-dias\/#primaryimage\"},\"thumbnailUrl\":\"https:\/\/nitu.mx\/wp-content\/uploads\/2017\/03\/Aeromar.jpg\",\"datePublished\":\"2020-09-15T05:55:32+00:00\",\"dateModified\":\"2020-09-15T05:58:13+00:00\",\"breadcrumb\":{\"@id\":\"https:\/\/nitu.mx\/index.php\/2020\/09\/15\/aeromar-reactiva-ruta-cdmx-puerto-vallarta-con-vuelos-todos-los-dias\/#breadcrumb\"},\"inLanguage\":\"es-MX\",\"potentialAction\":[{\"@type\":\"ReadAction\",\"target\":[\"https:\/\/nitu.mx\/index.php\/2020\/09\/15\/aeromar-reactiva-ruta-cdmx-puerto-vallarta-con-vuelos-todos-los-dias\/\"]}]},{\"@type\":\"ImageObject\",\"inLanguage\":\"es-MX\",\"@id\":\"https:\/\/nitu.mx\/index.php\/2020\/09\/15\/aeromar-reactiva-ruta-cdmx-puerto-vallarta-con-vuelos-todos-los-dias\/#primaryimage\",\"url\":\"https:\/\/nitu.mx\/wp-content\/uploads\/2017\/03\/Aeromar.jpg\",\"contentUrl\":\"https:\/\/nitu.mx\/wp-content\/uploads\/2017\/03\/Aeromar.jpg\",\"width\":850,\"height\":480,\"caption\":\"Aeromar Mundo Maya\"},{\"@type\":\"BreadcrumbList\",\"@id\":\"https:\/\/nitu.mx\/index.php\/2020\/09\/15\/aeromar-reactiva-ruta-cdmx-puerto-vallarta-con-vuelos-todos-los-dias\/#breadcrumb\",\"itemListElement\":[{\"@type\":\"ListItem\",\"position\":1,\"name\":\"Inicio\",\"item\":\"https:\/\/nitu.mx\/\"},{\"@type\":\"ListItem\",\"position\":2,\"name\":\"Aeromar reactiva ruta CDMX-Puerto Vallarta con vuelos todos los d\u00edas\"}]},{\"@type\":\"WebSite\",\"@id\":\"https:\/\/nitu.mx\/#website\",\"url\":\"https:\/\/nitu.mx\/\",\"name\":\"Nitu - Noticias de la Industria Turistica\",\"description\":\"Noticias de la Industria Turistica\",\"publisher\":{\"@id\":\"https:\/\/nitu.mx\/#\/schema\/person\/ae7a53426417292d3dd07b45a33e01bc\"},\"alternateName\":\"Noticias de la Industria Turistica\",\"potentialAction\":[{\"@type\":\"SearchAction\",\"target\":{\"@type\":\"EntryPoint\",\"urlTemplate\":\"https:\/\/nitu.mx\/?s={search_term_string}\"},\"query-input\":\"required name=search_term_string\"}],\"inLanguage\":\"es-MX\"},{\"@type\":[\"Person\",\"Organization\"],\"@id\":\"https:\/\/nitu.mx\/#\/schema\/person\/ae7a53426417292d3dd07b45a33e01bc\",\"name\":\"Arturo Medina\",\"image\":{\"@type\":\"ImageObject\",\"inLanguage\":\"es-MX\",\"@id\":\"https:\/\/nitu.mx\/#\/schema\/person\/image\/\",\"url\":\"https:\/\/nitu.mx\/wp-content\/uploads\/2024\/04\/4A315622-1904-4D5C-B022-878CDC840E04-90x90-1.jpeg\",\"contentUrl\":\"https:\/\/nitu.mx\/wp-content\/uploads\/2024\/04\/4A315622-1904-4D5C-B022-878CDC840E04-90x90-1.jpeg\",\"width\":90,\"height\":90,\"caption\":\"Arturo Medina\"},\"logo\":{\"@id\":\"https:\/\/nitu.mx\/#\/schema\/person\/image\/\"},\"description\":\"Director NITU.mx, Egresado de la Escuela de Periodismo Carlos Septi\u00e9n Garc\u00eda. Periodista y analista especializado en turismo desde hace 35 a\u00f1os, radicado en Canc\u00fan Q.Roo. arturo@nitu.mx\",\"sameAs\":[\"https:\/\/nitu.mx\",\"https:\/\/www.facebook.com\/NITUmx\/\",\"medinacancun\",\"https:\/\/twitter.com\/@Arturo_Medina_G\"]},{\"@type\":\"Person\",\"@id\":\"https:\/\/nitu.mx\/#\/schema\/person\/3df3082b5e46037e3f13614d28ee0b77\",\"name\":\"Guadalupe Sixto\",\"image\":{\"@type\":\"ImageObject\",\"inLanguage\":\"es-MX\",\"@id\":\"https:\/\/nitu.mx\/#\/schema\/person\/image\/\",\"url\":\"https:\/\/secure.gravatar.com\/avatar\/13914e1b0e1919e91f9539de4dc584c4?s=96&d=mm&r=g\",\"contentUrl\":\"https:\/\/secure.gravatar.com\/avatar\/13914e1b0e1919e91f9539de4dc584c4?s=96&d=mm&r=g\",\"caption\":\"Guadalupe Sixto\"},\"url\":\"https:\/\/nitu.mx\/index.php\/author\/gsixto\/\"}]}<\/script>\n<!-- \/ Yoast SEO plugin. -->","yoast_head_json":{"title":"Aeromar reactiva ruta CDMX-Puerto Vallarta con vuelos todos los d\u00edas - Nitu - Noticias de la Industria Turistica","robots":{"index":"index","follow":"follow","max-snippet":"max-snippet:-1","max-image-preview":"max-image-preview:large","max-video-preview":"max-video-preview:-1"},"canonical":"https:\/\/nitu.mx\/index.php\/2020\/09\/15\/aeromar-reactiva-ruta-cdmx-puerto-vallarta-con-vuelos-todos-los-dias\/","twitter_card":"summary_large_image","twitter_title":"Aeromar reactiva ruta CDMX-Puerto Vallarta con vuelos todos los d\u00edas - Nitu - Noticias de la Industria Turistica","twitter_description":"Durante septiembre, Aeromar recupera la conectividad de Ciudad de M\u00e9xico con Puerto Vallarta todos los d\u00edas de la semana con una breve escala en Guadalajara, como parte de la reactivaci\u00f3n del turismo en este destino del Pac\u00edfico mexicano. Aeromar ofrecer\u00e1 dos horarios, los d\u00edas viernes saldr\u00e1 del AICM a las 10:30 horas y llegar\u00e1 a [&hellip;]","twitter_image":"https:\/\/nitu.mx\/wp-content\/uploads\/2017\/03\/Aeromar.jpg","twitter_creator":"@NITUmx","twitter_site":"@Arturo_Medina_G","twitter_misc":{"Escrito por":"Guadalupe Sixto","Tiempo de lectura":"2 minutos"},"schema":{"@context":"https:\/\/schema.org","@graph":[{"@type":"Article","@id":"https:\/\/nitu.mx\/index.php\/2020\/09\/15\/aeromar-reactiva-ruta-cdmx-puerto-vallarta-con-vuelos-todos-los-dias\/#article","isPartOf":{"@id":"https:\/\/nitu.mx\/index.php\/2020\/09\/15\/aeromar-reactiva-ruta-cdmx-puerto-vallarta-con-vuelos-todos-los-dias\/"},"author":{"name":"Guadalupe Sixto","@id":"https:\/\/nitu.mx\/#\/schema\/person\/3df3082b5e46037e3f13614d28ee0b77"},"headline":"Aeromar reactiva ruta CDMX-Puerto Vallarta con vuelos todos los d\u00edas","datePublished":"2020-09-15T05:55:32+00:00","dateModified":"2020-09-15T05:58:13+00:00","mainEntityOfPage":{"@id":"https:\/\/nitu.mx\/index.php\/2020\/09\/15\/aeromar-reactiva-ruta-cdmx-puerto-vallarta-con-vuelos-todos-los-dias\/"},"wordCount":363,"commentCount":0,"publisher":{"@id":"https:\/\/nitu.mx\/#\/schema\/person\/ae7a53426417292d3dd07b45a33e01bc"},"image":{"@id":"https:\/\/nitu.mx\/index.php\/2020\/09\/15\/aeromar-reactiva-ruta-cdmx-puerto-vallarta-con-vuelos-todos-los-dias\/#primaryimage"},"thumbnailUrl":"https:\/\/nitu.mx\/wp-content\/uploads\/2017\/03\/Aeromar.jpg","keywords":["Aeromar","AICM","CDMX","Puerto Vallarta"],"articleSection":["Aerol\u00edneas","Destinos"],"inLanguage":"es-MX","potentialAction":[{"@type":"CommentAction","name":"Comment","target":["https:\/\/nitu.mx\/index.php\/2020\/09\/15\/aeromar-reactiva-ruta-cdmx-puerto-vallarta-con-vuelos-todos-los-dias\/#respond"]}]},{"@type":"WebPage","@id":"https:\/\/nitu.mx\/index.php\/2020\/09\/15\/aeromar-reactiva-ruta-cdmx-puerto-vallarta-con-vuelos-todos-los-dias\/","url":"https:\/\/nitu.mx\/index.php\/2020\/09\/15\/aeromar-reactiva-ruta-cdmx-puerto-vallarta-con-vuelos-todos-los-dias\/","name":"Aeromar reactiva ruta CDMX-Puerto Vallarta con vuelos todos los d\u00edas - Nitu - Noticias de la Industria Turistica","isPartOf":{"@id":"https:\/\/nitu.mx\/#website"},"primaryImageOfPage":{"@id":"https:\/\/nitu.mx\/index.php\/2020\/09\/15\/aeromar-reactiva-ruta-cdmx-puerto-vallarta-con-vuelos-todos-los-dias\/#primaryimage"},"image":{"@id":"https:\/\/nitu.mx\/index.php\/2020\/09\/15\/aeromar-reactiva-ruta-cdmx-puerto-vallarta-con-vuelos-todos-los-dias\/#primaryimage"},"thumbnailUrl":"https:\/\/nitu.mx\/wp-content\/uploads\/2017\/03\/Aeromar.jpg","datePublished":"2020-09-15T05:55:32+00:00","dateModified":"2020-09-15T05:58:13+00:00","breadcrumb":{"@id":"https:\/\/nitu.mx\/index.php\/2020\/09\/15\/aeromar-reactiva-ruta-cdmx-puerto-vallarta-con-vuelos-todos-los-dias\/#breadcrumb"},"inLanguage":"es-MX","potentialAction":[{"@type":"ReadAction","target":["https:\/\/nitu.mx\/index.php\/2020\/09\/15\/aeromar-reactiva-ruta-cdmx-puerto-vallarta-con-vuelos-todos-los-dias\/"]}]},{"@type":"ImageObject","inLanguage":"es-MX","@id":"https:\/\/nitu.mx\/index.php\/2020\/09\/15\/aeromar-reactiva-ruta-cdmx-puerto-vallarta-con-vuelos-todos-los-dias\/#primaryimage","url":"https:\/\/nitu.mx\/wp-content\/uploads\/2017\/03\/Aeromar.jpg","contentUrl":"https:\/\/nitu.mx\/wp-content\/uploads\/2017\/03\/Aeromar.jpg","width":850,"height":480,"caption":"Aeromar Mundo Maya"},{"@type":"BreadcrumbList","@id":"https:\/\/nitu.mx\/index.php\/2020\/09\/15\/aeromar-reactiva-ruta-cdmx-puerto-vallarta-con-vuelos-todos-los-dias\/#breadcrumb","itemListElement":[{"@type":"ListItem","position":1,"name":"Inicio","item":"https:\/\/nitu.mx\/"},{"@type":"ListItem","position":2,"name":"Aeromar reactiva ruta CDMX-Puerto Vallarta con vuelos todos los d\u00edas"}]},{"@type":"WebSite","@id":"https:\/\/nitu.mx\/#website","url":"https:\/\/nitu.mx\/","name":"Nitu - Noticias de la Industria Turistica","description":"Noticias de la Industria Turistica","publisher":{"@id":"https:\/\/nitu.mx\/#\/schema\/person\/ae7a53426417292d3dd07b45a33e01bc"},"alternateName":"Noticias de la Industria Turistica","potentialAction":[{"@type":"SearchAction","target":{"@type":"EntryPoint","urlTemplate":"https:\/\/nitu.mx\/?s={search_term_string}"},"query-input":"required name=search_term_string"}],"inLanguage":"es-MX"},{"@type":["Person","Organization"],"@id":"https:\/\/nitu.mx\/#\/schema\/person\/ae7a53426417292d3dd07b45a33e01bc","name":"Arturo Medina","image":{"@type":"ImageObject","inLanguage":"es-MX","@id":"https:\/\/nitu.mx\/#\/schema\/person\/image\/","url":"https:\/\/nitu.mx\/wp-content\/uploads\/2024\/04\/4A315622-1904-4D5C-B022-878CDC840E04-90x90-1.jpeg","contentUrl":"https:\/\/nitu.mx\/wp-content\/uploads\/2024\/04\/4A315622-1904-4D5C-B022-878CDC840E04-90x90-1.jpeg","width":90,"height":90,"caption":"Arturo Medina"},"logo":{"@id":"https:\/\/nitu.mx\/#\/schema\/person\/image\/"},"description":"Director NITU.mx, Egresado de la Escuela de Periodismo Carlos Septi\u00e9n Garc\u00eda. Periodista y analista especializado en turismo desde hace 35 a\u00f1os, radicado en Canc\u00fan Q.Roo. arturo@nitu.mx","sameAs":["https:\/\/nitu.mx","https:\/\/www.facebook.com\/NITUmx\/","medinacancun","https:\/\/twitter.com\/@Arturo_Medina_G"]},{"@type":"Person","@id":"https:\/\/nitu.mx\/#\/schema\/person\/3df3082b5e46037e3f13614d28ee0b77","name":"Guadalupe Sixto","image":{"@type":"ImageObject","inLanguage":"es-MX","@id":"https:\/\/nitu.mx\/#\/schema\/person\/image\/","url":"https:\/\/secure.gravatar.com\/avatar\/13914e1b0e1919e91f9539de4dc584c4?s=96&d=mm&r=g","contentUrl":"https:\/\/secure.gravatar.com\/avatar\/13914e1b0e1919e91f9539de4dc584c4?s=96&d=mm&r=g","caption":"Guadalupe Sixto"},"url":"https:\/\/nitu.mx\/index.php\/author\/gsixto\/"}]}},"views":474,"_links":{"self":[{"href":"https:\/\/nitu.mx\/index.php\/wp-json\/wp\/v2\/posts\/46310"}],"collection":[{"href":"https:\/\/nitu.mx\/index.php\/wp-json\/wp\/v2\/posts"}],"about":[{"href":"https:\/\/nitu.mx\/index.php\/wp-json\/wp\/v2\/types\/post"}],"author":[{"embeddable":true,"href":"https:\/\/nitu.mx\/index.php\/wp-json\/wp\/v2\/users\/18"}],"replies":[{"embeddable":true,"href":"https:\/\/nitu.mx\/index.php\/wp-json\/wp\/v2\/comments?post=46310"}],"version-history":[{"count":3,"href":"https:\/\/nitu.mx\/index.php\/wp-json\/wp\/v2\/posts\/46310\/revisions"}],"predecessor-version":[{"id":46315,"href":"https:\/\/nitu.mx\/index.php\/wp-json\/wp\/v2\/posts\/46310\/revisions\/46315"}],"wp:featuredmedia":[{"embeddable":true,"href":"https:\/\/nitu.mx\/index.php\/wp-json\/wp\/v2\/media\/8079"}],"wp:attachment":[{"href":"https:\/\/nitu.mx\/index.php\/wp-json\/wp\/v2\/media?parent=46310"}],"wp:term":[{"taxonomy":"category","embeddable":true,"href":"https:\/\/nitu.mx\/index.php\/wp-json\/wp\/v2\/categories?post=46310"},{"taxonomy":"post_tag","embeddable":true,"href":"https:\/\/nitu.mx\/index.php\/wp-json\/wp\/v2\/tags?post=46310"}],"curies":[{"name":"wp","href":"https:\/\/api.w.org\/{rel}","templated":true}]}}