{"id":46307,"date":"2020-09-15T00:56:49","date_gmt":"2020-09-15T05:56:49","guid":{"rendered":"https:\/\/www.dev.nitu.mx\/?p=46307"},"modified":"2020-09-15T00:58:34","modified_gmt":"2020-09-15T05:58:34","slug":"mexico-tiene-fuerte-presencia-en-expoforo-virtual-de-turismo-global","status":"publish","type":"post","link":"https:\/\/nitu.mx\/index.php\/2020\/09\/15\/mexico-tiene-fuerte-presencia-en-expoforo-virtual-de-turismo-global\/","title":{"rendered":"M\u00e9xico tiene fuerte presencia en Expo+Foro Virtual de Turismo Global"},"content":{"rendered":"\n<p>Este lunes arranc\u00f3 Expo+Foro Virtual de Turismo Global, el evento en l\u00ednea que concentra la oferta de destinos y proveedores del segmento MICE en Am\u00e9rica Latina, para promover la reactivaci\u00f3n de los negocios y el turismo en la regi\u00f3n.<\/p>\n\n\n\n<p>En el encuentro virtual, organizado por la Asociaci\u00f3n de Convention and Visitors Bureaus de Latinoam\u00e9rica y el Caribe (CVB\u2019s LATAM) e International BVTS Group, M\u00e9xico tiene una fuerte presencia con 17 participantes, entre Bur\u00f3s y Fideicomisos de Turismo, Secretar\u00edas de Turismo estatal, entre otros participantes.<\/p>\n\n\n\n<p>Expo+Foro Virtual de Turismo Global se lleva a cabo del 14 al 18 de septiembre en una plataforma digital especialmente desarrollada para que haya salones de conferencias y paneles, y un \u00e1rea de negocios en donde se realizar\u00e1n las citas.<\/p>\n\n\n\n<p>Por parte de M\u00e9xico, acuden como expositores \u00a1Ah Chihuahua!, San Luis Potos\u00ed, Culiac\u00e1n, Yucat\u00e1n, Bur\u00f3 de Convenciones de Chihuahua, Hermosillo, Comit\u00e9 de Turismo y Convenciones de Tijuana, OCV Le\u00f3n, Fidetur Acapulco, OCV Monterrey, Fiesta Americana, Zacatecas, OCV Ixtapa Zihuatanejo, OCV Guadalajara, Durango y la Red Nacional de Turismo LGBT M\u00e9xico.<\/p>\n\n\n\n<p>Los primeros tres d\u00edas de Expo+Foro Virtual de Turismo Global ser\u00e1n para el programa acad\u00e9mico, con un nutrido programa de conferencias en donde se abordar\u00e1n los retos y oportunidades del sector tur\u00edstico especialmente de negocios, tras la pandemia de covid-19.<\/p>\n\n\n\n<p>Carlos Drombo, productor del evento, detall\u00f3 que habr\u00e1 41 conferencias y talleres, participan 14 pa\u00edses de la regi\u00f3n, con 149 stands y se estima que se realicen mil 200 citas de negocio.<\/p>\n\n\n\n<p>En la inauguraci\u00f3n participaron, entre otros, Alejandro Varela de la Organizaci\u00f3n Mundial del Turismo (OMT) y Virgina Messina, directora del WTTC. Por parte de M\u00e9xico estuvieron Michelle Fridman, secretaria de Turismo de Yucat\u00e1n; Francisco Cachafeiro, presidente de MPI M\u00e9xico; Rafael Hern\u00e1ndez, de World Meetings Forum; Eduardo Chaillo, Fernando Compe\u00e1n y de Ancotur LGBT, Mariano Osores, por mencionar a algunos.<\/p>\n\n\n\n<p>Brasil y Argentina acuden con 42 y 29 stands a Expo+Foro Virtual de Turismo Global, y tambi\u00e9n est\u00e1 la presencia de Panam\u00e1, Chile, Honduras, Guatemala, Bolivia, Colombia, Paraguay, Per\u00fa y Ecuador, \u00e9ste \u00faltimo como pa\u00eds invitado.<\/p>\n\n\n\n<p>Silvana Biaggioti, presidente de CVB\u2019s LATAM, precis\u00f3 que Expo+Foro Virtual de Turismo Global es uno de tantos esfuerzos que ha hecho la asociaci\u00f3n durante estos meses, que desde el inicio de la cuarentena se concentr\u00f3 en la capacitaci\u00f3n y comunicaci\u00f3n con sus afiliados. (<a href=\"https:\/\/www.dev.nitu.mx\/index.php\/2020\/08\/14\/destinos-de-latam-presentaran-su-oferta-en-expoforo-virtual-de-turismo-global\/\">Destinos de LATAM presentar\u00e1n su oferta en Expo+Foro Virtual de Turismo Global<\/a>)<\/p>\n","protected":false},"excerpt":{"rendered":"<p>Este lunes arranc\u00f3 Expo+Foro Virtual de Turismo Global, el evento en l\u00ednea que concentra la oferta de destinos y proveedores del segmento MICE en Am\u00e9rica Latina, para promover la reactivaci\u00f3n de los negocios y el turismo en la regi\u00f3n. En el encuentro virtual, organizado por la Asociaci\u00f3n de Convention and Visitors Bureaus de Latinoam\u00e9rica y [&hellip;]<\/p>\n","protected":false},"author":18,"featured_media":46314,"comment_status":"open","ping_status":"open","sticky":false,"template":"","format":"standard","meta":{"footnotes":""},"categories":[12],"tags":[20635,1412,20625,20637,14967],"yoast_head":"<!-- This site is optimized with the Yoast SEO plugin v22.2 - https:\/\/yoast.com\/wordpress\/plugins\/seo\/ -->\n<title>M\u00e9xico tiene fuerte presencia en Expo+Foro Virtual de Turismo Global - Nitu - Noticias de la Industria Turistica<\/title>\n<meta name=\"robots\" content=\"index, follow, max-snippet:-1, max-image-preview:large, max-video-preview:-1\" \/>\n<link rel=\"canonical\" href=\"https:\/\/nitu.mx\/index.php\/2020\/09\/15\/mexico-tiene-fuerte-presencia-en-expoforo-virtual-de-turismo-global\/\" \/>\n<meta name=\"twitter:card\" content=\"summary_large_image\" \/>\n<meta name=\"twitter:title\" content=\"M\u00e9xico tiene fuerte presencia en Expo+Foro Virtual de Turismo Global - Nitu - Noticias de la Industria Turistica\" \/>\n<meta name=\"twitter:description\" content=\"Este lunes arranc\u00f3 Expo+Foro Virtual de Turismo Global, el evento en l\u00ednea que concentra la oferta de destinos y proveedores del segmento MICE en Am\u00e9rica Latina, para promover la reactivaci\u00f3n de los negocios y el turismo en la regi\u00f3n. En el encuentro virtual, organizado por la Asociaci\u00f3n de Convention and Visitors Bureaus de Latinoam\u00e9rica y [&hellip;]\" \/>\n<meta name=\"twitter:image\" content=\"https:\/\/nitu.mx\/wp-content\/uploads\/2020\/09\/expo-foro-virtual-1.jpg\" \/>\n<meta name=\"twitter:creator\" content=\"@NITUmx\" \/>\n<meta name=\"twitter:site\" content=\"@Arturo_Medina_G\" \/>\n<meta name=\"twitter:label1\" content=\"Escrito por\" \/>\n\t<meta name=\"twitter:data1\" content=\"Guadalupe Sixto\" \/>\n\t<meta name=\"twitter:label2\" content=\"Tiempo de lectura\" \/>\n\t<meta name=\"twitter:data2\" content=\"2 minutos\" \/>\n<script type=\"application\/ld+json\" class=\"yoast-schema-graph\">{\"@context\":\"https:\/\/schema.org\",\"@graph\":[{\"@type\":\"Article\",\"@id\":\"https:\/\/nitu.mx\/index.php\/2020\/09\/15\/mexico-tiene-fuerte-presencia-en-expoforo-virtual-de-turismo-global\/#article\",\"isPartOf\":{\"@id\":\"https:\/\/nitu.mx\/index.php\/2020\/09\/15\/mexico-tiene-fuerte-presencia-en-expoforo-virtual-de-turismo-global\/\"},\"author\":{\"name\":\"Guadalupe Sixto\",\"@id\":\"https:\/\/nitu.mx\/#\/schema\/person\/3df3082b5e46037e3f13614d28ee0b77\"},\"headline\":\"M\u00e9xico tiene fuerte presencia en Expo+Foro Virtual de Turismo Global\",\"datePublished\":\"2020-09-15T05:56:49+00:00\",\"dateModified\":\"2020-09-15T05:58:34+00:00\",\"mainEntityOfPage\":{\"@id\":\"https:\/\/nitu.mx\/index.php\/2020\/09\/15\/mexico-tiene-fuerte-presencia-en-expoforo-virtual-de-turismo-global\/\"},\"wordCount\":442,\"commentCount\":0,\"publisher\":{\"@id\":\"https:\/\/nitu.mx\/#\/schema\/person\/ae7a53426417292d3dd07b45a33e01bc\"},\"image\":{\"@id\":\"https:\/\/nitu.mx\/index.php\/2020\/09\/15\/mexico-tiene-fuerte-presencia-en-expoforo-virtual-de-turismo-global\/#primaryimage\"},\"thumbnailUrl\":\"https:\/\/nitu.mx\/wp-content\/uploads\/2020\/09\/expo-foro-virtual-1.jpg\",\"keywords\":[\"CVB\u2019s LATAM\",\"Eduardo Cha\u00edllo\",\"Expo+Foro Virtual\",\"Francisco Cachafeiro\",\"MPI M\u00e9xico\"],\"articleSection\":[\"Marketing\"],\"inLanguage\":\"es-MX\",\"potentialAction\":[{\"@type\":\"CommentAction\",\"name\":\"Comment\",\"target\":[\"https:\/\/nitu.mx\/index.php\/2020\/09\/15\/mexico-tiene-fuerte-presencia-en-expoforo-virtual-de-turismo-global\/#respond\"]}]},{\"@type\":\"WebPage\",\"@id\":\"https:\/\/nitu.mx\/index.php\/2020\/09\/15\/mexico-tiene-fuerte-presencia-en-expoforo-virtual-de-turismo-global\/\",\"url\":\"https:\/\/nitu.mx\/index.php\/2020\/09\/15\/mexico-tiene-fuerte-presencia-en-expoforo-virtual-de-turismo-global\/\",\"name\":\"M\u00e9xico tiene fuerte presencia en Expo+Foro Virtual de Turismo Global - Nitu - Noticias de la Industria Turistica\",\"isPartOf\":{\"@id\":\"https:\/\/nitu.mx\/#website\"},\"primaryImageOfPage\":{\"@id\":\"https:\/\/nitu.mx\/index.php\/2020\/09\/15\/mexico-tiene-fuerte-presencia-en-expoforo-virtual-de-turismo-global\/#primaryimage\"},\"image\":{\"@id\":\"https:\/\/nitu.mx\/index.php\/2020\/09\/15\/mexico-tiene-fuerte-presencia-en-expoforo-virtual-de-turismo-global\/#primaryimage\"},\"thumbnailUrl\":\"https:\/\/nitu.mx\/wp-content\/uploads\/2020\/09\/expo-foro-virtual-1.jpg\",\"datePublished\":\"2020-09-15T05:56:49+00:00\",\"dateModified\":\"2020-09-15T05:58:34+00:00\",\"breadcrumb\":{\"@id\":\"https:\/\/nitu.mx\/index.php\/2020\/09\/15\/mexico-tiene-fuerte-presencia-en-expoforo-virtual-de-turismo-global\/#breadcrumb\"},\"inLanguage\":\"es-MX\",\"potentialAction\":[{\"@type\":\"ReadAction\",\"target\":[\"https:\/\/nitu.mx\/index.php\/2020\/09\/15\/mexico-tiene-fuerte-presencia-en-expoforo-virtual-de-turismo-global\/\"]}]},{\"@type\":\"ImageObject\",\"inLanguage\":\"es-MX\",\"@id\":\"https:\/\/nitu.mx\/index.php\/2020\/09\/15\/mexico-tiene-fuerte-presencia-en-expoforo-virtual-de-turismo-global\/#primaryimage\",\"url\":\"https:\/\/nitu.mx\/wp-content\/uploads\/2020\/09\/expo-foro-virtual-1.jpg\",\"contentUrl\":\"https:\/\/nitu.mx\/wp-content\/uploads\/2020\/09\/expo-foro-virtual-1.jpg\",\"width\":1200,\"height\":675,\"caption\":\"Expo+Foro Virtual\"},{\"@type\":\"BreadcrumbList\",\"@id\":\"https:\/\/nitu.mx\/index.php\/2020\/09\/15\/mexico-tiene-fuerte-presencia-en-expoforo-virtual-de-turismo-global\/#breadcrumb\",\"itemListElement\":[{\"@type\":\"ListItem\",\"position\":1,\"name\":\"Inicio\",\"item\":\"https:\/\/nitu.mx\/\"},{\"@type\":\"ListItem\",\"position\":2,\"name\":\"M\u00e9xico tiene fuerte presencia en Expo+Foro Virtual de Turismo Global\"}]},{\"@type\":\"WebSite\",\"@id\":\"https:\/\/nitu.mx\/#website\",\"url\":\"https:\/\/nitu.mx\/\",\"name\":\"Nitu - Noticias de la Industria Turistica\",\"description\":\"Noticias de la Industria Turistica\",\"publisher\":{\"@id\":\"https:\/\/nitu.mx\/#\/schema\/person\/ae7a53426417292d3dd07b45a33e01bc\"},\"alternateName\":\"Noticias de la Industria Turistica\",\"potentialAction\":[{\"@type\":\"SearchAction\",\"target\":{\"@type\":\"EntryPoint\",\"urlTemplate\":\"https:\/\/nitu.mx\/?s={search_term_string}\"},\"query-input\":\"required name=search_term_string\"}],\"inLanguage\":\"es-MX\"},{\"@type\":[\"Person\",\"Organization\"],\"@id\":\"https:\/\/nitu.mx\/#\/schema\/person\/ae7a53426417292d3dd07b45a33e01bc\",\"name\":\"Arturo Medina\",\"image\":{\"@type\":\"ImageObject\",\"inLanguage\":\"es-MX\",\"@id\":\"https:\/\/nitu.mx\/#\/schema\/person\/image\/\",\"url\":\"https:\/\/nitu.mx\/wp-content\/uploads\/2024\/04\/4A315622-1904-4D5C-B022-878CDC840E04-90x90-1.jpeg\",\"contentUrl\":\"https:\/\/nitu.mx\/wp-content\/uploads\/2024\/04\/4A315622-1904-4D5C-B022-878CDC840E04-90x90-1.jpeg\",\"width\":90,\"height\":90,\"caption\":\"Arturo Medina\"},\"logo\":{\"@id\":\"https:\/\/nitu.mx\/#\/schema\/person\/image\/\"},\"description\":\"Director NITU.mx, Egresado de la Escuela de Periodismo Carlos Septi\u00e9n Garc\u00eda. Periodista y analista especializado en turismo desde hace 35 a\u00f1os, radicado en Canc\u00fan Q.Roo. arturo@nitu.mx\",\"sameAs\":[\"https:\/\/nitu.mx\",\"https:\/\/www.facebook.com\/NITUmx\/\",\"medinacancun\",\"https:\/\/twitter.com\/@Arturo_Medina_G\"]},{\"@type\":\"Person\",\"@id\":\"https:\/\/nitu.mx\/#\/schema\/person\/3df3082b5e46037e3f13614d28ee0b77\",\"name\":\"Guadalupe Sixto\",\"image\":{\"@type\":\"ImageObject\",\"inLanguage\":\"es-MX\",\"@id\":\"https:\/\/nitu.mx\/#\/schema\/person\/image\/\",\"url\":\"https:\/\/secure.gravatar.com\/avatar\/13914e1b0e1919e91f9539de4dc584c4?s=96&d=mm&r=g\",\"contentUrl\":\"https:\/\/secure.gravatar.com\/avatar\/13914e1b0e1919e91f9539de4dc584c4?s=96&d=mm&r=g\",\"caption\":\"Guadalupe Sixto\"},\"url\":\"https:\/\/nitu.mx\/index.php\/author\/gsixto\/\"}]}<\/script>\n<!-- \/ Yoast SEO plugin. -->","yoast_head_json":{"title":"M\u00e9xico tiene fuerte presencia en Expo+Foro Virtual de Turismo Global - Nitu - Noticias de la Industria Turistica","robots":{"index":"index","follow":"follow","max-snippet":"max-snippet:-1","max-image-preview":"max-image-preview:large","max-video-preview":"max-video-preview:-1"},"canonical":"https:\/\/nitu.mx\/index.php\/2020\/09\/15\/mexico-tiene-fuerte-presencia-en-expoforo-virtual-de-turismo-global\/","twitter_card":"summary_large_image","twitter_title":"M\u00e9xico tiene fuerte presencia en Expo+Foro Virtual de Turismo Global - Nitu - Noticias de la Industria Turistica","twitter_description":"Este lunes arranc\u00f3 Expo+Foro Virtual de Turismo Global, el evento en l\u00ednea que concentra la oferta de destinos y proveedores del segmento MICE en Am\u00e9rica Latina, para promover la reactivaci\u00f3n de los negocios y el turismo en la regi\u00f3n. En el encuentro virtual, organizado por la Asociaci\u00f3n de Convention and Visitors Bureaus de Latinoam\u00e9rica y [&hellip;]","twitter_image":"https:\/\/nitu.mx\/wp-content\/uploads\/2020\/09\/expo-foro-virtual-1.jpg","twitter_creator":"@NITUmx","twitter_site":"@Arturo_Medina_G","twitter_misc":{"Escrito por":"Guadalupe Sixto","Tiempo de lectura":"2 minutos"},"schema":{"@context":"https:\/\/schema.org","@graph":[{"@type":"Article","@id":"https:\/\/nitu.mx\/index.php\/2020\/09\/15\/mexico-tiene-fuerte-presencia-en-expoforo-virtual-de-turismo-global\/#article","isPartOf":{"@id":"https:\/\/nitu.mx\/index.php\/2020\/09\/15\/mexico-tiene-fuerte-presencia-en-expoforo-virtual-de-turismo-global\/"},"author":{"name":"Guadalupe Sixto","@id":"https:\/\/nitu.mx\/#\/schema\/person\/3df3082b5e46037e3f13614d28ee0b77"},"headline":"M\u00e9xico tiene fuerte presencia en Expo+Foro Virtual de Turismo Global","datePublished":"2020-09-15T05:56:49+00:00","dateModified":"2020-09-15T05:58:34+00:00","mainEntityOfPage":{"@id":"https:\/\/nitu.mx\/index.php\/2020\/09\/15\/mexico-tiene-fuerte-presencia-en-expoforo-virtual-de-turismo-global\/"},"wordCount":442,"commentCount":0,"publisher":{"@id":"https:\/\/nitu.mx\/#\/schema\/person\/ae7a53426417292d3dd07b45a33e01bc"},"image":{"@id":"https:\/\/nitu.mx\/index.php\/2020\/09\/15\/mexico-tiene-fuerte-presencia-en-expoforo-virtual-de-turismo-global\/#primaryimage"},"thumbnailUrl":"https:\/\/nitu.mx\/wp-content\/uploads\/2020\/09\/expo-foro-virtual-1.jpg","keywords":["CVB\u2019s LATAM","Eduardo Cha\u00edllo","Expo+Foro Virtual","Francisco Cachafeiro","MPI M\u00e9xico"],"articleSection":["Marketing"],"inLanguage":"es-MX","potentialAction":[{"@type":"CommentAction","name":"Comment","target":["https:\/\/nitu.mx\/index.php\/2020\/09\/15\/mexico-tiene-fuerte-presencia-en-expoforo-virtual-de-turismo-global\/#respond"]}]},{"@type":"WebPage","@id":"https:\/\/nitu.mx\/index.php\/2020\/09\/15\/mexico-tiene-fuerte-presencia-en-expoforo-virtual-de-turismo-global\/","url":"https:\/\/nitu.mx\/index.php\/2020\/09\/15\/mexico-tiene-fuerte-presencia-en-expoforo-virtual-de-turismo-global\/","name":"M\u00e9xico tiene fuerte presencia en Expo+Foro Virtual de Turismo Global - Nitu - Noticias de la Industria Turistica","isPartOf":{"@id":"https:\/\/nitu.mx\/#website"},"primaryImageOfPage":{"@id":"https:\/\/nitu.mx\/index.php\/2020\/09\/15\/mexico-tiene-fuerte-presencia-en-expoforo-virtual-de-turismo-global\/#primaryimage"},"image":{"@id":"https:\/\/nitu.mx\/index.php\/2020\/09\/15\/mexico-tiene-fuerte-presencia-en-expoforo-virtual-de-turismo-global\/#primaryimage"},"thumbnailUrl":"https:\/\/nitu.mx\/wp-content\/uploads\/2020\/09\/expo-foro-virtual-1.jpg","datePublished":"2020-09-15T05:56:49+00:00","dateModified":"2020-09-15T05:58:34+00:00","breadcrumb":{"@id":"https:\/\/nitu.mx\/index.php\/2020\/09\/15\/mexico-tiene-fuerte-presencia-en-expoforo-virtual-de-turismo-global\/#breadcrumb"},"inLanguage":"es-MX","potentialAction":[{"@type":"ReadAction","target":["https:\/\/nitu.mx\/index.php\/2020\/09\/15\/mexico-tiene-fuerte-presencia-en-expoforo-virtual-de-turismo-global\/"]}]},{"@type":"ImageObject","inLanguage":"es-MX","@id":"https:\/\/nitu.mx\/index.php\/2020\/09\/15\/mexico-tiene-fuerte-presencia-en-expoforo-virtual-de-turismo-global\/#primaryimage","url":"https:\/\/nitu.mx\/wp-content\/uploads\/2020\/09\/expo-foro-virtual-1.jpg","contentUrl":"https:\/\/nitu.mx\/wp-content\/uploads\/2020\/09\/expo-foro-virtual-1.jpg","width":1200,"height":675,"caption":"Expo+Foro Virtual"},{"@type":"BreadcrumbList","@id":"https:\/\/nitu.mx\/index.php\/2020\/09\/15\/mexico-tiene-fuerte-presencia-en-expoforo-virtual-de-turismo-global\/#breadcrumb","itemListElement":[{"@type":"ListItem","position":1,"name":"Inicio","item":"https:\/\/nitu.mx\/"},{"@type":"ListItem","position":2,"name":"M\u00e9xico tiene fuerte presencia en Expo+Foro Virtual de Turismo Global"}]},{"@type":"WebSite","@id":"https:\/\/nitu.mx\/#website","url":"https:\/\/nitu.mx\/","name":"Nitu - Noticias de la Industria Turistica","description":"Noticias de la Industria Turistica","publisher":{"@id":"https:\/\/nitu.mx\/#\/schema\/person\/ae7a53426417292d3dd07b45a33e01bc"},"alternateName":"Noticias de la Industria Turistica","potentialAction":[{"@type":"SearchAction","target":{"@type":"EntryPoint","urlTemplate":"https:\/\/nitu.mx\/?s={search_term_string}"},"query-input":"required name=search_term_string"}],"inLanguage":"es-MX"},{"@type":["Person","Organization"],"@id":"https:\/\/nitu.mx\/#\/schema\/person\/ae7a53426417292d3dd07b45a33e01bc","name":"Arturo Medina","image":{"@type":"ImageObject","inLanguage":"es-MX","@id":"https:\/\/nitu.mx\/#\/schema\/person\/image\/","url":"https:\/\/nitu.mx\/wp-content\/uploads\/2024\/04\/4A315622-1904-4D5C-B022-878CDC840E04-90x90-1.jpeg","contentUrl":"https:\/\/nitu.mx\/wp-content\/uploads\/2024\/04\/4A315622-1904-4D5C-B022-878CDC840E04-90x90-1.jpeg","width":90,"height":90,"caption":"Arturo Medina"},"logo":{"@id":"https:\/\/nitu.mx\/#\/schema\/person\/image\/"},"description":"Director NITU.mx, Egresado de la Escuela de Periodismo Carlos Septi\u00e9n Garc\u00eda. Periodista y analista especializado en turismo desde hace 35 a\u00f1os, radicado en Canc\u00fan Q.Roo. arturo@nitu.mx","sameAs":["https:\/\/nitu.mx","https:\/\/www.facebook.com\/NITUmx\/","medinacancun","https:\/\/twitter.com\/@Arturo_Medina_G"]},{"@type":"Person","@id":"https:\/\/nitu.mx\/#\/schema\/person\/3df3082b5e46037e3f13614d28ee0b77","name":"Guadalupe Sixto","image":{"@type":"ImageObject","inLanguage":"es-MX","@id":"https:\/\/nitu.mx\/#\/schema\/person\/image\/","url":"https:\/\/secure.gravatar.com\/avatar\/13914e1b0e1919e91f9539de4dc584c4?s=96&d=mm&r=g","contentUrl":"https:\/\/secure.gravatar.com\/avatar\/13914e1b0e1919e91f9539de4dc584c4?s=96&d=mm&r=g","caption":"Guadalupe Sixto"},"url":"https:\/\/nitu.mx\/index.php\/author\/gsixto\/"}]}},"views":336,"_links":{"self":[{"href":"https:\/\/nitu.mx\/index.php\/wp-json\/wp\/v2\/posts\/46307"}],"collection":[{"href":"https:\/\/nitu.mx\/index.php\/wp-json\/wp\/v2\/posts"}],"about":[{"href":"https:\/\/nitu.mx\/index.php\/wp-json\/wp\/v2\/types\/post"}],"author":[{"embeddable":true,"href":"https:\/\/nitu.mx\/index.php\/wp-json\/wp\/v2\/users\/18"}],"replies":[{"embeddable":true,"href":"https:\/\/nitu.mx\/index.php\/wp-json\/wp\/v2\/comments?post=46307"}],"version-history":[{"count":2,"href":"https:\/\/nitu.mx\/index.php\/wp-json\/wp\/v2\/posts\/46307\/revisions"}],"predecessor-version":[{"id":46313,"href":"https:\/\/nitu.mx\/index.php\/wp-json\/wp\/v2\/posts\/46307\/revisions\/46313"}],"wp:featuredmedia":[{"embeddable":true,"href":"https:\/\/nitu.mx\/index.php\/wp-json\/wp\/v2\/media\/46314"}],"wp:attachment":[{"href":"https:\/\/nitu.mx\/index.php\/wp-json\/wp\/v2\/media?parent=46307"}],"wp:term":[{"taxonomy":"category","embeddable":true,"href":"https:\/\/nitu.mx\/index.php\/wp-json\/wp\/v2\/categories?post=46307"},{"taxonomy":"post_tag","embeddable":true,"href":"https:\/\/nitu.mx\/index.php\/wp-json\/wp\/v2\/tags?post=46307"}],"curies":[{"name":"wp","href":"https:\/\/api.w.org\/{rel}","templated":true}]}}