{"id":46120,"date":"2020-09-09T01:01:05","date_gmt":"2020-09-09T06:01:05","guid":{"rendered":"https:\/\/www.dev.nitu.mx\/?p=46120"},"modified":"2020-09-09T01:22:30","modified_gmt":"2020-09-09T06:22:30","slug":"monterrey-anuncia-reactivacion-de-la-industria-de-reuniones","status":"publish","type":"post","link":"https:\/\/nitu.mx\/index.php\/2020\/09\/09\/monterrey-anuncia-reactivacion-de-la-industria-de-reuniones\/","title":{"rendered":"Monterrey anuncia reactivaci\u00f3n de la industria de reuniones"},"content":{"rendered":"\n<p>Recientemente el gobierno de Monterrey anunci\u00f3 la reactivaci\u00f3n de congresos, eventos y reuniones en el destino, con un aforo de 30%, con miras a impulsar la reactivaci\u00f3n econ\u00f3mica.<\/p>\n\n\n\n<p>Gracias a la baja en diversos indicadores del sem\u00e1foro epidemiol\u00f3gico estatal, el 4 septiembre el gobierno del Estado dio luz verde para la reactivaci\u00f3n de m\u00e1s actividades econ\u00f3micas y tur\u00edsticas en Nuevo Le\u00f3n, incluida la realizaci\u00f3n de congresos y exposiciones, uno de los principales sectores del destino. Los centros de convenciones podr\u00e1n operar a un 30% de su capacidad, de lunes a domingo en un horario de 5:00 a 24:00 horas, con estricto seguimiento a los protocolos generados para la industria y avalados por las autoridades. Por el momento no ser\u00e1 permitida la entrada a menores de 12 a\u00f1os, ni mayores de 65.<\/p>\n\n\n\n<p>Como impulso a la reactivaci\u00f3n, el 23 de septiembre en Cintermex se realizar\u00e1 la EXPO CREA, Cu\u00eddate, Reactiva y Avanza, un congreso y exposici\u00f3n organizado por la Asociaci\u00f3n Mexicana de Profesionales en Exposiciones, Ferias y Convenciones (AMPROFEC) Cap\u00edtulo Norte y con la participaci\u00f3n de diferentes instituciones y empresas del sector, donde se pondr\u00e1n a prueba los protocolos sanitarios, se podr\u00e1 conocer la experiencia de eventos Post-COVID, actualizarse en tendencias de la industria y contactar a organizadores interesados en conocer productos y servicios en esta nueva realidad.<\/p>\n\n\n\n<p>Por su parte, los restaurantes, en horario de 5 a 24 hotas, y los hoteles, abiertos las 24 horas, mantendr\u00e1n un aforo permitido del 30%, estos \u00faltimos, con acceso restringido a las \u00e1reas comunes. As\u00ed mismo, los museos y parques estatales podr\u00e1n iniciar operaciones ordenadas a trav\u00e9s de la aplicaci\u00f3n Pasaporte Nuevo Le\u00f3n Extraordinario, que permite hacer reservaciones y compras con el objetivo de evitar acumulaciones de personas.<\/p>\n\n\n\n<p>Adem\u00e1s de las medidas generales como incrementar la frecuencia de desinfecci\u00f3n, uso obligatorio de cubrebocas, filtros sanitarios de toma de temperatura, capacidad y distanciamiento f\u00edsico y estaciones de lavado y gel antibacterial, se tomar\u00e1n acciones precisas de acuerdo al giro de cada empresa, las cuales pueden consultarse en Protocolos para la Reactivaci\u00f3n de la Industria Tur\u00edstica y de Reuniones de Nuevo Le\u00f3n.<\/p>\n","protected":false},"excerpt":{"rendered":"<p>Recientemente el gobierno de Monterrey anunci\u00f3 la reactivaci\u00f3n de congresos, eventos y reuniones en el destino, con un aforo de 30%, con miras a impulsar la reactivaci\u00f3n econ\u00f3mica. Gracias a la baja en diversos indicadores del sem\u00e1foro epidemiol\u00f3gico estatal, el 4 septiembre el gobierno del Estado dio luz verde para la reactivaci\u00f3n de m\u00e1s actividades [&hellip;]<\/p>\n","protected":false},"author":17,"featured_media":46134,"comment_status":"open","ping_status":"open","sticky":false,"template":"","format":"standard","meta":{"footnotes":""},"categories":[5],"tags":[4688,5978,4526,491],"yoast_head":"<!-- This site is optimized with the Yoast SEO plugin v22.2 - https:\/\/yoast.com\/wordpress\/plugins\/seo\/ -->\n<title>Monterrey anuncia reactivaci\u00f3n de la industria de reuniones - Nitu - Noticias de la Industria Turistica<\/title>\n<meta name=\"robots\" content=\"index, follow, max-snippet:-1, max-image-preview:large, max-video-preview:-1\" \/>\n<link rel=\"canonical\" href=\"https:\/\/nitu.mx\/index.php\/2020\/09\/09\/monterrey-anuncia-reactivacion-de-la-industria-de-reuniones\/\" \/>\n<meta name=\"twitter:card\" content=\"summary_large_image\" \/>\n<meta name=\"twitter:title\" content=\"Monterrey anuncia reactivaci\u00f3n de la industria de reuniones - Nitu - Noticias de la Industria Turistica\" \/>\n<meta name=\"twitter:description\" content=\"Recientemente el gobierno de Monterrey anunci\u00f3 la reactivaci\u00f3n de congresos, eventos y reuniones en el destino, con un aforo de 30%, con miras a impulsar la reactivaci\u00f3n econ\u00f3mica. Gracias a la baja en diversos indicadores del sem\u00e1foro epidemiol\u00f3gico estatal, el 4 septiembre el gobierno del Estado dio luz verde para la reactivaci\u00f3n de m\u00e1s actividades [&hellip;]\" \/>\n<meta name=\"twitter:image\" content=\"https:\/\/nitu.mx\/wp-content\/uploads\/2020\/09\/Monterrey-industria-de-reuniones.jpg\" \/>\n<meta name=\"twitter:creator\" content=\"@NITUmx\" \/>\n<meta name=\"twitter:site\" content=\"@Arturo_Medina_G\" \/>\n<meta name=\"twitter:label1\" content=\"Escrito por\" \/>\n\t<meta name=\"twitter:data1\" content=\"Redacci\u00f3n\" \/>\n\t<meta name=\"twitter:label2\" content=\"Tiempo de lectura\" \/>\n\t<meta name=\"twitter:data2\" content=\"2 minutos\" \/>\n<script type=\"application\/ld+json\" class=\"yoast-schema-graph\">{\"@context\":\"https:\/\/schema.org\",\"@graph\":[{\"@type\":\"Article\",\"@id\":\"https:\/\/nitu.mx\/index.php\/2020\/09\/09\/monterrey-anuncia-reactivacion-de-la-industria-de-reuniones\/#article\",\"isPartOf\":{\"@id\":\"https:\/\/nitu.mx\/index.php\/2020\/09\/09\/monterrey-anuncia-reactivacion-de-la-industria-de-reuniones\/\"},\"author\":{\"name\":\"Redacci\u00f3n\",\"@id\":\"https:\/\/nitu.mx\/#\/schema\/person\/4a28fe9bd65924f7c90623773daf1b0b\"},\"headline\":\"Monterrey anuncia reactivaci\u00f3n de la industria de reuniones\",\"datePublished\":\"2020-09-09T06:01:05+00:00\",\"dateModified\":\"2020-09-09T06:22:30+00:00\",\"mainEntityOfPage\":{\"@id\":\"https:\/\/nitu.mx\/index.php\/2020\/09\/09\/monterrey-anuncia-reactivacion-de-la-industria-de-reuniones\/\"},\"wordCount\":376,\"commentCount\":0,\"publisher\":{\"@id\":\"https:\/\/nitu.mx\/#\/schema\/person\/ae7a53426417292d3dd07b45a33e01bc\"},\"image\":{\"@id\":\"https:\/\/nitu.mx\/index.php\/2020\/09\/09\/monterrey-anuncia-reactivacion-de-la-industria-de-reuniones\/#primaryimage\"},\"thumbnailUrl\":\"https:\/\/nitu.mx\/wp-content\/uploads\/2020\/09\/Monterrey-industria-de-reuniones.jpg\",\"keywords\":[\"Amprofec\",\"Cintermex\",\"Industria de Reuniones\",\"Monterrey\"],\"articleSection\":[\"Destinos\"],\"inLanguage\":\"es-MX\",\"potentialAction\":[{\"@type\":\"CommentAction\",\"name\":\"Comment\",\"target\":[\"https:\/\/nitu.mx\/index.php\/2020\/09\/09\/monterrey-anuncia-reactivacion-de-la-industria-de-reuniones\/#respond\"]}]},{\"@type\":\"WebPage\",\"@id\":\"https:\/\/nitu.mx\/index.php\/2020\/09\/09\/monterrey-anuncia-reactivacion-de-la-industria-de-reuniones\/\",\"url\":\"https:\/\/nitu.mx\/index.php\/2020\/09\/09\/monterrey-anuncia-reactivacion-de-la-industria-de-reuniones\/\",\"name\":\"Monterrey anuncia reactivaci\u00f3n de la industria de reuniones - Nitu - Noticias de la Industria Turistica\",\"isPartOf\":{\"@id\":\"https:\/\/nitu.mx\/#website\"},\"primaryImageOfPage\":{\"@id\":\"https:\/\/nitu.mx\/index.php\/2020\/09\/09\/monterrey-anuncia-reactivacion-de-la-industria-de-reuniones\/#primaryimage\"},\"image\":{\"@id\":\"https:\/\/nitu.mx\/index.php\/2020\/09\/09\/monterrey-anuncia-reactivacion-de-la-industria-de-reuniones\/#primaryimage\"},\"thumbnailUrl\":\"https:\/\/nitu.mx\/wp-content\/uploads\/2020\/09\/Monterrey-industria-de-reuniones.jpg\",\"datePublished\":\"2020-09-09T06:01:05+00:00\",\"dateModified\":\"2020-09-09T06:22:30+00:00\",\"breadcrumb\":{\"@id\":\"https:\/\/nitu.mx\/index.php\/2020\/09\/09\/monterrey-anuncia-reactivacion-de-la-industria-de-reuniones\/#breadcrumb\"},\"inLanguage\":\"es-MX\",\"potentialAction\":[{\"@type\":\"ReadAction\",\"target\":[\"https:\/\/nitu.mx\/index.php\/2020\/09\/09\/monterrey-anuncia-reactivacion-de-la-industria-de-reuniones\/\"]}]},{\"@type\":\"ImageObject\",\"inLanguage\":\"es-MX\",\"@id\":\"https:\/\/nitu.mx\/index.php\/2020\/09\/09\/monterrey-anuncia-reactivacion-de-la-industria-de-reuniones\/#primaryimage\",\"url\":\"https:\/\/nitu.mx\/wp-content\/uploads\/2020\/09\/Monterrey-industria-de-reuniones.jpg\",\"contentUrl\":\"https:\/\/nitu.mx\/wp-content\/uploads\/2020\/09\/Monterrey-industria-de-reuniones.jpg\",\"width\":1200,\"height\":675},{\"@type\":\"BreadcrumbList\",\"@id\":\"https:\/\/nitu.mx\/index.php\/2020\/09\/09\/monterrey-anuncia-reactivacion-de-la-industria-de-reuniones\/#breadcrumb\",\"itemListElement\":[{\"@type\":\"ListItem\",\"position\":1,\"name\":\"Inicio\",\"item\":\"https:\/\/nitu.mx\/\"},{\"@type\":\"ListItem\",\"position\":2,\"name\":\"Monterrey anuncia reactivaci\u00f3n de la industria de reuniones\"}]},{\"@type\":\"WebSite\",\"@id\":\"https:\/\/nitu.mx\/#website\",\"url\":\"https:\/\/nitu.mx\/\",\"name\":\"Nitu - Noticias de la Industria Turistica\",\"description\":\"Noticias de la Industria Turistica\",\"publisher\":{\"@id\":\"https:\/\/nitu.mx\/#\/schema\/person\/ae7a53426417292d3dd07b45a33e01bc\"},\"alternateName\":\"Noticias de la Industria Turistica\",\"potentialAction\":[{\"@type\":\"SearchAction\",\"target\":{\"@type\":\"EntryPoint\",\"urlTemplate\":\"https:\/\/nitu.mx\/?s={search_term_string}\"},\"query-input\":\"required name=search_term_string\"}],\"inLanguage\":\"es-MX\"},{\"@type\":[\"Person\",\"Organization\"],\"@id\":\"https:\/\/nitu.mx\/#\/schema\/person\/ae7a53426417292d3dd07b45a33e01bc\",\"name\":\"Arturo Medina\",\"image\":{\"@type\":\"ImageObject\",\"inLanguage\":\"es-MX\",\"@id\":\"https:\/\/nitu.mx\/#\/schema\/person\/image\/\",\"url\":\"https:\/\/nitu.mx\/wp-content\/uploads\/2024\/04\/4A315622-1904-4D5C-B022-878CDC840E04-90x90-1.jpeg\",\"contentUrl\":\"https:\/\/nitu.mx\/wp-content\/uploads\/2024\/04\/4A315622-1904-4D5C-B022-878CDC840E04-90x90-1.jpeg\",\"width\":90,\"height\":90,\"caption\":\"Arturo Medina\"},\"logo\":{\"@id\":\"https:\/\/nitu.mx\/#\/schema\/person\/image\/\"},\"description\":\"Director NITU.mx, Egresado de la Escuela de Periodismo Carlos Septi\u00e9n Garc\u00eda. Periodista y analista especializado en turismo desde hace 35 a\u00f1os, radicado en Canc\u00fan Q.Roo. arturo@nitu.mx\",\"sameAs\":[\"https:\/\/nitu.mx\",\"https:\/\/www.facebook.com\/NITUmx\/\",\"medinacancun\",\"https:\/\/twitter.com\/@Arturo_Medina_G\"]},{\"@type\":\"Person\",\"@id\":\"https:\/\/nitu.mx\/#\/schema\/person\/4a28fe9bd65924f7c90623773daf1b0b\",\"name\":\"Redacci\u00f3n\",\"image\":{\"@type\":\"ImageObject\",\"inLanguage\":\"es-MX\",\"@id\":\"https:\/\/nitu.mx\/#\/schema\/person\/image\/\",\"url\":\"https:\/\/secure.gravatar.com\/avatar\/5dd011c8ccfc5cd7e4c81e42252aab38?s=96&d=mm&r=g\",\"contentUrl\":\"https:\/\/secure.gravatar.com\/avatar\/5dd011c8ccfc5cd7e4c81e42252aab38?s=96&d=mm&r=g\",\"caption\":\"Redacci\u00f3n\"},\"url\":\"https:\/\/nitu.mx\/index.php\/author\/redaccion\/\"}]}<\/script>\n<!-- \/ Yoast SEO plugin. -->","yoast_head_json":{"title":"Monterrey anuncia reactivaci\u00f3n de la industria de reuniones - Nitu - Noticias de la Industria Turistica","robots":{"index":"index","follow":"follow","max-snippet":"max-snippet:-1","max-image-preview":"max-image-preview:large","max-video-preview":"max-video-preview:-1"},"canonical":"https:\/\/nitu.mx\/index.php\/2020\/09\/09\/monterrey-anuncia-reactivacion-de-la-industria-de-reuniones\/","twitter_card":"summary_large_image","twitter_title":"Monterrey anuncia reactivaci\u00f3n de la industria de reuniones - Nitu - Noticias de la Industria Turistica","twitter_description":"Recientemente el gobierno de Monterrey anunci\u00f3 la reactivaci\u00f3n de congresos, eventos y reuniones en el destino, con un aforo de 30%, con miras a impulsar la reactivaci\u00f3n econ\u00f3mica. Gracias a la baja en diversos indicadores del sem\u00e1foro epidemiol\u00f3gico estatal, el 4 septiembre el gobierno del Estado dio luz verde para la reactivaci\u00f3n de m\u00e1s actividades [&hellip;]","twitter_image":"https:\/\/nitu.mx\/wp-content\/uploads\/2020\/09\/Monterrey-industria-de-reuniones.jpg","twitter_creator":"@NITUmx","twitter_site":"@Arturo_Medina_G","twitter_misc":{"Escrito por":"Redacci\u00f3n","Tiempo de lectura":"2 minutos"},"schema":{"@context":"https:\/\/schema.org","@graph":[{"@type":"Article","@id":"https:\/\/nitu.mx\/index.php\/2020\/09\/09\/monterrey-anuncia-reactivacion-de-la-industria-de-reuniones\/#article","isPartOf":{"@id":"https:\/\/nitu.mx\/index.php\/2020\/09\/09\/monterrey-anuncia-reactivacion-de-la-industria-de-reuniones\/"},"author":{"name":"Redacci\u00f3n","@id":"https:\/\/nitu.mx\/#\/schema\/person\/4a28fe9bd65924f7c90623773daf1b0b"},"headline":"Monterrey anuncia reactivaci\u00f3n de la industria de reuniones","datePublished":"2020-09-09T06:01:05+00:00","dateModified":"2020-09-09T06:22:30+00:00","mainEntityOfPage":{"@id":"https:\/\/nitu.mx\/index.php\/2020\/09\/09\/monterrey-anuncia-reactivacion-de-la-industria-de-reuniones\/"},"wordCount":376,"commentCount":0,"publisher":{"@id":"https:\/\/nitu.mx\/#\/schema\/person\/ae7a53426417292d3dd07b45a33e01bc"},"image":{"@id":"https:\/\/nitu.mx\/index.php\/2020\/09\/09\/monterrey-anuncia-reactivacion-de-la-industria-de-reuniones\/#primaryimage"},"thumbnailUrl":"https:\/\/nitu.mx\/wp-content\/uploads\/2020\/09\/Monterrey-industria-de-reuniones.jpg","keywords":["Amprofec","Cintermex","Industria de Reuniones","Monterrey"],"articleSection":["Destinos"],"inLanguage":"es-MX","potentialAction":[{"@type":"CommentAction","name":"Comment","target":["https:\/\/nitu.mx\/index.php\/2020\/09\/09\/monterrey-anuncia-reactivacion-de-la-industria-de-reuniones\/#respond"]}]},{"@type":"WebPage","@id":"https:\/\/nitu.mx\/index.php\/2020\/09\/09\/monterrey-anuncia-reactivacion-de-la-industria-de-reuniones\/","url":"https:\/\/nitu.mx\/index.php\/2020\/09\/09\/monterrey-anuncia-reactivacion-de-la-industria-de-reuniones\/","name":"Monterrey anuncia reactivaci\u00f3n de la industria de reuniones - Nitu - Noticias de la Industria Turistica","isPartOf":{"@id":"https:\/\/nitu.mx\/#website"},"primaryImageOfPage":{"@id":"https:\/\/nitu.mx\/index.php\/2020\/09\/09\/monterrey-anuncia-reactivacion-de-la-industria-de-reuniones\/#primaryimage"},"image":{"@id":"https:\/\/nitu.mx\/index.php\/2020\/09\/09\/monterrey-anuncia-reactivacion-de-la-industria-de-reuniones\/#primaryimage"},"thumbnailUrl":"https:\/\/nitu.mx\/wp-content\/uploads\/2020\/09\/Monterrey-industria-de-reuniones.jpg","datePublished":"2020-09-09T06:01:05+00:00","dateModified":"2020-09-09T06:22:30+00:00","breadcrumb":{"@id":"https:\/\/nitu.mx\/index.php\/2020\/09\/09\/monterrey-anuncia-reactivacion-de-la-industria-de-reuniones\/#breadcrumb"},"inLanguage":"es-MX","potentialAction":[{"@type":"ReadAction","target":["https:\/\/nitu.mx\/index.php\/2020\/09\/09\/monterrey-anuncia-reactivacion-de-la-industria-de-reuniones\/"]}]},{"@type":"ImageObject","inLanguage":"es-MX","@id":"https:\/\/nitu.mx\/index.php\/2020\/09\/09\/monterrey-anuncia-reactivacion-de-la-industria-de-reuniones\/#primaryimage","url":"https:\/\/nitu.mx\/wp-content\/uploads\/2020\/09\/Monterrey-industria-de-reuniones.jpg","contentUrl":"https:\/\/nitu.mx\/wp-content\/uploads\/2020\/09\/Monterrey-industria-de-reuniones.jpg","width":1200,"height":675},{"@type":"BreadcrumbList","@id":"https:\/\/nitu.mx\/index.php\/2020\/09\/09\/monterrey-anuncia-reactivacion-de-la-industria-de-reuniones\/#breadcrumb","itemListElement":[{"@type":"ListItem","position":1,"name":"Inicio","item":"https:\/\/nitu.mx\/"},{"@type":"ListItem","position":2,"name":"Monterrey anuncia reactivaci\u00f3n de la industria de reuniones"}]},{"@type":"WebSite","@id":"https:\/\/nitu.mx\/#website","url":"https:\/\/nitu.mx\/","name":"Nitu - Noticias de la Industria Turistica","description":"Noticias de la Industria Turistica","publisher":{"@id":"https:\/\/nitu.mx\/#\/schema\/person\/ae7a53426417292d3dd07b45a33e01bc"},"alternateName":"Noticias de la Industria Turistica","potentialAction":[{"@type":"SearchAction","target":{"@type":"EntryPoint","urlTemplate":"https:\/\/nitu.mx\/?s={search_term_string}"},"query-input":"required name=search_term_string"}],"inLanguage":"es-MX"},{"@type":["Person","Organization"],"@id":"https:\/\/nitu.mx\/#\/schema\/person\/ae7a53426417292d3dd07b45a33e01bc","name":"Arturo Medina","image":{"@type":"ImageObject","inLanguage":"es-MX","@id":"https:\/\/nitu.mx\/#\/schema\/person\/image\/","url":"https:\/\/nitu.mx\/wp-content\/uploads\/2024\/04\/4A315622-1904-4D5C-B022-878CDC840E04-90x90-1.jpeg","contentUrl":"https:\/\/nitu.mx\/wp-content\/uploads\/2024\/04\/4A315622-1904-4D5C-B022-878CDC840E04-90x90-1.jpeg","width":90,"height":90,"caption":"Arturo Medina"},"logo":{"@id":"https:\/\/nitu.mx\/#\/schema\/person\/image\/"},"description":"Director NITU.mx, Egresado de la Escuela de Periodismo Carlos Septi\u00e9n Garc\u00eda. Periodista y analista especializado en turismo desde hace 35 a\u00f1os, radicado en Canc\u00fan Q.Roo. arturo@nitu.mx","sameAs":["https:\/\/nitu.mx","https:\/\/www.facebook.com\/NITUmx\/","medinacancun","https:\/\/twitter.com\/@Arturo_Medina_G"]},{"@type":"Person","@id":"https:\/\/nitu.mx\/#\/schema\/person\/4a28fe9bd65924f7c90623773daf1b0b","name":"Redacci\u00f3n","image":{"@type":"ImageObject","inLanguage":"es-MX","@id":"https:\/\/nitu.mx\/#\/schema\/person\/image\/","url":"https:\/\/secure.gravatar.com\/avatar\/5dd011c8ccfc5cd7e4c81e42252aab38?s=96&d=mm&r=g","contentUrl":"https:\/\/secure.gravatar.com\/avatar\/5dd011c8ccfc5cd7e4c81e42252aab38?s=96&d=mm&r=g","caption":"Redacci\u00f3n"},"url":"https:\/\/nitu.mx\/index.php\/author\/redaccion\/"}]}},"views":347,"_links":{"self":[{"href":"https:\/\/nitu.mx\/index.php\/wp-json\/wp\/v2\/posts\/46120"}],"collection":[{"href":"https:\/\/nitu.mx\/index.php\/wp-json\/wp\/v2\/posts"}],"about":[{"href":"https:\/\/nitu.mx\/index.php\/wp-json\/wp\/v2\/types\/post"}],"author":[{"embeddable":true,"href":"https:\/\/nitu.mx\/index.php\/wp-json\/wp\/v2\/users\/17"}],"replies":[{"embeddable":true,"href":"https:\/\/nitu.mx\/index.php\/wp-json\/wp\/v2\/comments?post=46120"}],"version-history":[{"count":3,"href":"https:\/\/nitu.mx\/index.php\/wp-json\/wp\/v2\/posts\/46120\/revisions"}],"predecessor-version":[{"id":46136,"href":"https:\/\/nitu.mx\/index.php\/wp-json\/wp\/v2\/posts\/46120\/revisions\/46136"}],"wp:featuredmedia":[{"embeddable":true,"href":"https:\/\/nitu.mx\/index.php\/wp-json\/wp\/v2\/media\/46134"}],"wp:attachment":[{"href":"https:\/\/nitu.mx\/index.php\/wp-json\/wp\/v2\/media?parent=46120"}],"wp:term":[{"taxonomy":"category","embeddable":true,"href":"https:\/\/nitu.mx\/index.php\/wp-json\/wp\/v2\/categories?post=46120"},{"taxonomy":"post_tag","embeddable":true,"href":"https:\/\/nitu.mx\/index.php\/wp-json\/wp\/v2\/tags?post=46120"}],"curies":[{"name":"wp","href":"https:\/\/api.w.org\/{rel}","templated":true}]}}