{"id":45915,"date":"2020-09-02T20:49:18","date_gmt":"2020-09-03T01:49:18","guid":{"rendered":"https:\/\/www.dev.nitu.mx\/?p=45915"},"modified":"2020-09-03T01:38:31","modified_gmt":"2020-09-03T06:38:31","slug":"yucatan-inicia-la-segunda-etapa-de-apertura-de-actividades-turisticas","status":"publish","type":"post","link":"https:\/\/nitu.mx\/index.php\/2020\/09\/02\/yucatan-inicia-la-segunda-etapa-de-apertura-de-actividades-turisticas\/","title":{"rendered":"Yucat\u00e1n inicia la segunda etapa de apertura de actividades tur\u00edsticas"},"content":{"rendered":"\n<p>A partir de este mes, Yucat\u00e1n iniciar\u00e1 la segunda fase de la reapertura tur\u00edstica en la entidad, que sigue de forma gradual, escalonada y bajo los m\u00e1s altos est\u00e1ndares de bioseguridad.<\/p>\n\n\n\n<p>Algunas de las actividades que contempla este segundo paso en la reactivaci\u00f3n tur\u00edstica es la ampliaci\u00f3n del l\u00edmite de ocupaci\u00f3n hotelera y en restaurantes.<\/p>\n\n\n\n<p>En Yucat\u00e1n tambi\u00e9n se permitir\u00e1 la reactivaci\u00f3n de servicios tur\u00edsticos complementarios como gu\u00edas de turistas, agencias de viajes, transportadoras tur\u00edsticas, operadoras de aventura y buceo.<\/p>\n\n\n\n<p>Esto implica la realizaci\u00f3n de recorridos a atractivos como cenotes, haciendas, entre otros, siguiendo las medidas y protocolos sanitarios establecidos por la Secretar\u00eda de Salud estatal.<\/p>\n\n\n\n<p>Los prestadores de servicios deber\u00e1n contar con el Certificado de Buenas Pr\u00e1cticas Sanitarias o cualquier otra certificaci\u00f3n avalada por autoridades federales, organismos internacionales, o en su defecto, estar en tr\u00e1mite de alguno de \u00e9stos.<\/p>\n\n\n\n<p>Las zonas arqueol\u00f3gicas bajo la administraci\u00f3n del Instituto Nacional de Antropolog\u00eda e Historia (INAH) se realizar\u00e1 conforme al calendario de la dependencia federal, que contempla la reapertura a partir del 7 de septiembre.<\/p>\n\n\n\n<p>Por ahora est\u00e1 programado que los congresos, convenciones y reuniones reinicien a partir del 12 de octubre pr\u00f3ximo con un aforo limitado.<\/p>\n\n\n\n<p>La reactivaci\u00f3n de la actividad tur\u00edstica en Yucat\u00e1n se dio a partir de junio pasado, desde antes y hasta la fecha, la secretaria de Fomento Tur\u00edstico, Michelle Fridman, ha tenido una estrecha comunicaci\u00f3n con las c\u00e1maras empresariales y asociaciones tur\u00edsticas para dise\u00f1ar las acciones de reapertura.<\/p>\n\n\n\n<p>La entidad cuenta con el Sello Safe Travels del WTTC, gracias a su Programa de Certificaci\u00f3n de Buenas Pr\u00e1cticas Sanitarias, que fue homologado con el dise\u00f1ado por el estado vecino de Quintana Roo.<\/p>\n\n\n\n<p>En cuanto a conectividad a\u00e9rea, Yucat\u00e1n ya recuper\u00f3 108 de los 123 vuelos que operaban antes de la pandemia, lo que representa m\u00e1s de 50 por ciento, y se estima que a lo largo del mes se incrementen m\u00e1s vuelos y frecuencias. A la fecha ya se cuenta con m\u00e1s de 100 vuelos semanales.<\/p>\n\n\n\n<p>Sefotur recomend\u00f3 a los turistas, consultar el sitio yucatan.travel\/certificado-bupsy, en donde est\u00e1n las actividades y operadores ya certificados para planificar su viaje.<\/p>\n","protected":false},"excerpt":{"rendered":"<p>A partir de este mes, Yucat\u00e1n iniciar\u00e1 la segunda fase de la reapertura tur\u00edstica en la entidad, que sigue de forma gradual, escalonada y bajo los m\u00e1s altos est\u00e1ndares de bioseguridad. Algunas de las actividades que contempla este segundo paso en la reactivaci\u00f3n tur\u00edstica es la ampliaci\u00f3n del l\u00edmite de ocupaci\u00f3n hotelera y en restaurantes. [&hellip;]<\/p>\n","protected":false},"author":18,"featured_media":45923,"comment_status":"open","ping_status":"open","sticky":false,"template":"","format":"standard","meta":{"footnotes":""},"categories":[5],"tags":[3695,301,12599,449],"yoast_head":"<!-- This site is optimized with the Yoast SEO plugin v22.2 - https:\/\/yoast.com\/wordpress\/plugins\/seo\/ -->\n<title>Yucat\u00e1n inicia la segunda etapa de apertura de actividades tur\u00edsticas - Nitu - Noticias de la Industria Turistica<\/title>\n<meta name=\"robots\" content=\"index, follow, max-snippet:-1, max-image-preview:large, max-video-preview:-1\" \/>\n<link rel=\"canonical\" href=\"https:\/\/nitu.mx\/index.php\/2020\/09\/02\/yucatan-inicia-la-segunda-etapa-de-apertura-de-actividades-turisticas\/\" \/>\n<meta name=\"twitter:card\" content=\"summary_large_image\" \/>\n<meta name=\"twitter:title\" content=\"Yucat\u00e1n inicia la segunda etapa de apertura de actividades tur\u00edsticas - Nitu - Noticias de la Industria Turistica\" \/>\n<meta name=\"twitter:description\" content=\"A partir de este mes, Yucat\u00e1n iniciar\u00e1 la segunda fase de la reapertura tur\u00edstica en la entidad, que sigue de forma gradual, escalonada y bajo los m\u00e1s altos est\u00e1ndares de bioseguridad. Algunas de las actividades que contempla este segundo paso en la reactivaci\u00f3n tur\u00edstica es la ampliaci\u00f3n del l\u00edmite de ocupaci\u00f3n hotelera y en restaurantes. [&hellip;]\" \/>\n<meta name=\"twitter:image\" content=\"https:\/\/nitu.mx\/wp-content\/uploads\/2020\/09\/Yucat\u00e1n-Paseo-Montejo-M\u00e9rida.jpg\" \/>\n<meta name=\"twitter:creator\" content=\"@NITUmx\" \/>\n<meta name=\"twitter:site\" content=\"@Arturo_Medina_G\" \/>\n<meta name=\"twitter:label1\" content=\"Escrito por\" \/>\n\t<meta name=\"twitter:data1\" content=\"Guadalupe Sixto\" \/>\n\t<meta name=\"twitter:label2\" content=\"Tiempo de lectura\" \/>\n\t<meta name=\"twitter:data2\" content=\"2 minutos\" \/>\n<script type=\"application\/ld+json\" class=\"yoast-schema-graph\">{\"@context\":\"https:\/\/schema.org\",\"@graph\":[{\"@type\":\"Article\",\"@id\":\"https:\/\/nitu.mx\/index.php\/2020\/09\/02\/yucatan-inicia-la-segunda-etapa-de-apertura-de-actividades-turisticas\/#article\",\"isPartOf\":{\"@id\":\"https:\/\/nitu.mx\/index.php\/2020\/09\/02\/yucatan-inicia-la-segunda-etapa-de-apertura-de-actividades-turisticas\/\"},\"author\":{\"name\":\"Guadalupe Sixto\",\"@id\":\"https:\/\/nitu.mx\/#\/schema\/person\/3df3082b5e46037e3f13614d28ee0b77\"},\"headline\":\"Yucat\u00e1n inicia la segunda etapa de apertura de actividades tur\u00edsticas\",\"datePublished\":\"2020-09-03T01:49:18+00:00\",\"dateModified\":\"2020-09-03T06:38:31+00:00\",\"mainEntityOfPage\":{\"@id\":\"https:\/\/nitu.mx\/index.php\/2020\/09\/02\/yucatan-inicia-la-segunda-etapa-de-apertura-de-actividades-turisticas\/\"},\"wordCount\":400,\"commentCount\":0,\"publisher\":{\"@id\":\"https:\/\/nitu.mx\/#\/schema\/person\/ae7a53426417292d3dd07b45a33e01bc\"},\"image\":{\"@id\":\"https:\/\/nitu.mx\/index.php\/2020\/09\/02\/yucatan-inicia-la-segunda-etapa-de-apertura-de-actividades-turisticas\/#primaryimage\"},\"thumbnailUrl\":\"https:\/\/nitu.mx\/wp-content\/uploads\/2020\/09\/Yucat\u00e1n-Paseo-Montejo-M\u00e9rida.jpg\",\"keywords\":[\"conectividad a\u00e9rea\",\"M\u00e9rida\",\"Michelle Fridman\",\"Yucat\u00e1n\"],\"articleSection\":[\"Destinos\"],\"inLanguage\":\"es-MX\",\"potentialAction\":[{\"@type\":\"CommentAction\",\"name\":\"Comment\",\"target\":[\"https:\/\/nitu.mx\/index.php\/2020\/09\/02\/yucatan-inicia-la-segunda-etapa-de-apertura-de-actividades-turisticas\/#respond\"]}]},{\"@type\":\"WebPage\",\"@id\":\"https:\/\/nitu.mx\/index.php\/2020\/09\/02\/yucatan-inicia-la-segunda-etapa-de-apertura-de-actividades-turisticas\/\",\"url\":\"https:\/\/nitu.mx\/index.php\/2020\/09\/02\/yucatan-inicia-la-segunda-etapa-de-apertura-de-actividades-turisticas\/\",\"name\":\"Yucat\u00e1n inicia la segunda etapa de apertura de actividades tur\u00edsticas - Nitu - Noticias de la Industria Turistica\",\"isPartOf\":{\"@id\":\"https:\/\/nitu.mx\/#website\"},\"primaryImageOfPage\":{\"@id\":\"https:\/\/nitu.mx\/index.php\/2020\/09\/02\/yucatan-inicia-la-segunda-etapa-de-apertura-de-actividades-turisticas\/#primaryimage\"},\"image\":{\"@id\":\"https:\/\/nitu.mx\/index.php\/2020\/09\/02\/yucatan-inicia-la-segunda-etapa-de-apertura-de-actividades-turisticas\/#primaryimage\"},\"thumbnailUrl\":\"https:\/\/nitu.mx\/wp-content\/uploads\/2020\/09\/Yucat\u00e1n-Paseo-Montejo-M\u00e9rida.jpg\",\"datePublished\":\"2020-09-03T01:49:18+00:00\",\"dateModified\":\"2020-09-03T06:38:31+00:00\",\"breadcrumb\":{\"@id\":\"https:\/\/nitu.mx\/index.php\/2020\/09\/02\/yucatan-inicia-la-segunda-etapa-de-apertura-de-actividades-turisticas\/#breadcrumb\"},\"inLanguage\":\"es-MX\",\"potentialAction\":[{\"@type\":\"ReadAction\",\"target\":[\"https:\/\/nitu.mx\/index.php\/2020\/09\/02\/yucatan-inicia-la-segunda-etapa-de-apertura-de-actividades-turisticas\/\"]}]},{\"@type\":\"ImageObject\",\"inLanguage\":\"es-MX\",\"@id\":\"https:\/\/nitu.mx\/index.php\/2020\/09\/02\/yucatan-inicia-la-segunda-etapa-de-apertura-de-actividades-turisticas\/#primaryimage\",\"url\":\"https:\/\/nitu.mx\/wp-content\/uploads\/2020\/09\/Yucat\u00e1n-Paseo-Montejo-M\u00e9rida.jpg\",\"contentUrl\":\"https:\/\/nitu.mx\/wp-content\/uploads\/2020\/09\/Yucat\u00e1n-Paseo-Montejo-M\u00e9rida.jpg\",\"width\":1200,\"height\":675,\"caption\":\"Yucat\u00e1n\"},{\"@type\":\"BreadcrumbList\",\"@id\":\"https:\/\/nitu.mx\/index.php\/2020\/09\/02\/yucatan-inicia-la-segunda-etapa-de-apertura-de-actividades-turisticas\/#breadcrumb\",\"itemListElement\":[{\"@type\":\"ListItem\",\"position\":1,\"name\":\"Inicio\",\"item\":\"https:\/\/nitu.mx\/\"},{\"@type\":\"ListItem\",\"position\":2,\"name\":\"Yucat\u00e1n inicia la segunda etapa de apertura de actividades tur\u00edsticas\"}]},{\"@type\":\"WebSite\",\"@id\":\"https:\/\/nitu.mx\/#website\",\"url\":\"https:\/\/nitu.mx\/\",\"name\":\"Nitu - Noticias de la Industria Turistica\",\"description\":\"Noticias de la Industria Turistica\",\"publisher\":{\"@id\":\"https:\/\/nitu.mx\/#\/schema\/person\/ae7a53426417292d3dd07b45a33e01bc\"},\"alternateName\":\"Noticias de la Industria Turistica\",\"potentialAction\":[{\"@type\":\"SearchAction\",\"target\":{\"@type\":\"EntryPoint\",\"urlTemplate\":\"https:\/\/nitu.mx\/?s={search_term_string}\"},\"query-input\":\"required name=search_term_string\"}],\"inLanguage\":\"es-MX\"},{\"@type\":[\"Person\",\"Organization\"],\"@id\":\"https:\/\/nitu.mx\/#\/schema\/person\/ae7a53426417292d3dd07b45a33e01bc\",\"name\":\"Arturo Medina\",\"image\":{\"@type\":\"ImageObject\",\"inLanguage\":\"es-MX\",\"@id\":\"https:\/\/nitu.mx\/#\/schema\/person\/image\/\",\"url\":\"https:\/\/nitu.mx\/wp-content\/uploads\/2024\/04\/4A315622-1904-4D5C-B022-878CDC840E04-90x90-1.jpeg\",\"contentUrl\":\"https:\/\/nitu.mx\/wp-content\/uploads\/2024\/04\/4A315622-1904-4D5C-B022-878CDC840E04-90x90-1.jpeg\",\"width\":90,\"height\":90,\"caption\":\"Arturo Medina\"},\"logo\":{\"@id\":\"https:\/\/nitu.mx\/#\/schema\/person\/image\/\"},\"description\":\"Director NITU.mx, Egresado de la Escuela de Periodismo Carlos Septi\u00e9n Garc\u00eda. Periodista y analista especializado en turismo desde hace 35 a\u00f1os, radicado en Canc\u00fan Q.Roo. arturo@nitu.mx\",\"sameAs\":[\"https:\/\/nitu.mx\",\"https:\/\/www.facebook.com\/NITUmx\/\",\"medinacancun\",\"https:\/\/twitter.com\/@Arturo_Medina_G\"]},{\"@type\":\"Person\",\"@id\":\"https:\/\/nitu.mx\/#\/schema\/person\/3df3082b5e46037e3f13614d28ee0b77\",\"name\":\"Guadalupe Sixto\",\"image\":{\"@type\":\"ImageObject\",\"inLanguage\":\"es-MX\",\"@id\":\"https:\/\/nitu.mx\/#\/schema\/person\/image\/\",\"url\":\"https:\/\/secure.gravatar.com\/avatar\/13914e1b0e1919e91f9539de4dc584c4?s=96&d=mm&r=g\",\"contentUrl\":\"https:\/\/secure.gravatar.com\/avatar\/13914e1b0e1919e91f9539de4dc584c4?s=96&d=mm&r=g\",\"caption\":\"Guadalupe Sixto\"},\"url\":\"https:\/\/nitu.mx\/index.php\/author\/gsixto\/\"}]}<\/script>\n<!-- \/ Yoast SEO plugin. -->","yoast_head_json":{"title":"Yucat\u00e1n inicia la segunda etapa de apertura de actividades tur\u00edsticas - Nitu - Noticias de la Industria Turistica","robots":{"index":"index","follow":"follow","max-snippet":"max-snippet:-1","max-image-preview":"max-image-preview:large","max-video-preview":"max-video-preview:-1"},"canonical":"https:\/\/nitu.mx\/index.php\/2020\/09\/02\/yucatan-inicia-la-segunda-etapa-de-apertura-de-actividades-turisticas\/","twitter_card":"summary_large_image","twitter_title":"Yucat\u00e1n inicia la segunda etapa de apertura de actividades tur\u00edsticas - Nitu - Noticias de la Industria Turistica","twitter_description":"A partir de este mes, Yucat\u00e1n iniciar\u00e1 la segunda fase de la reapertura tur\u00edstica en la entidad, que sigue de forma gradual, escalonada y bajo los m\u00e1s altos est\u00e1ndares de bioseguridad. Algunas de las actividades que contempla este segundo paso en la reactivaci\u00f3n tur\u00edstica es la ampliaci\u00f3n del l\u00edmite de ocupaci\u00f3n hotelera y en restaurantes. [&hellip;]","twitter_image":"https:\/\/nitu.mx\/wp-content\/uploads\/2020\/09\/Yucat\u00e1n-Paseo-Montejo-M\u00e9rida.jpg","twitter_creator":"@NITUmx","twitter_site":"@Arturo_Medina_G","twitter_misc":{"Escrito por":"Guadalupe Sixto","Tiempo de lectura":"2 minutos"},"schema":{"@context":"https:\/\/schema.org","@graph":[{"@type":"Article","@id":"https:\/\/nitu.mx\/index.php\/2020\/09\/02\/yucatan-inicia-la-segunda-etapa-de-apertura-de-actividades-turisticas\/#article","isPartOf":{"@id":"https:\/\/nitu.mx\/index.php\/2020\/09\/02\/yucatan-inicia-la-segunda-etapa-de-apertura-de-actividades-turisticas\/"},"author":{"name":"Guadalupe Sixto","@id":"https:\/\/nitu.mx\/#\/schema\/person\/3df3082b5e46037e3f13614d28ee0b77"},"headline":"Yucat\u00e1n inicia la segunda etapa de apertura de actividades tur\u00edsticas","datePublished":"2020-09-03T01:49:18+00:00","dateModified":"2020-09-03T06:38:31+00:00","mainEntityOfPage":{"@id":"https:\/\/nitu.mx\/index.php\/2020\/09\/02\/yucatan-inicia-la-segunda-etapa-de-apertura-de-actividades-turisticas\/"},"wordCount":400,"commentCount":0,"publisher":{"@id":"https:\/\/nitu.mx\/#\/schema\/person\/ae7a53426417292d3dd07b45a33e01bc"},"image":{"@id":"https:\/\/nitu.mx\/index.php\/2020\/09\/02\/yucatan-inicia-la-segunda-etapa-de-apertura-de-actividades-turisticas\/#primaryimage"},"thumbnailUrl":"https:\/\/nitu.mx\/wp-content\/uploads\/2020\/09\/Yucat\u00e1n-Paseo-Montejo-M\u00e9rida.jpg","keywords":["conectividad a\u00e9rea","M\u00e9rida","Michelle Fridman","Yucat\u00e1n"],"articleSection":["Destinos"],"inLanguage":"es-MX","potentialAction":[{"@type":"CommentAction","name":"Comment","target":["https:\/\/nitu.mx\/index.php\/2020\/09\/02\/yucatan-inicia-la-segunda-etapa-de-apertura-de-actividades-turisticas\/#respond"]}]},{"@type":"WebPage","@id":"https:\/\/nitu.mx\/index.php\/2020\/09\/02\/yucatan-inicia-la-segunda-etapa-de-apertura-de-actividades-turisticas\/","url":"https:\/\/nitu.mx\/index.php\/2020\/09\/02\/yucatan-inicia-la-segunda-etapa-de-apertura-de-actividades-turisticas\/","name":"Yucat\u00e1n inicia la segunda etapa de apertura de actividades tur\u00edsticas - Nitu - Noticias de la Industria Turistica","isPartOf":{"@id":"https:\/\/nitu.mx\/#website"},"primaryImageOfPage":{"@id":"https:\/\/nitu.mx\/index.php\/2020\/09\/02\/yucatan-inicia-la-segunda-etapa-de-apertura-de-actividades-turisticas\/#primaryimage"},"image":{"@id":"https:\/\/nitu.mx\/index.php\/2020\/09\/02\/yucatan-inicia-la-segunda-etapa-de-apertura-de-actividades-turisticas\/#primaryimage"},"thumbnailUrl":"https:\/\/nitu.mx\/wp-content\/uploads\/2020\/09\/Yucat\u00e1n-Paseo-Montejo-M\u00e9rida.jpg","datePublished":"2020-09-03T01:49:18+00:00","dateModified":"2020-09-03T06:38:31+00:00","breadcrumb":{"@id":"https:\/\/nitu.mx\/index.php\/2020\/09\/02\/yucatan-inicia-la-segunda-etapa-de-apertura-de-actividades-turisticas\/#breadcrumb"},"inLanguage":"es-MX","potentialAction":[{"@type":"ReadAction","target":["https:\/\/nitu.mx\/index.php\/2020\/09\/02\/yucatan-inicia-la-segunda-etapa-de-apertura-de-actividades-turisticas\/"]}]},{"@type":"ImageObject","inLanguage":"es-MX","@id":"https:\/\/nitu.mx\/index.php\/2020\/09\/02\/yucatan-inicia-la-segunda-etapa-de-apertura-de-actividades-turisticas\/#primaryimage","url":"https:\/\/nitu.mx\/wp-content\/uploads\/2020\/09\/Yucat\u00e1n-Paseo-Montejo-M\u00e9rida.jpg","contentUrl":"https:\/\/nitu.mx\/wp-content\/uploads\/2020\/09\/Yucat\u00e1n-Paseo-Montejo-M\u00e9rida.jpg","width":1200,"height":675,"caption":"Yucat\u00e1n"},{"@type":"BreadcrumbList","@id":"https:\/\/nitu.mx\/index.php\/2020\/09\/02\/yucatan-inicia-la-segunda-etapa-de-apertura-de-actividades-turisticas\/#breadcrumb","itemListElement":[{"@type":"ListItem","position":1,"name":"Inicio","item":"https:\/\/nitu.mx\/"},{"@type":"ListItem","position":2,"name":"Yucat\u00e1n inicia la segunda etapa de apertura de actividades tur\u00edsticas"}]},{"@type":"WebSite","@id":"https:\/\/nitu.mx\/#website","url":"https:\/\/nitu.mx\/","name":"Nitu - Noticias de la Industria Turistica","description":"Noticias de la Industria Turistica","publisher":{"@id":"https:\/\/nitu.mx\/#\/schema\/person\/ae7a53426417292d3dd07b45a33e01bc"},"alternateName":"Noticias de la Industria Turistica","potentialAction":[{"@type":"SearchAction","target":{"@type":"EntryPoint","urlTemplate":"https:\/\/nitu.mx\/?s={search_term_string}"},"query-input":"required name=search_term_string"}],"inLanguage":"es-MX"},{"@type":["Person","Organization"],"@id":"https:\/\/nitu.mx\/#\/schema\/person\/ae7a53426417292d3dd07b45a33e01bc","name":"Arturo Medina","image":{"@type":"ImageObject","inLanguage":"es-MX","@id":"https:\/\/nitu.mx\/#\/schema\/person\/image\/","url":"https:\/\/nitu.mx\/wp-content\/uploads\/2024\/04\/4A315622-1904-4D5C-B022-878CDC840E04-90x90-1.jpeg","contentUrl":"https:\/\/nitu.mx\/wp-content\/uploads\/2024\/04\/4A315622-1904-4D5C-B022-878CDC840E04-90x90-1.jpeg","width":90,"height":90,"caption":"Arturo Medina"},"logo":{"@id":"https:\/\/nitu.mx\/#\/schema\/person\/image\/"},"description":"Director NITU.mx, Egresado de la Escuela de Periodismo Carlos Septi\u00e9n Garc\u00eda. Periodista y analista especializado en turismo desde hace 35 a\u00f1os, radicado en Canc\u00fan Q.Roo. arturo@nitu.mx","sameAs":["https:\/\/nitu.mx","https:\/\/www.facebook.com\/NITUmx\/","medinacancun","https:\/\/twitter.com\/@Arturo_Medina_G"]},{"@type":"Person","@id":"https:\/\/nitu.mx\/#\/schema\/person\/3df3082b5e46037e3f13614d28ee0b77","name":"Guadalupe Sixto","image":{"@type":"ImageObject","inLanguage":"es-MX","@id":"https:\/\/nitu.mx\/#\/schema\/person\/image\/","url":"https:\/\/secure.gravatar.com\/avatar\/13914e1b0e1919e91f9539de4dc584c4?s=96&d=mm&r=g","contentUrl":"https:\/\/secure.gravatar.com\/avatar\/13914e1b0e1919e91f9539de4dc584c4?s=96&d=mm&r=g","caption":"Guadalupe Sixto"},"url":"https:\/\/nitu.mx\/index.php\/author\/gsixto\/"}]}},"views":376,"_links":{"self":[{"href":"https:\/\/nitu.mx\/index.php\/wp-json\/wp\/v2\/posts\/45915"}],"collection":[{"href":"https:\/\/nitu.mx\/index.php\/wp-json\/wp\/v2\/posts"}],"about":[{"href":"https:\/\/nitu.mx\/index.php\/wp-json\/wp\/v2\/types\/post"}],"author":[{"embeddable":true,"href":"https:\/\/nitu.mx\/index.php\/wp-json\/wp\/v2\/users\/18"}],"replies":[{"embeddable":true,"href":"https:\/\/nitu.mx\/index.php\/wp-json\/wp\/v2\/comments?post=45915"}],"version-history":[{"count":2,"href":"https:\/\/nitu.mx\/index.php\/wp-json\/wp\/v2\/posts\/45915\/revisions"}],"predecessor-version":[{"id":45924,"href":"https:\/\/nitu.mx\/index.php\/wp-json\/wp\/v2\/posts\/45915\/revisions\/45924"}],"wp:featuredmedia":[{"embeddable":true,"href":"https:\/\/nitu.mx\/index.php\/wp-json\/wp\/v2\/media\/45923"}],"wp:attachment":[{"href":"https:\/\/nitu.mx\/index.php\/wp-json\/wp\/v2\/media?parent=45915"}],"wp:term":[{"taxonomy":"category","embeddable":true,"href":"https:\/\/nitu.mx\/index.php\/wp-json\/wp\/v2\/categories?post=45915"},{"taxonomy":"post_tag","embeddable":true,"href":"https:\/\/nitu.mx\/index.php\/wp-json\/wp\/v2\/tags?post=45915"}],"curies":[{"name":"wp","href":"https:\/\/api.w.org\/{rel}","templated":true}]}}