{"id":45873,"date":"2020-09-01T21:02:51","date_gmt":"2020-09-02T02:02:51","guid":{"rendered":"https:\/\/www.dev.nitu.mx\/?p=45873"},"modified":"2020-09-02T00:52:41","modified_gmt":"2020-09-02T05:52:41","slug":"pricetravel-y-aeromar-signan-alianza-para-fortalecer-paquetes-vacacionales","status":"publish","type":"post","link":"https:\/\/nitu.mx\/index.php\/2020\/09\/01\/pricetravel-y-aeromar-signan-alianza-para-fortalecer-paquetes-vacacionales\/","title":{"rendered":"PriceTravel y Aeromar signan alianza para fortalecer paquetes vacacionales"},"content":{"rendered":"<p>El grupo tur\u00edstico PriceTravel Holding anunci\u00f3 una nueva alianza con la aerol\u00ednea Aeromar, la cual permitir\u00e1 fortalecer la comercializaci\u00f3n de paquetes vacacionales.<\/p>\n<p>PriceTravel es una empresa multicanal que se encuentra en constante innovaci\u00f3n en tecnolog\u00eda y que brinda a sus clientes un servicio eficiente a trav\u00e9s de las mejores plataformas de atenci\u00f3n. Adem\u00e1s, cuenta con una importante presencia comercial a nivel nacional, razones que le han valido para convertirse en un socio estrat\u00e9gico de Aeromar.<\/p>\n<p>El objetivo de esta alianza se ver\u00e1 respaldado de manera integral por la unidad de ventas de PriceTravel Holding, B2B Travel Program, que ofrece a diferentes socios comerciales acceso a un motor de reservaciones personalizado con una excelente soluci\u00f3n tecnol\u00f3gica. Actualmente, este es un beneficio que m\u00e1s de 250 empresas han adquirido.<\/p>\n<p>Adem\u00e1s, Aeromar contar\u00e1 con el desarrollo e integraci\u00f3n total de un motor de reservaciones para paquetes din\u00e1micos, adaptado con el look &amp; feel de la aerol\u00ednea, gracias al trabajo de un equipo de desarrolladores enfocados en la experiencia de usuario, para que sus clientes vivan una experiencia de compra intuitiva, confiable y segura, y as\u00ed generar un alto nivel de seguridad y fidelizaci\u00f3n de la marca.<\/p>\n<p>\u201cEstamos muy contentos de concretar esta nueva alianza con Aeromar. Sin duda, la colaboraci\u00f3n entre ambas compa\u00f1\u00edas lograr\u00e1 una mayor conversi\u00f3n en l\u00ednea y beneficiar\u00e1 a todos los viajeros\u201d, coment\u00f3 Juan Socas, Director de Alianzas Comerciales del Holding.<\/p>\n<p>Asimismo, PriceTravel contar\u00e1 con un contact center con l\u00ednea de atenci\u00f3n exclusiva y personalizada para Aeromar. \u201cA trav\u00e9s de nuestro contact center, se atender\u00e1 con los m\u00e1s altos est\u00e1ndares de calidad y servicio a los clientes que busquen paquetes vacacionales con la aerol\u00ednea, las 24 horas del d\u00eda los 7 d\u00edas de la semana\u201d, concluy\u00f3 Juan Socas.<\/p>\n","protected":false},"excerpt":{"rendered":"<p>El grupo tur\u00edstico PriceTravel Holding anunci\u00f3 una nueva alianza con la aerol\u00ednea Aeromar, la cual permitir\u00e1 fortalecer la comercializaci\u00f3n de paquetes vacacionales. PriceTravel es una empresa multicanal que se encuentra en constante innovaci\u00f3n en tecnolog\u00eda y que brinda a sus clientes un servicio eficiente a trav\u00e9s de las mejores plataformas de atenci\u00f3n. Adem\u00e1s, cuenta con [&hellip;]<\/p>\n","protected":false},"author":17,"featured_media":45902,"comment_status":"open","ping_status":"open","sticky":false,"template":"","format":"standard","meta":{"footnotes":""},"categories":[3,6],"tags":[3735,473,125,6719,11224,2842,20499],"yoast_head":"<!-- This site is optimized with the Yoast SEO plugin v22.2 - https:\/\/yoast.com\/wordpress\/plugins\/seo\/ -->\n<title>PriceTravel y Aeromar signan alianza para fortalecer paquetes vacacionales - Nitu - Noticias de la Industria Turistica<\/title>\n<meta name=\"robots\" content=\"index, follow, max-snippet:-1, max-image-preview:large, max-video-preview:-1\" \/>\n<link rel=\"canonical\" href=\"https:\/\/nitu.mx\/index.php\/2020\/09\/01\/pricetravel-y-aeromar-signan-alianza-para-fortalecer-paquetes-vacacionales\/\" \/>\n<meta name=\"twitter:card\" content=\"summary_large_image\" \/>\n<meta name=\"twitter:title\" content=\"PriceTravel y Aeromar signan alianza para fortalecer paquetes vacacionales - Nitu - Noticias de la Industria Turistica\" \/>\n<meta name=\"twitter:description\" content=\"El grupo tur\u00edstico PriceTravel Holding anunci\u00f3 una nueva alianza con la aerol\u00ednea Aeromar, la cual permitir\u00e1 fortalecer la comercializaci\u00f3n de paquetes vacacionales. PriceTravel es una empresa multicanal que se encuentra en constante innovaci\u00f3n en tecnolog\u00eda y que brinda a sus clientes un servicio eficiente a trav\u00e9s de las mejores plataformas de atenci\u00f3n. Adem\u00e1s, cuenta con [&hellip;]\" \/>\n<meta name=\"twitter:image\" content=\"https:\/\/nitu.mx\/wp-content\/uploads\/2020\/09\/Aeromar-PriceTravel.jpg\" \/>\n<meta name=\"twitter:creator\" content=\"@NITUmx\" \/>\n<meta name=\"twitter:site\" content=\"@Arturo_Medina_G\" \/>\n<meta name=\"twitter:label1\" content=\"Escrito por\" \/>\n\t<meta name=\"twitter:data1\" content=\"Redacci\u00f3n\" \/>\n\t<meta name=\"twitter:label2\" content=\"Tiempo de lectura\" \/>\n\t<meta name=\"twitter:data2\" content=\"2 minutos\" \/>\n<script type=\"application\/ld+json\" class=\"yoast-schema-graph\">{\"@context\":\"https:\/\/schema.org\",\"@graph\":[{\"@type\":\"Article\",\"@id\":\"https:\/\/nitu.mx\/index.php\/2020\/09\/01\/pricetravel-y-aeromar-signan-alianza-para-fortalecer-paquetes-vacacionales\/#article\",\"isPartOf\":{\"@id\":\"https:\/\/nitu.mx\/index.php\/2020\/09\/01\/pricetravel-y-aeromar-signan-alianza-para-fortalecer-paquetes-vacacionales\/\"},\"author\":{\"name\":\"Redacci\u00f3n\",\"@id\":\"https:\/\/nitu.mx\/#\/schema\/person\/4a28fe9bd65924f7c90623773daf1b0b\"},\"headline\":\"PriceTravel y Aeromar signan alianza para fortalecer paquetes vacacionales\",\"datePublished\":\"2020-09-02T02:02:51+00:00\",\"dateModified\":\"2020-09-02T05:52:41+00:00\",\"mainEntityOfPage\":{\"@id\":\"https:\/\/nitu.mx\/index.php\/2020\/09\/01\/pricetravel-y-aeromar-signan-alianza-para-fortalecer-paquetes-vacacionales\/\"},\"wordCount\":324,\"commentCount\":0,\"publisher\":{\"@id\":\"https:\/\/nitu.mx\/#\/schema\/person\/ae7a53426417292d3dd07b45a33e01bc\"},\"image\":{\"@id\":\"https:\/\/nitu.mx\/index.php\/2020\/09\/01\/pricetravel-y-aeromar-signan-alianza-para-fortalecer-paquetes-vacacionales\/#primaryimage\"},\"thumbnailUrl\":\"https:\/\/nitu.mx\/wp-content\/uploads\/2020\/09\/Aeromar-PriceTravel.jpg\",\"keywords\":[\"Aerol\u00ednea\",\"Aeromar\",\"Ciudad de M\u00e9xico\",\"Contact Center\",\"convenio\",\"Juan Socas\",\"paquetes vacacionales. PriceTravel\"],\"articleSection\":[\"Agencias de Viajes\",\"M\u00e9xico\"],\"inLanguage\":\"es-MX\",\"potentialAction\":[{\"@type\":\"CommentAction\",\"name\":\"Comment\",\"target\":[\"https:\/\/nitu.mx\/index.php\/2020\/09\/01\/pricetravel-y-aeromar-signan-alianza-para-fortalecer-paquetes-vacacionales\/#respond\"]}]},{\"@type\":\"WebPage\",\"@id\":\"https:\/\/nitu.mx\/index.php\/2020\/09\/01\/pricetravel-y-aeromar-signan-alianza-para-fortalecer-paquetes-vacacionales\/\",\"url\":\"https:\/\/nitu.mx\/index.php\/2020\/09\/01\/pricetravel-y-aeromar-signan-alianza-para-fortalecer-paquetes-vacacionales\/\",\"name\":\"PriceTravel y Aeromar signan alianza para fortalecer paquetes vacacionales - Nitu - Noticias de la Industria Turistica\",\"isPartOf\":{\"@id\":\"https:\/\/nitu.mx\/#website\"},\"primaryImageOfPage\":{\"@id\":\"https:\/\/nitu.mx\/index.php\/2020\/09\/01\/pricetravel-y-aeromar-signan-alianza-para-fortalecer-paquetes-vacacionales\/#primaryimage\"},\"image\":{\"@id\":\"https:\/\/nitu.mx\/index.php\/2020\/09\/01\/pricetravel-y-aeromar-signan-alianza-para-fortalecer-paquetes-vacacionales\/#primaryimage\"},\"thumbnailUrl\":\"https:\/\/nitu.mx\/wp-content\/uploads\/2020\/09\/Aeromar-PriceTravel.jpg\",\"datePublished\":\"2020-09-02T02:02:51+00:00\",\"dateModified\":\"2020-09-02T05:52:41+00:00\",\"breadcrumb\":{\"@id\":\"https:\/\/nitu.mx\/index.php\/2020\/09\/01\/pricetravel-y-aeromar-signan-alianza-para-fortalecer-paquetes-vacacionales\/#breadcrumb\"},\"inLanguage\":\"es-MX\",\"potentialAction\":[{\"@type\":\"ReadAction\",\"target\":[\"https:\/\/nitu.mx\/index.php\/2020\/09\/01\/pricetravel-y-aeromar-signan-alianza-para-fortalecer-paquetes-vacacionales\/\"]}]},{\"@type\":\"ImageObject\",\"inLanguage\":\"es-MX\",\"@id\":\"https:\/\/nitu.mx\/index.php\/2020\/09\/01\/pricetravel-y-aeromar-signan-alianza-para-fortalecer-paquetes-vacacionales\/#primaryimage\",\"url\":\"https:\/\/nitu.mx\/wp-content\/uploads\/2020\/09\/Aeromar-PriceTravel.jpg\",\"contentUrl\":\"https:\/\/nitu.mx\/wp-content\/uploads\/2020\/09\/Aeromar-PriceTravel.jpg\",\"width\":1200,\"height\":675},{\"@type\":\"BreadcrumbList\",\"@id\":\"https:\/\/nitu.mx\/index.php\/2020\/09\/01\/pricetravel-y-aeromar-signan-alianza-para-fortalecer-paquetes-vacacionales\/#breadcrumb\",\"itemListElement\":[{\"@type\":\"ListItem\",\"position\":1,\"name\":\"Inicio\",\"item\":\"https:\/\/nitu.mx\/\"},{\"@type\":\"ListItem\",\"position\":2,\"name\":\"PriceTravel y Aeromar signan alianza para fortalecer paquetes vacacionales\"}]},{\"@type\":\"WebSite\",\"@id\":\"https:\/\/nitu.mx\/#website\",\"url\":\"https:\/\/nitu.mx\/\",\"name\":\"Nitu - Noticias de la Industria Turistica\",\"description\":\"Noticias de la Industria Turistica\",\"publisher\":{\"@id\":\"https:\/\/nitu.mx\/#\/schema\/person\/ae7a53426417292d3dd07b45a33e01bc\"},\"alternateName\":\"Noticias de la Industria Turistica\",\"potentialAction\":[{\"@type\":\"SearchAction\",\"target\":{\"@type\":\"EntryPoint\",\"urlTemplate\":\"https:\/\/nitu.mx\/?s={search_term_string}\"},\"query-input\":\"required name=search_term_string\"}],\"inLanguage\":\"es-MX\"},{\"@type\":[\"Person\",\"Organization\"],\"@id\":\"https:\/\/nitu.mx\/#\/schema\/person\/ae7a53426417292d3dd07b45a33e01bc\",\"name\":\"Arturo Medina\",\"image\":{\"@type\":\"ImageObject\",\"inLanguage\":\"es-MX\",\"@id\":\"https:\/\/nitu.mx\/#\/schema\/person\/image\/\",\"url\":\"https:\/\/nitu.mx\/wp-content\/uploads\/2024\/04\/4A315622-1904-4D5C-B022-878CDC840E04-90x90-1.jpeg\",\"contentUrl\":\"https:\/\/nitu.mx\/wp-content\/uploads\/2024\/04\/4A315622-1904-4D5C-B022-878CDC840E04-90x90-1.jpeg\",\"width\":90,\"height\":90,\"caption\":\"Arturo Medina\"},\"logo\":{\"@id\":\"https:\/\/nitu.mx\/#\/schema\/person\/image\/\"},\"description\":\"Director NITU.mx, Egresado de la Escuela de Periodismo Carlos Septi\u00e9n Garc\u00eda. Periodista y analista especializado en turismo desde hace 35 a\u00f1os, radicado en Canc\u00fan Q.Roo. arturo@nitu.mx\",\"sameAs\":[\"https:\/\/nitu.mx\",\"https:\/\/www.facebook.com\/NITUmx\/\",\"medinacancun\",\"https:\/\/twitter.com\/@Arturo_Medina_G\"]},{\"@type\":\"Person\",\"@id\":\"https:\/\/nitu.mx\/#\/schema\/person\/4a28fe9bd65924f7c90623773daf1b0b\",\"name\":\"Redacci\u00f3n\",\"image\":{\"@type\":\"ImageObject\",\"inLanguage\":\"es-MX\",\"@id\":\"https:\/\/nitu.mx\/#\/schema\/person\/image\/\",\"url\":\"https:\/\/secure.gravatar.com\/avatar\/5dd011c8ccfc5cd7e4c81e42252aab38?s=96&d=mm&r=g\",\"contentUrl\":\"https:\/\/secure.gravatar.com\/avatar\/5dd011c8ccfc5cd7e4c81e42252aab38?s=96&d=mm&r=g\",\"caption\":\"Redacci\u00f3n\"},\"url\":\"https:\/\/nitu.mx\/index.php\/author\/redaccion\/\"}]}<\/script>\n<!-- \/ Yoast SEO plugin. -->","yoast_head_json":{"title":"PriceTravel y Aeromar signan alianza para fortalecer paquetes vacacionales - Nitu - Noticias de la Industria Turistica","robots":{"index":"index","follow":"follow","max-snippet":"max-snippet:-1","max-image-preview":"max-image-preview:large","max-video-preview":"max-video-preview:-1"},"canonical":"https:\/\/nitu.mx\/index.php\/2020\/09\/01\/pricetravel-y-aeromar-signan-alianza-para-fortalecer-paquetes-vacacionales\/","twitter_card":"summary_large_image","twitter_title":"PriceTravel y Aeromar signan alianza para fortalecer paquetes vacacionales - Nitu - Noticias de la Industria Turistica","twitter_description":"El grupo tur\u00edstico PriceTravel Holding anunci\u00f3 una nueva alianza con la aerol\u00ednea Aeromar, la cual permitir\u00e1 fortalecer la comercializaci\u00f3n de paquetes vacacionales. PriceTravel es una empresa multicanal que se encuentra en constante innovaci\u00f3n en tecnolog\u00eda y que brinda a sus clientes un servicio eficiente a trav\u00e9s de las mejores plataformas de atenci\u00f3n. Adem\u00e1s, cuenta con [&hellip;]","twitter_image":"https:\/\/nitu.mx\/wp-content\/uploads\/2020\/09\/Aeromar-PriceTravel.jpg","twitter_creator":"@NITUmx","twitter_site":"@Arturo_Medina_G","twitter_misc":{"Escrito por":"Redacci\u00f3n","Tiempo de lectura":"2 minutos"},"schema":{"@context":"https:\/\/schema.org","@graph":[{"@type":"Article","@id":"https:\/\/nitu.mx\/index.php\/2020\/09\/01\/pricetravel-y-aeromar-signan-alianza-para-fortalecer-paquetes-vacacionales\/#article","isPartOf":{"@id":"https:\/\/nitu.mx\/index.php\/2020\/09\/01\/pricetravel-y-aeromar-signan-alianza-para-fortalecer-paquetes-vacacionales\/"},"author":{"name":"Redacci\u00f3n","@id":"https:\/\/nitu.mx\/#\/schema\/person\/4a28fe9bd65924f7c90623773daf1b0b"},"headline":"PriceTravel y Aeromar signan alianza para fortalecer paquetes vacacionales","datePublished":"2020-09-02T02:02:51+00:00","dateModified":"2020-09-02T05:52:41+00:00","mainEntityOfPage":{"@id":"https:\/\/nitu.mx\/index.php\/2020\/09\/01\/pricetravel-y-aeromar-signan-alianza-para-fortalecer-paquetes-vacacionales\/"},"wordCount":324,"commentCount":0,"publisher":{"@id":"https:\/\/nitu.mx\/#\/schema\/person\/ae7a53426417292d3dd07b45a33e01bc"},"image":{"@id":"https:\/\/nitu.mx\/index.php\/2020\/09\/01\/pricetravel-y-aeromar-signan-alianza-para-fortalecer-paquetes-vacacionales\/#primaryimage"},"thumbnailUrl":"https:\/\/nitu.mx\/wp-content\/uploads\/2020\/09\/Aeromar-PriceTravel.jpg","keywords":["Aerol\u00ednea","Aeromar","Ciudad de M\u00e9xico","Contact Center","convenio","Juan Socas","paquetes vacacionales. PriceTravel"],"articleSection":["Agencias de Viajes","M\u00e9xico"],"inLanguage":"es-MX","potentialAction":[{"@type":"CommentAction","name":"Comment","target":["https:\/\/nitu.mx\/index.php\/2020\/09\/01\/pricetravel-y-aeromar-signan-alianza-para-fortalecer-paquetes-vacacionales\/#respond"]}]},{"@type":"WebPage","@id":"https:\/\/nitu.mx\/index.php\/2020\/09\/01\/pricetravel-y-aeromar-signan-alianza-para-fortalecer-paquetes-vacacionales\/","url":"https:\/\/nitu.mx\/index.php\/2020\/09\/01\/pricetravel-y-aeromar-signan-alianza-para-fortalecer-paquetes-vacacionales\/","name":"PriceTravel y Aeromar signan alianza para fortalecer paquetes vacacionales - Nitu - Noticias de la Industria Turistica","isPartOf":{"@id":"https:\/\/nitu.mx\/#website"},"primaryImageOfPage":{"@id":"https:\/\/nitu.mx\/index.php\/2020\/09\/01\/pricetravel-y-aeromar-signan-alianza-para-fortalecer-paquetes-vacacionales\/#primaryimage"},"image":{"@id":"https:\/\/nitu.mx\/index.php\/2020\/09\/01\/pricetravel-y-aeromar-signan-alianza-para-fortalecer-paquetes-vacacionales\/#primaryimage"},"thumbnailUrl":"https:\/\/nitu.mx\/wp-content\/uploads\/2020\/09\/Aeromar-PriceTravel.jpg","datePublished":"2020-09-02T02:02:51+00:00","dateModified":"2020-09-02T05:52:41+00:00","breadcrumb":{"@id":"https:\/\/nitu.mx\/index.php\/2020\/09\/01\/pricetravel-y-aeromar-signan-alianza-para-fortalecer-paquetes-vacacionales\/#breadcrumb"},"inLanguage":"es-MX","potentialAction":[{"@type":"ReadAction","target":["https:\/\/nitu.mx\/index.php\/2020\/09\/01\/pricetravel-y-aeromar-signan-alianza-para-fortalecer-paquetes-vacacionales\/"]}]},{"@type":"ImageObject","inLanguage":"es-MX","@id":"https:\/\/nitu.mx\/index.php\/2020\/09\/01\/pricetravel-y-aeromar-signan-alianza-para-fortalecer-paquetes-vacacionales\/#primaryimage","url":"https:\/\/nitu.mx\/wp-content\/uploads\/2020\/09\/Aeromar-PriceTravel.jpg","contentUrl":"https:\/\/nitu.mx\/wp-content\/uploads\/2020\/09\/Aeromar-PriceTravel.jpg","width":1200,"height":675},{"@type":"BreadcrumbList","@id":"https:\/\/nitu.mx\/index.php\/2020\/09\/01\/pricetravel-y-aeromar-signan-alianza-para-fortalecer-paquetes-vacacionales\/#breadcrumb","itemListElement":[{"@type":"ListItem","position":1,"name":"Inicio","item":"https:\/\/nitu.mx\/"},{"@type":"ListItem","position":2,"name":"PriceTravel y Aeromar signan alianza para fortalecer paquetes vacacionales"}]},{"@type":"WebSite","@id":"https:\/\/nitu.mx\/#website","url":"https:\/\/nitu.mx\/","name":"Nitu - Noticias de la Industria Turistica","description":"Noticias de la Industria Turistica","publisher":{"@id":"https:\/\/nitu.mx\/#\/schema\/person\/ae7a53426417292d3dd07b45a33e01bc"},"alternateName":"Noticias de la Industria Turistica","potentialAction":[{"@type":"SearchAction","target":{"@type":"EntryPoint","urlTemplate":"https:\/\/nitu.mx\/?s={search_term_string}"},"query-input":"required name=search_term_string"}],"inLanguage":"es-MX"},{"@type":["Person","Organization"],"@id":"https:\/\/nitu.mx\/#\/schema\/person\/ae7a53426417292d3dd07b45a33e01bc","name":"Arturo Medina","image":{"@type":"ImageObject","inLanguage":"es-MX","@id":"https:\/\/nitu.mx\/#\/schema\/person\/image\/","url":"https:\/\/nitu.mx\/wp-content\/uploads\/2024\/04\/4A315622-1904-4D5C-B022-878CDC840E04-90x90-1.jpeg","contentUrl":"https:\/\/nitu.mx\/wp-content\/uploads\/2024\/04\/4A315622-1904-4D5C-B022-878CDC840E04-90x90-1.jpeg","width":90,"height":90,"caption":"Arturo Medina"},"logo":{"@id":"https:\/\/nitu.mx\/#\/schema\/person\/image\/"},"description":"Director NITU.mx, Egresado de la Escuela de Periodismo Carlos Septi\u00e9n Garc\u00eda. Periodista y analista especializado en turismo desde hace 35 a\u00f1os, radicado en Canc\u00fan Q.Roo. arturo@nitu.mx","sameAs":["https:\/\/nitu.mx","https:\/\/www.facebook.com\/NITUmx\/","medinacancun","https:\/\/twitter.com\/@Arturo_Medina_G"]},{"@type":"Person","@id":"https:\/\/nitu.mx\/#\/schema\/person\/4a28fe9bd65924f7c90623773daf1b0b","name":"Redacci\u00f3n","image":{"@type":"ImageObject","inLanguage":"es-MX","@id":"https:\/\/nitu.mx\/#\/schema\/person\/image\/","url":"https:\/\/secure.gravatar.com\/avatar\/5dd011c8ccfc5cd7e4c81e42252aab38?s=96&d=mm&r=g","contentUrl":"https:\/\/secure.gravatar.com\/avatar\/5dd011c8ccfc5cd7e4c81e42252aab38?s=96&d=mm&r=g","caption":"Redacci\u00f3n"},"url":"https:\/\/nitu.mx\/index.php\/author\/redaccion\/"}]}},"views":289,"_links":{"self":[{"href":"https:\/\/nitu.mx\/index.php\/wp-json\/wp\/v2\/posts\/45873"}],"collection":[{"href":"https:\/\/nitu.mx\/index.php\/wp-json\/wp\/v2\/posts"}],"about":[{"href":"https:\/\/nitu.mx\/index.php\/wp-json\/wp\/v2\/types\/post"}],"author":[{"embeddable":true,"href":"https:\/\/nitu.mx\/index.php\/wp-json\/wp\/v2\/users\/17"}],"replies":[{"embeddable":true,"href":"https:\/\/nitu.mx\/index.php\/wp-json\/wp\/v2\/comments?post=45873"}],"version-history":[{"count":3,"href":"https:\/\/nitu.mx\/index.php\/wp-json\/wp\/v2\/posts\/45873\/revisions"}],"predecessor-version":[{"id":45886,"href":"https:\/\/nitu.mx\/index.php\/wp-json\/wp\/v2\/posts\/45873\/revisions\/45886"}],"wp:featuredmedia":[{"embeddable":true,"href":"https:\/\/nitu.mx\/index.php\/wp-json\/wp\/v2\/media\/45902"}],"wp:attachment":[{"href":"https:\/\/nitu.mx\/index.php\/wp-json\/wp\/v2\/media?parent=45873"}],"wp:term":[{"taxonomy":"category","embeddable":true,"href":"https:\/\/nitu.mx\/index.php\/wp-json\/wp\/v2\/categories?post=45873"},{"taxonomy":"post_tag","embeddable":true,"href":"https:\/\/nitu.mx\/index.php\/wp-json\/wp\/v2\/tags?post=45873"}],"curies":[{"name":"wp","href":"https:\/\/api.w.org\/{rel}","templated":true}]}}