{"id":45844,"date":"2020-08-31T19:42:46","date_gmt":"2020-09-01T00:42:46","guid":{"rendered":"https:\/\/www.dev.nitu.mx\/?p=45844"},"modified":"2020-09-01T00:26:38","modified_gmt":"2020-09-01T05:26:38","slug":"viva-aerobus-anuncia-4-nuevas-rutas-para-septiembre","status":"publish","type":"post","link":"https:\/\/nitu.mx\/index.php\/2020\/08\/31\/viva-aerobus-anuncia-4-nuevas-rutas-para-septiembre\/","title":{"rendered":"Viva Aerobus anuncia 4 nuevas rutas para septiembre"},"content":{"rendered":"\n<p>La aerol\u00ednea mexicana de bajo costo, Viva Aerobus, anunci\u00f3 que durante septiembre iniciar\u00e1n operaciones cuatro nuevas rutas, tres desde Ciudad de M\u00e9xico y una de Monterrey, adem\u00e1s reactivar\u00e1 vuelos para llegar a una oferta de 95 rutas.<\/p>\n\n\n\n<p>Con estos ajustes, Viva Aerobus tendr\u00e1 82 por ciento de su oferta disponible para fortalecer la conectividad nacional e internacional.<\/p>\n\n\n\n<p>El pr\u00f3ximo 17 de septiembre inicia la nueva ruta Monterrey-Dallas, con dos frecuencias semanales, los jueves y domingo, con tarifas que van desde los 149 d\u00f3lares en viaje sencillo.<\/p>\n\n\n\n<p>Para el 25 de septiembre, arrancan las tres nuevas rutas de CDMX, la primera es a Veracruz los lunes, martes, jueves, viernes y s\u00e1bado, con tarifas desde 249 pesos, sin incluir la Tarifa de Uso Aeroportuario (TUA).<\/p>\n\n\n\n<p>La segunda ruta ser\u00e1 CDMX-La Paz los lunes, jueves, viernes y domingo, con precios desde 269 pesos en viaje sencillo sin TUA, y finalmente CDMX-San Antonio, con dos frecuencias semanales, los jueves y domingo, y tarifas de inicio de 79 d\u00f3lares.<\/p>\n\n\n\n<p>La l\u00ednea a\u00e9rea inform\u00f3 que las rutas Guadalajara-Puebla y CDMX-Zacatecas reinician operaciones el pr\u00f3ximo 3 y 4 de septiembre, respectivamente, las cuales se mantendr\u00e1n o ajustar\u00e1n de acuerdo con las tendencias del mercado.<\/p>\n\n\n\n<p>El director general de Viva Aerobus, Juan Carlos Zuazua, coment\u00f3 \u201cContinuamos trabajando en nuestra reactivaci\u00f3n, implementando nuevas iniciativas para dar mayor confianza y seguridad a nuestros clientes en esta nueva normalidad y al mismo tiempo darle m\u00e1s y mejores opciones de conectividad y por ello ponemos a su disposici\u00f3n nuevas rutas nunca operadas por Viva, garantizando una amplia oferta al mejor precio. Sumado a \u00e9stas, reactivamos tambi\u00e9n rutas nacionales e internacionales que nos permitir\u00e1n fortalecer la conectividad de M\u00e9xico tan necesaria para su recuperaci\u00f3n econ\u00f3mica\u201d.<\/p>\n\n\n\n<p>El ejecutivo record\u00f3 las nuevas opciones que ofrece la l\u00ednea a\u00e9rea para los pasajeros, como Tarifa Zero para quienes no requieren llevar equipaje documentado o de mano, y TU Aliado, una opci\u00f3n flexible de pago que permite reservar el vuelo y diferir 60 por ciento de la TUA, hasta el momento de la salida.<\/p>\n\n\n\n<p>Adem\u00e1s, Viva Aerobus opera bajo estrictos controles de prevenci\u00f3n, higiene y seguridad, que se ajustan a las recomendaciones de sanidad nacionales e internacionales.(<a href=\"https:\/\/www.dev.nitu.mx\/index.php\/2020\/08\/24\/viva-aerobus-con-la-campana-viva-por-mexico-impulsa-reactivacion-turistica-de-yucatan\/\">Viva Aerobus con la campa\u00f1a \u201cViva por M\u00e9xico\u201d impulsa reactivaci\u00f3n tur\u00edstica de Yucat\u00e1n<\/a>)<\/p>\n","protected":false},"excerpt":{"rendered":"<p>La aerol\u00ednea mexicana de bajo costo, Viva Aerobus, anunci\u00f3 que durante septiembre iniciar\u00e1n operaciones cuatro nuevas rutas, tres desde Ciudad de M\u00e9xico y una de Monterrey, adem\u00e1s reactivar\u00e1 vuelos para llegar a una oferta de 95 rutas. Con estos ajustes, Viva Aerobus tendr\u00e1 82 por ciento de su oferta disponible para fortalecer la conectividad nacional [&hellip;]<\/p>\n","protected":false},"author":18,"featured_media":23205,"comment_status":"open","ping_status":"open","sticky":false,"template":"","format":"standard","meta":{"footnotes":""},"categories":[29],"tags":[295,20485,2102],"yoast_head":"<!-- This site is optimized with the Yoast SEO plugin v22.2 - https:\/\/yoast.com\/wordpress\/plugins\/seo\/ -->\n<title>Viva Aerobus anuncia 4 nuevas rutas para septiembre - Nitu - Noticias de la Industria Turistica<\/title>\n<meta name=\"robots\" content=\"index, follow, max-snippet:-1, max-image-preview:large, max-video-preview:-1\" \/>\n<link rel=\"canonical\" href=\"https:\/\/nitu.mx\/index.php\/2020\/08\/31\/viva-aerobus-anuncia-4-nuevas-rutas-para-septiembre\/\" \/>\n<meta name=\"twitter:card\" content=\"summary_large_image\" \/>\n<meta name=\"twitter:title\" content=\"Viva Aerobus anuncia 4 nuevas rutas para septiembre - Nitu - Noticias de la Industria Turistica\" \/>\n<meta name=\"twitter:description\" content=\"La aerol\u00ednea mexicana de bajo costo, Viva Aerobus, anunci\u00f3 que durante septiembre iniciar\u00e1n operaciones cuatro nuevas rutas, tres desde Ciudad de M\u00e9xico y una de Monterrey, adem\u00e1s reactivar\u00e1 vuelos para llegar a una oferta de 95 rutas. Con estos ajustes, Viva Aerobus tendr\u00e1 82 por ciento de su oferta disponible para fortalecer la conectividad nacional [&hellip;]\" \/>\n<meta name=\"twitter:image\" content=\"https:\/\/nitu.mx\/wp-content\/uploads\/2018\/08\/Viva-Aerobus-A320.jpg\" \/>\n<meta name=\"twitter:creator\" content=\"@NITUmx\" \/>\n<meta name=\"twitter:site\" content=\"@Arturo_Medina_G\" \/>\n<meta name=\"twitter:label1\" content=\"Escrito por\" \/>\n\t<meta name=\"twitter:data1\" content=\"Guadalupe Sixto\" \/>\n\t<meta name=\"twitter:label2\" content=\"Tiempo de lectura\" \/>\n\t<meta name=\"twitter:data2\" content=\"2 minutos\" \/>\n<script type=\"application\/ld+json\" class=\"yoast-schema-graph\">{\"@context\":\"https:\/\/schema.org\",\"@graph\":[{\"@type\":\"Article\",\"@id\":\"https:\/\/nitu.mx\/index.php\/2020\/08\/31\/viva-aerobus-anuncia-4-nuevas-rutas-para-septiembre\/#article\",\"isPartOf\":{\"@id\":\"https:\/\/nitu.mx\/index.php\/2020\/08\/31\/viva-aerobus-anuncia-4-nuevas-rutas-para-septiembre\/\"},\"author\":{\"name\":\"Guadalupe Sixto\",\"@id\":\"https:\/\/nitu.mx\/#\/schema\/person\/3df3082b5e46037e3f13614d28ee0b77\"},\"headline\":\"Viva Aerobus anuncia 4 nuevas rutas para septiembre\",\"datePublished\":\"2020-09-01T00:42:46+00:00\",\"dateModified\":\"2020-09-01T05:26:38+00:00\",\"mainEntityOfPage\":{\"@id\":\"https:\/\/nitu.mx\/index.php\/2020\/08\/31\/viva-aerobus-anuncia-4-nuevas-rutas-para-septiembre\/\"},\"wordCount\":399,\"commentCount\":0,\"publisher\":{\"@id\":\"https:\/\/nitu.mx\/#\/schema\/person\/ae7a53426417292d3dd07b45a33e01bc\"},\"image\":{\"@id\":\"https:\/\/nitu.mx\/index.php\/2020\/08\/31\/viva-aerobus-anuncia-4-nuevas-rutas-para-septiembre\/#primaryimage\"},\"thumbnailUrl\":\"https:\/\/nitu.mx\/wp-content\/uploads\/2018\/08\/Viva-Aerobus-A320.jpg\",\"keywords\":[\"Juan Carlos Zuazua\",\"nuevas rutas a\u00e9reas\",\"Viva Aerobus\"],\"articleSection\":[\"Aerol\u00edneas\"],\"inLanguage\":\"es-MX\",\"potentialAction\":[{\"@type\":\"CommentAction\",\"name\":\"Comment\",\"target\":[\"https:\/\/nitu.mx\/index.php\/2020\/08\/31\/viva-aerobus-anuncia-4-nuevas-rutas-para-septiembre\/#respond\"]}]},{\"@type\":\"WebPage\",\"@id\":\"https:\/\/nitu.mx\/index.php\/2020\/08\/31\/viva-aerobus-anuncia-4-nuevas-rutas-para-septiembre\/\",\"url\":\"https:\/\/nitu.mx\/index.php\/2020\/08\/31\/viva-aerobus-anuncia-4-nuevas-rutas-para-septiembre\/\",\"name\":\"Viva Aerobus anuncia 4 nuevas rutas para septiembre - Nitu - Noticias de la Industria Turistica\",\"isPartOf\":{\"@id\":\"https:\/\/nitu.mx\/#website\"},\"primaryImageOfPage\":{\"@id\":\"https:\/\/nitu.mx\/index.php\/2020\/08\/31\/viva-aerobus-anuncia-4-nuevas-rutas-para-septiembre\/#primaryimage\"},\"image\":{\"@id\":\"https:\/\/nitu.mx\/index.php\/2020\/08\/31\/viva-aerobus-anuncia-4-nuevas-rutas-para-septiembre\/#primaryimage\"},\"thumbnailUrl\":\"https:\/\/nitu.mx\/wp-content\/uploads\/2018\/08\/Viva-Aerobus-A320.jpg\",\"datePublished\":\"2020-09-01T00:42:46+00:00\",\"dateModified\":\"2020-09-01T05:26:38+00:00\",\"breadcrumb\":{\"@id\":\"https:\/\/nitu.mx\/index.php\/2020\/08\/31\/viva-aerobus-anuncia-4-nuevas-rutas-para-septiembre\/#breadcrumb\"},\"inLanguage\":\"es-MX\",\"potentialAction\":[{\"@type\":\"ReadAction\",\"target\":[\"https:\/\/nitu.mx\/index.php\/2020\/08\/31\/viva-aerobus-anuncia-4-nuevas-rutas-para-septiembre\/\"]}]},{\"@type\":\"ImageObject\",\"inLanguage\":\"es-MX\",\"@id\":\"https:\/\/nitu.mx\/index.php\/2020\/08\/31\/viva-aerobus-anuncia-4-nuevas-rutas-para-septiembre\/#primaryimage\",\"url\":\"https:\/\/nitu.mx\/wp-content\/uploads\/2018\/08\/Viva-Aerobus-A320.jpg\",\"contentUrl\":\"https:\/\/nitu.mx\/wp-content\/uploads\/2018\/08\/Viva-Aerobus-A320.jpg\",\"width\":850,\"height\":480,\"caption\":\"Viva Aerobus A320\"},{\"@type\":\"BreadcrumbList\",\"@id\":\"https:\/\/nitu.mx\/index.php\/2020\/08\/31\/viva-aerobus-anuncia-4-nuevas-rutas-para-septiembre\/#breadcrumb\",\"itemListElement\":[{\"@type\":\"ListItem\",\"position\":1,\"name\":\"Inicio\",\"item\":\"https:\/\/nitu.mx\/\"},{\"@type\":\"ListItem\",\"position\":2,\"name\":\"Viva Aerobus anuncia 4 nuevas rutas para septiembre\"}]},{\"@type\":\"WebSite\",\"@id\":\"https:\/\/nitu.mx\/#website\",\"url\":\"https:\/\/nitu.mx\/\",\"name\":\"Nitu - Noticias de la Industria Turistica\",\"description\":\"Noticias de la Industria Turistica\",\"publisher\":{\"@id\":\"https:\/\/nitu.mx\/#\/schema\/person\/ae7a53426417292d3dd07b45a33e01bc\"},\"alternateName\":\"Noticias de la Industria Turistica\",\"potentialAction\":[{\"@type\":\"SearchAction\",\"target\":{\"@type\":\"EntryPoint\",\"urlTemplate\":\"https:\/\/nitu.mx\/?s={search_term_string}\"},\"query-input\":\"required name=search_term_string\"}],\"inLanguage\":\"es-MX\"},{\"@type\":[\"Person\",\"Organization\"],\"@id\":\"https:\/\/nitu.mx\/#\/schema\/person\/ae7a53426417292d3dd07b45a33e01bc\",\"name\":\"Arturo Medina\",\"image\":{\"@type\":\"ImageObject\",\"inLanguage\":\"es-MX\",\"@id\":\"https:\/\/nitu.mx\/#\/schema\/person\/image\/\",\"url\":\"https:\/\/nitu.mx\/wp-content\/uploads\/2024\/04\/4A315622-1904-4D5C-B022-878CDC840E04-90x90-1.jpeg\",\"contentUrl\":\"https:\/\/nitu.mx\/wp-content\/uploads\/2024\/04\/4A315622-1904-4D5C-B022-878CDC840E04-90x90-1.jpeg\",\"width\":90,\"height\":90,\"caption\":\"Arturo Medina\"},\"logo\":{\"@id\":\"https:\/\/nitu.mx\/#\/schema\/person\/image\/\"},\"description\":\"Director NITU.mx, Egresado de la Escuela de Periodismo Carlos Septi\u00e9n Garc\u00eda. Periodista y analista especializado en turismo desde hace 35 a\u00f1os, radicado en Canc\u00fan Q.Roo. arturo@nitu.mx\",\"sameAs\":[\"https:\/\/nitu.mx\",\"https:\/\/www.facebook.com\/NITUmx\/\",\"medinacancun\",\"https:\/\/twitter.com\/@Arturo_Medina_G\"]},{\"@type\":\"Person\",\"@id\":\"https:\/\/nitu.mx\/#\/schema\/person\/3df3082b5e46037e3f13614d28ee0b77\",\"name\":\"Guadalupe Sixto\",\"image\":{\"@type\":\"ImageObject\",\"inLanguage\":\"es-MX\",\"@id\":\"https:\/\/nitu.mx\/#\/schema\/person\/image\/\",\"url\":\"https:\/\/secure.gravatar.com\/avatar\/13914e1b0e1919e91f9539de4dc584c4?s=96&d=mm&r=g\",\"contentUrl\":\"https:\/\/secure.gravatar.com\/avatar\/13914e1b0e1919e91f9539de4dc584c4?s=96&d=mm&r=g\",\"caption\":\"Guadalupe Sixto\"},\"url\":\"https:\/\/nitu.mx\/index.php\/author\/gsixto\/\"}]}<\/script>\n<!-- \/ Yoast SEO plugin. -->","yoast_head_json":{"title":"Viva Aerobus anuncia 4 nuevas rutas para septiembre - Nitu - Noticias de la Industria Turistica","robots":{"index":"index","follow":"follow","max-snippet":"max-snippet:-1","max-image-preview":"max-image-preview:large","max-video-preview":"max-video-preview:-1"},"canonical":"https:\/\/nitu.mx\/index.php\/2020\/08\/31\/viva-aerobus-anuncia-4-nuevas-rutas-para-septiembre\/","twitter_card":"summary_large_image","twitter_title":"Viva Aerobus anuncia 4 nuevas rutas para septiembre - Nitu - Noticias de la Industria Turistica","twitter_description":"La aerol\u00ednea mexicana de bajo costo, Viva Aerobus, anunci\u00f3 que durante septiembre iniciar\u00e1n operaciones cuatro nuevas rutas, tres desde Ciudad de M\u00e9xico y una de Monterrey, adem\u00e1s reactivar\u00e1 vuelos para llegar a una oferta de 95 rutas. Con estos ajustes, Viva Aerobus tendr\u00e1 82 por ciento de su oferta disponible para fortalecer la conectividad nacional [&hellip;]","twitter_image":"https:\/\/nitu.mx\/wp-content\/uploads\/2018\/08\/Viva-Aerobus-A320.jpg","twitter_creator":"@NITUmx","twitter_site":"@Arturo_Medina_G","twitter_misc":{"Escrito por":"Guadalupe Sixto","Tiempo de lectura":"2 minutos"},"schema":{"@context":"https:\/\/schema.org","@graph":[{"@type":"Article","@id":"https:\/\/nitu.mx\/index.php\/2020\/08\/31\/viva-aerobus-anuncia-4-nuevas-rutas-para-septiembre\/#article","isPartOf":{"@id":"https:\/\/nitu.mx\/index.php\/2020\/08\/31\/viva-aerobus-anuncia-4-nuevas-rutas-para-septiembre\/"},"author":{"name":"Guadalupe Sixto","@id":"https:\/\/nitu.mx\/#\/schema\/person\/3df3082b5e46037e3f13614d28ee0b77"},"headline":"Viva Aerobus anuncia 4 nuevas rutas para septiembre","datePublished":"2020-09-01T00:42:46+00:00","dateModified":"2020-09-01T05:26:38+00:00","mainEntityOfPage":{"@id":"https:\/\/nitu.mx\/index.php\/2020\/08\/31\/viva-aerobus-anuncia-4-nuevas-rutas-para-septiembre\/"},"wordCount":399,"commentCount":0,"publisher":{"@id":"https:\/\/nitu.mx\/#\/schema\/person\/ae7a53426417292d3dd07b45a33e01bc"},"image":{"@id":"https:\/\/nitu.mx\/index.php\/2020\/08\/31\/viva-aerobus-anuncia-4-nuevas-rutas-para-septiembre\/#primaryimage"},"thumbnailUrl":"https:\/\/nitu.mx\/wp-content\/uploads\/2018\/08\/Viva-Aerobus-A320.jpg","keywords":["Juan Carlos Zuazua","nuevas rutas a\u00e9reas","Viva Aerobus"],"articleSection":["Aerol\u00edneas"],"inLanguage":"es-MX","potentialAction":[{"@type":"CommentAction","name":"Comment","target":["https:\/\/nitu.mx\/index.php\/2020\/08\/31\/viva-aerobus-anuncia-4-nuevas-rutas-para-septiembre\/#respond"]}]},{"@type":"WebPage","@id":"https:\/\/nitu.mx\/index.php\/2020\/08\/31\/viva-aerobus-anuncia-4-nuevas-rutas-para-septiembre\/","url":"https:\/\/nitu.mx\/index.php\/2020\/08\/31\/viva-aerobus-anuncia-4-nuevas-rutas-para-septiembre\/","name":"Viva Aerobus anuncia 4 nuevas rutas para septiembre - Nitu - Noticias de la Industria Turistica","isPartOf":{"@id":"https:\/\/nitu.mx\/#website"},"primaryImageOfPage":{"@id":"https:\/\/nitu.mx\/index.php\/2020\/08\/31\/viva-aerobus-anuncia-4-nuevas-rutas-para-septiembre\/#primaryimage"},"image":{"@id":"https:\/\/nitu.mx\/index.php\/2020\/08\/31\/viva-aerobus-anuncia-4-nuevas-rutas-para-septiembre\/#primaryimage"},"thumbnailUrl":"https:\/\/nitu.mx\/wp-content\/uploads\/2018\/08\/Viva-Aerobus-A320.jpg","datePublished":"2020-09-01T00:42:46+00:00","dateModified":"2020-09-01T05:26:38+00:00","breadcrumb":{"@id":"https:\/\/nitu.mx\/index.php\/2020\/08\/31\/viva-aerobus-anuncia-4-nuevas-rutas-para-septiembre\/#breadcrumb"},"inLanguage":"es-MX","potentialAction":[{"@type":"ReadAction","target":["https:\/\/nitu.mx\/index.php\/2020\/08\/31\/viva-aerobus-anuncia-4-nuevas-rutas-para-septiembre\/"]}]},{"@type":"ImageObject","inLanguage":"es-MX","@id":"https:\/\/nitu.mx\/index.php\/2020\/08\/31\/viva-aerobus-anuncia-4-nuevas-rutas-para-septiembre\/#primaryimage","url":"https:\/\/nitu.mx\/wp-content\/uploads\/2018\/08\/Viva-Aerobus-A320.jpg","contentUrl":"https:\/\/nitu.mx\/wp-content\/uploads\/2018\/08\/Viva-Aerobus-A320.jpg","width":850,"height":480,"caption":"Viva Aerobus A320"},{"@type":"BreadcrumbList","@id":"https:\/\/nitu.mx\/index.php\/2020\/08\/31\/viva-aerobus-anuncia-4-nuevas-rutas-para-septiembre\/#breadcrumb","itemListElement":[{"@type":"ListItem","position":1,"name":"Inicio","item":"https:\/\/nitu.mx\/"},{"@type":"ListItem","position":2,"name":"Viva Aerobus anuncia 4 nuevas rutas para septiembre"}]},{"@type":"WebSite","@id":"https:\/\/nitu.mx\/#website","url":"https:\/\/nitu.mx\/","name":"Nitu - Noticias de la Industria Turistica","description":"Noticias de la Industria Turistica","publisher":{"@id":"https:\/\/nitu.mx\/#\/schema\/person\/ae7a53426417292d3dd07b45a33e01bc"},"alternateName":"Noticias de la Industria Turistica","potentialAction":[{"@type":"SearchAction","target":{"@type":"EntryPoint","urlTemplate":"https:\/\/nitu.mx\/?s={search_term_string}"},"query-input":"required name=search_term_string"}],"inLanguage":"es-MX"},{"@type":["Person","Organization"],"@id":"https:\/\/nitu.mx\/#\/schema\/person\/ae7a53426417292d3dd07b45a33e01bc","name":"Arturo Medina","image":{"@type":"ImageObject","inLanguage":"es-MX","@id":"https:\/\/nitu.mx\/#\/schema\/person\/image\/","url":"https:\/\/nitu.mx\/wp-content\/uploads\/2024\/04\/4A315622-1904-4D5C-B022-878CDC840E04-90x90-1.jpeg","contentUrl":"https:\/\/nitu.mx\/wp-content\/uploads\/2024\/04\/4A315622-1904-4D5C-B022-878CDC840E04-90x90-1.jpeg","width":90,"height":90,"caption":"Arturo Medina"},"logo":{"@id":"https:\/\/nitu.mx\/#\/schema\/person\/image\/"},"description":"Director NITU.mx, Egresado de la Escuela de Periodismo Carlos Septi\u00e9n Garc\u00eda. Periodista y analista especializado en turismo desde hace 35 a\u00f1os, radicado en Canc\u00fan Q.Roo. arturo@nitu.mx","sameAs":["https:\/\/nitu.mx","https:\/\/www.facebook.com\/NITUmx\/","medinacancun","https:\/\/twitter.com\/@Arturo_Medina_G"]},{"@type":"Person","@id":"https:\/\/nitu.mx\/#\/schema\/person\/3df3082b5e46037e3f13614d28ee0b77","name":"Guadalupe Sixto","image":{"@type":"ImageObject","inLanguage":"es-MX","@id":"https:\/\/nitu.mx\/#\/schema\/person\/image\/","url":"https:\/\/secure.gravatar.com\/avatar\/13914e1b0e1919e91f9539de4dc584c4?s=96&d=mm&r=g","contentUrl":"https:\/\/secure.gravatar.com\/avatar\/13914e1b0e1919e91f9539de4dc584c4?s=96&d=mm&r=g","caption":"Guadalupe Sixto"},"url":"https:\/\/nitu.mx\/index.php\/author\/gsixto\/"}]}},"views":325,"_links":{"self":[{"href":"https:\/\/nitu.mx\/index.php\/wp-json\/wp\/v2\/posts\/45844"}],"collection":[{"href":"https:\/\/nitu.mx\/index.php\/wp-json\/wp\/v2\/posts"}],"about":[{"href":"https:\/\/nitu.mx\/index.php\/wp-json\/wp\/v2\/types\/post"}],"author":[{"embeddable":true,"href":"https:\/\/nitu.mx\/index.php\/wp-json\/wp\/v2\/users\/18"}],"replies":[{"embeddable":true,"href":"https:\/\/nitu.mx\/index.php\/wp-json\/wp\/v2\/comments?post=45844"}],"version-history":[{"count":2,"href":"https:\/\/nitu.mx\/index.php\/wp-json\/wp\/v2\/posts\/45844\/revisions"}],"predecessor-version":[{"id":45846,"href":"https:\/\/nitu.mx\/index.php\/wp-json\/wp\/v2\/posts\/45844\/revisions\/45846"}],"wp:featuredmedia":[{"embeddable":true,"href":"https:\/\/nitu.mx\/index.php\/wp-json\/wp\/v2\/media\/23205"}],"wp:attachment":[{"href":"https:\/\/nitu.mx\/index.php\/wp-json\/wp\/v2\/media?parent=45844"}],"wp:term":[{"taxonomy":"category","embeddable":true,"href":"https:\/\/nitu.mx\/index.php\/wp-json\/wp\/v2\/categories?post=45844"},{"taxonomy":"post_tag","embeddable":true,"href":"https:\/\/nitu.mx\/index.php\/wp-json\/wp\/v2\/tags?post=45844"}],"curies":[{"name":"wp","href":"https:\/\/api.w.org\/{rel}","templated":true}]}}