{"id":45762,"date":"2020-08-28T00:08:40","date_gmt":"2020-08-28T05:08:40","guid":{"rendered":"https:\/\/www.dev.nitu.mx\/?p=45762"},"modified":"2020-08-28T01:17:07","modified_gmt":"2020-08-28T06:17:07","slug":"presento-alondra-de-la-parra-la-orquesta-imposible-desde-hotel-xcaret-mexico","status":"publish","type":"post","link":"https:\/\/nitu.mx\/index.php\/2020\/08\/28\/presento-alondra-de-la-parra-la-orquesta-imposible-desde-hotel-xcaret-mexico\/","title":{"rendered":"Present\u00f3 Alondra de la Parra \u201cLa Orquesta Imposible\u201d desde Hotel Xcaret M\u00e9xico"},"content":{"rendered":"\n<p>Refrendando su compromiso con la cultura y talento mexicano, Grupo Xcaret, la empresa l\u00edder en recreaci\u00f3n tur\u00edstica sostenible, anunci\u00f3 que Hotel Xcaret M\u00e9xico, el hotel que revolucion\u00f3 la industria tur\u00edstica con su innovador concepto All-Fun Inclusive\u00ae, fue sede de la presentaci\u00f3n digital del incre\u00edble proyecto \u201cLa Orquesta Imposible\u201d, una iniciativa que ha logrado reunir a la distancia a 30 de los mejores solistas del mundo de 14 diferentes pa\u00edses para interpretar una de las piezas m\u00e1s importantes de la m\u00fasica cl\u00e1sica mexicana: Danz\u00f3n No. 2 del maestro Arturo M\u00e1rquez, con el objetivo de apoyar a las mujeres y ni\u00f1os mexicanos afectados por Covid-19.<\/p>\n\n\n\n<p>Durante la conferencia de prensa virtual Alondra de la Parra, quien trasmiti\u00f3 desde el hotel 5 Diamantes, comunic\u00f3 los detalles de este noble y ambicioso proyecto que adem\u00e1s de compartir los valores de Grupo Xcaret, nace de la convicci\u00f3n de que la m\u00fasica tiene el poder de unirnos sin importar nuestros or\u00edgenes, nacionalidades o diferencias, creado un lenguaje universal de esperanza en tiempos dif\u00edciles.<\/p>\n\n\n\n<p>De acuerdo con la directora de orquesta, en M\u00e9xico, la crisis generada por el Covid-19 ha afectado especialmente a mujeres y ni\u00f1os, ya que son los m\u00e1s vulnerables a los efectos sociales, sanitarios y econ\u00f3micos de la pandemia, es por ello que todos los ingresos de la iniciativa se destinar\u00e1n a dos fundaciones: Fondo Semillas y Save the Children M\u00e9xico, con quien Grupo Xcaret ha colaborado por m\u00e1s de una d\u00e9cada.<\/p>\n\n\n\n<p>La interpretaci\u00f3n del Danz\u00f3n No. 2 del maestro M\u00e1rquez se realiz\u00f3 a distancia, los participantes grabaron su m\u00fasica de forma independiente, demostrando que incluso a distancia, la m\u00fasica se puede crear a trav\u00e9s de la colaboraci\u00f3n, la creatividad y el talento. El proyecto cuenta con la participaci\u00f3n de grandes mexicanos con reconocimiento internacional como Elisa Carrillo, la primera bailarina en la historia del Ballet de M\u00e9xico que logra obtener el t\u00edtulo de Primera Bailarina en el Staatsballett Berlin, y Rolando Villaz\u00f3n, uno de los tenores l\u00edricos m\u00e1s reconocidos del mundo y con una trayectoria sin precedentes siendo un invitado habitual en los escenarios m\u00e1s importantes como las \u00d3peras Estatales de Berl\u00edn, M\u00fanich y Viena.<\/p>\n\n\n\n<p>Esta interpretaci\u00f3n \u00fanica est\u00e1 disponible en la p\u00e1gina https:\/\/www.theimpossibleorchestra.com\/&nbsp;&nbsp; misma en la que el p\u00fablico podr\u00e1 donar directamente a Fondo Semillas y Save the Children M\u00e9xico, adem\u00e1s, el viernes 4 de septiembre se realizar\u00e1 una gala virtual de recaudaci\u00f3n de fondos en YouTube con la participaci\u00f3n de celebridades internacionales.<\/p>\n\n\n\n<p>Cabe destacar que Grupo Xcaret tiene como pilar fundamental enaltecer y difundir el arte y la cultura de M\u00e9xico por lo que aplaude la gran labor que Alondra de la Parra, as\u00ed como los m\u00fasicos de todo el mundo, est\u00e1n realizado con \u201cLa Orquesta Imposible\u201d. La empresa se enorgullece de apoyar un proyecto tan trascedente a nivel mundial y de que la directora de orquesta mexica haya elegido&nbsp; a Hotel Xcaret M\u00e9xico para hacer la transmisi\u00f3n de su presentaci\u00f3n.&nbsp;<\/p>\n","protected":false},"excerpt":{"rendered":"<p>Refrendando su compromiso con la cultura y talento mexicano, Grupo Xcaret, la empresa l\u00edder en recreaci\u00f3n tur\u00edstica sostenible, anunci\u00f3 que Hotel Xcaret M\u00e9xico, el hotel que revolucion\u00f3 la industria tur\u00edstica con su innovador concepto All-Fun Inclusive\u00ae, fue sede de la presentaci\u00f3n digital del incre\u00edble proyecto \u201cLa Orquesta Imposible\u201d, una iniciativa que ha logrado reunir a [&hellip;]<\/p>\n","protected":false},"author":17,"featured_media":45779,"comment_status":"open","ping_status":"open","sticky":false,"template":"","format":"standard","meta":{"footnotes":""},"categories":[18475,12],"tags":[7327,19667,20465,1603],"yoast_head":"<!-- This site is optimized with the Yoast SEO plugin v22.2 - https:\/\/yoast.com\/wordpress\/plugins\/seo\/ -->\n<title>Present\u00f3 Alondra de la Parra \u201cLa Orquesta Imposible\u201d desde Hotel Xcaret M\u00e9xico - Nitu - Noticias de la Industria Turistica<\/title>\n<meta name=\"robots\" content=\"index, follow, max-snippet:-1, max-image-preview:large, max-video-preview:-1\" \/>\n<link rel=\"canonical\" href=\"https:\/\/nitu.mx\/index.php\/2020\/08\/28\/presento-alondra-de-la-parra-la-orquesta-imposible-desde-hotel-xcaret-mexico\/\" \/>\n<meta name=\"twitter:card\" content=\"summary_large_image\" \/>\n<meta name=\"twitter:title\" content=\"Present\u00f3 Alondra de la Parra \u201cLa Orquesta Imposible\u201d desde Hotel Xcaret M\u00e9xico - Nitu - Noticias de la Industria Turistica\" \/>\n<meta name=\"twitter:description\" content=\"Refrendando su compromiso con la cultura y talento mexicano, Grupo Xcaret, la empresa l\u00edder en recreaci\u00f3n tur\u00edstica sostenible, anunci\u00f3 que Hotel Xcaret M\u00e9xico, el hotel que revolucion\u00f3 la industria tur\u00edstica con su innovador concepto All-Fun Inclusive\u00ae, fue sede de la presentaci\u00f3n digital del incre\u00edble proyecto \u201cLa Orquesta Imposible\u201d, una iniciativa que ha logrado reunir a [&hellip;]\" \/>\n<meta name=\"twitter:image\" content=\"https:\/\/nitu.mx\/wp-content\/uploads\/2020\/08\/alondra-de-la-parra.jpg\" \/>\n<meta name=\"twitter:creator\" content=\"@NITUmx\" \/>\n<meta name=\"twitter:site\" content=\"@Arturo_Medina_G\" \/>\n<meta name=\"twitter:label1\" content=\"Escrito por\" \/>\n\t<meta name=\"twitter:data1\" content=\"Redacci\u00f3n\" \/>\n\t<meta name=\"twitter:label2\" content=\"Tiempo de lectura\" \/>\n\t<meta name=\"twitter:data2\" content=\"3 minutos\" \/>\n<script type=\"application\/ld+json\" class=\"yoast-schema-graph\">{\"@context\":\"https:\/\/schema.org\",\"@graph\":[{\"@type\":\"Article\",\"@id\":\"https:\/\/nitu.mx\/index.php\/2020\/08\/28\/presento-alondra-de-la-parra-la-orquesta-imposible-desde-hotel-xcaret-mexico\/#article\",\"isPartOf\":{\"@id\":\"https:\/\/nitu.mx\/index.php\/2020\/08\/28\/presento-alondra-de-la-parra-la-orquesta-imposible-desde-hotel-xcaret-mexico\/\"},\"author\":{\"name\":\"Redacci\u00f3n\",\"@id\":\"https:\/\/nitu.mx\/#\/schema\/person\/4a28fe9bd65924f7c90623773daf1b0b\"},\"headline\":\"Present\u00f3 Alondra de la Parra \u201cLa Orquesta Imposible\u201d desde Hotel Xcaret M\u00e9xico\",\"datePublished\":\"2020-08-28T05:08:40+00:00\",\"dateModified\":\"2020-08-28T06:17:07+00:00\",\"mainEntityOfPage\":{\"@id\":\"https:\/\/nitu.mx\/index.php\/2020\/08\/28\/presento-alondra-de-la-parra-la-orquesta-imposible-desde-hotel-xcaret-mexico\/\"},\"wordCount\":550,\"commentCount\":0,\"publisher\":{\"@id\":\"https:\/\/nitu.mx\/#\/schema\/person\/ae7a53426417292d3dd07b45a33e01bc\"},\"image\":{\"@id\":\"https:\/\/nitu.mx\/index.php\/2020\/08\/28\/presento-alondra-de-la-parra-la-orquesta-imposible-desde-hotel-xcaret-mexico\/#primaryimage\"},\"thumbnailUrl\":\"https:\/\/nitu.mx\/wp-content\/uploads\/2020\/08\/alondra-de-la-parra.jpg\",\"keywords\":[\"Alondra de la Parra\",\"Hotel Xcaret\",\"La Orquesta Imposible\",\"Xcaret\"],\"articleSection\":[\"Caribe Mexicano\",\"Marketing\"],\"inLanguage\":\"es-MX\",\"potentialAction\":[{\"@type\":\"CommentAction\",\"name\":\"Comment\",\"target\":[\"https:\/\/nitu.mx\/index.php\/2020\/08\/28\/presento-alondra-de-la-parra-la-orquesta-imposible-desde-hotel-xcaret-mexico\/#respond\"]}]},{\"@type\":\"WebPage\",\"@id\":\"https:\/\/nitu.mx\/index.php\/2020\/08\/28\/presento-alondra-de-la-parra-la-orquesta-imposible-desde-hotel-xcaret-mexico\/\",\"url\":\"https:\/\/nitu.mx\/index.php\/2020\/08\/28\/presento-alondra-de-la-parra-la-orquesta-imposible-desde-hotel-xcaret-mexico\/\",\"name\":\"Present\u00f3 Alondra de la Parra \u201cLa Orquesta Imposible\u201d desde Hotel Xcaret M\u00e9xico - Nitu - Noticias de la Industria Turistica\",\"isPartOf\":{\"@id\":\"https:\/\/nitu.mx\/#website\"},\"primaryImageOfPage\":{\"@id\":\"https:\/\/nitu.mx\/index.php\/2020\/08\/28\/presento-alondra-de-la-parra-la-orquesta-imposible-desde-hotel-xcaret-mexico\/#primaryimage\"},\"image\":{\"@id\":\"https:\/\/nitu.mx\/index.php\/2020\/08\/28\/presento-alondra-de-la-parra-la-orquesta-imposible-desde-hotel-xcaret-mexico\/#primaryimage\"},\"thumbnailUrl\":\"https:\/\/nitu.mx\/wp-content\/uploads\/2020\/08\/alondra-de-la-parra.jpg\",\"datePublished\":\"2020-08-28T05:08:40+00:00\",\"dateModified\":\"2020-08-28T06:17:07+00:00\",\"breadcrumb\":{\"@id\":\"https:\/\/nitu.mx\/index.php\/2020\/08\/28\/presento-alondra-de-la-parra-la-orquesta-imposible-desde-hotel-xcaret-mexico\/#breadcrumb\"},\"inLanguage\":\"es-MX\",\"potentialAction\":[{\"@type\":\"ReadAction\",\"target\":[\"https:\/\/nitu.mx\/index.php\/2020\/08\/28\/presento-alondra-de-la-parra-la-orquesta-imposible-desde-hotel-xcaret-mexico\/\"]}]},{\"@type\":\"ImageObject\",\"inLanguage\":\"es-MX\",\"@id\":\"https:\/\/nitu.mx\/index.php\/2020\/08\/28\/presento-alondra-de-la-parra-la-orquesta-imposible-desde-hotel-xcaret-mexico\/#primaryimage\",\"url\":\"https:\/\/nitu.mx\/wp-content\/uploads\/2020\/08\/alondra-de-la-parra.jpg\",\"contentUrl\":\"https:\/\/nitu.mx\/wp-content\/uploads\/2020\/08\/alondra-de-la-parra.jpg\",\"width\":1200,\"height\":675},{\"@type\":\"BreadcrumbList\",\"@id\":\"https:\/\/nitu.mx\/index.php\/2020\/08\/28\/presento-alondra-de-la-parra-la-orquesta-imposible-desde-hotel-xcaret-mexico\/#breadcrumb\",\"itemListElement\":[{\"@type\":\"ListItem\",\"position\":1,\"name\":\"Inicio\",\"item\":\"https:\/\/nitu.mx\/\"},{\"@type\":\"ListItem\",\"position\":2,\"name\":\"Present\u00f3 Alondra de la Parra \u201cLa Orquesta Imposible\u201d desde Hotel Xcaret M\u00e9xico\"}]},{\"@type\":\"WebSite\",\"@id\":\"https:\/\/nitu.mx\/#website\",\"url\":\"https:\/\/nitu.mx\/\",\"name\":\"Nitu - Noticias de la Industria Turistica\",\"description\":\"Noticias de la Industria Turistica\",\"publisher\":{\"@id\":\"https:\/\/nitu.mx\/#\/schema\/person\/ae7a53426417292d3dd07b45a33e01bc\"},\"alternateName\":\"Noticias de la Industria Turistica\",\"potentialAction\":[{\"@type\":\"SearchAction\",\"target\":{\"@type\":\"EntryPoint\",\"urlTemplate\":\"https:\/\/nitu.mx\/?s={search_term_string}\"},\"query-input\":\"required name=search_term_string\"}],\"inLanguage\":\"es-MX\"},{\"@type\":[\"Person\",\"Organization\"],\"@id\":\"https:\/\/nitu.mx\/#\/schema\/person\/ae7a53426417292d3dd07b45a33e01bc\",\"name\":\"Arturo Medina\",\"image\":{\"@type\":\"ImageObject\",\"inLanguage\":\"es-MX\",\"@id\":\"https:\/\/nitu.mx\/#\/schema\/person\/image\/\",\"url\":\"https:\/\/nitu.mx\/wp-content\/uploads\/2024\/04\/4A315622-1904-4D5C-B022-878CDC840E04-90x90-1.jpeg\",\"contentUrl\":\"https:\/\/nitu.mx\/wp-content\/uploads\/2024\/04\/4A315622-1904-4D5C-B022-878CDC840E04-90x90-1.jpeg\",\"width\":90,\"height\":90,\"caption\":\"Arturo Medina\"},\"logo\":{\"@id\":\"https:\/\/nitu.mx\/#\/schema\/person\/image\/\"},\"description\":\"Director NITU.mx, Egresado de la Escuela de Periodismo Carlos Septi\u00e9n Garc\u00eda. Periodista y analista especializado en turismo desde hace 35 a\u00f1os, radicado en Canc\u00fan Q.Roo. arturo@nitu.mx\",\"sameAs\":[\"https:\/\/nitu.mx\",\"https:\/\/www.facebook.com\/NITUmx\/\",\"medinacancun\",\"https:\/\/twitter.com\/@Arturo_Medina_G\"]},{\"@type\":\"Person\",\"@id\":\"https:\/\/nitu.mx\/#\/schema\/person\/4a28fe9bd65924f7c90623773daf1b0b\",\"name\":\"Redacci\u00f3n\",\"image\":{\"@type\":\"ImageObject\",\"inLanguage\":\"es-MX\",\"@id\":\"https:\/\/nitu.mx\/#\/schema\/person\/image\/\",\"url\":\"https:\/\/secure.gravatar.com\/avatar\/5dd011c8ccfc5cd7e4c81e42252aab38?s=96&d=mm&r=g\",\"contentUrl\":\"https:\/\/secure.gravatar.com\/avatar\/5dd011c8ccfc5cd7e4c81e42252aab38?s=96&d=mm&r=g\",\"caption\":\"Redacci\u00f3n\"},\"url\":\"https:\/\/nitu.mx\/index.php\/author\/redaccion\/\"}]}<\/script>\n<!-- \/ Yoast SEO plugin. -->","yoast_head_json":{"title":"Present\u00f3 Alondra de la Parra \u201cLa Orquesta Imposible\u201d desde Hotel Xcaret M\u00e9xico - Nitu - Noticias de la Industria Turistica","robots":{"index":"index","follow":"follow","max-snippet":"max-snippet:-1","max-image-preview":"max-image-preview:large","max-video-preview":"max-video-preview:-1"},"canonical":"https:\/\/nitu.mx\/index.php\/2020\/08\/28\/presento-alondra-de-la-parra-la-orquesta-imposible-desde-hotel-xcaret-mexico\/","twitter_card":"summary_large_image","twitter_title":"Present\u00f3 Alondra de la Parra \u201cLa Orquesta Imposible\u201d desde Hotel Xcaret M\u00e9xico - Nitu - Noticias de la Industria Turistica","twitter_description":"Refrendando su compromiso con la cultura y talento mexicano, Grupo Xcaret, la empresa l\u00edder en recreaci\u00f3n tur\u00edstica sostenible, anunci\u00f3 que Hotel Xcaret M\u00e9xico, el hotel que revolucion\u00f3 la industria tur\u00edstica con su innovador concepto All-Fun Inclusive\u00ae, fue sede de la presentaci\u00f3n digital del incre\u00edble proyecto \u201cLa Orquesta Imposible\u201d, una iniciativa que ha logrado reunir a [&hellip;]","twitter_image":"https:\/\/nitu.mx\/wp-content\/uploads\/2020\/08\/alondra-de-la-parra.jpg","twitter_creator":"@NITUmx","twitter_site":"@Arturo_Medina_G","twitter_misc":{"Escrito por":"Redacci\u00f3n","Tiempo de lectura":"3 minutos"},"schema":{"@context":"https:\/\/schema.org","@graph":[{"@type":"Article","@id":"https:\/\/nitu.mx\/index.php\/2020\/08\/28\/presento-alondra-de-la-parra-la-orquesta-imposible-desde-hotel-xcaret-mexico\/#article","isPartOf":{"@id":"https:\/\/nitu.mx\/index.php\/2020\/08\/28\/presento-alondra-de-la-parra-la-orquesta-imposible-desde-hotel-xcaret-mexico\/"},"author":{"name":"Redacci\u00f3n","@id":"https:\/\/nitu.mx\/#\/schema\/person\/4a28fe9bd65924f7c90623773daf1b0b"},"headline":"Present\u00f3 Alondra de la Parra \u201cLa Orquesta Imposible\u201d desde Hotel Xcaret M\u00e9xico","datePublished":"2020-08-28T05:08:40+00:00","dateModified":"2020-08-28T06:17:07+00:00","mainEntityOfPage":{"@id":"https:\/\/nitu.mx\/index.php\/2020\/08\/28\/presento-alondra-de-la-parra-la-orquesta-imposible-desde-hotel-xcaret-mexico\/"},"wordCount":550,"commentCount":0,"publisher":{"@id":"https:\/\/nitu.mx\/#\/schema\/person\/ae7a53426417292d3dd07b45a33e01bc"},"image":{"@id":"https:\/\/nitu.mx\/index.php\/2020\/08\/28\/presento-alondra-de-la-parra-la-orquesta-imposible-desde-hotel-xcaret-mexico\/#primaryimage"},"thumbnailUrl":"https:\/\/nitu.mx\/wp-content\/uploads\/2020\/08\/alondra-de-la-parra.jpg","keywords":["Alondra de la Parra","Hotel Xcaret","La Orquesta Imposible","Xcaret"],"articleSection":["Caribe Mexicano","Marketing"],"inLanguage":"es-MX","potentialAction":[{"@type":"CommentAction","name":"Comment","target":["https:\/\/nitu.mx\/index.php\/2020\/08\/28\/presento-alondra-de-la-parra-la-orquesta-imposible-desde-hotel-xcaret-mexico\/#respond"]}]},{"@type":"WebPage","@id":"https:\/\/nitu.mx\/index.php\/2020\/08\/28\/presento-alondra-de-la-parra-la-orquesta-imposible-desde-hotel-xcaret-mexico\/","url":"https:\/\/nitu.mx\/index.php\/2020\/08\/28\/presento-alondra-de-la-parra-la-orquesta-imposible-desde-hotel-xcaret-mexico\/","name":"Present\u00f3 Alondra de la Parra \u201cLa Orquesta Imposible\u201d desde Hotel Xcaret M\u00e9xico - Nitu - Noticias de la Industria Turistica","isPartOf":{"@id":"https:\/\/nitu.mx\/#website"},"primaryImageOfPage":{"@id":"https:\/\/nitu.mx\/index.php\/2020\/08\/28\/presento-alondra-de-la-parra-la-orquesta-imposible-desde-hotel-xcaret-mexico\/#primaryimage"},"image":{"@id":"https:\/\/nitu.mx\/index.php\/2020\/08\/28\/presento-alondra-de-la-parra-la-orquesta-imposible-desde-hotel-xcaret-mexico\/#primaryimage"},"thumbnailUrl":"https:\/\/nitu.mx\/wp-content\/uploads\/2020\/08\/alondra-de-la-parra.jpg","datePublished":"2020-08-28T05:08:40+00:00","dateModified":"2020-08-28T06:17:07+00:00","breadcrumb":{"@id":"https:\/\/nitu.mx\/index.php\/2020\/08\/28\/presento-alondra-de-la-parra-la-orquesta-imposible-desde-hotel-xcaret-mexico\/#breadcrumb"},"inLanguage":"es-MX","potentialAction":[{"@type":"ReadAction","target":["https:\/\/nitu.mx\/index.php\/2020\/08\/28\/presento-alondra-de-la-parra-la-orquesta-imposible-desde-hotel-xcaret-mexico\/"]}]},{"@type":"ImageObject","inLanguage":"es-MX","@id":"https:\/\/nitu.mx\/index.php\/2020\/08\/28\/presento-alondra-de-la-parra-la-orquesta-imposible-desde-hotel-xcaret-mexico\/#primaryimage","url":"https:\/\/nitu.mx\/wp-content\/uploads\/2020\/08\/alondra-de-la-parra.jpg","contentUrl":"https:\/\/nitu.mx\/wp-content\/uploads\/2020\/08\/alondra-de-la-parra.jpg","width":1200,"height":675},{"@type":"BreadcrumbList","@id":"https:\/\/nitu.mx\/index.php\/2020\/08\/28\/presento-alondra-de-la-parra-la-orquesta-imposible-desde-hotel-xcaret-mexico\/#breadcrumb","itemListElement":[{"@type":"ListItem","position":1,"name":"Inicio","item":"https:\/\/nitu.mx\/"},{"@type":"ListItem","position":2,"name":"Present\u00f3 Alondra de la Parra \u201cLa Orquesta Imposible\u201d desde Hotel Xcaret M\u00e9xico"}]},{"@type":"WebSite","@id":"https:\/\/nitu.mx\/#website","url":"https:\/\/nitu.mx\/","name":"Nitu - Noticias de la Industria Turistica","description":"Noticias de la Industria Turistica","publisher":{"@id":"https:\/\/nitu.mx\/#\/schema\/person\/ae7a53426417292d3dd07b45a33e01bc"},"alternateName":"Noticias de la Industria Turistica","potentialAction":[{"@type":"SearchAction","target":{"@type":"EntryPoint","urlTemplate":"https:\/\/nitu.mx\/?s={search_term_string}"},"query-input":"required name=search_term_string"}],"inLanguage":"es-MX"},{"@type":["Person","Organization"],"@id":"https:\/\/nitu.mx\/#\/schema\/person\/ae7a53426417292d3dd07b45a33e01bc","name":"Arturo Medina","image":{"@type":"ImageObject","inLanguage":"es-MX","@id":"https:\/\/nitu.mx\/#\/schema\/person\/image\/","url":"https:\/\/nitu.mx\/wp-content\/uploads\/2024\/04\/4A315622-1904-4D5C-B022-878CDC840E04-90x90-1.jpeg","contentUrl":"https:\/\/nitu.mx\/wp-content\/uploads\/2024\/04\/4A315622-1904-4D5C-B022-878CDC840E04-90x90-1.jpeg","width":90,"height":90,"caption":"Arturo Medina"},"logo":{"@id":"https:\/\/nitu.mx\/#\/schema\/person\/image\/"},"description":"Director NITU.mx, Egresado de la Escuela de Periodismo Carlos Septi\u00e9n Garc\u00eda. Periodista y analista especializado en turismo desde hace 35 a\u00f1os, radicado en Canc\u00fan Q.Roo. arturo@nitu.mx","sameAs":["https:\/\/nitu.mx","https:\/\/www.facebook.com\/NITUmx\/","medinacancun","https:\/\/twitter.com\/@Arturo_Medina_G"]},{"@type":"Person","@id":"https:\/\/nitu.mx\/#\/schema\/person\/4a28fe9bd65924f7c90623773daf1b0b","name":"Redacci\u00f3n","image":{"@type":"ImageObject","inLanguage":"es-MX","@id":"https:\/\/nitu.mx\/#\/schema\/person\/image\/","url":"https:\/\/secure.gravatar.com\/avatar\/5dd011c8ccfc5cd7e4c81e42252aab38?s=96&d=mm&r=g","contentUrl":"https:\/\/secure.gravatar.com\/avatar\/5dd011c8ccfc5cd7e4c81e42252aab38?s=96&d=mm&r=g","caption":"Redacci\u00f3n"},"url":"https:\/\/nitu.mx\/index.php\/author\/redaccion\/"}]}},"views":1201,"_links":{"self":[{"href":"https:\/\/nitu.mx\/index.php\/wp-json\/wp\/v2\/posts\/45762"}],"collection":[{"href":"https:\/\/nitu.mx\/index.php\/wp-json\/wp\/v2\/posts"}],"about":[{"href":"https:\/\/nitu.mx\/index.php\/wp-json\/wp\/v2\/types\/post"}],"author":[{"embeddable":true,"href":"https:\/\/nitu.mx\/index.php\/wp-json\/wp\/v2\/users\/17"}],"replies":[{"embeddable":true,"href":"https:\/\/nitu.mx\/index.php\/wp-json\/wp\/v2\/comments?post=45762"}],"version-history":[{"count":1,"href":"https:\/\/nitu.mx\/index.php\/wp-json\/wp\/v2\/posts\/45762\/revisions"}],"predecessor-version":[{"id":45763,"href":"https:\/\/nitu.mx\/index.php\/wp-json\/wp\/v2\/posts\/45762\/revisions\/45763"}],"wp:featuredmedia":[{"embeddable":true,"href":"https:\/\/nitu.mx\/index.php\/wp-json\/wp\/v2\/media\/45779"}],"wp:attachment":[{"href":"https:\/\/nitu.mx\/index.php\/wp-json\/wp\/v2\/media?parent=45762"}],"wp:term":[{"taxonomy":"category","embeddable":true,"href":"https:\/\/nitu.mx\/index.php\/wp-json\/wp\/v2\/categories?post=45762"},{"taxonomy":"post_tag","embeddable":true,"href":"https:\/\/nitu.mx\/index.php\/wp-json\/wp\/v2\/tags?post=45762"}],"curies":[{"name":"wp","href":"https:\/\/api.w.org\/{rel}","templated":true}]}}