{"id":45717,"date":"2020-08-27T00:40:02","date_gmt":"2020-08-27T05:40:02","guid":{"rendered":"https:\/\/www.dev.nitu.mx\/?p=45717"},"modified":"2020-08-27T00:59:18","modified_gmt":"2020-08-27T05:59:18","slug":"volaris-y-viva-aerobus-ganan-mercado-con-la-reactivacion-del-mercado-aereo","status":"publish","type":"post","link":"https:\/\/nitu.mx\/index.php\/2020\/08\/27\/volaris-y-viva-aerobus-ganan-mercado-con-la-reactivacion-del-mercado-aereo\/","title":{"rendered":"Volaris y Viva Aerobus ganan mercado con la reactivaci\u00f3n del mercado a\u00e9reo"},"content":{"rendered":"\n<p>Tras la fuerte ca\u00edda en los niveles de pasajeros a\u00e9reos durante abril y mayo, las aerol\u00edneas han comenzado a reabrir vuelos y aumentar frecuencias en un escenario de paulatina reactivaci\u00f3n, en el que Volaris y Viva Aerobus han aumentado su participaci\u00f3n de mercado tanto en la medici\u00f3n correspondiente a julio, como en el acumulado anual.<\/p>\n\n\n\n<p>Sin embargo, un mayor flujo de pasajeros no necesariamente se traduce en mayor rentabilidad de parte de las aerol\u00edneas, por lo que la actual composici\u00f3n del mercado a\u00fan podr\u00eda cambiar. &#8220;Manejar m\u00e1s pasajeros no necesariamente significa que haya una viabilidad financiera para la empresa, no hay que perder de vista eso. Las compa\u00f1\u00edas ofrecen tarifas muy bajas, pero hay que mantener la actividad&#8221;, afirm\u00f3 Fernando G\u00f3mez Su\u00e1rez, analista del sector a\u00e9reo.<\/p>\n\n\n\n<p>Con casi 765,000 pasajeros transportados, Volaris concentr\u00f3 45.7% del mercado dom\u00e9stico en julio, un avance de 15.6 puntos porcentuales respecto al mismo periodo de 2019, dejando una importante brecha con su competidor m\u00e1s inmediato, Aerom\u00e9xico, que transport\u00f3 poco m\u00e1s de 423,000 pasajeros en el mismo mes, con una cuota de mercado de 25.3%, que a pesar de representar un avance de 2.8 puntos porcentuales respecto a 2019, le deja en niveles similares a Viva Aerobus, que tuvo un flujo de m\u00e1s de 396,000 pasajeros, concentrando 23.7% del mercado.<\/p>\n\n\n\n<p>Esta reconfiguraci\u00f3n ha comenzado a verse en la distribuci\u00f3n del mercado durante los primeros siete meses del a\u00f1o. Aunque Volaris y Aerom\u00e9xico se mantienen como los l\u00edderes del mercado, la primera ha ganado cuatro puntos porcentuales de cuota, concentrando 36% desde el \u00edndice de 32% en el mismo periodo de 2019.<\/p>\n\n\n\n<p>Parte de esta din\u00e1mica se adjudica a las tarifas que est\u00e1n ofreciendo Volaris y Viva Aerobus, considera G\u00f3mez Su\u00e1rez, y que ha coincidido con una temporada vacacional que, pese a la pandemia, varias personas buscan aprovechar.<\/p>\n\n\n\n<p>\u201cAdem\u00e1s de los viajes de playa, la promoci\u00f3n de viajes familiares se ha hecho aprovechando la temporada, y si bien es un poco riesgosa a\u00fan en cuanto a la cuesti\u00f3n sanitaria, la gente ya est\u00e1 retomando sus actividades habituales. Mientras haya demanda, es v\u00e1lido aprovechar esta coyuntura\u201d, explic\u00f3.<\/p>\n\n\n\n<p>Interjet ha sido la compa\u00f1\u00eda que m\u00e1s pasajeros ha perdido frente a sus competidores. Mientras que en julio de 2019 ten\u00eda 20% del mercado, en 2020 transport\u00f3 poco m\u00e1s de 2%, lo que incidi\u00f3 en que su participaci\u00f3n de enero a julio se redujera en cuatro puntos porcentuales situ\u00e1ndose en 16%, con lo cual Viva Aerobus se posiciona como la tercera mayor aerol\u00ednea del segmento, con 21% del mercado.<\/p>\n\n\n\n<p>Respecto a Interjet, G\u00f3mez Su\u00e1rez considera que el entorno es dif\u00edcil dada una falta de confianza del consumidor por experiencias previas, refiri\u00e9ndose a las jornadas de demoras y cancelaciones de vuelos que permanecieron en gran parte de 2019.<\/p>\n\n\n\n<p>&#8220;Va a tomarles mucho tiempo recuperar la confianza de sus clientes. Que logre captar la atenci\u00f3n de nuevos clientes es otra cosa. Esto tambi\u00e9n conlleva que, con los nuevos accionistas y la recapitalizaci\u00f3n que tuvo, cambien la estrategia, y se avoquen a cumplir ofreciendo un buen servicio&#8221;, dijo.<\/p>\n\n\n\n<p>En el mercado internacional el cambio ha sido m\u00e1s significativo, con Volaris concentrando 56% del mercado, un repunte de 33.2 puntos porcentuales, aunque con poco m\u00e1s de 132,000 pasajeros de los m\u00e1s de 373,000 percibidos en 2019. Aerom\u00e9xico \u2013l\u00edder del segmento con m\u00e1s de 47% de los pasajeros en julio del a\u00f1o pasado\u2013 redujo su cuota a 35%, mientras que Interjet ha sido el m\u00e1s afectado tras cuatro meses sin pasajeros internacionales.<\/p>\n\n\n\n<p>Para entender estos n\u00fameros, tambi\u00e9n hay que considerar la limitaci\u00f3n en los viajes hacia Europa y Asia, un mercado que solo atiende Aerom\u00e9xico, como la \u00fanica aerol\u00ednea mexicana que realiza vuelos de larga distancia. (Expansi\u00f3n).<\/p>\n","protected":false},"excerpt":{"rendered":"<p>Tras la fuerte ca\u00edda en los niveles de pasajeros a\u00e9reos durante abril y mayo, las aerol\u00edneas han comenzado a reabrir vuelos y aumentar frecuencias en un escenario de paulatina reactivaci\u00f3n, en el que Volaris y Viva Aerobus han aumentado su participaci\u00f3n de mercado tanto en la medici\u00f3n correspondiente a julio, como en el acumulado anual. [&hellip;]<\/p>\n","protected":false},"author":17,"featured_media":7756,"comment_status":"open","ping_status":"open","sticky":false,"template":"","format":"standard","meta":{"footnotes":""},"categories":[29,6],"tags":[172,3771,2102,131],"yoast_head":"<!-- This site is optimized with the Yoast SEO plugin v22.2 - https:\/\/yoast.com\/wordpress\/plugins\/seo\/ -->\n<title>Volaris y Viva Aerobus ganan mercado con la reactivaci\u00f3n del mercado a\u00e9reo - Nitu - Noticias de la Industria Turistica<\/title>\n<meta name=\"robots\" content=\"index, follow, max-snippet:-1, max-image-preview:large, max-video-preview:-1\" \/>\n<link rel=\"canonical\" href=\"https:\/\/nitu.mx\/index.php\/2020\/08\/27\/volaris-y-viva-aerobus-ganan-mercado-con-la-reactivacion-del-mercado-aereo\/\" \/>\n<meta name=\"twitter:card\" content=\"summary_large_image\" \/>\n<meta name=\"twitter:title\" content=\"Volaris y Viva Aerobus ganan mercado con la reactivaci\u00f3n del mercado a\u00e9reo - Nitu - Noticias de la Industria Turistica\" \/>\n<meta name=\"twitter:description\" content=\"Tras la fuerte ca\u00edda en los niveles de pasajeros a\u00e9reos durante abril y mayo, las aerol\u00edneas han comenzado a reabrir vuelos y aumentar frecuencias en un escenario de paulatina reactivaci\u00f3n, en el que Volaris y Viva Aerobus han aumentado su participaci\u00f3n de mercado tanto en la medici\u00f3n correspondiente a julio, como en el acumulado anual. [&hellip;]\" \/>\n<meta name=\"twitter:image\" content=\"https:\/\/nitu.mx\/wp-content\/uploads\/2017\/03\/aerolineas-mexicanas.jpg\" \/>\n<meta name=\"twitter:creator\" content=\"@NITUmx\" \/>\n<meta name=\"twitter:site\" content=\"@Arturo_Medina_G\" \/>\n<meta name=\"twitter:label1\" content=\"Escrito por\" \/>\n\t<meta name=\"twitter:data1\" content=\"Redacci\u00f3n\" \/>\n\t<meta name=\"twitter:label2\" content=\"Tiempo de lectura\" \/>\n\t<meta name=\"twitter:data2\" content=\"3 minutos\" \/>\n<script type=\"application\/ld+json\" class=\"yoast-schema-graph\">{\"@context\":\"https:\/\/schema.org\",\"@graph\":[{\"@type\":\"Article\",\"@id\":\"https:\/\/nitu.mx\/index.php\/2020\/08\/27\/volaris-y-viva-aerobus-ganan-mercado-con-la-reactivacion-del-mercado-aereo\/#article\",\"isPartOf\":{\"@id\":\"https:\/\/nitu.mx\/index.php\/2020\/08\/27\/volaris-y-viva-aerobus-ganan-mercado-con-la-reactivacion-del-mercado-aereo\/\"},\"author\":{\"name\":\"Redacci\u00f3n\",\"@id\":\"https:\/\/nitu.mx\/#\/schema\/person\/4a28fe9bd65924f7c90623773daf1b0b\"},\"headline\":\"Volaris y Viva Aerobus ganan mercado con la reactivaci\u00f3n del mercado a\u00e9reo\",\"datePublished\":\"2020-08-27T05:40:02+00:00\",\"dateModified\":\"2020-08-27T05:59:18+00:00\",\"mainEntityOfPage\":{\"@id\":\"https:\/\/nitu.mx\/index.php\/2020\/08\/27\/volaris-y-viva-aerobus-ganan-mercado-con-la-reactivacion-del-mercado-aereo\/\"},\"wordCount\":660,\"commentCount\":0,\"publisher\":{\"@id\":\"https:\/\/nitu.mx\/#\/schema\/person\/ae7a53426417292d3dd07b45a33e01bc\"},\"image\":{\"@id\":\"https:\/\/nitu.mx\/index.php\/2020\/08\/27\/volaris-y-viva-aerobus-ganan-mercado-con-la-reactivacion-del-mercado-aereo\/#primaryimage\"},\"thumbnailUrl\":\"https:\/\/nitu.mx\/wp-content\/uploads\/2017\/03\/aerolineas-mexicanas.jpg\",\"keywords\":[\"Interjet\",\"pasajeros\",\"Viva Aerobus\",\"Volaris\"],\"articleSection\":[\"Aerol\u00edneas\",\"M\u00e9xico\"],\"inLanguage\":\"es-MX\",\"potentialAction\":[{\"@type\":\"CommentAction\",\"name\":\"Comment\",\"target\":[\"https:\/\/nitu.mx\/index.php\/2020\/08\/27\/volaris-y-viva-aerobus-ganan-mercado-con-la-reactivacion-del-mercado-aereo\/#respond\"]}]},{\"@type\":\"WebPage\",\"@id\":\"https:\/\/nitu.mx\/index.php\/2020\/08\/27\/volaris-y-viva-aerobus-ganan-mercado-con-la-reactivacion-del-mercado-aereo\/\",\"url\":\"https:\/\/nitu.mx\/index.php\/2020\/08\/27\/volaris-y-viva-aerobus-ganan-mercado-con-la-reactivacion-del-mercado-aereo\/\",\"name\":\"Volaris y Viva Aerobus ganan mercado con la reactivaci\u00f3n del mercado a\u00e9reo - Nitu - Noticias de la Industria Turistica\",\"isPartOf\":{\"@id\":\"https:\/\/nitu.mx\/#website\"},\"primaryImageOfPage\":{\"@id\":\"https:\/\/nitu.mx\/index.php\/2020\/08\/27\/volaris-y-viva-aerobus-ganan-mercado-con-la-reactivacion-del-mercado-aereo\/#primaryimage\"},\"image\":{\"@id\":\"https:\/\/nitu.mx\/index.php\/2020\/08\/27\/volaris-y-viva-aerobus-ganan-mercado-con-la-reactivacion-del-mercado-aereo\/#primaryimage\"},\"thumbnailUrl\":\"https:\/\/nitu.mx\/wp-content\/uploads\/2017\/03\/aerolineas-mexicanas.jpg\",\"datePublished\":\"2020-08-27T05:40:02+00:00\",\"dateModified\":\"2020-08-27T05:59:18+00:00\",\"breadcrumb\":{\"@id\":\"https:\/\/nitu.mx\/index.php\/2020\/08\/27\/volaris-y-viva-aerobus-ganan-mercado-con-la-reactivacion-del-mercado-aereo\/#breadcrumb\"},\"inLanguage\":\"es-MX\",\"potentialAction\":[{\"@type\":\"ReadAction\",\"target\":[\"https:\/\/nitu.mx\/index.php\/2020\/08\/27\/volaris-y-viva-aerobus-ganan-mercado-con-la-reactivacion-del-mercado-aereo\/\"]}]},{\"@type\":\"ImageObject\",\"inLanguage\":\"es-MX\",\"@id\":\"https:\/\/nitu.mx\/index.php\/2020\/08\/27\/volaris-y-viva-aerobus-ganan-mercado-con-la-reactivacion-del-mercado-aereo\/#primaryimage\",\"url\":\"https:\/\/nitu.mx\/wp-content\/uploads\/2017\/03\/aerolineas-mexicanas.jpg\",\"contentUrl\":\"https:\/\/nitu.mx\/wp-content\/uploads\/2017\/03\/aerolineas-mexicanas.jpg\",\"width\":850,\"height\":480,\"caption\":\"aerol\u00edneas mexicanas Profeco\"},{\"@type\":\"BreadcrumbList\",\"@id\":\"https:\/\/nitu.mx\/index.php\/2020\/08\/27\/volaris-y-viva-aerobus-ganan-mercado-con-la-reactivacion-del-mercado-aereo\/#breadcrumb\",\"itemListElement\":[{\"@type\":\"ListItem\",\"position\":1,\"name\":\"Inicio\",\"item\":\"https:\/\/nitu.mx\/\"},{\"@type\":\"ListItem\",\"position\":2,\"name\":\"Volaris y Viva Aerobus ganan mercado con la reactivaci\u00f3n del mercado a\u00e9reo\"}]},{\"@type\":\"WebSite\",\"@id\":\"https:\/\/nitu.mx\/#website\",\"url\":\"https:\/\/nitu.mx\/\",\"name\":\"Nitu - Noticias de la Industria Turistica\",\"description\":\"Noticias de la Industria Turistica\",\"publisher\":{\"@id\":\"https:\/\/nitu.mx\/#\/schema\/person\/ae7a53426417292d3dd07b45a33e01bc\"},\"alternateName\":\"Noticias de la Industria Turistica\",\"potentialAction\":[{\"@type\":\"SearchAction\",\"target\":{\"@type\":\"EntryPoint\",\"urlTemplate\":\"https:\/\/nitu.mx\/?s={search_term_string}\"},\"query-input\":\"required name=search_term_string\"}],\"inLanguage\":\"es-MX\"},{\"@type\":[\"Person\",\"Organization\"],\"@id\":\"https:\/\/nitu.mx\/#\/schema\/person\/ae7a53426417292d3dd07b45a33e01bc\",\"name\":\"Arturo Medina\",\"image\":{\"@type\":\"ImageObject\",\"inLanguage\":\"es-MX\",\"@id\":\"https:\/\/nitu.mx\/#\/schema\/person\/image\/\",\"url\":\"https:\/\/nitu.mx\/wp-content\/uploads\/2024\/04\/4A315622-1904-4D5C-B022-878CDC840E04-90x90-1.jpeg\",\"contentUrl\":\"https:\/\/nitu.mx\/wp-content\/uploads\/2024\/04\/4A315622-1904-4D5C-B022-878CDC840E04-90x90-1.jpeg\",\"width\":90,\"height\":90,\"caption\":\"Arturo Medina\"},\"logo\":{\"@id\":\"https:\/\/nitu.mx\/#\/schema\/person\/image\/\"},\"description\":\"Director NITU.mx, Egresado de la Escuela de Periodismo Carlos Septi\u00e9n Garc\u00eda. Periodista y analista especializado en turismo desde hace 35 a\u00f1os, radicado en Canc\u00fan Q.Roo. arturo@nitu.mx\",\"sameAs\":[\"https:\/\/nitu.mx\",\"https:\/\/www.facebook.com\/NITUmx\/\",\"medinacancun\",\"https:\/\/twitter.com\/@Arturo_Medina_G\"]},{\"@type\":\"Person\",\"@id\":\"https:\/\/nitu.mx\/#\/schema\/person\/4a28fe9bd65924f7c90623773daf1b0b\",\"name\":\"Redacci\u00f3n\",\"image\":{\"@type\":\"ImageObject\",\"inLanguage\":\"es-MX\",\"@id\":\"https:\/\/nitu.mx\/#\/schema\/person\/image\/\",\"url\":\"https:\/\/secure.gravatar.com\/avatar\/5dd011c8ccfc5cd7e4c81e42252aab38?s=96&d=mm&r=g\",\"contentUrl\":\"https:\/\/secure.gravatar.com\/avatar\/5dd011c8ccfc5cd7e4c81e42252aab38?s=96&d=mm&r=g\",\"caption\":\"Redacci\u00f3n\"},\"url\":\"https:\/\/nitu.mx\/index.php\/author\/redaccion\/\"}]}<\/script>\n<!-- \/ Yoast SEO plugin. -->","yoast_head_json":{"title":"Volaris y Viva Aerobus ganan mercado con la reactivaci\u00f3n del mercado a\u00e9reo - Nitu - Noticias de la Industria Turistica","robots":{"index":"index","follow":"follow","max-snippet":"max-snippet:-1","max-image-preview":"max-image-preview:large","max-video-preview":"max-video-preview:-1"},"canonical":"https:\/\/nitu.mx\/index.php\/2020\/08\/27\/volaris-y-viva-aerobus-ganan-mercado-con-la-reactivacion-del-mercado-aereo\/","twitter_card":"summary_large_image","twitter_title":"Volaris y Viva Aerobus ganan mercado con la reactivaci\u00f3n del mercado a\u00e9reo - Nitu - Noticias de la Industria Turistica","twitter_description":"Tras la fuerte ca\u00edda en los niveles de pasajeros a\u00e9reos durante abril y mayo, las aerol\u00edneas han comenzado a reabrir vuelos y aumentar frecuencias en un escenario de paulatina reactivaci\u00f3n, en el que Volaris y Viva Aerobus han aumentado su participaci\u00f3n de mercado tanto en la medici\u00f3n correspondiente a julio, como en el acumulado anual. [&hellip;]","twitter_image":"https:\/\/nitu.mx\/wp-content\/uploads\/2017\/03\/aerolineas-mexicanas.jpg","twitter_creator":"@NITUmx","twitter_site":"@Arturo_Medina_G","twitter_misc":{"Escrito por":"Redacci\u00f3n","Tiempo de lectura":"3 minutos"},"schema":{"@context":"https:\/\/schema.org","@graph":[{"@type":"Article","@id":"https:\/\/nitu.mx\/index.php\/2020\/08\/27\/volaris-y-viva-aerobus-ganan-mercado-con-la-reactivacion-del-mercado-aereo\/#article","isPartOf":{"@id":"https:\/\/nitu.mx\/index.php\/2020\/08\/27\/volaris-y-viva-aerobus-ganan-mercado-con-la-reactivacion-del-mercado-aereo\/"},"author":{"name":"Redacci\u00f3n","@id":"https:\/\/nitu.mx\/#\/schema\/person\/4a28fe9bd65924f7c90623773daf1b0b"},"headline":"Volaris y Viva Aerobus ganan mercado con la reactivaci\u00f3n del mercado a\u00e9reo","datePublished":"2020-08-27T05:40:02+00:00","dateModified":"2020-08-27T05:59:18+00:00","mainEntityOfPage":{"@id":"https:\/\/nitu.mx\/index.php\/2020\/08\/27\/volaris-y-viva-aerobus-ganan-mercado-con-la-reactivacion-del-mercado-aereo\/"},"wordCount":660,"commentCount":0,"publisher":{"@id":"https:\/\/nitu.mx\/#\/schema\/person\/ae7a53426417292d3dd07b45a33e01bc"},"image":{"@id":"https:\/\/nitu.mx\/index.php\/2020\/08\/27\/volaris-y-viva-aerobus-ganan-mercado-con-la-reactivacion-del-mercado-aereo\/#primaryimage"},"thumbnailUrl":"https:\/\/nitu.mx\/wp-content\/uploads\/2017\/03\/aerolineas-mexicanas.jpg","keywords":["Interjet","pasajeros","Viva Aerobus","Volaris"],"articleSection":["Aerol\u00edneas","M\u00e9xico"],"inLanguage":"es-MX","potentialAction":[{"@type":"CommentAction","name":"Comment","target":["https:\/\/nitu.mx\/index.php\/2020\/08\/27\/volaris-y-viva-aerobus-ganan-mercado-con-la-reactivacion-del-mercado-aereo\/#respond"]}]},{"@type":"WebPage","@id":"https:\/\/nitu.mx\/index.php\/2020\/08\/27\/volaris-y-viva-aerobus-ganan-mercado-con-la-reactivacion-del-mercado-aereo\/","url":"https:\/\/nitu.mx\/index.php\/2020\/08\/27\/volaris-y-viva-aerobus-ganan-mercado-con-la-reactivacion-del-mercado-aereo\/","name":"Volaris y Viva Aerobus ganan mercado con la reactivaci\u00f3n del mercado a\u00e9reo - Nitu - Noticias de la Industria Turistica","isPartOf":{"@id":"https:\/\/nitu.mx\/#website"},"primaryImageOfPage":{"@id":"https:\/\/nitu.mx\/index.php\/2020\/08\/27\/volaris-y-viva-aerobus-ganan-mercado-con-la-reactivacion-del-mercado-aereo\/#primaryimage"},"image":{"@id":"https:\/\/nitu.mx\/index.php\/2020\/08\/27\/volaris-y-viva-aerobus-ganan-mercado-con-la-reactivacion-del-mercado-aereo\/#primaryimage"},"thumbnailUrl":"https:\/\/nitu.mx\/wp-content\/uploads\/2017\/03\/aerolineas-mexicanas.jpg","datePublished":"2020-08-27T05:40:02+00:00","dateModified":"2020-08-27T05:59:18+00:00","breadcrumb":{"@id":"https:\/\/nitu.mx\/index.php\/2020\/08\/27\/volaris-y-viva-aerobus-ganan-mercado-con-la-reactivacion-del-mercado-aereo\/#breadcrumb"},"inLanguage":"es-MX","potentialAction":[{"@type":"ReadAction","target":["https:\/\/nitu.mx\/index.php\/2020\/08\/27\/volaris-y-viva-aerobus-ganan-mercado-con-la-reactivacion-del-mercado-aereo\/"]}]},{"@type":"ImageObject","inLanguage":"es-MX","@id":"https:\/\/nitu.mx\/index.php\/2020\/08\/27\/volaris-y-viva-aerobus-ganan-mercado-con-la-reactivacion-del-mercado-aereo\/#primaryimage","url":"https:\/\/nitu.mx\/wp-content\/uploads\/2017\/03\/aerolineas-mexicanas.jpg","contentUrl":"https:\/\/nitu.mx\/wp-content\/uploads\/2017\/03\/aerolineas-mexicanas.jpg","width":850,"height":480,"caption":"aerol\u00edneas mexicanas Profeco"},{"@type":"BreadcrumbList","@id":"https:\/\/nitu.mx\/index.php\/2020\/08\/27\/volaris-y-viva-aerobus-ganan-mercado-con-la-reactivacion-del-mercado-aereo\/#breadcrumb","itemListElement":[{"@type":"ListItem","position":1,"name":"Inicio","item":"https:\/\/nitu.mx\/"},{"@type":"ListItem","position":2,"name":"Volaris y Viva Aerobus ganan mercado con la reactivaci\u00f3n del mercado a\u00e9reo"}]},{"@type":"WebSite","@id":"https:\/\/nitu.mx\/#website","url":"https:\/\/nitu.mx\/","name":"Nitu - Noticias de la Industria Turistica","description":"Noticias de la Industria Turistica","publisher":{"@id":"https:\/\/nitu.mx\/#\/schema\/person\/ae7a53426417292d3dd07b45a33e01bc"},"alternateName":"Noticias de la Industria Turistica","potentialAction":[{"@type":"SearchAction","target":{"@type":"EntryPoint","urlTemplate":"https:\/\/nitu.mx\/?s={search_term_string}"},"query-input":"required name=search_term_string"}],"inLanguage":"es-MX"},{"@type":["Person","Organization"],"@id":"https:\/\/nitu.mx\/#\/schema\/person\/ae7a53426417292d3dd07b45a33e01bc","name":"Arturo Medina","image":{"@type":"ImageObject","inLanguage":"es-MX","@id":"https:\/\/nitu.mx\/#\/schema\/person\/image\/","url":"https:\/\/nitu.mx\/wp-content\/uploads\/2024\/04\/4A315622-1904-4D5C-B022-878CDC840E04-90x90-1.jpeg","contentUrl":"https:\/\/nitu.mx\/wp-content\/uploads\/2024\/04\/4A315622-1904-4D5C-B022-878CDC840E04-90x90-1.jpeg","width":90,"height":90,"caption":"Arturo Medina"},"logo":{"@id":"https:\/\/nitu.mx\/#\/schema\/person\/image\/"},"description":"Director NITU.mx, Egresado de la Escuela de Periodismo Carlos Septi\u00e9n Garc\u00eda. Periodista y analista especializado en turismo desde hace 35 a\u00f1os, radicado en Canc\u00fan Q.Roo. arturo@nitu.mx","sameAs":["https:\/\/nitu.mx","https:\/\/www.facebook.com\/NITUmx\/","medinacancun","https:\/\/twitter.com\/@Arturo_Medina_G"]},{"@type":"Person","@id":"https:\/\/nitu.mx\/#\/schema\/person\/4a28fe9bd65924f7c90623773daf1b0b","name":"Redacci\u00f3n","image":{"@type":"ImageObject","inLanguage":"es-MX","@id":"https:\/\/nitu.mx\/#\/schema\/person\/image\/","url":"https:\/\/secure.gravatar.com\/avatar\/5dd011c8ccfc5cd7e4c81e42252aab38?s=96&d=mm&r=g","contentUrl":"https:\/\/secure.gravatar.com\/avatar\/5dd011c8ccfc5cd7e4c81e42252aab38?s=96&d=mm&r=g","caption":"Redacci\u00f3n"},"url":"https:\/\/nitu.mx\/index.php\/author\/redaccion\/"}]}},"views":333,"_links":{"self":[{"href":"https:\/\/nitu.mx\/index.php\/wp-json\/wp\/v2\/posts\/45717"}],"collection":[{"href":"https:\/\/nitu.mx\/index.php\/wp-json\/wp\/v2\/posts"}],"about":[{"href":"https:\/\/nitu.mx\/index.php\/wp-json\/wp\/v2\/types\/post"}],"author":[{"embeddable":true,"href":"https:\/\/nitu.mx\/index.php\/wp-json\/wp\/v2\/users\/17"}],"replies":[{"embeddable":true,"href":"https:\/\/nitu.mx\/index.php\/wp-json\/wp\/v2\/comments?post=45717"}],"version-history":[{"count":2,"href":"https:\/\/nitu.mx\/index.php\/wp-json\/wp\/v2\/posts\/45717\/revisions"}],"predecessor-version":[{"id":45735,"href":"https:\/\/nitu.mx\/index.php\/wp-json\/wp\/v2\/posts\/45717\/revisions\/45735"}],"wp:featuredmedia":[{"embeddable":true,"href":"https:\/\/nitu.mx\/index.php\/wp-json\/wp\/v2\/media\/7756"}],"wp:attachment":[{"href":"https:\/\/nitu.mx\/index.php\/wp-json\/wp\/v2\/media?parent=45717"}],"wp:term":[{"taxonomy":"category","embeddable":true,"href":"https:\/\/nitu.mx\/index.php\/wp-json\/wp\/v2\/categories?post=45717"},{"taxonomy":"post_tag","embeddable":true,"href":"https:\/\/nitu.mx\/index.php\/wp-json\/wp\/v2\/tags?post=45717"}],"curies":[{"name":"wp","href":"https:\/\/api.w.org\/{rel}","templated":true}]}}