{"id":45703,"date":"2020-08-26T16:07:20","date_gmt":"2020-08-26T21:07:20","guid":{"rendered":"https:\/\/www.dev.nitu.mx\/?p=45703"},"modified":"2020-08-27T00:58:28","modified_gmt":"2020-08-27T05:58:28","slug":"la-metro-reclama-a-torruco-preferencia-para-amav-en-visitmexico","status":"publish","type":"post","link":"https:\/\/nitu.mx\/index.php\/2020\/08\/26\/la-metro-reclama-a-torruco-preferencia-para-amav-en-visitmexico\/","title":{"rendered":"La Metro reclama a Torruco preferencia para AMAV en VisitMexico"},"content":{"rendered":"\n<p>El presidente de la Asociaci\u00f3n Metropolitana de Agencias de Viajes (La Metro) Benjam\u00edn Izquierdo, lament\u00f3 que para la incorporaci\u00f3n de prestadores de servicio al nuevo portal de VisitMexico, se haya privilegiado a los socios de la Asociaci\u00f3n Mexicana de Agencias de Viajes (AMAV).<\/p>\n\n\n\n<p>En la 8\u00aa Asamblea de Promoci\u00f3n, el presidente de La Metro, acus\u00f3 que el organismo encabezado por Eduardo Paniagua, \u201cno representa a todas las agencias de viajes del pa\u00eds y mucho menos a las m\u00e1s importantes\u201d.<\/p>\n\n\n\n<p>Benjam\u00edn Izquierdo considera que el secretario de Turismo, Miguel Torruco, est\u00e1 mal informado sobre esta situaci\u00f3n. \u201cEl que es experto en n\u00fameros deber\u00eda de voltear a ver a la Metropolitana para saber lo que nosotros representamos\u201d, declar\u00f3 en el encuentro virtual.<\/p>\n\n\n\n<p>Como informamos en <strong><em>NITU.mx<\/em><\/strong>, AMAV respald\u00f3 el trabajo hecho en la nueva p\u00e1gina de VisitMexico, en donde hay un espacio para que las agencias de viajes de esta asociaci\u00f3n promuevan sus servicios. (<a href=\"https:\/\/www.dev.nitu.mx\/index.php\/2020\/08\/23\/amav-avala-nueva-pagina-de-visitmexico-y-trabajo-de-promocion\/\">AMAV avala nueva p\u00e1gina de VisitMexico y trabajo de promoci\u00f3n<\/a>)<\/p>\n\n\n\n<p>Aunque Torruco aclar\u00f3 que buscar\u00e1 que se integren m\u00e1s asociaciones y agencias, Carlos Gonz\u00e1lez, director general de VisitMexico, se refiri\u00f3 a AMAV como un aliado fiel de este proyecto, lo que no fue del agrado de otros organismos del sector.<\/p>\n\n\n\n<p>\u201cYo invito al secretario Torruco y a los directores a que se acerquen a la c\u00fapula y a la asociaci\u00f3n en donde participamos las empresas m\u00e1s importantes de viajes de este pa\u00eds\u201d, enfatiz\u00f3 Izquierdo, al referirse a la alianza que integraron con GMA y otras importantes asociaciones tur\u00edsticas.<\/p>\n\n\n\n<p>\u201cCreo que ha sido una costumbre que se tome a AMAV que curiosamente no particip\u00f3 en este grupo de GMA en donde ahora somos 14 asociaciones haciendo frente. Esperamos y deseamos que este portal s\u00ed funcione para la reactivaci\u00f3n del turismo y que realmente Sectur tome en cuenta a los verdaderos agentes de viajes\u201d, agreg\u00f3 el presidente de La Metro. <a href=\"https:\/\/www.dev.nitu.mx\/index.php\/2020\/08\/25\/con-un-ano-de-retraso-llega-la-renovada-plataforma-visitmexico\/\">(Con un a\u00f1o de retraso y en medio de la controversia, presentan la nueva \u201cVisitMexico\u201d<\/a>)<\/p>\n\n\n\n<p>Justamente en esta Asamblea de Promoci\u00f3n, Roberto Trauwitz, presidente del GMA, destac\u00f3 la importancia de la unidad de la industria tur\u00edstica para su recuperaci\u00f3n, a trav\u00e9s de la campa\u00f1a \u201cCompra con tu agente de viajes, tu asesor experto\u201d.<\/p>\n\n\n\n<p>Trauwitz reiter\u00f3 que las agencias de viajes son la puerta de entrada al sector tur\u00edstico, y a esta campa\u00f1a ya se han sumado aerol\u00edneas, hoteles, entre otras empresas. A\u00f1adi\u00f3 que GMA cuenta con el Sello de Viajes Seguros de la WTTC.<\/p>\n\n\n\n<p>La reuni\u00f3n virtual tambi\u00e9n cont\u00f3 con la participaci\u00f3n de Gerardo Sosa, gerente de Ventas Corporate de LATAM Airlines, y Travelport, quienes presentaron a los asistentes sus novedades para encarar la nueva realidad.<\/p>\n\n\n\n<p>La aerol\u00ednea reiniciar\u00e1 la ruta M\u00e9xico-Sao Paulo a partir del 4 de octubre con su operaci\u00f3n regular de tres vuelos semanales. En tanto, la empresa de tecnolog\u00eda ha realizado una serie de webinars para impulsar a las agencias en este proceso de reactivaci\u00f3n y recuperaci\u00f3n tur\u00edstica.<\/p>\n\n\n\n<p>Isaac Brown, director del Comit\u00e9 de la Presea Metropolitana, invit\u00f3 a los socios de la asociaci\u00f3n a votar por sus candidatos para obtener este reconocimiento para el 2020.<\/p>\n","protected":false},"excerpt":{"rendered":"<p>El presidente de la Asociaci\u00f3n Metropolitana de Agencias de Viajes (La Metro) Benjam\u00edn Izquierdo, lament\u00f3 que para la incorporaci\u00f3n de prestadores de servicio al nuevo portal de VisitMexico, se haya privilegiado a los socios de la Asociaci\u00f3n Mexicana de Agencias de Viajes (AMAV). En la 8\u00aa Asamblea de Promoci\u00f3n, el presidente de La Metro, acus\u00f3 [&hellip;]<\/p>\n","protected":false},"author":18,"featured_media":45731,"comment_status":"open","ping_status":"open","sticky":false,"template":"","format":"standard","meta":{"footnotes":""},"categories":[3],"tags":[849,3228,3651,18563,910,93,17143],"yoast_head":"<!-- This site is optimized with the Yoast SEO plugin v22.2 - https:\/\/yoast.com\/wordpress\/plugins\/seo\/ -->\n<title>La Metro reclama a Torruco preferencia para AMAV en VisitMexico - Nitu - Noticias de la Industria Turistica<\/title>\n<meta name=\"robots\" content=\"index, follow, max-snippet:-1, max-image-preview:large, max-video-preview:-1\" \/>\n<link rel=\"canonical\" href=\"https:\/\/nitu.mx\/index.php\/2020\/08\/26\/la-metro-reclama-a-torruco-preferencia-para-amav-en-visitmexico\/\" \/>\n<meta name=\"twitter:card\" content=\"summary_large_image\" \/>\n<meta name=\"twitter:title\" content=\"La Metro reclama a Torruco preferencia para AMAV en VisitMexico - Nitu - Noticias de la Industria Turistica\" \/>\n<meta name=\"twitter:description\" content=\"El presidente de la Asociaci\u00f3n Metropolitana de Agencias de Viajes (La Metro) Benjam\u00edn Izquierdo, lament\u00f3 que para la incorporaci\u00f3n de prestadores de servicio al nuevo portal de VisitMexico, se haya privilegiado a los socios de la Asociaci\u00f3n Mexicana de Agencias de Viajes (AMAV). En la 8\u00aa Asamblea de Promoci\u00f3n, el presidente de La Metro, acus\u00f3 [&hellip;]\" \/>\n<meta name=\"twitter:image\" content=\"https:\/\/nitu.mx\/wp-content\/uploads\/2020\/08\/Benjami\u0301n-Izquierdo-La-Metro.jpg\" \/>\n<meta name=\"twitter:creator\" content=\"@NITUmx\" \/>\n<meta name=\"twitter:site\" content=\"@Arturo_Medina_G\" \/>\n<meta name=\"twitter:label1\" content=\"Escrito por\" \/>\n\t<meta name=\"twitter:data1\" content=\"Guadalupe Sixto\" \/>\n\t<meta name=\"twitter:label2\" content=\"Tiempo de lectura\" \/>\n\t<meta name=\"twitter:data2\" content=\"3 minutos\" \/>\n<script type=\"application\/ld+json\" class=\"yoast-schema-graph\">{\"@context\":\"https:\/\/schema.org\",\"@graph\":[{\"@type\":\"Article\",\"@id\":\"https:\/\/nitu.mx\/index.php\/2020\/08\/26\/la-metro-reclama-a-torruco-preferencia-para-amav-en-visitmexico\/#article\",\"isPartOf\":{\"@id\":\"https:\/\/nitu.mx\/index.php\/2020\/08\/26\/la-metro-reclama-a-torruco-preferencia-para-amav-en-visitmexico\/\"},\"author\":{\"name\":\"Guadalupe Sixto\",\"@id\":\"https:\/\/nitu.mx\/#\/schema\/person\/3df3082b5e46037e3f13614d28ee0b77\"},\"headline\":\"La Metro reclama a Torruco preferencia para AMAV en VisitMexico\",\"datePublished\":\"2020-08-26T21:07:20+00:00\",\"dateModified\":\"2020-08-27T05:58:28+00:00\",\"mainEntityOfPage\":{\"@id\":\"https:\/\/nitu.mx\/index.php\/2020\/08\/26\/la-metro-reclama-a-torruco-preferencia-para-amav-en-visitmexico\/\"},\"wordCount\":561,\"commentCount\":0,\"publisher\":{\"@id\":\"https:\/\/nitu.mx\/#\/schema\/person\/ae7a53426417292d3dd07b45a33e01bc\"},\"image\":{\"@id\":\"https:\/\/nitu.mx\/index.php\/2020\/08\/26\/la-metro-reclama-a-torruco-preferencia-para-amav-en-visitmexico\/#primaryimage\"},\"thumbnailUrl\":\"https:\/\/nitu.mx\/wp-content\/uploads\/2020\/08\/Benjami\u0301n-Izquierdo-La-Metro.jpg\",\"keywords\":[\"AMAV\",\"Benjam\u00edn Izquierdo\",\"GMA\",\"La Metro\",\"Miguel Torruco\",\"Sectur\",\"VisitMexico\"],\"articleSection\":[\"Agencias de Viajes\"],\"inLanguage\":\"es-MX\",\"potentialAction\":[{\"@type\":\"CommentAction\",\"name\":\"Comment\",\"target\":[\"https:\/\/nitu.mx\/index.php\/2020\/08\/26\/la-metro-reclama-a-torruco-preferencia-para-amav-en-visitmexico\/#respond\"]}]},{\"@type\":\"WebPage\",\"@id\":\"https:\/\/nitu.mx\/index.php\/2020\/08\/26\/la-metro-reclama-a-torruco-preferencia-para-amav-en-visitmexico\/\",\"url\":\"https:\/\/nitu.mx\/index.php\/2020\/08\/26\/la-metro-reclama-a-torruco-preferencia-para-amav-en-visitmexico\/\",\"name\":\"La Metro reclama a Torruco preferencia para AMAV en VisitMexico - Nitu - Noticias de la Industria Turistica\",\"isPartOf\":{\"@id\":\"https:\/\/nitu.mx\/#website\"},\"primaryImageOfPage\":{\"@id\":\"https:\/\/nitu.mx\/index.php\/2020\/08\/26\/la-metro-reclama-a-torruco-preferencia-para-amav-en-visitmexico\/#primaryimage\"},\"image\":{\"@id\":\"https:\/\/nitu.mx\/index.php\/2020\/08\/26\/la-metro-reclama-a-torruco-preferencia-para-amav-en-visitmexico\/#primaryimage\"},\"thumbnailUrl\":\"https:\/\/nitu.mx\/wp-content\/uploads\/2020\/08\/Benjami\u0301n-Izquierdo-La-Metro.jpg\",\"datePublished\":\"2020-08-26T21:07:20+00:00\",\"dateModified\":\"2020-08-27T05:58:28+00:00\",\"breadcrumb\":{\"@id\":\"https:\/\/nitu.mx\/index.php\/2020\/08\/26\/la-metro-reclama-a-torruco-preferencia-para-amav-en-visitmexico\/#breadcrumb\"},\"inLanguage\":\"es-MX\",\"potentialAction\":[{\"@type\":\"ReadAction\",\"target\":[\"https:\/\/nitu.mx\/index.php\/2020\/08\/26\/la-metro-reclama-a-torruco-preferencia-para-amav-en-visitmexico\/\"]}]},{\"@type\":\"ImageObject\",\"inLanguage\":\"es-MX\",\"@id\":\"https:\/\/nitu.mx\/index.php\/2020\/08\/26\/la-metro-reclama-a-torruco-preferencia-para-amav-en-visitmexico\/#primaryimage\",\"url\":\"https:\/\/nitu.mx\/wp-content\/uploads\/2020\/08\/Benjami\u0301n-Izquierdo-La-Metro.jpg\",\"contentUrl\":\"https:\/\/nitu.mx\/wp-content\/uploads\/2020\/08\/Benjami\u0301n-Izquierdo-La-Metro.jpg\",\"width\":1200,\"height\":675},{\"@type\":\"BreadcrumbList\",\"@id\":\"https:\/\/nitu.mx\/index.php\/2020\/08\/26\/la-metro-reclama-a-torruco-preferencia-para-amav-en-visitmexico\/#breadcrumb\",\"itemListElement\":[{\"@type\":\"ListItem\",\"position\":1,\"name\":\"Inicio\",\"item\":\"https:\/\/nitu.mx\/\"},{\"@type\":\"ListItem\",\"position\":2,\"name\":\"La Metro reclama a Torruco preferencia para AMAV en VisitMexico\"}]},{\"@type\":\"WebSite\",\"@id\":\"https:\/\/nitu.mx\/#website\",\"url\":\"https:\/\/nitu.mx\/\",\"name\":\"Nitu - Noticias de la Industria Turistica\",\"description\":\"Noticias de la Industria Turistica\",\"publisher\":{\"@id\":\"https:\/\/nitu.mx\/#\/schema\/person\/ae7a53426417292d3dd07b45a33e01bc\"},\"alternateName\":\"Noticias de la Industria Turistica\",\"potentialAction\":[{\"@type\":\"SearchAction\",\"target\":{\"@type\":\"EntryPoint\",\"urlTemplate\":\"https:\/\/nitu.mx\/?s={search_term_string}\"},\"query-input\":\"required name=search_term_string\"}],\"inLanguage\":\"es-MX\"},{\"@type\":[\"Person\",\"Organization\"],\"@id\":\"https:\/\/nitu.mx\/#\/schema\/person\/ae7a53426417292d3dd07b45a33e01bc\",\"name\":\"Arturo Medina\",\"image\":{\"@type\":\"ImageObject\",\"inLanguage\":\"es-MX\",\"@id\":\"https:\/\/nitu.mx\/#\/schema\/person\/image\/\",\"url\":\"https:\/\/nitu.mx\/wp-content\/uploads\/2024\/04\/4A315622-1904-4D5C-B022-878CDC840E04-90x90-1.jpeg\",\"contentUrl\":\"https:\/\/nitu.mx\/wp-content\/uploads\/2024\/04\/4A315622-1904-4D5C-B022-878CDC840E04-90x90-1.jpeg\",\"width\":90,\"height\":90,\"caption\":\"Arturo Medina\"},\"logo\":{\"@id\":\"https:\/\/nitu.mx\/#\/schema\/person\/image\/\"},\"description\":\"Director NITU.mx, Egresado de la Escuela de Periodismo Carlos Septi\u00e9n Garc\u00eda. Periodista y analista especializado en turismo desde hace 35 a\u00f1os, radicado en Canc\u00fan Q.Roo. arturo@nitu.mx\",\"sameAs\":[\"https:\/\/nitu.mx\",\"https:\/\/www.facebook.com\/NITUmx\/\",\"medinacancun\",\"https:\/\/twitter.com\/@Arturo_Medina_G\"]},{\"@type\":\"Person\",\"@id\":\"https:\/\/nitu.mx\/#\/schema\/person\/3df3082b5e46037e3f13614d28ee0b77\",\"name\":\"Guadalupe Sixto\",\"image\":{\"@type\":\"ImageObject\",\"inLanguage\":\"es-MX\",\"@id\":\"https:\/\/nitu.mx\/#\/schema\/person\/image\/\",\"url\":\"https:\/\/secure.gravatar.com\/avatar\/13914e1b0e1919e91f9539de4dc584c4?s=96&d=mm&r=g\",\"contentUrl\":\"https:\/\/secure.gravatar.com\/avatar\/13914e1b0e1919e91f9539de4dc584c4?s=96&d=mm&r=g\",\"caption\":\"Guadalupe Sixto\"},\"url\":\"https:\/\/nitu.mx\/index.php\/author\/gsixto\/\"}]}<\/script>\n<!-- \/ Yoast SEO plugin. -->","yoast_head_json":{"title":"La Metro reclama a Torruco preferencia para AMAV en VisitMexico - Nitu - Noticias de la Industria Turistica","robots":{"index":"index","follow":"follow","max-snippet":"max-snippet:-1","max-image-preview":"max-image-preview:large","max-video-preview":"max-video-preview:-1"},"canonical":"https:\/\/nitu.mx\/index.php\/2020\/08\/26\/la-metro-reclama-a-torruco-preferencia-para-amav-en-visitmexico\/","twitter_card":"summary_large_image","twitter_title":"La Metro reclama a Torruco preferencia para AMAV en VisitMexico - Nitu - Noticias de la Industria Turistica","twitter_description":"El presidente de la Asociaci\u00f3n Metropolitana de Agencias de Viajes (La Metro) Benjam\u00edn Izquierdo, lament\u00f3 que para la incorporaci\u00f3n de prestadores de servicio al nuevo portal de VisitMexico, se haya privilegiado a los socios de la Asociaci\u00f3n Mexicana de Agencias de Viajes (AMAV). En la 8\u00aa Asamblea de Promoci\u00f3n, el presidente de La Metro, acus\u00f3 [&hellip;]","twitter_image":"https:\/\/nitu.mx\/wp-content\/uploads\/2020\/08\/Benjami\u0301n-Izquierdo-La-Metro.jpg","twitter_creator":"@NITUmx","twitter_site":"@Arturo_Medina_G","twitter_misc":{"Escrito por":"Guadalupe Sixto","Tiempo de lectura":"3 minutos"},"schema":{"@context":"https:\/\/schema.org","@graph":[{"@type":"Article","@id":"https:\/\/nitu.mx\/index.php\/2020\/08\/26\/la-metro-reclama-a-torruco-preferencia-para-amav-en-visitmexico\/#article","isPartOf":{"@id":"https:\/\/nitu.mx\/index.php\/2020\/08\/26\/la-metro-reclama-a-torruco-preferencia-para-amav-en-visitmexico\/"},"author":{"name":"Guadalupe Sixto","@id":"https:\/\/nitu.mx\/#\/schema\/person\/3df3082b5e46037e3f13614d28ee0b77"},"headline":"La Metro reclama a Torruco preferencia para AMAV en VisitMexico","datePublished":"2020-08-26T21:07:20+00:00","dateModified":"2020-08-27T05:58:28+00:00","mainEntityOfPage":{"@id":"https:\/\/nitu.mx\/index.php\/2020\/08\/26\/la-metro-reclama-a-torruco-preferencia-para-amav-en-visitmexico\/"},"wordCount":561,"commentCount":0,"publisher":{"@id":"https:\/\/nitu.mx\/#\/schema\/person\/ae7a53426417292d3dd07b45a33e01bc"},"image":{"@id":"https:\/\/nitu.mx\/index.php\/2020\/08\/26\/la-metro-reclama-a-torruco-preferencia-para-amav-en-visitmexico\/#primaryimage"},"thumbnailUrl":"https:\/\/nitu.mx\/wp-content\/uploads\/2020\/08\/Benjami\u0301n-Izquierdo-La-Metro.jpg","keywords":["AMAV","Benjam\u00edn Izquierdo","GMA","La Metro","Miguel Torruco","Sectur","VisitMexico"],"articleSection":["Agencias de Viajes"],"inLanguage":"es-MX","potentialAction":[{"@type":"CommentAction","name":"Comment","target":["https:\/\/nitu.mx\/index.php\/2020\/08\/26\/la-metro-reclama-a-torruco-preferencia-para-amav-en-visitmexico\/#respond"]}]},{"@type":"WebPage","@id":"https:\/\/nitu.mx\/index.php\/2020\/08\/26\/la-metro-reclama-a-torruco-preferencia-para-amav-en-visitmexico\/","url":"https:\/\/nitu.mx\/index.php\/2020\/08\/26\/la-metro-reclama-a-torruco-preferencia-para-amav-en-visitmexico\/","name":"La Metro reclama a Torruco preferencia para AMAV en VisitMexico - Nitu - Noticias de la Industria Turistica","isPartOf":{"@id":"https:\/\/nitu.mx\/#website"},"primaryImageOfPage":{"@id":"https:\/\/nitu.mx\/index.php\/2020\/08\/26\/la-metro-reclama-a-torruco-preferencia-para-amav-en-visitmexico\/#primaryimage"},"image":{"@id":"https:\/\/nitu.mx\/index.php\/2020\/08\/26\/la-metro-reclama-a-torruco-preferencia-para-amav-en-visitmexico\/#primaryimage"},"thumbnailUrl":"https:\/\/nitu.mx\/wp-content\/uploads\/2020\/08\/Benjami\u0301n-Izquierdo-La-Metro.jpg","datePublished":"2020-08-26T21:07:20+00:00","dateModified":"2020-08-27T05:58:28+00:00","breadcrumb":{"@id":"https:\/\/nitu.mx\/index.php\/2020\/08\/26\/la-metro-reclama-a-torruco-preferencia-para-amav-en-visitmexico\/#breadcrumb"},"inLanguage":"es-MX","potentialAction":[{"@type":"ReadAction","target":["https:\/\/nitu.mx\/index.php\/2020\/08\/26\/la-metro-reclama-a-torruco-preferencia-para-amav-en-visitmexico\/"]}]},{"@type":"ImageObject","inLanguage":"es-MX","@id":"https:\/\/nitu.mx\/index.php\/2020\/08\/26\/la-metro-reclama-a-torruco-preferencia-para-amav-en-visitmexico\/#primaryimage","url":"https:\/\/nitu.mx\/wp-content\/uploads\/2020\/08\/Benjami\u0301n-Izquierdo-La-Metro.jpg","contentUrl":"https:\/\/nitu.mx\/wp-content\/uploads\/2020\/08\/Benjami\u0301n-Izquierdo-La-Metro.jpg","width":1200,"height":675},{"@type":"BreadcrumbList","@id":"https:\/\/nitu.mx\/index.php\/2020\/08\/26\/la-metro-reclama-a-torruco-preferencia-para-amav-en-visitmexico\/#breadcrumb","itemListElement":[{"@type":"ListItem","position":1,"name":"Inicio","item":"https:\/\/nitu.mx\/"},{"@type":"ListItem","position":2,"name":"La Metro reclama a Torruco preferencia para AMAV en VisitMexico"}]},{"@type":"WebSite","@id":"https:\/\/nitu.mx\/#website","url":"https:\/\/nitu.mx\/","name":"Nitu - Noticias de la Industria Turistica","description":"Noticias de la Industria Turistica","publisher":{"@id":"https:\/\/nitu.mx\/#\/schema\/person\/ae7a53426417292d3dd07b45a33e01bc"},"alternateName":"Noticias de la Industria Turistica","potentialAction":[{"@type":"SearchAction","target":{"@type":"EntryPoint","urlTemplate":"https:\/\/nitu.mx\/?s={search_term_string}"},"query-input":"required name=search_term_string"}],"inLanguage":"es-MX"},{"@type":["Person","Organization"],"@id":"https:\/\/nitu.mx\/#\/schema\/person\/ae7a53426417292d3dd07b45a33e01bc","name":"Arturo Medina","image":{"@type":"ImageObject","inLanguage":"es-MX","@id":"https:\/\/nitu.mx\/#\/schema\/person\/image\/","url":"https:\/\/nitu.mx\/wp-content\/uploads\/2024\/04\/4A315622-1904-4D5C-B022-878CDC840E04-90x90-1.jpeg","contentUrl":"https:\/\/nitu.mx\/wp-content\/uploads\/2024\/04\/4A315622-1904-4D5C-B022-878CDC840E04-90x90-1.jpeg","width":90,"height":90,"caption":"Arturo Medina"},"logo":{"@id":"https:\/\/nitu.mx\/#\/schema\/person\/image\/"},"description":"Director NITU.mx, Egresado de la Escuela de Periodismo Carlos Septi\u00e9n Garc\u00eda. Periodista y analista especializado en turismo desde hace 35 a\u00f1os, radicado en Canc\u00fan Q.Roo. arturo@nitu.mx","sameAs":["https:\/\/nitu.mx","https:\/\/www.facebook.com\/NITUmx\/","medinacancun","https:\/\/twitter.com\/@Arturo_Medina_G"]},{"@type":"Person","@id":"https:\/\/nitu.mx\/#\/schema\/person\/3df3082b5e46037e3f13614d28ee0b77","name":"Guadalupe Sixto","image":{"@type":"ImageObject","inLanguage":"es-MX","@id":"https:\/\/nitu.mx\/#\/schema\/person\/image\/","url":"https:\/\/secure.gravatar.com\/avatar\/13914e1b0e1919e91f9539de4dc584c4?s=96&d=mm&r=g","contentUrl":"https:\/\/secure.gravatar.com\/avatar\/13914e1b0e1919e91f9539de4dc584c4?s=96&d=mm&r=g","caption":"Guadalupe Sixto"},"url":"https:\/\/nitu.mx\/index.php\/author\/gsixto\/"}]}},"views":510,"_links":{"self":[{"href":"https:\/\/nitu.mx\/index.php\/wp-json\/wp\/v2\/posts\/45703"}],"collection":[{"href":"https:\/\/nitu.mx\/index.php\/wp-json\/wp\/v2\/posts"}],"about":[{"href":"https:\/\/nitu.mx\/index.php\/wp-json\/wp\/v2\/types\/post"}],"author":[{"embeddable":true,"href":"https:\/\/nitu.mx\/index.php\/wp-json\/wp\/v2\/users\/18"}],"replies":[{"embeddable":true,"href":"https:\/\/nitu.mx\/index.php\/wp-json\/wp\/v2\/comments?post=45703"}],"version-history":[{"count":3,"href":"https:\/\/nitu.mx\/index.php\/wp-json\/wp\/v2\/posts\/45703\/revisions"}],"predecessor-version":[{"id":45710,"href":"https:\/\/nitu.mx\/index.php\/wp-json\/wp\/v2\/posts\/45703\/revisions\/45710"}],"wp:featuredmedia":[{"embeddable":true,"href":"https:\/\/nitu.mx\/index.php\/wp-json\/wp\/v2\/media\/45731"}],"wp:attachment":[{"href":"https:\/\/nitu.mx\/index.php\/wp-json\/wp\/v2\/media?parent=45703"}],"wp:term":[{"taxonomy":"category","embeddable":true,"href":"https:\/\/nitu.mx\/index.php\/wp-json\/wp\/v2\/categories?post=45703"},{"taxonomy":"post_tag","embeddable":true,"href":"https:\/\/nitu.mx\/index.php\/wp-json\/wp\/v2\/tags?post=45703"}],"curies":[{"name":"wp","href":"https:\/\/api.w.org\/{rel}","templated":true}]}}