{"id":45636,"date":"2020-08-25T00:46:26","date_gmt":"2020-08-25T05:46:26","guid":{"rendered":"https:\/\/www.dev.nitu.mx\/?p=45636"},"modified":"2020-08-25T00:48:13","modified_gmt":"2020-08-25T05:48:13","slug":"iberostar-planea-el-despegue-de-su-aerolinea-para-marzo-o-abril-de-2021","status":"publish","type":"post","link":"https:\/\/nitu.mx\/index.php\/2020\/08\/25\/iberostar-planea-el-despegue-de-su-aerolinea-para-marzo-o-abril-de-2021\/","title":{"rendered":"Iberostar planea el despegue de su aerol\u00ednea para marzo o abril de 2021"},"content":{"rendered":"\n<p>El estreno de World 2 Fly, la aerol\u00ednea de Grupo Iberostar, podr\u00eda llegar en 2021, cuando la compa\u00f1\u00eda espera comenzar a operar en Canc\u00fan (M\u00e9xico), Cuba y Punta Cana (Rep\u00fablica Dominicana). As\u00ed lo adelant\u00f3 Gabriel Sub\u00edas, CEO de World2Meet (W2M), banco de camas y receptivo de la compa\u00f1\u00eda, en una entrevista concedida a Diario de Mallorca.<\/p>\n\n\n\n<p>Lo cierto es que la pandemia trunc\u00f3 los planes del grupo de irrumpir en el mercado de la touroperaci\u00f3n con aerol\u00ednea propia, proyecto que espera despegar en 2021. A este respecto, Sub\u00edas se\u00f1al\u00f3 que el grupo podr\u00eda obtener la licencia de operaci\u00f3n el pr\u00f3ximo febrero o marzo, lo que le permitir\u00eda comenzar a volar en marzo o abril. <\/p>\n\n\n\n<p>\u201cNos gustar\u00eda hacer Caribe. Rep\u00fablica Dominicana, M\u00e9xico y Cuba. La puesta en marcha de World 2 Fly va viento en popa pues ya tienen un avi\u00f3n contratado, un A350 nuevo y est\u00e1n a la espera de firmar el segundo\u201d, confes\u00f3 el CEO.<\/p>\n\n\n\n<p><strong>El proyecto<\/strong><\/p>\n\n\n\n<p>El grupo registr\u00f3 una nueva sociedad en septiembre de 2019, denominada World 2 Fly S.L, que se cre\u00f3 con la \u201cidea de poner en marcha inicialmente un avi\u00f3n con el que iniciar operaciones de distribuci\u00f3n e intermediaci\u00f3n\u201d, confesaron fuentes de Iberostar el pasado mayo. La nueva sociedad tiene como socio \u00fanico a World 2 Meet.<\/p>\n\n\n\n<p>Cabe destacar que el grupo est\u00e1 conformado por la cadena Iberostar Hotels &amp; Resorts, con una cartera de 120 establecimientos en todo el mundo, y por la divisi\u00f3n World 2 Meet, que engloba las siguientes marcas: &nbsp;&nbsp;<\/p>\n\n\n\n<p>Precisamente, los planes de la compa\u00f1\u00eda pasan por a\u00f1adir una divisi\u00f3n independiente a World 2 Meet: un touroperador que comercialice paquetes vacacionales (vuelos + hotel y otros servicios adicionales), con flota de aviones propia, que ofertar\u00eda sus hoteles e impulsar\u00eda un canal de ventas propio. (Con informaci\u00f3n de Tourinews).<\/p>\n","protected":false},"excerpt":{"rendered":"<p>El estreno de World 2 Fly, la aerol\u00ednea de Grupo Iberostar, podr\u00eda llegar en 2021, cuando la compa\u00f1\u00eda espera comenzar a operar en Canc\u00fan (M\u00e9xico), Cuba y Punta Cana (Rep\u00fablica Dominicana). As\u00ed lo adelant\u00f3 Gabriel Sub\u00edas, CEO de World2Meet (W2M), banco de camas y receptivo de la compa\u00f1\u00eda, en una entrevista concedida a Diario de [&hellip;]<\/p>\n","protected":false},"author":17,"featured_media":45650,"comment_status":"open","ping_status":"open","sticky":false,"template":"","format":"standard","meta":{"footnotes":""},"categories":[29,9],"tags":[3735,20414,1227,20415],"yoast_head":"<!-- This site is optimized with the Yoast SEO plugin v22.2 - https:\/\/yoast.com\/wordpress\/plugins\/seo\/ -->\n<title>Iberostar planea el despegue de su aerol\u00ednea para marzo o abril de 2021 - Nitu - Noticias de la Industria Turistica<\/title>\n<meta name=\"robots\" content=\"index, follow, max-snippet:-1, max-image-preview:large, max-video-preview:-1\" \/>\n<link rel=\"canonical\" href=\"https:\/\/nitu.mx\/index.php\/2020\/08\/25\/iberostar-planea-el-despegue-de-su-aerolinea-para-marzo-o-abril-de-2021\/\" \/>\n<meta name=\"twitter:card\" content=\"summary_large_image\" \/>\n<meta name=\"twitter:title\" content=\"Iberostar planea el despegue de su aerol\u00ednea para marzo o abril de 2021 - Nitu - Noticias de la Industria Turistica\" \/>\n<meta name=\"twitter:description\" content=\"El estreno de World 2 Fly, la aerol\u00ednea de Grupo Iberostar, podr\u00eda llegar en 2021, cuando la compa\u00f1\u00eda espera comenzar a operar en Canc\u00fan (M\u00e9xico), Cuba y Punta Cana (Rep\u00fablica Dominicana). As\u00ed lo adelant\u00f3 Gabriel Sub\u00edas, CEO de World2Meet (W2M), banco de camas y receptivo de la compa\u00f1\u00eda, en una entrevista concedida a Diario de [&hellip;]\" \/>\n<meta name=\"twitter:image\" content=\"https:\/\/nitu.mx\/wp-content\/uploads\/2020\/08\/Iberostar-World2fly.jpg\" \/>\n<meta name=\"twitter:creator\" content=\"@NITUmx\" \/>\n<meta name=\"twitter:site\" content=\"@Arturo_Medina_G\" \/>\n<meta name=\"twitter:label1\" content=\"Escrito por\" \/>\n\t<meta name=\"twitter:data1\" content=\"Redacci\u00f3n\" \/>\n\t<meta name=\"twitter:label2\" content=\"Tiempo de lectura\" \/>\n\t<meta name=\"twitter:data2\" content=\"2 minutos\" \/>\n<script type=\"application\/ld+json\" class=\"yoast-schema-graph\">{\"@context\":\"https:\/\/schema.org\",\"@graph\":[{\"@type\":\"Article\",\"@id\":\"https:\/\/nitu.mx\/index.php\/2020\/08\/25\/iberostar-planea-el-despegue-de-su-aerolinea-para-marzo-o-abril-de-2021\/#article\",\"isPartOf\":{\"@id\":\"https:\/\/nitu.mx\/index.php\/2020\/08\/25\/iberostar-planea-el-despegue-de-su-aerolinea-para-marzo-o-abril-de-2021\/\"},\"author\":{\"name\":\"Redacci\u00f3n\",\"@id\":\"https:\/\/nitu.mx\/#\/schema\/person\/4a28fe9bd65924f7c90623773daf1b0b\"},\"headline\":\"Iberostar planea el despegue de su aerol\u00ednea para marzo o abril de 2021\",\"datePublished\":\"2020-08-25T05:46:26+00:00\",\"dateModified\":\"2020-08-25T05:48:13+00:00\",\"mainEntityOfPage\":{\"@id\":\"https:\/\/nitu.mx\/index.php\/2020\/08\/25\/iberostar-planea-el-despegue-de-su-aerolinea-para-marzo-o-abril-de-2021\/\"},\"wordCount\":336,\"commentCount\":0,\"publisher\":{\"@id\":\"https:\/\/nitu.mx\/#\/schema\/person\/ae7a53426417292d3dd07b45a33e01bc\"},\"image\":{\"@id\":\"https:\/\/nitu.mx\/index.php\/2020\/08\/25\/iberostar-planea-el-despegue-de-su-aerolinea-para-marzo-o-abril-de-2021\/#primaryimage\"},\"thumbnailUrl\":\"https:\/\/nitu.mx\/wp-content\/uploads\/2020\/08\/Iberostar-World2fly.jpg\",\"keywords\":[\"Aerol\u00ednea\",\"Gabriel Sub\u00edas\",\"Iberostar\",\"World 2 Fly\"],\"articleSection\":[\"Aerol\u00edneas\",\"Europa\"],\"inLanguage\":\"es-MX\",\"potentialAction\":[{\"@type\":\"CommentAction\",\"name\":\"Comment\",\"target\":[\"https:\/\/nitu.mx\/index.php\/2020\/08\/25\/iberostar-planea-el-despegue-de-su-aerolinea-para-marzo-o-abril-de-2021\/#respond\"]}]},{\"@type\":\"WebPage\",\"@id\":\"https:\/\/nitu.mx\/index.php\/2020\/08\/25\/iberostar-planea-el-despegue-de-su-aerolinea-para-marzo-o-abril-de-2021\/\",\"url\":\"https:\/\/nitu.mx\/index.php\/2020\/08\/25\/iberostar-planea-el-despegue-de-su-aerolinea-para-marzo-o-abril-de-2021\/\",\"name\":\"Iberostar planea el despegue de su aerol\u00ednea para marzo o abril de 2021 - Nitu - Noticias de la Industria Turistica\",\"isPartOf\":{\"@id\":\"https:\/\/nitu.mx\/#website\"},\"primaryImageOfPage\":{\"@id\":\"https:\/\/nitu.mx\/index.php\/2020\/08\/25\/iberostar-planea-el-despegue-de-su-aerolinea-para-marzo-o-abril-de-2021\/#primaryimage\"},\"image\":{\"@id\":\"https:\/\/nitu.mx\/index.php\/2020\/08\/25\/iberostar-planea-el-despegue-de-su-aerolinea-para-marzo-o-abril-de-2021\/#primaryimage\"},\"thumbnailUrl\":\"https:\/\/nitu.mx\/wp-content\/uploads\/2020\/08\/Iberostar-World2fly.jpg\",\"datePublished\":\"2020-08-25T05:46:26+00:00\",\"dateModified\":\"2020-08-25T05:48:13+00:00\",\"breadcrumb\":{\"@id\":\"https:\/\/nitu.mx\/index.php\/2020\/08\/25\/iberostar-planea-el-despegue-de-su-aerolinea-para-marzo-o-abril-de-2021\/#breadcrumb\"},\"inLanguage\":\"es-MX\",\"potentialAction\":[{\"@type\":\"ReadAction\",\"target\":[\"https:\/\/nitu.mx\/index.php\/2020\/08\/25\/iberostar-planea-el-despegue-de-su-aerolinea-para-marzo-o-abril-de-2021\/\"]}]},{\"@type\":\"ImageObject\",\"inLanguage\":\"es-MX\",\"@id\":\"https:\/\/nitu.mx\/index.php\/2020\/08\/25\/iberostar-planea-el-despegue-de-su-aerolinea-para-marzo-o-abril-de-2021\/#primaryimage\",\"url\":\"https:\/\/nitu.mx\/wp-content\/uploads\/2020\/08\/Iberostar-World2fly.jpg\",\"contentUrl\":\"https:\/\/nitu.mx\/wp-content\/uploads\/2020\/08\/Iberostar-World2fly.jpg\",\"width\":1200,\"height\":675},{\"@type\":\"BreadcrumbList\",\"@id\":\"https:\/\/nitu.mx\/index.php\/2020\/08\/25\/iberostar-planea-el-despegue-de-su-aerolinea-para-marzo-o-abril-de-2021\/#breadcrumb\",\"itemListElement\":[{\"@type\":\"ListItem\",\"position\":1,\"name\":\"Inicio\",\"item\":\"https:\/\/nitu.mx\/\"},{\"@type\":\"ListItem\",\"position\":2,\"name\":\"Iberostar planea el despegue de su aerol\u00ednea para marzo o abril de 2021\"}]},{\"@type\":\"WebSite\",\"@id\":\"https:\/\/nitu.mx\/#website\",\"url\":\"https:\/\/nitu.mx\/\",\"name\":\"Nitu - Noticias de la Industria Turistica\",\"description\":\"Noticias de la Industria Turistica\",\"publisher\":{\"@id\":\"https:\/\/nitu.mx\/#\/schema\/person\/ae7a53426417292d3dd07b45a33e01bc\"},\"alternateName\":\"Noticias de la Industria Turistica\",\"potentialAction\":[{\"@type\":\"SearchAction\",\"target\":{\"@type\":\"EntryPoint\",\"urlTemplate\":\"https:\/\/nitu.mx\/?s={search_term_string}\"},\"query-input\":\"required name=search_term_string\"}],\"inLanguage\":\"es-MX\"},{\"@type\":[\"Person\",\"Organization\"],\"@id\":\"https:\/\/nitu.mx\/#\/schema\/person\/ae7a53426417292d3dd07b45a33e01bc\",\"name\":\"Arturo Medina\",\"image\":{\"@type\":\"ImageObject\",\"inLanguage\":\"es-MX\",\"@id\":\"https:\/\/nitu.mx\/#\/schema\/person\/image\/\",\"url\":\"https:\/\/nitu.mx\/wp-content\/uploads\/2024\/04\/4A315622-1904-4D5C-B022-878CDC840E04-90x90-1.jpeg\",\"contentUrl\":\"https:\/\/nitu.mx\/wp-content\/uploads\/2024\/04\/4A315622-1904-4D5C-B022-878CDC840E04-90x90-1.jpeg\",\"width\":90,\"height\":90,\"caption\":\"Arturo Medina\"},\"logo\":{\"@id\":\"https:\/\/nitu.mx\/#\/schema\/person\/image\/\"},\"description\":\"Director NITU.mx, Egresado de la Escuela de Periodismo Carlos Septi\u00e9n Garc\u00eda. Periodista y analista especializado en turismo desde hace 35 a\u00f1os, radicado en Canc\u00fan Q.Roo. arturo@nitu.mx\",\"sameAs\":[\"https:\/\/nitu.mx\",\"https:\/\/www.facebook.com\/NITUmx\/\",\"medinacancun\",\"https:\/\/twitter.com\/@Arturo_Medina_G\"]},{\"@type\":\"Person\",\"@id\":\"https:\/\/nitu.mx\/#\/schema\/person\/4a28fe9bd65924f7c90623773daf1b0b\",\"name\":\"Redacci\u00f3n\",\"image\":{\"@type\":\"ImageObject\",\"inLanguage\":\"es-MX\",\"@id\":\"https:\/\/nitu.mx\/#\/schema\/person\/image\/\",\"url\":\"https:\/\/secure.gravatar.com\/avatar\/5dd011c8ccfc5cd7e4c81e42252aab38?s=96&d=mm&r=g\",\"contentUrl\":\"https:\/\/secure.gravatar.com\/avatar\/5dd011c8ccfc5cd7e4c81e42252aab38?s=96&d=mm&r=g\",\"caption\":\"Redacci\u00f3n\"},\"url\":\"https:\/\/nitu.mx\/index.php\/author\/redaccion\/\"}]}<\/script>\n<!-- \/ Yoast SEO plugin. -->","yoast_head_json":{"title":"Iberostar planea el despegue de su aerol\u00ednea para marzo o abril de 2021 - Nitu - Noticias de la Industria Turistica","robots":{"index":"index","follow":"follow","max-snippet":"max-snippet:-1","max-image-preview":"max-image-preview:large","max-video-preview":"max-video-preview:-1"},"canonical":"https:\/\/nitu.mx\/index.php\/2020\/08\/25\/iberostar-planea-el-despegue-de-su-aerolinea-para-marzo-o-abril-de-2021\/","twitter_card":"summary_large_image","twitter_title":"Iberostar planea el despegue de su aerol\u00ednea para marzo o abril de 2021 - Nitu - Noticias de la Industria Turistica","twitter_description":"El estreno de World 2 Fly, la aerol\u00ednea de Grupo Iberostar, podr\u00eda llegar en 2021, cuando la compa\u00f1\u00eda espera comenzar a operar en Canc\u00fan (M\u00e9xico), Cuba y Punta Cana (Rep\u00fablica Dominicana). As\u00ed lo adelant\u00f3 Gabriel Sub\u00edas, CEO de World2Meet (W2M), banco de camas y receptivo de la compa\u00f1\u00eda, en una entrevista concedida a Diario de [&hellip;]","twitter_image":"https:\/\/nitu.mx\/wp-content\/uploads\/2020\/08\/Iberostar-World2fly.jpg","twitter_creator":"@NITUmx","twitter_site":"@Arturo_Medina_G","twitter_misc":{"Escrito por":"Redacci\u00f3n","Tiempo de lectura":"2 minutos"},"schema":{"@context":"https:\/\/schema.org","@graph":[{"@type":"Article","@id":"https:\/\/nitu.mx\/index.php\/2020\/08\/25\/iberostar-planea-el-despegue-de-su-aerolinea-para-marzo-o-abril-de-2021\/#article","isPartOf":{"@id":"https:\/\/nitu.mx\/index.php\/2020\/08\/25\/iberostar-planea-el-despegue-de-su-aerolinea-para-marzo-o-abril-de-2021\/"},"author":{"name":"Redacci\u00f3n","@id":"https:\/\/nitu.mx\/#\/schema\/person\/4a28fe9bd65924f7c90623773daf1b0b"},"headline":"Iberostar planea el despegue de su aerol\u00ednea para marzo o abril de 2021","datePublished":"2020-08-25T05:46:26+00:00","dateModified":"2020-08-25T05:48:13+00:00","mainEntityOfPage":{"@id":"https:\/\/nitu.mx\/index.php\/2020\/08\/25\/iberostar-planea-el-despegue-de-su-aerolinea-para-marzo-o-abril-de-2021\/"},"wordCount":336,"commentCount":0,"publisher":{"@id":"https:\/\/nitu.mx\/#\/schema\/person\/ae7a53426417292d3dd07b45a33e01bc"},"image":{"@id":"https:\/\/nitu.mx\/index.php\/2020\/08\/25\/iberostar-planea-el-despegue-de-su-aerolinea-para-marzo-o-abril-de-2021\/#primaryimage"},"thumbnailUrl":"https:\/\/nitu.mx\/wp-content\/uploads\/2020\/08\/Iberostar-World2fly.jpg","keywords":["Aerol\u00ednea","Gabriel Sub\u00edas","Iberostar","World 2 Fly"],"articleSection":["Aerol\u00edneas","Europa"],"inLanguage":"es-MX","potentialAction":[{"@type":"CommentAction","name":"Comment","target":["https:\/\/nitu.mx\/index.php\/2020\/08\/25\/iberostar-planea-el-despegue-de-su-aerolinea-para-marzo-o-abril-de-2021\/#respond"]}]},{"@type":"WebPage","@id":"https:\/\/nitu.mx\/index.php\/2020\/08\/25\/iberostar-planea-el-despegue-de-su-aerolinea-para-marzo-o-abril-de-2021\/","url":"https:\/\/nitu.mx\/index.php\/2020\/08\/25\/iberostar-planea-el-despegue-de-su-aerolinea-para-marzo-o-abril-de-2021\/","name":"Iberostar planea el despegue de su aerol\u00ednea para marzo o abril de 2021 - Nitu - Noticias de la Industria Turistica","isPartOf":{"@id":"https:\/\/nitu.mx\/#website"},"primaryImageOfPage":{"@id":"https:\/\/nitu.mx\/index.php\/2020\/08\/25\/iberostar-planea-el-despegue-de-su-aerolinea-para-marzo-o-abril-de-2021\/#primaryimage"},"image":{"@id":"https:\/\/nitu.mx\/index.php\/2020\/08\/25\/iberostar-planea-el-despegue-de-su-aerolinea-para-marzo-o-abril-de-2021\/#primaryimage"},"thumbnailUrl":"https:\/\/nitu.mx\/wp-content\/uploads\/2020\/08\/Iberostar-World2fly.jpg","datePublished":"2020-08-25T05:46:26+00:00","dateModified":"2020-08-25T05:48:13+00:00","breadcrumb":{"@id":"https:\/\/nitu.mx\/index.php\/2020\/08\/25\/iberostar-planea-el-despegue-de-su-aerolinea-para-marzo-o-abril-de-2021\/#breadcrumb"},"inLanguage":"es-MX","potentialAction":[{"@type":"ReadAction","target":["https:\/\/nitu.mx\/index.php\/2020\/08\/25\/iberostar-planea-el-despegue-de-su-aerolinea-para-marzo-o-abril-de-2021\/"]}]},{"@type":"ImageObject","inLanguage":"es-MX","@id":"https:\/\/nitu.mx\/index.php\/2020\/08\/25\/iberostar-planea-el-despegue-de-su-aerolinea-para-marzo-o-abril-de-2021\/#primaryimage","url":"https:\/\/nitu.mx\/wp-content\/uploads\/2020\/08\/Iberostar-World2fly.jpg","contentUrl":"https:\/\/nitu.mx\/wp-content\/uploads\/2020\/08\/Iberostar-World2fly.jpg","width":1200,"height":675},{"@type":"BreadcrumbList","@id":"https:\/\/nitu.mx\/index.php\/2020\/08\/25\/iberostar-planea-el-despegue-de-su-aerolinea-para-marzo-o-abril-de-2021\/#breadcrumb","itemListElement":[{"@type":"ListItem","position":1,"name":"Inicio","item":"https:\/\/nitu.mx\/"},{"@type":"ListItem","position":2,"name":"Iberostar planea el despegue de su aerol\u00ednea para marzo o abril de 2021"}]},{"@type":"WebSite","@id":"https:\/\/nitu.mx\/#website","url":"https:\/\/nitu.mx\/","name":"Nitu - Noticias de la Industria Turistica","description":"Noticias de la Industria Turistica","publisher":{"@id":"https:\/\/nitu.mx\/#\/schema\/person\/ae7a53426417292d3dd07b45a33e01bc"},"alternateName":"Noticias de la Industria Turistica","potentialAction":[{"@type":"SearchAction","target":{"@type":"EntryPoint","urlTemplate":"https:\/\/nitu.mx\/?s={search_term_string}"},"query-input":"required name=search_term_string"}],"inLanguage":"es-MX"},{"@type":["Person","Organization"],"@id":"https:\/\/nitu.mx\/#\/schema\/person\/ae7a53426417292d3dd07b45a33e01bc","name":"Arturo Medina","image":{"@type":"ImageObject","inLanguage":"es-MX","@id":"https:\/\/nitu.mx\/#\/schema\/person\/image\/","url":"https:\/\/nitu.mx\/wp-content\/uploads\/2024\/04\/4A315622-1904-4D5C-B022-878CDC840E04-90x90-1.jpeg","contentUrl":"https:\/\/nitu.mx\/wp-content\/uploads\/2024\/04\/4A315622-1904-4D5C-B022-878CDC840E04-90x90-1.jpeg","width":90,"height":90,"caption":"Arturo Medina"},"logo":{"@id":"https:\/\/nitu.mx\/#\/schema\/person\/image\/"},"description":"Director NITU.mx, Egresado de la Escuela de Periodismo Carlos Septi\u00e9n Garc\u00eda. Periodista y analista especializado en turismo desde hace 35 a\u00f1os, radicado en Canc\u00fan Q.Roo. arturo@nitu.mx","sameAs":["https:\/\/nitu.mx","https:\/\/www.facebook.com\/NITUmx\/","medinacancun","https:\/\/twitter.com\/@Arturo_Medina_G"]},{"@type":"Person","@id":"https:\/\/nitu.mx\/#\/schema\/person\/4a28fe9bd65924f7c90623773daf1b0b","name":"Redacci\u00f3n","image":{"@type":"ImageObject","inLanguage":"es-MX","@id":"https:\/\/nitu.mx\/#\/schema\/person\/image\/","url":"https:\/\/secure.gravatar.com\/avatar\/5dd011c8ccfc5cd7e4c81e42252aab38?s=96&d=mm&r=g","contentUrl":"https:\/\/secure.gravatar.com\/avatar\/5dd011c8ccfc5cd7e4c81e42252aab38?s=96&d=mm&r=g","caption":"Redacci\u00f3n"},"url":"https:\/\/nitu.mx\/index.php\/author\/redaccion\/"}]}},"views":243,"_links":{"self":[{"href":"https:\/\/nitu.mx\/index.php\/wp-json\/wp\/v2\/posts\/45636"}],"collection":[{"href":"https:\/\/nitu.mx\/index.php\/wp-json\/wp\/v2\/posts"}],"about":[{"href":"https:\/\/nitu.mx\/index.php\/wp-json\/wp\/v2\/types\/post"}],"author":[{"embeddable":true,"href":"https:\/\/nitu.mx\/index.php\/wp-json\/wp\/v2\/users\/17"}],"replies":[{"embeddable":true,"href":"https:\/\/nitu.mx\/index.php\/wp-json\/wp\/v2\/comments?post=45636"}],"version-history":[{"count":4,"href":"https:\/\/nitu.mx\/index.php\/wp-json\/wp\/v2\/posts\/45636\/revisions"}],"predecessor-version":[{"id":45651,"href":"https:\/\/nitu.mx\/index.php\/wp-json\/wp\/v2\/posts\/45636\/revisions\/45651"}],"wp:featuredmedia":[{"embeddable":true,"href":"https:\/\/nitu.mx\/index.php\/wp-json\/wp\/v2\/media\/45650"}],"wp:attachment":[{"href":"https:\/\/nitu.mx\/index.php\/wp-json\/wp\/v2\/media?parent=45636"}],"wp:term":[{"taxonomy":"category","embeddable":true,"href":"https:\/\/nitu.mx\/index.php\/wp-json\/wp\/v2\/categories?post=45636"},{"taxonomy":"post_tag","embeddable":true,"href":"https:\/\/nitu.mx\/index.php\/wp-json\/wp\/v2\/tags?post=45636"}],"curies":[{"name":"wp","href":"https:\/\/api.w.org\/{rel}","templated":true}]}}