{"id":45502,"date":"2020-08-20T00:41:53","date_gmt":"2020-08-20T05:41:53","guid":{"rendered":"https:\/\/www.dev.nitu.mx\/?p=45502"},"modified":"2020-08-20T01:03:05","modified_gmt":"2020-08-20T06:03:05","slug":"airbnb-confirma-planes-de-salir-a-bolsa","status":"publish","type":"post","link":"https:\/\/nitu.mx\/index.php\/2020\/08\/20\/airbnb-confirma-planes-de-salir-a-bolsa\/","title":{"rendered":"Airbnb confirma planes de salir a bolsa"},"content":{"rendered":"<p>Airbnb present\u00f3 un registro ante la Comisi\u00f3n de Bolsa y Valores de Estados Unidos para una oferta p\u00fablica inicial, lo que confirma los informes recientes de que la plataforma de vivienda compartida podr\u00eda hacerse p\u00fablica antes de finales de este a\u00f1o.<\/p>\n<p>La compa\u00f1\u00eda no revel\u00f3 detalles sobre la cantidad de acciones que se ofrecer\u00e1n o el rango de precios de la oferta propuesta.<\/p>\n<p>En un comunicado, Airbnb dijo que &#8220;se espera que la oferta p\u00fablica inicial se lleve a cabo despu\u00e9s de que la SEC complete su proceso de revisi\u00f3n, sujeto al mercado y otras condiciones&#8221;.<\/p>\n<p>Despu\u00e9s de recibir un gran impacto en los ingresos a ra\u00edz de la pandemia, Airbnb se vio obligada a despedir al 25% de sus empleados en mayo y reducir o pausar la inversi\u00f3n en sus categor\u00edas de Hoteles y Lux, la plataforma de contenido de Airbnb Studios y el departamento de transporte.<\/p>\n<p>En meses m\u00e1s recientes, sin embargo, la compa\u00f1\u00eda ha reportado signos de un repunte relativamente fuerte. El 3 de julio, Airbnb inform\u00f3 que hab\u00eda reservado m\u00e1s de un mill\u00f3n de noches en estad\u00edas futuras en sus anuncios en todo el mundo, lo que marc\u00f3 la primera vez que el volumen de reservas fue tan alto en un solo d\u00eda desde el 3 de marzo, se\u00f1ala un reporte de Travel Weekly.<\/p>\n<p>En otros lugares, el mercado de viviendas compartidas y alojamientos alternativos parece s\u00f3lido. En sus dos recientes llamadas sobre ganancias, Expedia y Booking Holdings dijeron que sus divisiones de alquiler de vacaciones hab\u00edan superado a las reservas de hoteles tradicionales.<\/p>\n","protected":false},"excerpt":{"rendered":"<p>Airbnb present\u00f3 un registro ante la Comisi\u00f3n de Bolsa y Valores de Estados Unidos para una oferta p\u00fablica inicial, lo que confirma los informes recientes de que la plataforma de vivienda compartida podr\u00eda hacerse p\u00fablica antes de finales de este a\u00f1o. La compa\u00f1\u00eda no revel\u00f3 detalles sobre la cantidad de acciones que se ofrecer\u00e1n o [&hellip;]<\/p>\n","protected":false},"author":3,"featured_media":41752,"comment_status":"open","ping_status":"open","sticky":false,"template":"","format":"standard","meta":{"footnotes":""},"categories":[2,374],"tags":[1253,20372,9085],"yoast_head":"<!-- This site is optimized with the Yoast SEO plugin v22.2 - https:\/\/yoast.com\/wordpress\/plugins\/seo\/ -->\n<title>Airbnb confirma planes de salir a bolsa - Nitu - Noticias de la Industria Turistica<\/title>\n<meta name=\"robots\" content=\"index, follow, max-snippet:-1, max-image-preview:large, max-video-preview:-1\" \/>\n<link rel=\"canonical\" href=\"https:\/\/nitu.mx\/index.php\/2020\/08\/20\/airbnb-confirma-planes-de-salir-a-bolsa\/\" \/>\n<meta name=\"twitter:card\" content=\"summary_large_image\" \/>\n<meta name=\"twitter:title\" content=\"Airbnb confirma planes de salir a bolsa - Nitu - Noticias de la Industria Turistica\" \/>\n<meta name=\"twitter:description\" content=\"Airbnb present\u00f3 un registro ante la Comisi\u00f3n de Bolsa y Valores de Estados Unidos para una oferta p\u00fablica inicial, lo que confirma los informes recientes de que la plataforma de vivienda compartida podr\u00eda hacerse p\u00fablica antes de finales de este a\u00f1o. La compa\u00f1\u00eda no revel\u00f3 detalles sobre la cantidad de acciones que se ofrecer\u00e1n o [&hellip;]\" \/>\n<meta name=\"twitter:image\" content=\"https:\/\/nitu.mx\/wp-content\/uploads\/2020\/04\/Airbnb-on-line.jpg\" \/>\n<meta name=\"twitter:creator\" content=\"@NITUmx\" \/>\n<meta name=\"twitter:site\" content=\"@Arturo_Medina_G\" \/>\n<meta name=\"twitter:label1\" content=\"Escrito por\" \/>\n\t<meta name=\"twitter:data1\" content=\"Alejandra Moncisbays\" \/>\n\t<meta name=\"twitter:label2\" content=\"Tiempo de lectura\" \/>\n\t<meta name=\"twitter:data2\" content=\"1 minuto\" \/>\n<script type=\"application\/ld+json\" class=\"yoast-schema-graph\">{\"@context\":\"https:\/\/schema.org\",\"@graph\":[{\"@type\":\"Article\",\"@id\":\"https:\/\/nitu.mx\/index.php\/2020\/08\/20\/airbnb-confirma-planes-de-salir-a-bolsa\/#article\",\"isPartOf\":{\"@id\":\"https:\/\/nitu.mx\/index.php\/2020\/08\/20\/airbnb-confirma-planes-de-salir-a-bolsa\/\"},\"author\":{\"name\":\"Alejandra Moncisbays\",\"@id\":\"https:\/\/nitu.mx\/#\/schema\/person\/2ecd887b19dfd3382d1f14fc5acf24a8\"},\"headline\":\"Airbnb confirma planes de salir a bolsa\",\"datePublished\":\"2020-08-20T05:41:53+00:00\",\"dateModified\":\"2020-08-20T06:03:05+00:00\",\"mainEntityOfPage\":{\"@id\":\"https:\/\/nitu.mx\/index.php\/2020\/08\/20\/airbnb-confirma-planes-de-salir-a-bolsa\/\"},\"wordCount\":286,\"commentCount\":0,\"publisher\":{\"@id\":\"https:\/\/nitu.mx\/#\/schema\/person\/ae7a53426417292d3dd07b45a33e01bc\"},\"image\":{\"@id\":\"https:\/\/nitu.mx\/index.php\/2020\/08\/20\/airbnb-confirma-planes-de-salir-a-bolsa\/#primaryimage\"},\"thumbnailUrl\":\"https:\/\/nitu.mx\/wp-content\/uploads\/2020\/04\/Airbnb-on-line.jpg\",\"keywords\":[\"Airbnb\",\"Comisi\u00f3n de Bolsa y Valores\",\"OPI\"],\"articleSection\":[\"Hoteles\",\"Internacional\"],\"inLanguage\":\"es-MX\",\"potentialAction\":[{\"@type\":\"CommentAction\",\"name\":\"Comment\",\"target\":[\"https:\/\/nitu.mx\/index.php\/2020\/08\/20\/airbnb-confirma-planes-de-salir-a-bolsa\/#respond\"]}]},{\"@type\":\"WebPage\",\"@id\":\"https:\/\/nitu.mx\/index.php\/2020\/08\/20\/airbnb-confirma-planes-de-salir-a-bolsa\/\",\"url\":\"https:\/\/nitu.mx\/index.php\/2020\/08\/20\/airbnb-confirma-planes-de-salir-a-bolsa\/\",\"name\":\"Airbnb confirma planes de salir a bolsa - Nitu - Noticias de la Industria Turistica\",\"isPartOf\":{\"@id\":\"https:\/\/nitu.mx\/#website\"},\"primaryImageOfPage\":{\"@id\":\"https:\/\/nitu.mx\/index.php\/2020\/08\/20\/airbnb-confirma-planes-de-salir-a-bolsa\/#primaryimage\"},\"image\":{\"@id\":\"https:\/\/nitu.mx\/index.php\/2020\/08\/20\/airbnb-confirma-planes-de-salir-a-bolsa\/#primaryimage\"},\"thumbnailUrl\":\"https:\/\/nitu.mx\/wp-content\/uploads\/2020\/04\/Airbnb-on-line.jpg\",\"datePublished\":\"2020-08-20T05:41:53+00:00\",\"dateModified\":\"2020-08-20T06:03:05+00:00\",\"breadcrumb\":{\"@id\":\"https:\/\/nitu.mx\/index.php\/2020\/08\/20\/airbnb-confirma-planes-de-salir-a-bolsa\/#breadcrumb\"},\"inLanguage\":\"es-MX\",\"potentialAction\":[{\"@type\":\"ReadAction\",\"target\":[\"https:\/\/nitu.mx\/index.php\/2020\/08\/20\/airbnb-confirma-planes-de-salir-a-bolsa\/\"]}]},{\"@type\":\"ImageObject\",\"inLanguage\":\"es-MX\",\"@id\":\"https:\/\/nitu.mx\/index.php\/2020\/08\/20\/airbnb-confirma-planes-de-salir-a-bolsa\/#primaryimage\",\"url\":\"https:\/\/nitu.mx\/wp-content\/uploads\/2020\/04\/Airbnb-on-line.jpg\",\"contentUrl\":\"https:\/\/nitu.mx\/wp-content\/uploads\/2020\/04\/Airbnb-on-line.jpg\",\"width\":850,\"height\":480,\"caption\":\"Airbnb on line\"},{\"@type\":\"BreadcrumbList\",\"@id\":\"https:\/\/nitu.mx\/index.php\/2020\/08\/20\/airbnb-confirma-planes-de-salir-a-bolsa\/#breadcrumb\",\"itemListElement\":[{\"@type\":\"ListItem\",\"position\":1,\"name\":\"Inicio\",\"item\":\"https:\/\/nitu.mx\/\"},{\"@type\":\"ListItem\",\"position\":2,\"name\":\"Airbnb confirma planes de salir a bolsa\"}]},{\"@type\":\"WebSite\",\"@id\":\"https:\/\/nitu.mx\/#website\",\"url\":\"https:\/\/nitu.mx\/\",\"name\":\"Nitu - Noticias de la Industria Turistica\",\"description\":\"Noticias de la Industria Turistica\",\"publisher\":{\"@id\":\"https:\/\/nitu.mx\/#\/schema\/person\/ae7a53426417292d3dd07b45a33e01bc\"},\"alternateName\":\"Noticias de la Industria Turistica\",\"potentialAction\":[{\"@type\":\"SearchAction\",\"target\":{\"@type\":\"EntryPoint\",\"urlTemplate\":\"https:\/\/nitu.mx\/?s={search_term_string}\"},\"query-input\":\"required name=search_term_string\"}],\"inLanguage\":\"es-MX\"},{\"@type\":[\"Person\",\"Organization\"],\"@id\":\"https:\/\/nitu.mx\/#\/schema\/person\/ae7a53426417292d3dd07b45a33e01bc\",\"name\":\"Arturo Medina\",\"image\":{\"@type\":\"ImageObject\",\"inLanguage\":\"es-MX\",\"@id\":\"https:\/\/nitu.mx\/#\/schema\/person\/image\/\",\"url\":\"https:\/\/nitu.mx\/wp-content\/uploads\/2024\/04\/4A315622-1904-4D5C-B022-878CDC840E04-90x90-1.jpeg\",\"contentUrl\":\"https:\/\/nitu.mx\/wp-content\/uploads\/2024\/04\/4A315622-1904-4D5C-B022-878CDC840E04-90x90-1.jpeg\",\"width\":90,\"height\":90,\"caption\":\"Arturo Medina\"},\"logo\":{\"@id\":\"https:\/\/nitu.mx\/#\/schema\/person\/image\/\"},\"description\":\"Director NITU.mx, Egresado de la Escuela de Periodismo Carlos Septi\u00e9n Garc\u00eda. Periodista y analista especializado en turismo desde hace 35 a\u00f1os, radicado en Canc\u00fan Q.Roo. arturo@nitu.mx\",\"sameAs\":[\"https:\/\/nitu.mx\",\"https:\/\/www.facebook.com\/NITUmx\/\",\"medinacancun\",\"https:\/\/twitter.com\/@Arturo_Medina_G\"]},{\"@type\":\"Person\",\"@id\":\"https:\/\/nitu.mx\/#\/schema\/person\/2ecd887b19dfd3382d1f14fc5acf24a8\",\"name\":\"Alejandra Moncisbays\",\"image\":{\"@type\":\"ImageObject\",\"inLanguage\":\"es-MX\",\"@id\":\"https:\/\/nitu.mx\/#\/schema\/person\/image\/\",\"url\":\"https:\/\/secure.gravatar.com\/avatar\/e74f7af0be172b7804dacfd0bfbef787?s=96&d=mm&r=g\",\"contentUrl\":\"https:\/\/secure.gravatar.com\/avatar\/e74f7af0be172b7804dacfd0bfbef787?s=96&d=mm&r=g\",\"caption\":\"Alejandra Moncisbays\"},\"description\":\"Curs\u00e9 la carrera de Periodismo y Comunicaci\u00f3n en la Facultad de Estudios Profesionales Acatl\u00e1n. Vivo en Canc\u00fan desde hace 24 a\u00f1os. Fui reportera de La Tarde de Canc\u00fan, y Novedades de Quintana Roo, colabor\u00e9 en TVCUN, edit\u00e9 Cancun\u00edssimo y colabor\u00e9 en las revistas Latitud21, entre otras, con principal enfoque en los sectores empresarial y tur\u00edstico. Desde hace varios a\u00f1os soy Agente de Seguros con c\u00e9dula de la Comisi\u00f3n Nacional de Seguros y Fianzas. Actualmente, me desarrollo en los \u00e1mbitos del periodismo y el sector asegurador.\",\"sameAs\":[\"https:\/\/nitu.mx\"],\"url\":\"https:\/\/nitu.mx\/index.php\/author\/alejandra\/\"}]}<\/script>\n<!-- \/ Yoast SEO plugin. -->","yoast_head_json":{"title":"Airbnb confirma planes de salir a bolsa - Nitu - Noticias de la Industria Turistica","robots":{"index":"index","follow":"follow","max-snippet":"max-snippet:-1","max-image-preview":"max-image-preview:large","max-video-preview":"max-video-preview:-1"},"canonical":"https:\/\/nitu.mx\/index.php\/2020\/08\/20\/airbnb-confirma-planes-de-salir-a-bolsa\/","twitter_card":"summary_large_image","twitter_title":"Airbnb confirma planes de salir a bolsa - Nitu - Noticias de la Industria Turistica","twitter_description":"Airbnb present\u00f3 un registro ante la Comisi\u00f3n de Bolsa y Valores de Estados Unidos para una oferta p\u00fablica inicial, lo que confirma los informes recientes de que la plataforma de vivienda compartida podr\u00eda hacerse p\u00fablica antes de finales de este a\u00f1o. La compa\u00f1\u00eda no revel\u00f3 detalles sobre la cantidad de acciones que se ofrecer\u00e1n o [&hellip;]","twitter_image":"https:\/\/nitu.mx\/wp-content\/uploads\/2020\/04\/Airbnb-on-line.jpg","twitter_creator":"@NITUmx","twitter_site":"@Arturo_Medina_G","twitter_misc":{"Escrito por":"Alejandra Moncisbays","Tiempo de lectura":"1 minuto"},"schema":{"@context":"https:\/\/schema.org","@graph":[{"@type":"Article","@id":"https:\/\/nitu.mx\/index.php\/2020\/08\/20\/airbnb-confirma-planes-de-salir-a-bolsa\/#article","isPartOf":{"@id":"https:\/\/nitu.mx\/index.php\/2020\/08\/20\/airbnb-confirma-planes-de-salir-a-bolsa\/"},"author":{"name":"Alejandra Moncisbays","@id":"https:\/\/nitu.mx\/#\/schema\/person\/2ecd887b19dfd3382d1f14fc5acf24a8"},"headline":"Airbnb confirma planes de salir a bolsa","datePublished":"2020-08-20T05:41:53+00:00","dateModified":"2020-08-20T06:03:05+00:00","mainEntityOfPage":{"@id":"https:\/\/nitu.mx\/index.php\/2020\/08\/20\/airbnb-confirma-planes-de-salir-a-bolsa\/"},"wordCount":286,"commentCount":0,"publisher":{"@id":"https:\/\/nitu.mx\/#\/schema\/person\/ae7a53426417292d3dd07b45a33e01bc"},"image":{"@id":"https:\/\/nitu.mx\/index.php\/2020\/08\/20\/airbnb-confirma-planes-de-salir-a-bolsa\/#primaryimage"},"thumbnailUrl":"https:\/\/nitu.mx\/wp-content\/uploads\/2020\/04\/Airbnb-on-line.jpg","keywords":["Airbnb","Comisi\u00f3n de Bolsa y Valores","OPI"],"articleSection":["Hoteles","Internacional"],"inLanguage":"es-MX","potentialAction":[{"@type":"CommentAction","name":"Comment","target":["https:\/\/nitu.mx\/index.php\/2020\/08\/20\/airbnb-confirma-planes-de-salir-a-bolsa\/#respond"]}]},{"@type":"WebPage","@id":"https:\/\/nitu.mx\/index.php\/2020\/08\/20\/airbnb-confirma-planes-de-salir-a-bolsa\/","url":"https:\/\/nitu.mx\/index.php\/2020\/08\/20\/airbnb-confirma-planes-de-salir-a-bolsa\/","name":"Airbnb confirma planes de salir a bolsa - Nitu - Noticias de la Industria Turistica","isPartOf":{"@id":"https:\/\/nitu.mx\/#website"},"primaryImageOfPage":{"@id":"https:\/\/nitu.mx\/index.php\/2020\/08\/20\/airbnb-confirma-planes-de-salir-a-bolsa\/#primaryimage"},"image":{"@id":"https:\/\/nitu.mx\/index.php\/2020\/08\/20\/airbnb-confirma-planes-de-salir-a-bolsa\/#primaryimage"},"thumbnailUrl":"https:\/\/nitu.mx\/wp-content\/uploads\/2020\/04\/Airbnb-on-line.jpg","datePublished":"2020-08-20T05:41:53+00:00","dateModified":"2020-08-20T06:03:05+00:00","breadcrumb":{"@id":"https:\/\/nitu.mx\/index.php\/2020\/08\/20\/airbnb-confirma-planes-de-salir-a-bolsa\/#breadcrumb"},"inLanguage":"es-MX","potentialAction":[{"@type":"ReadAction","target":["https:\/\/nitu.mx\/index.php\/2020\/08\/20\/airbnb-confirma-planes-de-salir-a-bolsa\/"]}]},{"@type":"ImageObject","inLanguage":"es-MX","@id":"https:\/\/nitu.mx\/index.php\/2020\/08\/20\/airbnb-confirma-planes-de-salir-a-bolsa\/#primaryimage","url":"https:\/\/nitu.mx\/wp-content\/uploads\/2020\/04\/Airbnb-on-line.jpg","contentUrl":"https:\/\/nitu.mx\/wp-content\/uploads\/2020\/04\/Airbnb-on-line.jpg","width":850,"height":480,"caption":"Airbnb on line"},{"@type":"BreadcrumbList","@id":"https:\/\/nitu.mx\/index.php\/2020\/08\/20\/airbnb-confirma-planes-de-salir-a-bolsa\/#breadcrumb","itemListElement":[{"@type":"ListItem","position":1,"name":"Inicio","item":"https:\/\/nitu.mx\/"},{"@type":"ListItem","position":2,"name":"Airbnb confirma planes de salir a bolsa"}]},{"@type":"WebSite","@id":"https:\/\/nitu.mx\/#website","url":"https:\/\/nitu.mx\/","name":"Nitu - Noticias de la Industria Turistica","description":"Noticias de la Industria Turistica","publisher":{"@id":"https:\/\/nitu.mx\/#\/schema\/person\/ae7a53426417292d3dd07b45a33e01bc"},"alternateName":"Noticias de la Industria Turistica","potentialAction":[{"@type":"SearchAction","target":{"@type":"EntryPoint","urlTemplate":"https:\/\/nitu.mx\/?s={search_term_string}"},"query-input":"required name=search_term_string"}],"inLanguage":"es-MX"},{"@type":["Person","Organization"],"@id":"https:\/\/nitu.mx\/#\/schema\/person\/ae7a53426417292d3dd07b45a33e01bc","name":"Arturo Medina","image":{"@type":"ImageObject","inLanguage":"es-MX","@id":"https:\/\/nitu.mx\/#\/schema\/person\/image\/","url":"https:\/\/nitu.mx\/wp-content\/uploads\/2024\/04\/4A315622-1904-4D5C-B022-878CDC840E04-90x90-1.jpeg","contentUrl":"https:\/\/nitu.mx\/wp-content\/uploads\/2024\/04\/4A315622-1904-4D5C-B022-878CDC840E04-90x90-1.jpeg","width":90,"height":90,"caption":"Arturo Medina"},"logo":{"@id":"https:\/\/nitu.mx\/#\/schema\/person\/image\/"},"description":"Director NITU.mx, Egresado de la Escuela de Periodismo Carlos Septi\u00e9n Garc\u00eda. Periodista y analista especializado en turismo desde hace 35 a\u00f1os, radicado en Canc\u00fan Q.Roo. arturo@nitu.mx","sameAs":["https:\/\/nitu.mx","https:\/\/www.facebook.com\/NITUmx\/","medinacancun","https:\/\/twitter.com\/@Arturo_Medina_G"]},{"@type":"Person","@id":"https:\/\/nitu.mx\/#\/schema\/person\/2ecd887b19dfd3382d1f14fc5acf24a8","name":"Alejandra Moncisbays","image":{"@type":"ImageObject","inLanguage":"es-MX","@id":"https:\/\/nitu.mx\/#\/schema\/person\/image\/","url":"https:\/\/secure.gravatar.com\/avatar\/e74f7af0be172b7804dacfd0bfbef787?s=96&d=mm&r=g","contentUrl":"https:\/\/secure.gravatar.com\/avatar\/e74f7af0be172b7804dacfd0bfbef787?s=96&d=mm&r=g","caption":"Alejandra Moncisbays"},"description":"Curs\u00e9 la carrera de Periodismo y Comunicaci\u00f3n en la Facultad de Estudios Profesionales Acatl\u00e1n. Vivo en Canc\u00fan desde hace 24 a\u00f1os. Fui reportera de La Tarde de Canc\u00fan, y Novedades de Quintana Roo, colabor\u00e9 en TVCUN, edit\u00e9 Cancun\u00edssimo y colabor\u00e9 en las revistas Latitud21, entre otras, con principal enfoque en los sectores empresarial y tur\u00edstico. Desde hace varios a\u00f1os soy Agente de Seguros con c\u00e9dula de la Comisi\u00f3n Nacional de Seguros y Fianzas. Actualmente, me desarrollo en los \u00e1mbitos del periodismo y el sector asegurador.","sameAs":["https:\/\/nitu.mx"],"url":"https:\/\/nitu.mx\/index.php\/author\/alejandra\/"}]}},"views":314,"_links":{"self":[{"href":"https:\/\/nitu.mx\/index.php\/wp-json\/wp\/v2\/posts\/45502"}],"collection":[{"href":"https:\/\/nitu.mx\/index.php\/wp-json\/wp\/v2\/posts"}],"about":[{"href":"https:\/\/nitu.mx\/index.php\/wp-json\/wp\/v2\/types\/post"}],"author":[{"embeddable":true,"href":"https:\/\/nitu.mx\/index.php\/wp-json\/wp\/v2\/users\/3"}],"replies":[{"embeddable":true,"href":"https:\/\/nitu.mx\/index.php\/wp-json\/wp\/v2\/comments?post=45502"}],"version-history":[{"count":2,"href":"https:\/\/nitu.mx\/index.php\/wp-json\/wp\/v2\/posts\/45502\/revisions"}],"predecessor-version":[{"id":45506,"href":"https:\/\/nitu.mx\/index.php\/wp-json\/wp\/v2\/posts\/45502\/revisions\/45506"}],"wp:featuredmedia":[{"embeddable":true,"href":"https:\/\/nitu.mx\/index.php\/wp-json\/wp\/v2\/media\/41752"}],"wp:attachment":[{"href":"https:\/\/nitu.mx\/index.php\/wp-json\/wp\/v2\/media?parent=45502"}],"wp:term":[{"taxonomy":"category","embeddable":true,"href":"https:\/\/nitu.mx\/index.php\/wp-json\/wp\/v2\/categories?post=45502"},{"taxonomy":"post_tag","embeddable":true,"href":"https:\/\/nitu.mx\/index.php\/wp-json\/wp\/v2\/tags?post=45502"}],"curies":[{"name":"wp","href":"https:\/\/api.w.org\/{rel}","templated":true}]}}