{"id":45378,"date":"2020-08-16T22:22:09","date_gmt":"2020-08-17T03:22:09","guid":{"rendered":"https:\/\/www.dev.nitu.mx\/?p=45378"},"modified":"2020-08-17T00:25:43","modified_gmt":"2020-08-17T05:25:43","slug":"sectur-contempla-eliminar-una-de-sus-dos-subsecretarias","status":"publish","type":"post","link":"https:\/\/nitu.mx\/index.php\/2020\/08\/16\/sectur-contempla-eliminar-una-de-sus-dos-subsecretarias\/","title":{"rendered":"Sectur contempla eliminar una de sus dos subsecretar\u00edas"},"content":{"rendered":"\n<p>Seg\u00fan versiones de distintos medios, este lunes la Secretar\u00eda de Turismo (Sectur) desaparecer\u00e1 la Subsecretar\u00eda de Planeaci\u00f3n y Pol\u00edtica Tur\u00edstica, que encabeza Alejandro Aguilera G\u00f3mez, debido a los fuertes recortes presupuestales que hay sobre la dependencia.<\/p>\n\n\n\n<p>Como hemos informado en NITU.mx, Sectur ha sido uno de los organismos m\u00e1s castigados en t\u00e9rminos de recursos, incluso antes de la crisis generada por la pandemia de covid-19, a tal grado que ha sido complicado incluso sus tareas operativas. (<a href=\"https:\/\/www.dev.nitu.mx\/index.php\/2020\/07\/20\/en-vilo-tareas-operativas-de-sectur-ante-falta-de-recursos\/\">En vilo tareas operativas de Sectur ante falta de recursos<\/a>)<\/p>\n\n\n\n<p>El presupuesto de Sectur para este a\u00f1o fue apenas de 5 mil 034 millones de pesos, lo que signific\u00f3 un golpe de 42 por ciento menos respecto a 2019, con un recorte de 3 mil 751 millones de pesos.<\/p>\n\n\n\n<p>Con la eliminaci\u00f3n de esta subsecretar\u00eda, Sectur solo se quedar\u00eda con la de Calidad y Regulaci\u00f3n, cuyo titular es Humberto Hern\u00e1ndez Haddad; pues desde el inicio de la administraci\u00f3n federal, en diciembre de 2018, se quit\u00f3 la subsecretar\u00eda de Innovaci\u00f3n y Desarrollo Tur\u00edstico.<\/p>\n\n\n\n<p>La decisi\u00f3n de desmembrar a la dependencia encargada de la pol\u00edtica tur\u00edstica de M\u00e9xico pone nuevamente en duda al sector empresarial sobre el actuar de Sectur en favor de la industria, que se siente olvidada durante esta crisis.<\/p>\n\n\n\n<p>Cabe recordar que esta subsecretar\u00eda hab\u00eda sido asignada a Sim\u00f3n Levy, al inicio del gobierno federal, pero \u00e9ste renunci\u00f3 hace poco m\u00e1s de un a\u00f1o, entre otras cosas, por enviarlo a la sede de Chetumal, que no est\u00e1 en condiciones de operar.<\/p>\n\n\n\n<p>De acuerdo con las fuentes extra oficiales, Aguilera G\u00f3mez seguir\u00e1 en la dependencia, pero con un cargo menor, como director de \u00e1rea.<\/p>\n\n\n\n<p>Esta nueva situaci\u00f3n se suma a la crisis que atraviesa Sectur que deton\u00f3 con el esc\u00e1ndalo de VisitMexico, el apoyo a la campa\u00f1a fallida de promoci\u00f3n de Acapulco y recientemente la decisi\u00f3n del Consejo de Promoci\u00f3n Tur\u00edstica de Quintana Roo (CPTQ) de no pagar un pabell\u00f3n en el Tianguis Tur\u00edstico Digital.<\/p>\n\n\n\n<p>La especulaci\u00f3n incluso llega al grado de pensar que la dependencia que encabeza Miguel Torruco, no termina el sexenio, pues acciones como la alianza Mundo Maya M\u00e9xico, la que hicieron los secretarios de Turismo de Occidente, y la Alianza Nacional Emergente por el Turismo en donde est\u00e1 el sector empresarial, Asetur, entre otros organismos, hace ver que las acciones en favor del turismo se est\u00e1n haciendo sin tomar en cuenta al organismo federal. (<a href=\"https:\/\/www.dev.nitu.mx\/index.php\/2020\/08\/13\/los-cinco-estados-del-mundo-maya-firman-convenio-de-colaboracion\/\">Los cinco estados del Mundo Maya firman convenio de colaboraci\u00f3n<\/a>)<\/p>\n","protected":false},"excerpt":{"rendered":"<p>Seg\u00fan versiones de distintos medios, este lunes la Secretar\u00eda de Turismo (Sectur) desaparecer\u00e1 la Subsecretar\u00eda de Planeaci\u00f3n y Pol\u00edtica Tur\u00edstica, que encabeza Alejandro Aguilera G\u00f3mez, debido a los fuertes recortes presupuestales que hay sobre la dependencia. Como hemos informado en NITU.mx, Sectur ha sido uno de los organismos m\u00e1s castigados en t\u00e9rminos de recursos, incluso [&hellip;]<\/p>\n","protected":false},"author":5,"featured_media":44612,"comment_status":"open","ping_status":"open","sticky":false,"template":"","format":"standard","meta":{"footnotes":""},"categories":[12],"tags":[20347,14480,910,93],"yoast_head":"<!-- This site is optimized with the Yoast SEO plugin v22.2 - https:\/\/yoast.com\/wordpress\/plugins\/seo\/ -->\n<title>Sectur contempla eliminar una de sus dos subsecretar\u00edas - Nitu - Noticias de la Industria Turistica<\/title>\n<meta name=\"robots\" content=\"index, follow, max-snippet:-1, max-image-preview:large, max-video-preview:-1\" \/>\n<link rel=\"canonical\" href=\"https:\/\/nitu.mx\/index.php\/2020\/08\/16\/sectur-contempla-eliminar-una-de-sus-dos-subsecretarias\/\" \/>\n<meta name=\"twitter:card\" content=\"summary_large_image\" \/>\n<meta name=\"twitter:title\" content=\"Sectur contempla eliminar una de sus dos subsecretar\u00edas - Nitu - Noticias de la Industria Turistica\" \/>\n<meta name=\"twitter:description\" content=\"Seg\u00fan versiones de distintos medios, este lunes la Secretar\u00eda de Turismo (Sectur) desaparecer\u00e1 la Subsecretar\u00eda de Planeaci\u00f3n y Pol\u00edtica Tur\u00edstica, que encabeza Alejandro Aguilera G\u00f3mez, debido a los fuertes recortes presupuestales que hay sobre la dependencia. Como hemos informado en NITU.mx, Sectur ha sido uno de los organismos m\u00e1s castigados en t\u00e9rminos de recursos, incluso [&hellip;]\" \/>\n<meta name=\"twitter:image\" content=\"https:\/\/nitu.mx\/wp-content\/uploads\/2020\/07\/oficina-sectur-cdmx.jpg\" \/>\n<meta name=\"twitter:creator\" content=\"@NITUmx\" \/>\n<meta name=\"twitter:site\" content=\"@Arturo_Medina_G\" \/>\n<meta name=\"twitter:label1\" content=\"Escrito por\" \/>\n\t<meta name=\"twitter:data1\" content=\"Mari Soto\" \/>\n\t<meta name=\"twitter:label2\" content=\"Tiempo de lectura\" \/>\n\t<meta name=\"twitter:data2\" content=\"2 minutos\" \/>\n<script type=\"application\/ld+json\" class=\"yoast-schema-graph\">{\"@context\":\"https:\/\/schema.org\",\"@graph\":[{\"@type\":\"Article\",\"@id\":\"https:\/\/nitu.mx\/index.php\/2020\/08\/16\/sectur-contempla-eliminar-una-de-sus-dos-subsecretarias\/#article\",\"isPartOf\":{\"@id\":\"https:\/\/nitu.mx\/index.php\/2020\/08\/16\/sectur-contempla-eliminar-una-de-sus-dos-subsecretarias\/\"},\"author\":{\"name\":\"Mari Soto\",\"@id\":\"https:\/\/nitu.mx\/#\/schema\/person\/afc52e313e27e660739556d421d3d6b4\"},\"headline\":\"Sectur contempla eliminar una de sus dos subsecretar\u00edas\",\"datePublished\":\"2020-08-17T03:22:09+00:00\",\"dateModified\":\"2020-08-17T05:25:43+00:00\",\"mainEntityOfPage\":{\"@id\":\"https:\/\/nitu.mx\/index.php\/2020\/08\/16\/sectur-contempla-eliminar-una-de-sus-dos-subsecretarias\/\"},\"wordCount\":449,\"commentCount\":0,\"publisher\":{\"@id\":\"https:\/\/nitu.mx\/#\/schema\/person\/ae7a53426417292d3dd07b45a33e01bc\"},\"image\":{\"@id\":\"https:\/\/nitu.mx\/index.php\/2020\/08\/16\/sectur-contempla-eliminar-una-de-sus-dos-subsecretarias\/#primaryimage\"},\"thumbnailUrl\":\"https:\/\/nitu.mx\/wp-content\/uploads\/2020\/07\/oficina-sectur-cdmx.jpg\",\"keywords\":[\"Alejandro Aguilera\",\"Humberto Hern\u00e1ndez\",\"Miguel Torruco\",\"Sectur\"],\"articleSection\":[\"Marketing\"],\"inLanguage\":\"es-MX\",\"potentialAction\":[{\"@type\":\"CommentAction\",\"name\":\"Comment\",\"target\":[\"https:\/\/nitu.mx\/index.php\/2020\/08\/16\/sectur-contempla-eliminar-una-de-sus-dos-subsecretarias\/#respond\"]}]},{\"@type\":\"WebPage\",\"@id\":\"https:\/\/nitu.mx\/index.php\/2020\/08\/16\/sectur-contempla-eliminar-una-de-sus-dos-subsecretarias\/\",\"url\":\"https:\/\/nitu.mx\/index.php\/2020\/08\/16\/sectur-contempla-eliminar-una-de-sus-dos-subsecretarias\/\",\"name\":\"Sectur contempla eliminar una de sus dos subsecretar\u00edas - Nitu - Noticias de la Industria Turistica\",\"isPartOf\":{\"@id\":\"https:\/\/nitu.mx\/#website\"},\"primaryImageOfPage\":{\"@id\":\"https:\/\/nitu.mx\/index.php\/2020\/08\/16\/sectur-contempla-eliminar-una-de-sus-dos-subsecretarias\/#primaryimage\"},\"image\":{\"@id\":\"https:\/\/nitu.mx\/index.php\/2020\/08\/16\/sectur-contempla-eliminar-una-de-sus-dos-subsecretarias\/#primaryimage\"},\"thumbnailUrl\":\"https:\/\/nitu.mx\/wp-content\/uploads\/2020\/07\/oficina-sectur-cdmx.jpg\",\"datePublished\":\"2020-08-17T03:22:09+00:00\",\"dateModified\":\"2020-08-17T05:25:43+00:00\",\"breadcrumb\":{\"@id\":\"https:\/\/nitu.mx\/index.php\/2020\/08\/16\/sectur-contempla-eliminar-una-de-sus-dos-subsecretarias\/#breadcrumb\"},\"inLanguage\":\"es-MX\",\"potentialAction\":[{\"@type\":\"ReadAction\",\"target\":[\"https:\/\/nitu.mx\/index.php\/2020\/08\/16\/sectur-contempla-eliminar-una-de-sus-dos-subsecretarias\/\"]}]},{\"@type\":\"ImageObject\",\"inLanguage\":\"es-MX\",\"@id\":\"https:\/\/nitu.mx\/index.php\/2020\/08\/16\/sectur-contempla-eliminar-una-de-sus-dos-subsecretarias\/#primaryimage\",\"url\":\"https:\/\/nitu.mx\/wp-content\/uploads\/2020\/07\/oficina-sectur-cdmx.jpg\",\"contentUrl\":\"https:\/\/nitu.mx\/wp-content\/uploads\/2020\/07\/oficina-sectur-cdmx.jpg\",\"width\":850,\"height\":480},{\"@type\":\"BreadcrumbList\",\"@id\":\"https:\/\/nitu.mx\/index.php\/2020\/08\/16\/sectur-contempla-eliminar-una-de-sus-dos-subsecretarias\/#breadcrumb\",\"itemListElement\":[{\"@type\":\"ListItem\",\"position\":1,\"name\":\"Inicio\",\"item\":\"https:\/\/nitu.mx\/\"},{\"@type\":\"ListItem\",\"position\":2,\"name\":\"Sectur contempla eliminar una de sus dos subsecretar\u00edas\"}]},{\"@type\":\"WebSite\",\"@id\":\"https:\/\/nitu.mx\/#website\",\"url\":\"https:\/\/nitu.mx\/\",\"name\":\"Nitu - Noticias de la Industria Turistica\",\"description\":\"Noticias de la Industria Turistica\",\"publisher\":{\"@id\":\"https:\/\/nitu.mx\/#\/schema\/person\/ae7a53426417292d3dd07b45a33e01bc\"},\"alternateName\":\"Noticias de la Industria Turistica\",\"potentialAction\":[{\"@type\":\"SearchAction\",\"target\":{\"@type\":\"EntryPoint\",\"urlTemplate\":\"https:\/\/nitu.mx\/?s={search_term_string}\"},\"query-input\":\"required name=search_term_string\"}],\"inLanguage\":\"es-MX\"},{\"@type\":[\"Person\",\"Organization\"],\"@id\":\"https:\/\/nitu.mx\/#\/schema\/person\/ae7a53426417292d3dd07b45a33e01bc\",\"name\":\"Arturo Medina\",\"image\":{\"@type\":\"ImageObject\",\"inLanguage\":\"es-MX\",\"@id\":\"https:\/\/nitu.mx\/#\/schema\/person\/image\/\",\"url\":\"https:\/\/nitu.mx\/wp-content\/uploads\/2024\/04\/4A315622-1904-4D5C-B022-878CDC840E04-90x90-1.jpeg\",\"contentUrl\":\"https:\/\/nitu.mx\/wp-content\/uploads\/2024\/04\/4A315622-1904-4D5C-B022-878CDC840E04-90x90-1.jpeg\",\"width\":90,\"height\":90,\"caption\":\"Arturo Medina\"},\"logo\":{\"@id\":\"https:\/\/nitu.mx\/#\/schema\/person\/image\/\"},\"description\":\"Director NITU.mx, Egresado de la Escuela de Periodismo Carlos Septi\u00e9n Garc\u00eda. Periodista y analista especializado en turismo desde hace 35 a\u00f1os, radicado en Canc\u00fan Q.Roo. arturo@nitu.mx\",\"sameAs\":[\"https:\/\/nitu.mx\",\"https:\/\/www.facebook.com\/NITUmx\/\",\"medinacancun\",\"https:\/\/twitter.com\/@Arturo_Medina_G\"]},{\"@type\":\"Person\",\"@id\":\"https:\/\/nitu.mx\/#\/schema\/person\/afc52e313e27e660739556d421d3d6b4\",\"name\":\"Mari Soto\",\"image\":{\"@type\":\"ImageObject\",\"inLanguage\":\"es-MX\",\"@id\":\"https:\/\/nitu.mx\/#\/schema\/person\/image\/\",\"url\":\"https:\/\/secure.gravatar.com\/avatar\/2619c282a180a20d89fcaea82a6736e2?s=96&d=mm&r=g\",\"contentUrl\":\"https:\/\/secure.gravatar.com\/avatar\/2619c282a180a20d89fcaea82a6736e2?s=96&d=mm&r=g\",\"caption\":\"Mari Soto\"},\"sameAs\":[\"https:\/\/nitu.mx\"],\"url\":\"https:\/\/nitu.mx\/index.php\/author\/guadalupe\/\"}]}<\/script>\n<!-- \/ Yoast SEO plugin. -->","yoast_head_json":{"title":"Sectur contempla eliminar una de sus dos subsecretar\u00edas - Nitu - Noticias de la Industria Turistica","robots":{"index":"index","follow":"follow","max-snippet":"max-snippet:-1","max-image-preview":"max-image-preview:large","max-video-preview":"max-video-preview:-1"},"canonical":"https:\/\/nitu.mx\/index.php\/2020\/08\/16\/sectur-contempla-eliminar-una-de-sus-dos-subsecretarias\/","twitter_card":"summary_large_image","twitter_title":"Sectur contempla eliminar una de sus dos subsecretar\u00edas - Nitu - Noticias de la Industria Turistica","twitter_description":"Seg\u00fan versiones de distintos medios, este lunes la Secretar\u00eda de Turismo (Sectur) desaparecer\u00e1 la Subsecretar\u00eda de Planeaci\u00f3n y Pol\u00edtica Tur\u00edstica, que encabeza Alejandro Aguilera G\u00f3mez, debido a los fuertes recortes presupuestales que hay sobre la dependencia. Como hemos informado en NITU.mx, Sectur ha sido uno de los organismos m\u00e1s castigados en t\u00e9rminos de recursos, incluso [&hellip;]","twitter_image":"https:\/\/nitu.mx\/wp-content\/uploads\/2020\/07\/oficina-sectur-cdmx.jpg","twitter_creator":"@NITUmx","twitter_site":"@Arturo_Medina_G","twitter_misc":{"Escrito por":"Mari Soto","Tiempo de lectura":"2 minutos"},"schema":{"@context":"https:\/\/schema.org","@graph":[{"@type":"Article","@id":"https:\/\/nitu.mx\/index.php\/2020\/08\/16\/sectur-contempla-eliminar-una-de-sus-dos-subsecretarias\/#article","isPartOf":{"@id":"https:\/\/nitu.mx\/index.php\/2020\/08\/16\/sectur-contempla-eliminar-una-de-sus-dos-subsecretarias\/"},"author":{"name":"Mari Soto","@id":"https:\/\/nitu.mx\/#\/schema\/person\/afc52e313e27e660739556d421d3d6b4"},"headline":"Sectur contempla eliminar una de sus dos subsecretar\u00edas","datePublished":"2020-08-17T03:22:09+00:00","dateModified":"2020-08-17T05:25:43+00:00","mainEntityOfPage":{"@id":"https:\/\/nitu.mx\/index.php\/2020\/08\/16\/sectur-contempla-eliminar-una-de-sus-dos-subsecretarias\/"},"wordCount":449,"commentCount":0,"publisher":{"@id":"https:\/\/nitu.mx\/#\/schema\/person\/ae7a53426417292d3dd07b45a33e01bc"},"image":{"@id":"https:\/\/nitu.mx\/index.php\/2020\/08\/16\/sectur-contempla-eliminar-una-de-sus-dos-subsecretarias\/#primaryimage"},"thumbnailUrl":"https:\/\/nitu.mx\/wp-content\/uploads\/2020\/07\/oficina-sectur-cdmx.jpg","keywords":["Alejandro Aguilera","Humberto Hern\u00e1ndez","Miguel Torruco","Sectur"],"articleSection":["Marketing"],"inLanguage":"es-MX","potentialAction":[{"@type":"CommentAction","name":"Comment","target":["https:\/\/nitu.mx\/index.php\/2020\/08\/16\/sectur-contempla-eliminar-una-de-sus-dos-subsecretarias\/#respond"]}]},{"@type":"WebPage","@id":"https:\/\/nitu.mx\/index.php\/2020\/08\/16\/sectur-contempla-eliminar-una-de-sus-dos-subsecretarias\/","url":"https:\/\/nitu.mx\/index.php\/2020\/08\/16\/sectur-contempla-eliminar-una-de-sus-dos-subsecretarias\/","name":"Sectur contempla eliminar una de sus dos subsecretar\u00edas - Nitu - Noticias de la Industria Turistica","isPartOf":{"@id":"https:\/\/nitu.mx\/#website"},"primaryImageOfPage":{"@id":"https:\/\/nitu.mx\/index.php\/2020\/08\/16\/sectur-contempla-eliminar-una-de-sus-dos-subsecretarias\/#primaryimage"},"image":{"@id":"https:\/\/nitu.mx\/index.php\/2020\/08\/16\/sectur-contempla-eliminar-una-de-sus-dos-subsecretarias\/#primaryimage"},"thumbnailUrl":"https:\/\/nitu.mx\/wp-content\/uploads\/2020\/07\/oficina-sectur-cdmx.jpg","datePublished":"2020-08-17T03:22:09+00:00","dateModified":"2020-08-17T05:25:43+00:00","breadcrumb":{"@id":"https:\/\/nitu.mx\/index.php\/2020\/08\/16\/sectur-contempla-eliminar-una-de-sus-dos-subsecretarias\/#breadcrumb"},"inLanguage":"es-MX","potentialAction":[{"@type":"ReadAction","target":["https:\/\/nitu.mx\/index.php\/2020\/08\/16\/sectur-contempla-eliminar-una-de-sus-dos-subsecretarias\/"]}]},{"@type":"ImageObject","inLanguage":"es-MX","@id":"https:\/\/nitu.mx\/index.php\/2020\/08\/16\/sectur-contempla-eliminar-una-de-sus-dos-subsecretarias\/#primaryimage","url":"https:\/\/nitu.mx\/wp-content\/uploads\/2020\/07\/oficina-sectur-cdmx.jpg","contentUrl":"https:\/\/nitu.mx\/wp-content\/uploads\/2020\/07\/oficina-sectur-cdmx.jpg","width":850,"height":480},{"@type":"BreadcrumbList","@id":"https:\/\/nitu.mx\/index.php\/2020\/08\/16\/sectur-contempla-eliminar-una-de-sus-dos-subsecretarias\/#breadcrumb","itemListElement":[{"@type":"ListItem","position":1,"name":"Inicio","item":"https:\/\/nitu.mx\/"},{"@type":"ListItem","position":2,"name":"Sectur contempla eliminar una de sus dos subsecretar\u00edas"}]},{"@type":"WebSite","@id":"https:\/\/nitu.mx\/#website","url":"https:\/\/nitu.mx\/","name":"Nitu - Noticias de la Industria Turistica","description":"Noticias de la Industria Turistica","publisher":{"@id":"https:\/\/nitu.mx\/#\/schema\/person\/ae7a53426417292d3dd07b45a33e01bc"},"alternateName":"Noticias de la Industria Turistica","potentialAction":[{"@type":"SearchAction","target":{"@type":"EntryPoint","urlTemplate":"https:\/\/nitu.mx\/?s={search_term_string}"},"query-input":"required name=search_term_string"}],"inLanguage":"es-MX"},{"@type":["Person","Organization"],"@id":"https:\/\/nitu.mx\/#\/schema\/person\/ae7a53426417292d3dd07b45a33e01bc","name":"Arturo Medina","image":{"@type":"ImageObject","inLanguage":"es-MX","@id":"https:\/\/nitu.mx\/#\/schema\/person\/image\/","url":"https:\/\/nitu.mx\/wp-content\/uploads\/2024\/04\/4A315622-1904-4D5C-B022-878CDC840E04-90x90-1.jpeg","contentUrl":"https:\/\/nitu.mx\/wp-content\/uploads\/2024\/04\/4A315622-1904-4D5C-B022-878CDC840E04-90x90-1.jpeg","width":90,"height":90,"caption":"Arturo Medina"},"logo":{"@id":"https:\/\/nitu.mx\/#\/schema\/person\/image\/"},"description":"Director NITU.mx, Egresado de la Escuela de Periodismo Carlos Septi\u00e9n Garc\u00eda. Periodista y analista especializado en turismo desde hace 35 a\u00f1os, radicado en Canc\u00fan Q.Roo. arturo@nitu.mx","sameAs":["https:\/\/nitu.mx","https:\/\/www.facebook.com\/NITUmx\/","medinacancun","https:\/\/twitter.com\/@Arturo_Medina_G"]},{"@type":"Person","@id":"https:\/\/nitu.mx\/#\/schema\/person\/afc52e313e27e660739556d421d3d6b4","name":"Mari Soto","image":{"@type":"ImageObject","inLanguage":"es-MX","@id":"https:\/\/nitu.mx\/#\/schema\/person\/image\/","url":"https:\/\/secure.gravatar.com\/avatar\/2619c282a180a20d89fcaea82a6736e2?s=96&d=mm&r=g","contentUrl":"https:\/\/secure.gravatar.com\/avatar\/2619c282a180a20d89fcaea82a6736e2?s=96&d=mm&r=g","caption":"Mari Soto"},"sameAs":["https:\/\/nitu.mx"],"url":"https:\/\/nitu.mx\/index.php\/author\/guadalupe\/"}]}},"views":733,"_links":{"self":[{"href":"https:\/\/nitu.mx\/index.php\/wp-json\/wp\/v2\/posts\/45378"}],"collection":[{"href":"https:\/\/nitu.mx\/index.php\/wp-json\/wp\/v2\/posts"}],"about":[{"href":"https:\/\/nitu.mx\/index.php\/wp-json\/wp\/v2\/types\/post"}],"author":[{"embeddable":true,"href":"https:\/\/nitu.mx\/index.php\/wp-json\/wp\/v2\/users\/5"}],"replies":[{"embeddable":true,"href":"https:\/\/nitu.mx\/index.php\/wp-json\/wp\/v2\/comments?post=45378"}],"version-history":[{"count":4,"href":"https:\/\/nitu.mx\/index.php\/wp-json\/wp\/v2\/posts\/45378\/revisions"}],"predecessor-version":[{"id":45391,"href":"https:\/\/nitu.mx\/index.php\/wp-json\/wp\/v2\/posts\/45378\/revisions\/45391"}],"wp:featuredmedia":[{"embeddable":true,"href":"https:\/\/nitu.mx\/index.php\/wp-json\/wp\/v2\/media\/44612"}],"wp:attachment":[{"href":"https:\/\/nitu.mx\/index.php\/wp-json\/wp\/v2\/media?parent=45378"}],"wp:term":[{"taxonomy":"category","embeddable":true,"href":"https:\/\/nitu.mx\/index.php\/wp-json\/wp\/v2\/categories?post=45378"},{"taxonomy":"post_tag","embeddable":true,"href":"https:\/\/nitu.mx\/index.php\/wp-json\/wp\/v2\/tags?post=45378"}],"curies":[{"name":"wp","href":"https:\/\/api.w.org\/{rel}","templated":true}]}}