{"id":45373,"date":"2020-08-17T00:10:44","date_gmt":"2020-08-17T05:10:44","guid":{"rendered":"https:\/\/www.dev.nitu.mx\/?p=45373"},"modified":"2020-08-17T00:23:41","modified_gmt":"2020-08-17T05:23:41","slug":"en-septiembre-reinicia-conectividad-aerea-de-cancun-con-sudamerica","status":"publish","type":"post","link":"https:\/\/nitu.mx\/index.php\/2020\/08\/17\/en-septiembre-reinicia-conectividad-aerea-de-cancun-con-sudamerica\/","title":{"rendered":"En septiembre reinicia conectividad a\u00e9rea de Canc\u00fan con Sudam\u00e9rica"},"content":{"rendered":"\n<p>A partir de septiembre pr\u00f3ximo est\u00e1 previsto el reinicio de la conectividad a\u00e9rea de Canc\u00fan con Sudam\u00e9rica, la cual se interrumpi\u00f3 desde la segunda quincena de marzo por el cierre de fronteras y dem\u00e1s restricciones impuestas a nivel internacional por la pandemia de Covid-19.<\/p>\n\n\n\n<p>Dar\u00edo Flota Ocampo, director del Consejo de Promoci\u00f3n Tur\u00edstica de Quintana Roo, coment\u00f3 que esto es un paso m\u00e1s en la reactivaci\u00f3n de la industria tur\u00edstica, la cual avanza conforme lo previsto y permite anticipar que antes de que concluya el a\u00f1o, la entidad logre una ocupaci\u00f3n hotelera generalizada de 60 por ciento.<\/p>\n\n\n\n<p>\u201cEstamos de acuerdo en cuanto a lo que el sem\u00e1foro en color naranja permite, que era 30% de ocupaci\u00f3n como m\u00e1ximo. Se est\u00e1 logrando la recuperaci\u00f3n de vuelos; ahorita ya tenemos 40% de lo que a estas alturas ten\u00edamos en cuanto a llegadas del a\u00f1o pasado, pero eso va a seguir increment\u00e1ndose y necesitamos ya saltar al sem\u00e1foro amarillo\u201d, coment\u00f3.<\/p>\n\n\n\n<p>Las reactivaciones de vuelos m\u00e1s pr\u00f3ximas son las provenientes de Chile, Per\u00fa, Argentina, Brasil, Ecuador y principalmente Colombia por el n\u00famero de frecuencias, muchas de las cuales hacen escala en Panam\u00e1 para despu\u00e9s aterrizar finalmente en Canc\u00fan.<\/p>\n\n\n\n<p>En el 2019, el marcado de Per\u00fa signific\u00f3 para el Caribe mexicano la atracci\u00f3n de 219,690 visitantes; mientras que Colombia emiti\u00f3 un total de 203,938 durante el a\u00f1o pasado; en tercer lugar de mercados latinoamericanos se situ\u00f3 Cuba con 196,938 viajeros.<\/p>\n\n\n\n<p>Flota Ocampo explic\u00f3 que adem\u00e1s de la reactivaci\u00f3n sudamericana ya est\u00e1 anunciada la normalizaci\u00f3n de varias frecuencias desde Estados Unidos, as\u00ed como la incorporaci\u00f3n de nuevas rutas tambi\u00e9n desde el vecino pa\u00eds del norte.<\/p>\n\n\n\n<p>\u201cTenemos anuncios de la reincorporaci\u00f3n de frecuencias a\u00e9reas, las rutas van a ir creciendo y vamos a llegar al l\u00edmite si no seguimos avanzando en el sem\u00e1foro hacia el color amarillo, que ya permite una ocupaci\u00f3n hotelera m\u00e1xima de 60%; por ejemplo, hay una ruta de Nueva York que hoy s\u00f3lo tiene dos frecuencias a la semana, pero ya en breve comenzar\u00e1 a normalizarse a un vuelo diario; American Airlines ofreci\u00f3 que a partir de octubre tendr\u00edan todas las frecuencias abiertas como estaban antes de la epidemia; s\u00f3lo nos falta Alaska Airlines que iniciar\u00e1, esa s\u00ed, una ruta nueva desde San Diego a\u00fan con fecha por determinar\u201d, explic\u00f3 el funcionario.<\/p>\n\n\n\n<p><strong>Cercano el sem\u00e1foro amarillo<\/strong><\/p>\n\n\n\n<p>El gobernador de Quintana Roo, Carlos Joaqu\u00edn Gonz\u00e1lez, anunci\u00f3 a finales de julio que el cambio del sem\u00e1foro epidemiol\u00f3gico de naranja a amarillo estaba muy cerca para la entidad, dada la desaceleraci\u00f3n en el n\u00famero de contagios durante la \u00faltima quincena del mes pasado.<\/p>\n\n\n\n<p>\u201cLes invito a que pongamos especial atenci\u00f3n en la zona norte de Quintana Roo, porque estamos bien cerca de la posibilidad de alcanzar el color amarillo si disminuimos el n\u00famero de casos, que a su vez genera una disminuci\u00f3n en la ocupaci\u00f3n hospitalaria\u201d, dijo Joaqu\u00edn Gonz\u00e1lez. (Con informaci\u00f3n de El Economista).<\/p>\n","protected":false},"excerpt":{"rendered":"<p>A partir de septiembre pr\u00f3ximo est\u00e1 previsto el reinicio de la conectividad a\u00e9rea de Canc\u00fan con Sudam\u00e9rica, la cual se interrumpi\u00f3 desde la segunda quincena de marzo por el cierre de fronteras y dem\u00e1s restricciones impuestas a nivel internacional por la pandemia de Covid-19. Dar\u00edo Flota Ocampo, director del Consejo de Promoci\u00f3n Tur\u00edstica de Quintana [&hellip;]<\/p>\n","protected":false},"author":17,"featured_media":6695,"comment_status":"open","ping_status":"open","sticky":false,"template":"","format":"standard","meta":{"footnotes":""},"categories":[29,18475],"tags":[43,3695,20340,249],"yoast_head":"<!-- This site is optimized with the Yoast SEO plugin v22.2 - https:\/\/yoast.com\/wordpress\/plugins\/seo\/ -->\n<title>En septiembre reinicia conectividad a\u00e9rea de Canc\u00fan con Sudam\u00e9rica - Nitu - Noticias de la Industria Turistica<\/title>\n<meta name=\"robots\" content=\"index, follow, max-snippet:-1, max-image-preview:large, max-video-preview:-1\" \/>\n<link rel=\"canonical\" href=\"https:\/\/nitu.mx\/index.php\/2020\/08\/17\/en-septiembre-reinicia-conectividad-aerea-de-cancun-con-sudamerica\/\" \/>\n<meta name=\"twitter:card\" content=\"summary_large_image\" \/>\n<meta name=\"twitter:title\" content=\"En septiembre reinicia conectividad a\u00e9rea de Canc\u00fan con Sudam\u00e9rica - Nitu - Noticias de la Industria Turistica\" \/>\n<meta name=\"twitter:description\" content=\"A partir de septiembre pr\u00f3ximo est\u00e1 previsto el reinicio de la conectividad a\u00e9rea de Canc\u00fan con Sudam\u00e9rica, la cual se interrumpi\u00f3 desde la segunda quincena de marzo por el cierre de fronteras y dem\u00e1s restricciones impuestas a nivel internacional por la pandemia de Covid-19. Dar\u00edo Flota Ocampo, director del Consejo de Promoci\u00f3n Tur\u00edstica de Quintana [&hellip;]\" \/>\n<meta name=\"twitter:image\" content=\"https:\/\/nitu.mx\/wp-content\/uploads\/2017\/02\/Aeropuerto-Canc\u00fan.jpg\" \/>\n<meta name=\"twitter:creator\" content=\"@NITUmx\" \/>\n<meta name=\"twitter:site\" content=\"@Arturo_Medina_G\" \/>\n<meta name=\"twitter:label1\" content=\"Escrito por\" \/>\n\t<meta name=\"twitter:data1\" content=\"Redacci\u00f3n\" \/>\n\t<meta name=\"twitter:label2\" content=\"Tiempo de lectura\" \/>\n\t<meta name=\"twitter:data2\" content=\"3 minutos\" \/>\n<script type=\"application\/ld+json\" class=\"yoast-schema-graph\">{\"@context\":\"https:\/\/schema.org\",\"@graph\":[{\"@type\":\"Article\",\"@id\":\"https:\/\/nitu.mx\/index.php\/2020\/08\/17\/en-septiembre-reinicia-conectividad-aerea-de-cancun-con-sudamerica\/#article\",\"isPartOf\":{\"@id\":\"https:\/\/nitu.mx\/index.php\/2020\/08\/17\/en-septiembre-reinicia-conectividad-aerea-de-cancun-con-sudamerica\/\"},\"author\":{\"name\":\"Redacci\u00f3n\",\"@id\":\"https:\/\/nitu.mx\/#\/schema\/person\/4a28fe9bd65924f7c90623773daf1b0b\"},\"headline\":\"En septiembre reinicia conectividad a\u00e9rea de Canc\u00fan con Sudam\u00e9rica\",\"datePublished\":\"2020-08-17T05:10:44+00:00\",\"dateModified\":\"2020-08-17T05:23:41+00:00\",\"mainEntityOfPage\":{\"@id\":\"https:\/\/nitu.mx\/index.php\/2020\/08\/17\/en-septiembre-reinicia-conectividad-aerea-de-cancun-con-sudamerica\/\"},\"wordCount\":540,\"commentCount\":0,\"publisher\":{\"@id\":\"https:\/\/nitu.mx\/#\/schema\/person\/ae7a53426417292d3dd07b45a33e01bc\"},\"image\":{\"@id\":\"https:\/\/nitu.mx\/index.php\/2020\/08\/17\/en-septiembre-reinicia-conectividad-aerea-de-cancun-con-sudamerica\/#primaryimage\"},\"thumbnailUrl\":\"https:\/\/nitu.mx\/wp-content\/uploads\/2017\/02\/Aeropuerto-Canc\u00fan.jpg\",\"keywords\":[\"Canc\u00fan\",\"conectividad a\u00e9rea\",\"CPTQ Dar\u00edo Flota Ocampo\",\"Sudam\u00e9rica\"],\"articleSection\":[\"Aerol\u00edneas\",\"Caribe Mexicano\"],\"inLanguage\":\"es-MX\",\"potentialAction\":[{\"@type\":\"CommentAction\",\"name\":\"Comment\",\"target\":[\"https:\/\/nitu.mx\/index.php\/2020\/08\/17\/en-septiembre-reinicia-conectividad-aerea-de-cancun-con-sudamerica\/#respond\"]}]},{\"@type\":\"WebPage\",\"@id\":\"https:\/\/nitu.mx\/index.php\/2020\/08\/17\/en-septiembre-reinicia-conectividad-aerea-de-cancun-con-sudamerica\/\",\"url\":\"https:\/\/nitu.mx\/index.php\/2020\/08\/17\/en-septiembre-reinicia-conectividad-aerea-de-cancun-con-sudamerica\/\",\"name\":\"En septiembre reinicia conectividad a\u00e9rea de Canc\u00fan con Sudam\u00e9rica - Nitu - Noticias de la Industria Turistica\",\"isPartOf\":{\"@id\":\"https:\/\/nitu.mx\/#website\"},\"primaryImageOfPage\":{\"@id\":\"https:\/\/nitu.mx\/index.php\/2020\/08\/17\/en-septiembre-reinicia-conectividad-aerea-de-cancun-con-sudamerica\/#primaryimage\"},\"image\":{\"@id\":\"https:\/\/nitu.mx\/index.php\/2020\/08\/17\/en-septiembre-reinicia-conectividad-aerea-de-cancun-con-sudamerica\/#primaryimage\"},\"thumbnailUrl\":\"https:\/\/nitu.mx\/wp-content\/uploads\/2017\/02\/Aeropuerto-Canc\u00fan.jpg\",\"datePublished\":\"2020-08-17T05:10:44+00:00\",\"dateModified\":\"2020-08-17T05:23:41+00:00\",\"breadcrumb\":{\"@id\":\"https:\/\/nitu.mx\/index.php\/2020\/08\/17\/en-septiembre-reinicia-conectividad-aerea-de-cancun-con-sudamerica\/#breadcrumb\"},\"inLanguage\":\"es-MX\",\"potentialAction\":[{\"@type\":\"ReadAction\",\"target\":[\"https:\/\/nitu.mx\/index.php\/2020\/08\/17\/en-septiembre-reinicia-conectividad-aerea-de-cancun-con-sudamerica\/\"]}]},{\"@type\":\"ImageObject\",\"inLanguage\":\"es-MX\",\"@id\":\"https:\/\/nitu.mx\/index.php\/2020\/08\/17\/en-septiembre-reinicia-conectividad-aerea-de-cancun-con-sudamerica\/#primaryimage\",\"url\":\"https:\/\/nitu.mx\/wp-content\/uploads\/2017\/02\/Aeropuerto-Canc\u00fan.jpg\",\"contentUrl\":\"https:\/\/nitu.mx\/wp-content\/uploads\/2017\/02\/Aeropuerto-Canc\u00fan.jpg\",\"width\":850,\"height\":480,\"caption\":\"Aeropuerto Internacional de Canc\u00fan Centro y Sudam\u00e9rica sismo Asur\"},{\"@type\":\"BreadcrumbList\",\"@id\":\"https:\/\/nitu.mx\/index.php\/2020\/08\/17\/en-septiembre-reinicia-conectividad-aerea-de-cancun-con-sudamerica\/#breadcrumb\",\"itemListElement\":[{\"@type\":\"ListItem\",\"position\":1,\"name\":\"Inicio\",\"item\":\"https:\/\/nitu.mx\/\"},{\"@type\":\"ListItem\",\"position\":2,\"name\":\"En septiembre reinicia conectividad a\u00e9rea de Canc\u00fan con Sudam\u00e9rica\"}]},{\"@type\":\"WebSite\",\"@id\":\"https:\/\/nitu.mx\/#website\",\"url\":\"https:\/\/nitu.mx\/\",\"name\":\"Nitu - Noticias de la Industria Turistica\",\"description\":\"Noticias de la Industria Turistica\",\"publisher\":{\"@id\":\"https:\/\/nitu.mx\/#\/schema\/person\/ae7a53426417292d3dd07b45a33e01bc\"},\"alternateName\":\"Noticias de la Industria Turistica\",\"potentialAction\":[{\"@type\":\"SearchAction\",\"target\":{\"@type\":\"EntryPoint\",\"urlTemplate\":\"https:\/\/nitu.mx\/?s={search_term_string}\"},\"query-input\":\"required name=search_term_string\"}],\"inLanguage\":\"es-MX\"},{\"@type\":[\"Person\",\"Organization\"],\"@id\":\"https:\/\/nitu.mx\/#\/schema\/person\/ae7a53426417292d3dd07b45a33e01bc\",\"name\":\"Arturo Medina\",\"image\":{\"@type\":\"ImageObject\",\"inLanguage\":\"es-MX\",\"@id\":\"https:\/\/nitu.mx\/#\/schema\/person\/image\/\",\"url\":\"https:\/\/nitu.mx\/wp-content\/uploads\/2024\/04\/4A315622-1904-4D5C-B022-878CDC840E04-90x90-1.jpeg\",\"contentUrl\":\"https:\/\/nitu.mx\/wp-content\/uploads\/2024\/04\/4A315622-1904-4D5C-B022-878CDC840E04-90x90-1.jpeg\",\"width\":90,\"height\":90,\"caption\":\"Arturo Medina\"},\"logo\":{\"@id\":\"https:\/\/nitu.mx\/#\/schema\/person\/image\/\"},\"description\":\"Director NITU.mx, Egresado de la Escuela de Periodismo Carlos Septi\u00e9n Garc\u00eda. Periodista y analista especializado en turismo desde hace 35 a\u00f1os, radicado en Canc\u00fan Q.Roo. arturo@nitu.mx\",\"sameAs\":[\"https:\/\/nitu.mx\",\"https:\/\/www.facebook.com\/NITUmx\/\",\"medinacancun\",\"https:\/\/twitter.com\/@Arturo_Medina_G\"]},{\"@type\":\"Person\",\"@id\":\"https:\/\/nitu.mx\/#\/schema\/person\/4a28fe9bd65924f7c90623773daf1b0b\",\"name\":\"Redacci\u00f3n\",\"image\":{\"@type\":\"ImageObject\",\"inLanguage\":\"es-MX\",\"@id\":\"https:\/\/nitu.mx\/#\/schema\/person\/image\/\",\"url\":\"https:\/\/secure.gravatar.com\/avatar\/5dd011c8ccfc5cd7e4c81e42252aab38?s=96&d=mm&r=g\",\"contentUrl\":\"https:\/\/secure.gravatar.com\/avatar\/5dd011c8ccfc5cd7e4c81e42252aab38?s=96&d=mm&r=g\",\"caption\":\"Redacci\u00f3n\"},\"url\":\"https:\/\/nitu.mx\/index.php\/author\/redaccion\/\"}]}<\/script>\n<!-- \/ Yoast SEO plugin. -->","yoast_head_json":{"title":"En septiembre reinicia conectividad a\u00e9rea de Canc\u00fan con Sudam\u00e9rica - Nitu - Noticias de la Industria Turistica","robots":{"index":"index","follow":"follow","max-snippet":"max-snippet:-1","max-image-preview":"max-image-preview:large","max-video-preview":"max-video-preview:-1"},"canonical":"https:\/\/nitu.mx\/index.php\/2020\/08\/17\/en-septiembre-reinicia-conectividad-aerea-de-cancun-con-sudamerica\/","twitter_card":"summary_large_image","twitter_title":"En septiembre reinicia conectividad a\u00e9rea de Canc\u00fan con Sudam\u00e9rica - Nitu - Noticias de la Industria Turistica","twitter_description":"A partir de septiembre pr\u00f3ximo est\u00e1 previsto el reinicio de la conectividad a\u00e9rea de Canc\u00fan con Sudam\u00e9rica, la cual se interrumpi\u00f3 desde la segunda quincena de marzo por el cierre de fronteras y dem\u00e1s restricciones impuestas a nivel internacional por la pandemia de Covid-19. Dar\u00edo Flota Ocampo, director del Consejo de Promoci\u00f3n Tur\u00edstica de Quintana [&hellip;]","twitter_image":"https:\/\/nitu.mx\/wp-content\/uploads\/2017\/02\/Aeropuerto-Canc\u00fan.jpg","twitter_creator":"@NITUmx","twitter_site":"@Arturo_Medina_G","twitter_misc":{"Escrito por":"Redacci\u00f3n","Tiempo de lectura":"3 minutos"},"schema":{"@context":"https:\/\/schema.org","@graph":[{"@type":"Article","@id":"https:\/\/nitu.mx\/index.php\/2020\/08\/17\/en-septiembre-reinicia-conectividad-aerea-de-cancun-con-sudamerica\/#article","isPartOf":{"@id":"https:\/\/nitu.mx\/index.php\/2020\/08\/17\/en-septiembre-reinicia-conectividad-aerea-de-cancun-con-sudamerica\/"},"author":{"name":"Redacci\u00f3n","@id":"https:\/\/nitu.mx\/#\/schema\/person\/4a28fe9bd65924f7c90623773daf1b0b"},"headline":"En septiembre reinicia conectividad a\u00e9rea de Canc\u00fan con Sudam\u00e9rica","datePublished":"2020-08-17T05:10:44+00:00","dateModified":"2020-08-17T05:23:41+00:00","mainEntityOfPage":{"@id":"https:\/\/nitu.mx\/index.php\/2020\/08\/17\/en-septiembre-reinicia-conectividad-aerea-de-cancun-con-sudamerica\/"},"wordCount":540,"commentCount":0,"publisher":{"@id":"https:\/\/nitu.mx\/#\/schema\/person\/ae7a53426417292d3dd07b45a33e01bc"},"image":{"@id":"https:\/\/nitu.mx\/index.php\/2020\/08\/17\/en-septiembre-reinicia-conectividad-aerea-de-cancun-con-sudamerica\/#primaryimage"},"thumbnailUrl":"https:\/\/nitu.mx\/wp-content\/uploads\/2017\/02\/Aeropuerto-Canc\u00fan.jpg","keywords":["Canc\u00fan","conectividad a\u00e9rea","CPTQ Dar\u00edo Flota Ocampo","Sudam\u00e9rica"],"articleSection":["Aerol\u00edneas","Caribe Mexicano"],"inLanguage":"es-MX","potentialAction":[{"@type":"CommentAction","name":"Comment","target":["https:\/\/nitu.mx\/index.php\/2020\/08\/17\/en-septiembre-reinicia-conectividad-aerea-de-cancun-con-sudamerica\/#respond"]}]},{"@type":"WebPage","@id":"https:\/\/nitu.mx\/index.php\/2020\/08\/17\/en-septiembre-reinicia-conectividad-aerea-de-cancun-con-sudamerica\/","url":"https:\/\/nitu.mx\/index.php\/2020\/08\/17\/en-septiembre-reinicia-conectividad-aerea-de-cancun-con-sudamerica\/","name":"En septiembre reinicia conectividad a\u00e9rea de Canc\u00fan con Sudam\u00e9rica - Nitu - Noticias de la Industria Turistica","isPartOf":{"@id":"https:\/\/nitu.mx\/#website"},"primaryImageOfPage":{"@id":"https:\/\/nitu.mx\/index.php\/2020\/08\/17\/en-septiembre-reinicia-conectividad-aerea-de-cancun-con-sudamerica\/#primaryimage"},"image":{"@id":"https:\/\/nitu.mx\/index.php\/2020\/08\/17\/en-septiembre-reinicia-conectividad-aerea-de-cancun-con-sudamerica\/#primaryimage"},"thumbnailUrl":"https:\/\/nitu.mx\/wp-content\/uploads\/2017\/02\/Aeropuerto-Canc\u00fan.jpg","datePublished":"2020-08-17T05:10:44+00:00","dateModified":"2020-08-17T05:23:41+00:00","breadcrumb":{"@id":"https:\/\/nitu.mx\/index.php\/2020\/08\/17\/en-septiembre-reinicia-conectividad-aerea-de-cancun-con-sudamerica\/#breadcrumb"},"inLanguage":"es-MX","potentialAction":[{"@type":"ReadAction","target":["https:\/\/nitu.mx\/index.php\/2020\/08\/17\/en-septiembre-reinicia-conectividad-aerea-de-cancun-con-sudamerica\/"]}]},{"@type":"ImageObject","inLanguage":"es-MX","@id":"https:\/\/nitu.mx\/index.php\/2020\/08\/17\/en-septiembre-reinicia-conectividad-aerea-de-cancun-con-sudamerica\/#primaryimage","url":"https:\/\/nitu.mx\/wp-content\/uploads\/2017\/02\/Aeropuerto-Canc\u00fan.jpg","contentUrl":"https:\/\/nitu.mx\/wp-content\/uploads\/2017\/02\/Aeropuerto-Canc\u00fan.jpg","width":850,"height":480,"caption":"Aeropuerto Internacional de Canc\u00fan Centro y Sudam\u00e9rica sismo Asur"},{"@type":"BreadcrumbList","@id":"https:\/\/nitu.mx\/index.php\/2020\/08\/17\/en-septiembre-reinicia-conectividad-aerea-de-cancun-con-sudamerica\/#breadcrumb","itemListElement":[{"@type":"ListItem","position":1,"name":"Inicio","item":"https:\/\/nitu.mx\/"},{"@type":"ListItem","position":2,"name":"En septiembre reinicia conectividad a\u00e9rea de Canc\u00fan con Sudam\u00e9rica"}]},{"@type":"WebSite","@id":"https:\/\/nitu.mx\/#website","url":"https:\/\/nitu.mx\/","name":"Nitu - Noticias de la Industria Turistica","description":"Noticias de la Industria Turistica","publisher":{"@id":"https:\/\/nitu.mx\/#\/schema\/person\/ae7a53426417292d3dd07b45a33e01bc"},"alternateName":"Noticias de la Industria Turistica","potentialAction":[{"@type":"SearchAction","target":{"@type":"EntryPoint","urlTemplate":"https:\/\/nitu.mx\/?s={search_term_string}"},"query-input":"required name=search_term_string"}],"inLanguage":"es-MX"},{"@type":["Person","Organization"],"@id":"https:\/\/nitu.mx\/#\/schema\/person\/ae7a53426417292d3dd07b45a33e01bc","name":"Arturo Medina","image":{"@type":"ImageObject","inLanguage":"es-MX","@id":"https:\/\/nitu.mx\/#\/schema\/person\/image\/","url":"https:\/\/nitu.mx\/wp-content\/uploads\/2024\/04\/4A315622-1904-4D5C-B022-878CDC840E04-90x90-1.jpeg","contentUrl":"https:\/\/nitu.mx\/wp-content\/uploads\/2024\/04\/4A315622-1904-4D5C-B022-878CDC840E04-90x90-1.jpeg","width":90,"height":90,"caption":"Arturo Medina"},"logo":{"@id":"https:\/\/nitu.mx\/#\/schema\/person\/image\/"},"description":"Director NITU.mx, Egresado de la Escuela de Periodismo Carlos Septi\u00e9n Garc\u00eda. Periodista y analista especializado en turismo desde hace 35 a\u00f1os, radicado en Canc\u00fan Q.Roo. arturo@nitu.mx","sameAs":["https:\/\/nitu.mx","https:\/\/www.facebook.com\/NITUmx\/","medinacancun","https:\/\/twitter.com\/@Arturo_Medina_G"]},{"@type":"Person","@id":"https:\/\/nitu.mx\/#\/schema\/person\/4a28fe9bd65924f7c90623773daf1b0b","name":"Redacci\u00f3n","image":{"@type":"ImageObject","inLanguage":"es-MX","@id":"https:\/\/nitu.mx\/#\/schema\/person\/image\/","url":"https:\/\/secure.gravatar.com\/avatar\/5dd011c8ccfc5cd7e4c81e42252aab38?s=96&d=mm&r=g","contentUrl":"https:\/\/secure.gravatar.com\/avatar\/5dd011c8ccfc5cd7e4c81e42252aab38?s=96&d=mm&r=g","caption":"Redacci\u00f3n"},"url":"https:\/\/nitu.mx\/index.php\/author\/redaccion\/"}]}},"views":321,"_links":{"self":[{"href":"https:\/\/nitu.mx\/index.php\/wp-json\/wp\/v2\/posts\/45373"}],"collection":[{"href":"https:\/\/nitu.mx\/index.php\/wp-json\/wp\/v2\/posts"}],"about":[{"href":"https:\/\/nitu.mx\/index.php\/wp-json\/wp\/v2\/types\/post"}],"author":[{"embeddable":true,"href":"https:\/\/nitu.mx\/index.php\/wp-json\/wp\/v2\/users\/17"}],"replies":[{"embeddable":true,"href":"https:\/\/nitu.mx\/index.php\/wp-json\/wp\/v2\/comments?post=45373"}],"version-history":[{"count":3,"href":"https:\/\/nitu.mx\/index.php\/wp-json\/wp\/v2\/posts\/45373\/revisions"}],"predecessor-version":[{"id":45396,"href":"https:\/\/nitu.mx\/index.php\/wp-json\/wp\/v2\/posts\/45373\/revisions\/45396"}],"wp:featuredmedia":[{"embeddable":true,"href":"https:\/\/nitu.mx\/index.php\/wp-json\/wp\/v2\/media\/6695"}],"wp:attachment":[{"href":"https:\/\/nitu.mx\/index.php\/wp-json\/wp\/v2\/media?parent=45373"}],"wp:term":[{"taxonomy":"category","embeddable":true,"href":"https:\/\/nitu.mx\/index.php\/wp-json\/wp\/v2\/categories?post=45373"},{"taxonomy":"post_tag","embeddable":true,"href":"https:\/\/nitu.mx\/index.php\/wp-json\/wp\/v2\/tags?post=45373"}],"curies":[{"name":"wp","href":"https:\/\/api.w.org\/{rel}","templated":true}]}}