{"id":45359,"date":"2020-08-14T20:47:30","date_gmt":"2020-08-15T01:47:30","guid":{"rendered":"https:\/\/www.dev.nitu.mx\/?p=45359"},"modified":"2020-08-14T20:48:44","modified_gmt":"2020-08-15T01:48:44","slug":"aeromexico-anuncia-nuevas-rutas-a-cancun-y-los-cabos-desde-guadalajara","status":"publish","type":"post","link":"https:\/\/nitu.mx\/index.php\/2020\/08\/14\/aeromexico-anuncia-nuevas-rutas-a-cancun-y-los-cabos-desde-guadalajara\/","title":{"rendered":"Aerom\u00e9xico anuncia nuevas rutas a Canc\u00fan y Los Cabos desde Guadalajara"},"content":{"rendered":"\n<p>Aerom\u00e9xico iniciar\u00e1 operaciones de dos nuevas rutas desde Guadalajara, una de ellas hacia Canc\u00fan y la otra a Los Cabos, ambas a partir del pr\u00f3ximo 10 de septiembre.<\/p>\n\n\n\n<p>La ruta Guadalajara-Canc\u00fan operar\u00e1 los siete d\u00edas de la semana con tarifas a partir de mil 340 pesos en Clase Turista y 3 mil 080 pesos en Clase Premier, en vuelo redondo. Estos precios no incluyen la Tarifa de Uso de Aeropuerto (TUA).<\/p>\n\n\n\n<p>Con este nuevo vuelo directo de Aerom\u00e9xico, los tapat\u00edos quedar\u00e1n conectados con Canc\u00fan y los destinos aleda\u00f1os como Isla Mujeres, la Riviera Maya y Cozumel, que se distinguen por sus playas turquesa y su arena blanca, as\u00ed como una amplia variedad de actividades para realizar.<\/p>\n\n\n\n<p>Dar\u00edo Flota, Director General del Consejo de Promoci\u00f3n Tur\u00edstica de Quintana Roo (CPTQ) coment\u00f3&nbsp;\u201cNos alegra mucho saber que Aerom\u00e9xico ofrecer\u00e1 a nuestros amigos tapat\u00edos una nueva alternativa para visitar Canc\u00fan. Esperamos que la ruta sea exitosa y que mucha gente de Guadalajara llegue a disfrutar de las bellezas del Caribe mexicano\u201d.<\/p>\n\n\n\n<p>En cuanto a la ruta a Los Cabos, esta ofrecer\u00e1 cinco frecuencias semanales, con precios desde 965 pesos en Clase Turista y 2 mil 705 pesos en Clase Premier. Los pasajeros podr\u00e1n disfrutar aqu\u00ed de atractivos como el emblem\u00e1tico arco de Cabo San Lucas, realizar tours en veh\u00edculos todo terreno y hasta disfrutar el avistamiento de ballenas.<\/p>\n\n\n\n<p>Luis Humberto Araiza L\u00f3pez, secretario de Turismo, Econom\u00eda y Sustentabilidad de Baja California Sur&nbsp;se\u00f1al\u00f3&nbsp;\u201cEl nuevo vuelo significa m\u00e1s empleos, mayor conectividad con el centro de M\u00e9xico y el fortalecimiento de nuestro turismo nacional, el cual seg\u00fan los analistas ser\u00e1 indispensable para recuperar el lugar que el turismo ocupa en M\u00e9xico\u201d. &nbsp;<\/p>\n\n\n\n<p>Por su parte, Giancarlo Mulinelli, Vicepresidente Senior de Ventas Globales de la aerol\u00ednea coment\u00f3 \u201cGuadalajara, Canc\u00fan y Los Cabos son destinos emblem\u00e1ticos de nuestro pa\u00eds. Su valor cultural, gastron\u00f3mico y tur\u00edstico es de enorme relevancia para M\u00e9xico y el mundo. Estamos orgullosos de&nbsp;&nbsp;anunciar estos nuevos vuelos\u201d.<\/p>\n\n\n\n<p>Con estas nuevas rutas, Aerom\u00e9xico atender\u00e1 desde Guadalajara siete de los nueve mercados m\u00e1s importantes para este destino: Ciudad de M\u00e9xico, Tijuana, Monterrey, Canc\u00fan, Los Cabos, Los \u00c1ngeles y Chicago.\u00a0(<a href=\"https:\/\/www.dev.nitu.mx\/index.php\/2020\/08\/11\/aeromexico-volaris-y-viva-aerobus-ven-repunte-de-pasajeros-en-julio\/\">Aerom\u00e9xico, Volaris y Viva Aerobus ven repunte de pasajeros en julio<\/a>)<\/p>\n","protected":false},"excerpt":{"rendered":"<p>Aerom\u00e9xico iniciar\u00e1 operaciones de dos nuevas rutas desde Guadalajara, una de ellas hacia Canc\u00fan y la otra a Los Cabos, ambas a partir del pr\u00f3ximo 10 de septiembre. La ruta Guadalajara-Canc\u00fan operar\u00e1 los siete d\u00edas de la semana con tarifas a partir de mil 340 pesos en Clase Turista y 3 mil 080 pesos en [&hellip;]<\/p>\n","protected":false},"author":18,"featured_media":29995,"comment_status":"open","ping_status":"open","sticky":false,"template":"","format":"standard","meta":{"footnotes":""},"categories":[29],"tags":[30,43,1812,4049,490,130],"yoast_head":"<!-- This site is optimized with the Yoast SEO plugin v22.2 - https:\/\/yoast.com\/wordpress\/plugins\/seo\/ -->\n<title>Aerom\u00e9xico anuncia nuevas rutas a Canc\u00fan y Los Cabos desde Guadalajara - Nitu - Noticias de la Industria Turistica<\/title>\n<meta name=\"robots\" content=\"index, follow, max-snippet:-1, max-image-preview:large, max-video-preview:-1\" \/>\n<link rel=\"canonical\" href=\"https:\/\/nitu.mx\/index.php\/2020\/08\/14\/aeromexico-anuncia-nuevas-rutas-a-cancun-y-los-cabos-desde-guadalajara\/\" \/>\n<meta name=\"twitter:card\" content=\"summary_large_image\" \/>\n<meta name=\"twitter:title\" content=\"Aerom\u00e9xico anuncia nuevas rutas a Canc\u00fan y Los Cabos desde Guadalajara - Nitu - Noticias de la Industria Turistica\" \/>\n<meta name=\"twitter:description\" content=\"Aerom\u00e9xico iniciar\u00e1 operaciones de dos nuevas rutas desde Guadalajara, una de ellas hacia Canc\u00fan y la otra a Los Cabos, ambas a partir del pr\u00f3ximo 10 de septiembre. La ruta Guadalajara-Canc\u00fan operar\u00e1 los siete d\u00edas de la semana con tarifas a partir de mil 340 pesos en Clase Turista y 3 mil 080 pesos en [&hellip;]\" \/>\n<meta name=\"twitter:image\" content=\"https:\/\/nitu.mx\/wp-content\/uploads\/2019\/03\/aeromexico-737-MAX.jpg\" \/>\n<meta name=\"twitter:creator\" content=\"@NITUmx\" \/>\n<meta name=\"twitter:site\" content=\"@Arturo_Medina_G\" \/>\n<meta name=\"twitter:label1\" content=\"Escrito por\" \/>\n\t<meta name=\"twitter:data1\" content=\"Guadalupe Sixto\" \/>\n\t<meta name=\"twitter:label2\" content=\"Tiempo de lectura\" \/>\n\t<meta name=\"twitter:data2\" content=\"2 minutos\" \/>\n<script type=\"application\/ld+json\" class=\"yoast-schema-graph\">{\"@context\":\"https:\/\/schema.org\",\"@graph\":[{\"@type\":\"Article\",\"@id\":\"https:\/\/nitu.mx\/index.php\/2020\/08\/14\/aeromexico-anuncia-nuevas-rutas-a-cancun-y-los-cabos-desde-guadalajara\/#article\",\"isPartOf\":{\"@id\":\"https:\/\/nitu.mx\/index.php\/2020\/08\/14\/aeromexico-anuncia-nuevas-rutas-a-cancun-y-los-cabos-desde-guadalajara\/\"},\"author\":{\"name\":\"Guadalupe Sixto\",\"@id\":\"https:\/\/nitu.mx\/#\/schema\/person\/3df3082b5e46037e3f13614d28ee0b77\"},\"headline\":\"Aerom\u00e9xico anuncia nuevas rutas a Canc\u00fan y Los Cabos desde Guadalajara\",\"datePublished\":\"2020-08-15T01:47:30+00:00\",\"dateModified\":\"2020-08-15T01:48:44+00:00\",\"mainEntityOfPage\":{\"@id\":\"https:\/\/nitu.mx\/index.php\/2020\/08\/14\/aeromexico-anuncia-nuevas-rutas-a-cancun-y-los-cabos-desde-guadalajara\/\"},\"wordCount\":415,\"commentCount\":0,\"publisher\":{\"@id\":\"https:\/\/nitu.mx\/#\/schema\/person\/ae7a53426417292d3dd07b45a33e01bc\"},\"image\":{\"@id\":\"https:\/\/nitu.mx\/index.php\/2020\/08\/14\/aeromexico-anuncia-nuevas-rutas-a-cancun-y-los-cabos-desde-guadalajara\/#primaryimage\"},\"thumbnailUrl\":\"https:\/\/nitu.mx\/wp-content\/uploads\/2019\/03\/aeromexico-737-MAX.jpg\",\"keywords\":[\"Aerom\u00e9xico\",\"Canc\u00fan\",\"Dar\u00edo Flota\",\"Giancarlo Mulinelli\",\"Guadalajara\",\"Los Cabos\"],\"articleSection\":[\"Aerol\u00edneas\"],\"inLanguage\":\"es-MX\",\"potentialAction\":[{\"@type\":\"CommentAction\",\"name\":\"Comment\",\"target\":[\"https:\/\/nitu.mx\/index.php\/2020\/08\/14\/aeromexico-anuncia-nuevas-rutas-a-cancun-y-los-cabos-desde-guadalajara\/#respond\"]}]},{\"@type\":\"WebPage\",\"@id\":\"https:\/\/nitu.mx\/index.php\/2020\/08\/14\/aeromexico-anuncia-nuevas-rutas-a-cancun-y-los-cabos-desde-guadalajara\/\",\"url\":\"https:\/\/nitu.mx\/index.php\/2020\/08\/14\/aeromexico-anuncia-nuevas-rutas-a-cancun-y-los-cabos-desde-guadalajara\/\",\"name\":\"Aerom\u00e9xico anuncia nuevas rutas a Canc\u00fan y Los Cabos desde Guadalajara - Nitu - Noticias de la Industria Turistica\",\"isPartOf\":{\"@id\":\"https:\/\/nitu.mx\/#website\"},\"primaryImageOfPage\":{\"@id\":\"https:\/\/nitu.mx\/index.php\/2020\/08\/14\/aeromexico-anuncia-nuevas-rutas-a-cancun-y-los-cabos-desde-guadalajara\/#primaryimage\"},\"image\":{\"@id\":\"https:\/\/nitu.mx\/index.php\/2020\/08\/14\/aeromexico-anuncia-nuevas-rutas-a-cancun-y-los-cabos-desde-guadalajara\/#primaryimage\"},\"thumbnailUrl\":\"https:\/\/nitu.mx\/wp-content\/uploads\/2019\/03\/aeromexico-737-MAX.jpg\",\"datePublished\":\"2020-08-15T01:47:30+00:00\",\"dateModified\":\"2020-08-15T01:48:44+00:00\",\"breadcrumb\":{\"@id\":\"https:\/\/nitu.mx\/index.php\/2020\/08\/14\/aeromexico-anuncia-nuevas-rutas-a-cancun-y-los-cabos-desde-guadalajara\/#breadcrumb\"},\"inLanguage\":\"es-MX\",\"potentialAction\":[{\"@type\":\"ReadAction\",\"target\":[\"https:\/\/nitu.mx\/index.php\/2020\/08\/14\/aeromexico-anuncia-nuevas-rutas-a-cancun-y-los-cabos-desde-guadalajara\/\"]}]},{\"@type\":\"ImageObject\",\"inLanguage\":\"es-MX\",\"@id\":\"https:\/\/nitu.mx\/index.php\/2020\/08\/14\/aeromexico-anuncia-nuevas-rutas-a-cancun-y-los-cabos-desde-guadalajara\/#primaryimage\",\"url\":\"https:\/\/nitu.mx\/wp-content\/uploads\/2019\/03\/aeromexico-737-MAX.jpg\",\"contentUrl\":\"https:\/\/nitu.mx\/wp-content\/uploads\/2019\/03\/aeromexico-737-MAX.jpg\",\"width\":850,\"height\":480,\"caption\":\"aeromexico 737 MAX izzi\"},{\"@type\":\"BreadcrumbList\",\"@id\":\"https:\/\/nitu.mx\/index.php\/2020\/08\/14\/aeromexico-anuncia-nuevas-rutas-a-cancun-y-los-cabos-desde-guadalajara\/#breadcrumb\",\"itemListElement\":[{\"@type\":\"ListItem\",\"position\":1,\"name\":\"Inicio\",\"item\":\"https:\/\/nitu.mx\/\"},{\"@type\":\"ListItem\",\"position\":2,\"name\":\"Aerom\u00e9xico anuncia nuevas rutas a Canc\u00fan y Los Cabos desde Guadalajara\"}]},{\"@type\":\"WebSite\",\"@id\":\"https:\/\/nitu.mx\/#website\",\"url\":\"https:\/\/nitu.mx\/\",\"name\":\"Nitu - Noticias de la Industria Turistica\",\"description\":\"Noticias de la Industria Turistica\",\"publisher\":{\"@id\":\"https:\/\/nitu.mx\/#\/schema\/person\/ae7a53426417292d3dd07b45a33e01bc\"},\"alternateName\":\"Noticias de la Industria Turistica\",\"potentialAction\":[{\"@type\":\"SearchAction\",\"target\":{\"@type\":\"EntryPoint\",\"urlTemplate\":\"https:\/\/nitu.mx\/?s={search_term_string}\"},\"query-input\":\"required name=search_term_string\"}],\"inLanguage\":\"es-MX\"},{\"@type\":[\"Person\",\"Organization\"],\"@id\":\"https:\/\/nitu.mx\/#\/schema\/person\/ae7a53426417292d3dd07b45a33e01bc\",\"name\":\"Arturo Medina\",\"image\":{\"@type\":\"ImageObject\",\"inLanguage\":\"es-MX\",\"@id\":\"https:\/\/nitu.mx\/#\/schema\/person\/image\/\",\"url\":\"https:\/\/nitu.mx\/wp-content\/uploads\/2024\/04\/4A315622-1904-4D5C-B022-878CDC840E04-90x90-1.jpeg\",\"contentUrl\":\"https:\/\/nitu.mx\/wp-content\/uploads\/2024\/04\/4A315622-1904-4D5C-B022-878CDC840E04-90x90-1.jpeg\",\"width\":90,\"height\":90,\"caption\":\"Arturo Medina\"},\"logo\":{\"@id\":\"https:\/\/nitu.mx\/#\/schema\/person\/image\/\"},\"description\":\"Director NITU.mx, Egresado de la Escuela de Periodismo Carlos Septi\u00e9n Garc\u00eda. Periodista y analista especializado en turismo desde hace 35 a\u00f1os, radicado en Canc\u00fan Q.Roo. arturo@nitu.mx\",\"sameAs\":[\"https:\/\/nitu.mx\",\"https:\/\/www.facebook.com\/NITUmx\/\",\"medinacancun\",\"https:\/\/twitter.com\/@Arturo_Medina_G\"]},{\"@type\":\"Person\",\"@id\":\"https:\/\/nitu.mx\/#\/schema\/person\/3df3082b5e46037e3f13614d28ee0b77\",\"name\":\"Guadalupe Sixto\",\"image\":{\"@type\":\"ImageObject\",\"inLanguage\":\"es-MX\",\"@id\":\"https:\/\/nitu.mx\/#\/schema\/person\/image\/\",\"url\":\"https:\/\/secure.gravatar.com\/avatar\/13914e1b0e1919e91f9539de4dc584c4?s=96&d=mm&r=g\",\"contentUrl\":\"https:\/\/secure.gravatar.com\/avatar\/13914e1b0e1919e91f9539de4dc584c4?s=96&d=mm&r=g\",\"caption\":\"Guadalupe Sixto\"},\"url\":\"https:\/\/nitu.mx\/index.php\/author\/gsixto\/\"}]}<\/script>\n<!-- \/ Yoast SEO plugin. -->","yoast_head_json":{"title":"Aerom\u00e9xico anuncia nuevas rutas a Canc\u00fan y Los Cabos desde Guadalajara - Nitu - Noticias de la Industria Turistica","robots":{"index":"index","follow":"follow","max-snippet":"max-snippet:-1","max-image-preview":"max-image-preview:large","max-video-preview":"max-video-preview:-1"},"canonical":"https:\/\/nitu.mx\/index.php\/2020\/08\/14\/aeromexico-anuncia-nuevas-rutas-a-cancun-y-los-cabos-desde-guadalajara\/","twitter_card":"summary_large_image","twitter_title":"Aerom\u00e9xico anuncia nuevas rutas a Canc\u00fan y Los Cabos desde Guadalajara - Nitu - Noticias de la Industria Turistica","twitter_description":"Aerom\u00e9xico iniciar\u00e1 operaciones de dos nuevas rutas desde Guadalajara, una de ellas hacia Canc\u00fan y la otra a Los Cabos, ambas a partir del pr\u00f3ximo 10 de septiembre. La ruta Guadalajara-Canc\u00fan operar\u00e1 los siete d\u00edas de la semana con tarifas a partir de mil 340 pesos en Clase Turista y 3 mil 080 pesos en [&hellip;]","twitter_image":"https:\/\/nitu.mx\/wp-content\/uploads\/2019\/03\/aeromexico-737-MAX.jpg","twitter_creator":"@NITUmx","twitter_site":"@Arturo_Medina_G","twitter_misc":{"Escrito por":"Guadalupe Sixto","Tiempo de lectura":"2 minutos"},"schema":{"@context":"https:\/\/schema.org","@graph":[{"@type":"Article","@id":"https:\/\/nitu.mx\/index.php\/2020\/08\/14\/aeromexico-anuncia-nuevas-rutas-a-cancun-y-los-cabos-desde-guadalajara\/#article","isPartOf":{"@id":"https:\/\/nitu.mx\/index.php\/2020\/08\/14\/aeromexico-anuncia-nuevas-rutas-a-cancun-y-los-cabos-desde-guadalajara\/"},"author":{"name":"Guadalupe Sixto","@id":"https:\/\/nitu.mx\/#\/schema\/person\/3df3082b5e46037e3f13614d28ee0b77"},"headline":"Aerom\u00e9xico anuncia nuevas rutas a Canc\u00fan y Los Cabos desde Guadalajara","datePublished":"2020-08-15T01:47:30+00:00","dateModified":"2020-08-15T01:48:44+00:00","mainEntityOfPage":{"@id":"https:\/\/nitu.mx\/index.php\/2020\/08\/14\/aeromexico-anuncia-nuevas-rutas-a-cancun-y-los-cabos-desde-guadalajara\/"},"wordCount":415,"commentCount":0,"publisher":{"@id":"https:\/\/nitu.mx\/#\/schema\/person\/ae7a53426417292d3dd07b45a33e01bc"},"image":{"@id":"https:\/\/nitu.mx\/index.php\/2020\/08\/14\/aeromexico-anuncia-nuevas-rutas-a-cancun-y-los-cabos-desde-guadalajara\/#primaryimage"},"thumbnailUrl":"https:\/\/nitu.mx\/wp-content\/uploads\/2019\/03\/aeromexico-737-MAX.jpg","keywords":["Aerom\u00e9xico","Canc\u00fan","Dar\u00edo Flota","Giancarlo Mulinelli","Guadalajara","Los Cabos"],"articleSection":["Aerol\u00edneas"],"inLanguage":"es-MX","potentialAction":[{"@type":"CommentAction","name":"Comment","target":["https:\/\/nitu.mx\/index.php\/2020\/08\/14\/aeromexico-anuncia-nuevas-rutas-a-cancun-y-los-cabos-desde-guadalajara\/#respond"]}]},{"@type":"WebPage","@id":"https:\/\/nitu.mx\/index.php\/2020\/08\/14\/aeromexico-anuncia-nuevas-rutas-a-cancun-y-los-cabos-desde-guadalajara\/","url":"https:\/\/nitu.mx\/index.php\/2020\/08\/14\/aeromexico-anuncia-nuevas-rutas-a-cancun-y-los-cabos-desde-guadalajara\/","name":"Aerom\u00e9xico anuncia nuevas rutas a Canc\u00fan y Los Cabos desde Guadalajara - Nitu - Noticias de la Industria Turistica","isPartOf":{"@id":"https:\/\/nitu.mx\/#website"},"primaryImageOfPage":{"@id":"https:\/\/nitu.mx\/index.php\/2020\/08\/14\/aeromexico-anuncia-nuevas-rutas-a-cancun-y-los-cabos-desde-guadalajara\/#primaryimage"},"image":{"@id":"https:\/\/nitu.mx\/index.php\/2020\/08\/14\/aeromexico-anuncia-nuevas-rutas-a-cancun-y-los-cabos-desde-guadalajara\/#primaryimage"},"thumbnailUrl":"https:\/\/nitu.mx\/wp-content\/uploads\/2019\/03\/aeromexico-737-MAX.jpg","datePublished":"2020-08-15T01:47:30+00:00","dateModified":"2020-08-15T01:48:44+00:00","breadcrumb":{"@id":"https:\/\/nitu.mx\/index.php\/2020\/08\/14\/aeromexico-anuncia-nuevas-rutas-a-cancun-y-los-cabos-desde-guadalajara\/#breadcrumb"},"inLanguage":"es-MX","potentialAction":[{"@type":"ReadAction","target":["https:\/\/nitu.mx\/index.php\/2020\/08\/14\/aeromexico-anuncia-nuevas-rutas-a-cancun-y-los-cabos-desde-guadalajara\/"]}]},{"@type":"ImageObject","inLanguage":"es-MX","@id":"https:\/\/nitu.mx\/index.php\/2020\/08\/14\/aeromexico-anuncia-nuevas-rutas-a-cancun-y-los-cabos-desde-guadalajara\/#primaryimage","url":"https:\/\/nitu.mx\/wp-content\/uploads\/2019\/03\/aeromexico-737-MAX.jpg","contentUrl":"https:\/\/nitu.mx\/wp-content\/uploads\/2019\/03\/aeromexico-737-MAX.jpg","width":850,"height":480,"caption":"aeromexico 737 MAX izzi"},{"@type":"BreadcrumbList","@id":"https:\/\/nitu.mx\/index.php\/2020\/08\/14\/aeromexico-anuncia-nuevas-rutas-a-cancun-y-los-cabos-desde-guadalajara\/#breadcrumb","itemListElement":[{"@type":"ListItem","position":1,"name":"Inicio","item":"https:\/\/nitu.mx\/"},{"@type":"ListItem","position":2,"name":"Aerom\u00e9xico anuncia nuevas rutas a Canc\u00fan y Los Cabos desde Guadalajara"}]},{"@type":"WebSite","@id":"https:\/\/nitu.mx\/#website","url":"https:\/\/nitu.mx\/","name":"Nitu - Noticias de la Industria Turistica","description":"Noticias de la Industria Turistica","publisher":{"@id":"https:\/\/nitu.mx\/#\/schema\/person\/ae7a53426417292d3dd07b45a33e01bc"},"alternateName":"Noticias de la Industria Turistica","potentialAction":[{"@type":"SearchAction","target":{"@type":"EntryPoint","urlTemplate":"https:\/\/nitu.mx\/?s={search_term_string}"},"query-input":"required name=search_term_string"}],"inLanguage":"es-MX"},{"@type":["Person","Organization"],"@id":"https:\/\/nitu.mx\/#\/schema\/person\/ae7a53426417292d3dd07b45a33e01bc","name":"Arturo Medina","image":{"@type":"ImageObject","inLanguage":"es-MX","@id":"https:\/\/nitu.mx\/#\/schema\/person\/image\/","url":"https:\/\/nitu.mx\/wp-content\/uploads\/2024\/04\/4A315622-1904-4D5C-B022-878CDC840E04-90x90-1.jpeg","contentUrl":"https:\/\/nitu.mx\/wp-content\/uploads\/2024\/04\/4A315622-1904-4D5C-B022-878CDC840E04-90x90-1.jpeg","width":90,"height":90,"caption":"Arturo Medina"},"logo":{"@id":"https:\/\/nitu.mx\/#\/schema\/person\/image\/"},"description":"Director NITU.mx, Egresado de la Escuela de Periodismo Carlos Septi\u00e9n Garc\u00eda. Periodista y analista especializado en turismo desde hace 35 a\u00f1os, radicado en Canc\u00fan Q.Roo. arturo@nitu.mx","sameAs":["https:\/\/nitu.mx","https:\/\/www.facebook.com\/NITUmx\/","medinacancun","https:\/\/twitter.com\/@Arturo_Medina_G"]},{"@type":"Person","@id":"https:\/\/nitu.mx\/#\/schema\/person\/3df3082b5e46037e3f13614d28ee0b77","name":"Guadalupe Sixto","image":{"@type":"ImageObject","inLanguage":"es-MX","@id":"https:\/\/nitu.mx\/#\/schema\/person\/image\/","url":"https:\/\/secure.gravatar.com\/avatar\/13914e1b0e1919e91f9539de4dc584c4?s=96&d=mm&r=g","contentUrl":"https:\/\/secure.gravatar.com\/avatar\/13914e1b0e1919e91f9539de4dc584c4?s=96&d=mm&r=g","caption":"Guadalupe Sixto"},"url":"https:\/\/nitu.mx\/index.php\/author\/gsixto\/"}]}},"views":373,"_links":{"self":[{"href":"https:\/\/nitu.mx\/index.php\/wp-json\/wp\/v2\/posts\/45359"}],"collection":[{"href":"https:\/\/nitu.mx\/index.php\/wp-json\/wp\/v2\/posts"}],"about":[{"href":"https:\/\/nitu.mx\/index.php\/wp-json\/wp\/v2\/types\/post"}],"author":[{"embeddable":true,"href":"https:\/\/nitu.mx\/index.php\/wp-json\/wp\/v2\/users\/18"}],"replies":[{"embeddable":true,"href":"https:\/\/nitu.mx\/index.php\/wp-json\/wp\/v2\/comments?post=45359"}],"version-history":[{"count":1,"href":"https:\/\/nitu.mx\/index.php\/wp-json\/wp\/v2\/posts\/45359\/revisions"}],"predecessor-version":[{"id":45360,"href":"https:\/\/nitu.mx\/index.php\/wp-json\/wp\/v2\/posts\/45359\/revisions\/45360"}],"wp:featuredmedia":[{"embeddable":true,"href":"https:\/\/nitu.mx\/index.php\/wp-json\/wp\/v2\/media\/29995"}],"wp:attachment":[{"href":"https:\/\/nitu.mx\/index.php\/wp-json\/wp\/v2\/media?parent=45359"}],"wp:term":[{"taxonomy":"category","embeddable":true,"href":"https:\/\/nitu.mx\/index.php\/wp-json\/wp\/v2\/categories?post=45359"},{"taxonomy":"post_tag","embeddable":true,"href":"https:\/\/nitu.mx\/index.php\/wp-json\/wp\/v2\/tags?post=45359"}],"curies":[{"name":"wp","href":"https:\/\/api.w.org\/{rel}","templated":true}]}}