{"id":45055,"date":"2020-08-05T22:33:33","date_gmt":"2020-08-06T03:33:33","guid":{"rendered":"https:\/\/www.dev.nitu.mx\/?p=45055"},"modified":"2020-08-06T02:23:20","modified_gmt":"2020-08-06T07:23:20","slug":"interjet-y-aeromar-unen-fuerzas-para-comercializar-rutas-de-manera-conjunta","status":"publish","type":"post","link":"https:\/\/nitu.mx\/index.php\/2020\/08\/05\/interjet-y-aeromar-unen-fuerzas-para-comercializar-rutas-de-manera-conjunta\/","title":{"rendered":"Interjet y Aeromar unen fuerzas para comercializar rutas de manera conjunta"},"content":{"rendered":"\n<p>Desde este mi\u00e9rcoles, Interjet participar\u00e1 en la venta de las rutas operadas por Aeromar desde la Ciudad de M\u00e9xico a Acapulco, Oaxaca, Puerto Escondido, San Luis Potos\u00ed, Veracruz, Zihuatanejo, adem\u00e1s de Guadalajara-Puerto Vallarta. En tanto, Aeromar participar\u00e1 en la venta de las rutas operadas por Interjet desde la Ciudad de M\u00e9xico a Chetumal, Guadalajara, M\u00e9rida, Monterrey, Puerto Vallarta, Tijuana y Villahermosa.<\/p>\n\n\n\n<p>\u201cSe espera que en el corto plazo se ampl\u00ede el alcance del acuerdo, para cubrir toda la red de rutas de ambas aerol\u00edneas\u201d, indic\u00f3 Interjet en un comunicado.<\/p>\n\n\n\n<p>La firma del acuerdo se da en un momento en el que se prev\u00e9 que la recuperaci\u00f3n del sector a\u00e9reo inicie a trav\u00e9s del mercado dom\u00e9stico, que tendr\u00eda un mejor dinamismo que el segmento internacional en los siguientes dos a\u00f1os, pero tambi\u00e9n ante una preocupaci\u00f3n de que las aerol\u00edneas se concentren en las rutas de mayor tr\u00e1fico, y, por tanto, las conexiones regionales queden desatendidas. La alianza tambi\u00e9n tiene lugar en un momento particular para ambas empresas.<\/p>\n\n\n\n<p>Por una parte, Interjet anunci\u00f3 hace algunas semanas una inyecci\u00f3n de capital por 150 millones de d\u00f3lares encabezada por los empresarios Alejandro del Valle y Carlos Cabal Peniche, luego de rumores sobre una quiebra de la empresa tras la ca\u00edda del mercado a causa de la pandemia. (<a href=\"https:\/\/www.dev.nitu.mx\/index.php\/2020\/07\/13\/carlos-cabal-y-alejandro-del-valle-inyectan-150-millones-de-dolares-a-interjet\/\">Carlos Cabal y Alejandro del Valle inyectan 150 millones de d\u00f3lares a Interjet<\/a>).<\/p>\n\n\n\n<p>De manera similar, Aeromar viene de un par de a\u00f1os en los que se habl\u00f3 de una posible quiebra de la compa\u00f1\u00eda, pero tras registrar sus primeras utilidades el a\u00f1o pasado, la aerol\u00ednea prev\u00e9 abrir seis nuevas rutas en el transcurso de 2020, y en un escenario conservador, una recuperaci\u00f3n de 100% de sus operaciones para diciembre del siguiente a\u00f1o. (Expansi\u00f3n)<\/p>\n","protected":false},"excerpt":{"rendered":"<p>Desde este mi\u00e9rcoles, Interjet participar\u00e1 en la venta de las rutas operadas por Aeromar desde la Ciudad de M\u00e9xico a Acapulco, Oaxaca, Puerto Escondido, San Luis Potos\u00ed, Veracruz, Zihuatanejo, adem\u00e1s de Guadalajara-Puerto Vallarta. En tanto, Aeromar participar\u00e1 en la venta de las rutas operadas por Interjet desde la Ciudad de M\u00e9xico a Chetumal, Guadalajara, M\u00e9rida, [&hellip;]<\/p>\n","protected":false},"author":17,"featured_media":45079,"comment_status":"open","ping_status":"open","sticky":false,"template":"","format":"standard","meta":{"footnotes":""},"categories":[29,6],"tags":[473,7050,172],"yoast_head":"<!-- This site is optimized with the Yoast SEO plugin v22.2 - https:\/\/yoast.com\/wordpress\/plugins\/seo\/ -->\n<title>Interjet y Aeromar unen fuerzas para comercializar rutas de manera conjunta - Nitu - Noticias de la Industria Turistica<\/title>\n<meta name=\"robots\" content=\"index, follow, max-snippet:-1, max-image-preview:large, max-video-preview:-1\" \/>\n<link rel=\"canonical\" href=\"https:\/\/nitu.mx\/index.php\/2020\/08\/05\/interjet-y-aeromar-unen-fuerzas-para-comercializar-rutas-de-manera-conjunta\/\" \/>\n<meta name=\"twitter:card\" content=\"summary_large_image\" \/>\n<meta name=\"twitter:title\" content=\"Interjet y Aeromar unen fuerzas para comercializar rutas de manera conjunta - Nitu - Noticias de la Industria Turistica\" \/>\n<meta name=\"twitter:description\" content=\"Desde este mi\u00e9rcoles, Interjet participar\u00e1 en la venta de las rutas operadas por Aeromar desde la Ciudad de M\u00e9xico a Acapulco, Oaxaca, Puerto Escondido, San Luis Potos\u00ed, Veracruz, Zihuatanejo, adem\u00e1s de Guadalajara-Puerto Vallarta. En tanto, Aeromar participar\u00e1 en la venta de las rutas operadas por Interjet desde la Ciudad de M\u00e9xico a Chetumal, Guadalajara, M\u00e9rida, [&hellip;]\" \/>\n<meta name=\"twitter:image\" content=\"https:\/\/nitu.mx\/wp-content\/uploads\/2020\/08\/Aeromar-Interjet.jpg\" \/>\n<meta name=\"twitter:creator\" content=\"@NITUmx\" \/>\n<meta name=\"twitter:site\" content=\"@Arturo_Medina_G\" \/>\n<meta name=\"twitter:label1\" content=\"Escrito por\" \/>\n\t<meta name=\"twitter:data1\" content=\"Redacci\u00f3n\" \/>\n\t<meta name=\"twitter:label2\" content=\"Tiempo de lectura\" \/>\n\t<meta name=\"twitter:data2\" content=\"2 minutos\" \/>\n<script type=\"application\/ld+json\" class=\"yoast-schema-graph\">{\"@context\":\"https:\/\/schema.org\",\"@graph\":[{\"@type\":\"Article\",\"@id\":\"https:\/\/nitu.mx\/index.php\/2020\/08\/05\/interjet-y-aeromar-unen-fuerzas-para-comercializar-rutas-de-manera-conjunta\/#article\",\"isPartOf\":{\"@id\":\"https:\/\/nitu.mx\/index.php\/2020\/08\/05\/interjet-y-aeromar-unen-fuerzas-para-comercializar-rutas-de-manera-conjunta\/\"},\"author\":{\"name\":\"Redacci\u00f3n\",\"@id\":\"https:\/\/nitu.mx\/#\/schema\/person\/4a28fe9bd65924f7c90623773daf1b0b\"},\"headline\":\"Interjet y Aeromar unen fuerzas para comercializar rutas de manera conjunta\",\"datePublished\":\"2020-08-06T03:33:33+00:00\",\"dateModified\":\"2020-08-06T07:23:20+00:00\",\"mainEntityOfPage\":{\"@id\":\"https:\/\/nitu.mx\/index.php\/2020\/08\/05\/interjet-y-aeromar-unen-fuerzas-para-comercializar-rutas-de-manera-conjunta\/\"},\"wordCount\":323,\"commentCount\":0,\"publisher\":{\"@id\":\"https:\/\/nitu.mx\/#\/schema\/person\/ae7a53426417292d3dd07b45a33e01bc\"},\"image\":{\"@id\":\"https:\/\/nitu.mx\/index.php\/2020\/08\/05\/interjet-y-aeromar-unen-fuerzas-para-comercializar-rutas-de-manera-conjunta\/#primaryimage\"},\"thumbnailUrl\":\"https:\/\/nitu.mx\/wp-content\/uploads\/2020\/08\/Aeromar-Interjet.jpg\",\"keywords\":[\"Aeromar\",\"alianza\",\"Interjet\"],\"articleSection\":[\"Aerol\u00edneas\",\"M\u00e9xico\"],\"inLanguage\":\"es-MX\",\"potentialAction\":[{\"@type\":\"CommentAction\",\"name\":\"Comment\",\"target\":[\"https:\/\/nitu.mx\/index.php\/2020\/08\/05\/interjet-y-aeromar-unen-fuerzas-para-comercializar-rutas-de-manera-conjunta\/#respond\"]}]},{\"@type\":\"WebPage\",\"@id\":\"https:\/\/nitu.mx\/index.php\/2020\/08\/05\/interjet-y-aeromar-unen-fuerzas-para-comercializar-rutas-de-manera-conjunta\/\",\"url\":\"https:\/\/nitu.mx\/index.php\/2020\/08\/05\/interjet-y-aeromar-unen-fuerzas-para-comercializar-rutas-de-manera-conjunta\/\",\"name\":\"Interjet y Aeromar unen fuerzas para comercializar rutas de manera conjunta - Nitu - Noticias de la Industria Turistica\",\"isPartOf\":{\"@id\":\"https:\/\/nitu.mx\/#website\"},\"primaryImageOfPage\":{\"@id\":\"https:\/\/nitu.mx\/index.php\/2020\/08\/05\/interjet-y-aeromar-unen-fuerzas-para-comercializar-rutas-de-manera-conjunta\/#primaryimage\"},\"image\":{\"@id\":\"https:\/\/nitu.mx\/index.php\/2020\/08\/05\/interjet-y-aeromar-unen-fuerzas-para-comercializar-rutas-de-manera-conjunta\/#primaryimage\"},\"thumbnailUrl\":\"https:\/\/nitu.mx\/wp-content\/uploads\/2020\/08\/Aeromar-Interjet.jpg\",\"datePublished\":\"2020-08-06T03:33:33+00:00\",\"dateModified\":\"2020-08-06T07:23:20+00:00\",\"breadcrumb\":{\"@id\":\"https:\/\/nitu.mx\/index.php\/2020\/08\/05\/interjet-y-aeromar-unen-fuerzas-para-comercializar-rutas-de-manera-conjunta\/#breadcrumb\"},\"inLanguage\":\"es-MX\",\"potentialAction\":[{\"@type\":\"ReadAction\",\"target\":[\"https:\/\/nitu.mx\/index.php\/2020\/08\/05\/interjet-y-aeromar-unen-fuerzas-para-comercializar-rutas-de-manera-conjunta\/\"]}]},{\"@type\":\"ImageObject\",\"inLanguage\":\"es-MX\",\"@id\":\"https:\/\/nitu.mx\/index.php\/2020\/08\/05\/interjet-y-aeromar-unen-fuerzas-para-comercializar-rutas-de-manera-conjunta\/#primaryimage\",\"url\":\"https:\/\/nitu.mx\/wp-content\/uploads\/2020\/08\/Aeromar-Interjet.jpg\",\"contentUrl\":\"https:\/\/nitu.mx\/wp-content\/uploads\/2020\/08\/Aeromar-Interjet.jpg\",\"width\":1200,\"height\":675},{\"@type\":\"BreadcrumbList\",\"@id\":\"https:\/\/nitu.mx\/index.php\/2020\/08\/05\/interjet-y-aeromar-unen-fuerzas-para-comercializar-rutas-de-manera-conjunta\/#breadcrumb\",\"itemListElement\":[{\"@type\":\"ListItem\",\"position\":1,\"name\":\"Inicio\",\"item\":\"https:\/\/nitu.mx\/\"},{\"@type\":\"ListItem\",\"position\":2,\"name\":\"Interjet y Aeromar unen fuerzas para comercializar rutas de manera conjunta\"}]},{\"@type\":\"WebSite\",\"@id\":\"https:\/\/nitu.mx\/#website\",\"url\":\"https:\/\/nitu.mx\/\",\"name\":\"Nitu - Noticias de la Industria Turistica\",\"description\":\"Noticias de la Industria Turistica\",\"publisher\":{\"@id\":\"https:\/\/nitu.mx\/#\/schema\/person\/ae7a53426417292d3dd07b45a33e01bc\"},\"alternateName\":\"Noticias de la Industria Turistica\",\"potentialAction\":[{\"@type\":\"SearchAction\",\"target\":{\"@type\":\"EntryPoint\",\"urlTemplate\":\"https:\/\/nitu.mx\/?s={search_term_string}\"},\"query-input\":\"required name=search_term_string\"}],\"inLanguage\":\"es-MX\"},{\"@type\":[\"Person\",\"Organization\"],\"@id\":\"https:\/\/nitu.mx\/#\/schema\/person\/ae7a53426417292d3dd07b45a33e01bc\",\"name\":\"Arturo Medina\",\"image\":{\"@type\":\"ImageObject\",\"inLanguage\":\"es-MX\",\"@id\":\"https:\/\/nitu.mx\/#\/schema\/person\/image\/\",\"url\":\"https:\/\/nitu.mx\/wp-content\/uploads\/2024\/04\/4A315622-1904-4D5C-B022-878CDC840E04-90x90-1.jpeg\",\"contentUrl\":\"https:\/\/nitu.mx\/wp-content\/uploads\/2024\/04\/4A315622-1904-4D5C-B022-878CDC840E04-90x90-1.jpeg\",\"width\":90,\"height\":90,\"caption\":\"Arturo Medina\"},\"logo\":{\"@id\":\"https:\/\/nitu.mx\/#\/schema\/person\/image\/\"},\"description\":\"Director NITU.mx, Egresado de la Escuela de Periodismo Carlos Septi\u00e9n Garc\u00eda. Periodista y analista especializado en turismo desde hace 35 a\u00f1os, radicado en Canc\u00fan Q.Roo. arturo@nitu.mx\",\"sameAs\":[\"https:\/\/nitu.mx\",\"https:\/\/www.facebook.com\/NITUmx\/\",\"medinacancun\",\"https:\/\/twitter.com\/@Arturo_Medina_G\"]},{\"@type\":\"Person\",\"@id\":\"https:\/\/nitu.mx\/#\/schema\/person\/4a28fe9bd65924f7c90623773daf1b0b\",\"name\":\"Redacci\u00f3n\",\"image\":{\"@type\":\"ImageObject\",\"inLanguage\":\"es-MX\",\"@id\":\"https:\/\/nitu.mx\/#\/schema\/person\/image\/\",\"url\":\"https:\/\/secure.gravatar.com\/avatar\/5dd011c8ccfc5cd7e4c81e42252aab38?s=96&d=mm&r=g\",\"contentUrl\":\"https:\/\/secure.gravatar.com\/avatar\/5dd011c8ccfc5cd7e4c81e42252aab38?s=96&d=mm&r=g\",\"caption\":\"Redacci\u00f3n\"},\"url\":\"https:\/\/nitu.mx\/index.php\/author\/redaccion\/\"}]}<\/script>\n<!-- \/ Yoast SEO plugin. -->","yoast_head_json":{"title":"Interjet y Aeromar unen fuerzas para comercializar rutas de manera conjunta - Nitu - Noticias de la Industria Turistica","robots":{"index":"index","follow":"follow","max-snippet":"max-snippet:-1","max-image-preview":"max-image-preview:large","max-video-preview":"max-video-preview:-1"},"canonical":"https:\/\/nitu.mx\/index.php\/2020\/08\/05\/interjet-y-aeromar-unen-fuerzas-para-comercializar-rutas-de-manera-conjunta\/","twitter_card":"summary_large_image","twitter_title":"Interjet y Aeromar unen fuerzas para comercializar rutas de manera conjunta - Nitu - Noticias de la Industria Turistica","twitter_description":"Desde este mi\u00e9rcoles, Interjet participar\u00e1 en la venta de las rutas operadas por Aeromar desde la Ciudad de M\u00e9xico a Acapulco, Oaxaca, Puerto Escondido, San Luis Potos\u00ed, Veracruz, Zihuatanejo, adem\u00e1s de Guadalajara-Puerto Vallarta. En tanto, Aeromar participar\u00e1 en la venta de las rutas operadas por Interjet desde la Ciudad de M\u00e9xico a Chetumal, Guadalajara, M\u00e9rida, [&hellip;]","twitter_image":"https:\/\/nitu.mx\/wp-content\/uploads\/2020\/08\/Aeromar-Interjet.jpg","twitter_creator":"@NITUmx","twitter_site":"@Arturo_Medina_G","twitter_misc":{"Escrito por":"Redacci\u00f3n","Tiempo de lectura":"2 minutos"},"schema":{"@context":"https:\/\/schema.org","@graph":[{"@type":"Article","@id":"https:\/\/nitu.mx\/index.php\/2020\/08\/05\/interjet-y-aeromar-unen-fuerzas-para-comercializar-rutas-de-manera-conjunta\/#article","isPartOf":{"@id":"https:\/\/nitu.mx\/index.php\/2020\/08\/05\/interjet-y-aeromar-unen-fuerzas-para-comercializar-rutas-de-manera-conjunta\/"},"author":{"name":"Redacci\u00f3n","@id":"https:\/\/nitu.mx\/#\/schema\/person\/4a28fe9bd65924f7c90623773daf1b0b"},"headline":"Interjet y Aeromar unen fuerzas para comercializar rutas de manera conjunta","datePublished":"2020-08-06T03:33:33+00:00","dateModified":"2020-08-06T07:23:20+00:00","mainEntityOfPage":{"@id":"https:\/\/nitu.mx\/index.php\/2020\/08\/05\/interjet-y-aeromar-unen-fuerzas-para-comercializar-rutas-de-manera-conjunta\/"},"wordCount":323,"commentCount":0,"publisher":{"@id":"https:\/\/nitu.mx\/#\/schema\/person\/ae7a53426417292d3dd07b45a33e01bc"},"image":{"@id":"https:\/\/nitu.mx\/index.php\/2020\/08\/05\/interjet-y-aeromar-unen-fuerzas-para-comercializar-rutas-de-manera-conjunta\/#primaryimage"},"thumbnailUrl":"https:\/\/nitu.mx\/wp-content\/uploads\/2020\/08\/Aeromar-Interjet.jpg","keywords":["Aeromar","alianza","Interjet"],"articleSection":["Aerol\u00edneas","M\u00e9xico"],"inLanguage":"es-MX","potentialAction":[{"@type":"CommentAction","name":"Comment","target":["https:\/\/nitu.mx\/index.php\/2020\/08\/05\/interjet-y-aeromar-unen-fuerzas-para-comercializar-rutas-de-manera-conjunta\/#respond"]}]},{"@type":"WebPage","@id":"https:\/\/nitu.mx\/index.php\/2020\/08\/05\/interjet-y-aeromar-unen-fuerzas-para-comercializar-rutas-de-manera-conjunta\/","url":"https:\/\/nitu.mx\/index.php\/2020\/08\/05\/interjet-y-aeromar-unen-fuerzas-para-comercializar-rutas-de-manera-conjunta\/","name":"Interjet y Aeromar unen fuerzas para comercializar rutas de manera conjunta - Nitu - Noticias de la Industria Turistica","isPartOf":{"@id":"https:\/\/nitu.mx\/#website"},"primaryImageOfPage":{"@id":"https:\/\/nitu.mx\/index.php\/2020\/08\/05\/interjet-y-aeromar-unen-fuerzas-para-comercializar-rutas-de-manera-conjunta\/#primaryimage"},"image":{"@id":"https:\/\/nitu.mx\/index.php\/2020\/08\/05\/interjet-y-aeromar-unen-fuerzas-para-comercializar-rutas-de-manera-conjunta\/#primaryimage"},"thumbnailUrl":"https:\/\/nitu.mx\/wp-content\/uploads\/2020\/08\/Aeromar-Interjet.jpg","datePublished":"2020-08-06T03:33:33+00:00","dateModified":"2020-08-06T07:23:20+00:00","breadcrumb":{"@id":"https:\/\/nitu.mx\/index.php\/2020\/08\/05\/interjet-y-aeromar-unen-fuerzas-para-comercializar-rutas-de-manera-conjunta\/#breadcrumb"},"inLanguage":"es-MX","potentialAction":[{"@type":"ReadAction","target":["https:\/\/nitu.mx\/index.php\/2020\/08\/05\/interjet-y-aeromar-unen-fuerzas-para-comercializar-rutas-de-manera-conjunta\/"]}]},{"@type":"ImageObject","inLanguage":"es-MX","@id":"https:\/\/nitu.mx\/index.php\/2020\/08\/05\/interjet-y-aeromar-unen-fuerzas-para-comercializar-rutas-de-manera-conjunta\/#primaryimage","url":"https:\/\/nitu.mx\/wp-content\/uploads\/2020\/08\/Aeromar-Interjet.jpg","contentUrl":"https:\/\/nitu.mx\/wp-content\/uploads\/2020\/08\/Aeromar-Interjet.jpg","width":1200,"height":675},{"@type":"BreadcrumbList","@id":"https:\/\/nitu.mx\/index.php\/2020\/08\/05\/interjet-y-aeromar-unen-fuerzas-para-comercializar-rutas-de-manera-conjunta\/#breadcrumb","itemListElement":[{"@type":"ListItem","position":1,"name":"Inicio","item":"https:\/\/nitu.mx\/"},{"@type":"ListItem","position":2,"name":"Interjet y Aeromar unen fuerzas para comercializar rutas de manera conjunta"}]},{"@type":"WebSite","@id":"https:\/\/nitu.mx\/#website","url":"https:\/\/nitu.mx\/","name":"Nitu - Noticias de la Industria Turistica","description":"Noticias de la Industria Turistica","publisher":{"@id":"https:\/\/nitu.mx\/#\/schema\/person\/ae7a53426417292d3dd07b45a33e01bc"},"alternateName":"Noticias de la Industria Turistica","potentialAction":[{"@type":"SearchAction","target":{"@type":"EntryPoint","urlTemplate":"https:\/\/nitu.mx\/?s={search_term_string}"},"query-input":"required name=search_term_string"}],"inLanguage":"es-MX"},{"@type":["Person","Organization"],"@id":"https:\/\/nitu.mx\/#\/schema\/person\/ae7a53426417292d3dd07b45a33e01bc","name":"Arturo Medina","image":{"@type":"ImageObject","inLanguage":"es-MX","@id":"https:\/\/nitu.mx\/#\/schema\/person\/image\/","url":"https:\/\/nitu.mx\/wp-content\/uploads\/2024\/04\/4A315622-1904-4D5C-B022-878CDC840E04-90x90-1.jpeg","contentUrl":"https:\/\/nitu.mx\/wp-content\/uploads\/2024\/04\/4A315622-1904-4D5C-B022-878CDC840E04-90x90-1.jpeg","width":90,"height":90,"caption":"Arturo Medina"},"logo":{"@id":"https:\/\/nitu.mx\/#\/schema\/person\/image\/"},"description":"Director NITU.mx, Egresado de la Escuela de Periodismo Carlos Septi\u00e9n Garc\u00eda. Periodista y analista especializado en turismo desde hace 35 a\u00f1os, radicado en Canc\u00fan Q.Roo. arturo@nitu.mx","sameAs":["https:\/\/nitu.mx","https:\/\/www.facebook.com\/NITUmx\/","medinacancun","https:\/\/twitter.com\/@Arturo_Medina_G"]},{"@type":"Person","@id":"https:\/\/nitu.mx\/#\/schema\/person\/4a28fe9bd65924f7c90623773daf1b0b","name":"Redacci\u00f3n","image":{"@type":"ImageObject","inLanguage":"es-MX","@id":"https:\/\/nitu.mx\/#\/schema\/person\/image\/","url":"https:\/\/secure.gravatar.com\/avatar\/5dd011c8ccfc5cd7e4c81e42252aab38?s=96&d=mm&r=g","contentUrl":"https:\/\/secure.gravatar.com\/avatar\/5dd011c8ccfc5cd7e4c81e42252aab38?s=96&d=mm&r=g","caption":"Redacci\u00f3n"},"url":"https:\/\/nitu.mx\/index.php\/author\/redaccion\/"}]}},"views":288,"_links":{"self":[{"href":"https:\/\/nitu.mx\/index.php\/wp-json\/wp\/v2\/posts\/45055"}],"collection":[{"href":"https:\/\/nitu.mx\/index.php\/wp-json\/wp\/v2\/posts"}],"about":[{"href":"https:\/\/nitu.mx\/index.php\/wp-json\/wp\/v2\/types\/post"}],"author":[{"embeddable":true,"href":"https:\/\/nitu.mx\/index.php\/wp-json\/wp\/v2\/users\/17"}],"replies":[{"embeddable":true,"href":"https:\/\/nitu.mx\/index.php\/wp-json\/wp\/v2\/comments?post=45055"}],"version-history":[{"count":2,"href":"https:\/\/nitu.mx\/index.php\/wp-json\/wp\/v2\/posts\/45055\/revisions"}],"predecessor-version":[{"id":45087,"href":"https:\/\/nitu.mx\/index.php\/wp-json\/wp\/v2\/posts\/45055\/revisions\/45087"}],"wp:featuredmedia":[{"embeddable":true,"href":"https:\/\/nitu.mx\/index.php\/wp-json\/wp\/v2\/media\/45079"}],"wp:attachment":[{"href":"https:\/\/nitu.mx\/index.php\/wp-json\/wp\/v2\/media?parent=45055"}],"wp:term":[{"taxonomy":"category","embeddable":true,"href":"https:\/\/nitu.mx\/index.php\/wp-json\/wp\/v2\/categories?post=45055"},{"taxonomy":"post_tag","embeddable":true,"href":"https:\/\/nitu.mx\/index.php\/wp-json\/wp\/v2\/tags?post=45055"}],"curies":[{"name":"wp","href":"https:\/\/api.w.org\/{rel}","templated":true}]}}