{"id":44903,"date":"2020-07-31T01:18:44","date_gmt":"2020-07-31T06:18:44","guid":{"rendered":"https:\/\/www.dev.nitu.mx\/?p=44903"},"modified":"2020-07-31T01:35:24","modified_gmt":"2020-07-31T06:35:24","slug":"vuelve-oasis-a-la-ahc-tras-polemica-salida-hace-5-anos","status":"publish","type":"post","link":"https:\/\/nitu.mx\/index.php\/2020\/07\/31\/vuelve-oasis-a-la-ahc-tras-polemica-salida-hace-5-anos\/","title":{"rendered":"Vuelve Oasis a la AHC tras pol\u00e9mica salida hace 5 a\u00f1os"},"content":{"rendered":"\n<p>Tuvieron que pasar m\u00e1s de 5 a\u00f1os para que Grupo Oasis, una de las cadenas con el mayor n\u00famero de cuartos en Canc\u00fan, regresara a la Asociaci\u00f3n de Hoteles de Canc\u00fan, luego de su abrupta salida en abril de 2015 despu\u00e9s de la elecci\u00f3n de Carlos Gosselin como presidente interino.<\/p>\n\n\n\n<p>El titular de la Asociaci\u00f3n de Hoteles de Canc\u00fan, Puerto Morelos e Isla Mujeres, Roberto Cintr\u00f3n Gomez dej\u00f3 un mensaje al grupo espa\u00f1ol, &#8220;Bienvenidos a Casa&#8221; en esta incorporaci\u00f3n de la cadena espa\u00f1ola en plena pandemia, cuando justo se necesitan hacer las cosas en equipo.<\/p>\n\n\n\n<p>La pol\u00e9mica salida de Grupo Oasis en aquel lejano momento, sorprendi\u00f3 a la mayor\u00eda, ya que la cadena hotelera, que en aquel entonces era encabezada por el hoy fallecido Pedro Pueyo, siempre fue de los socios m\u00e1s activos en todos los eventos que organizara la asociaci\u00f3n. (<a href=\"https:\/\/www.dev.nitu.mx\/index.php\/2020\/04\/18\/muere-en-madrid-pedro-pueyo-el-consul-primer-espanol-en-confiar-en-cancun\/\">Muere en Madrid Pedro Pueyo primer espa\u00f1ol en confiar en Canc\u00fan<\/a>)<\/p>\n\n\n\n<p>Todo sucedi\u00f3 en una acalorada sesi\u00f3n del consejo cuando por mayor\u00eda absoluta aprobaron una gesti\u00f3n extraordinaria de Carlos Gosselin, el Grupo Oasis, representado por Ruben Olmos sali\u00f3 de la sala no sin antes aclarar que desde ese momento el Grupo dejaba de pertenecer a la asociaci\u00f3n.<\/p>\n\n\n\n<p>Grupo Oasis pretend\u00eda desde meses atr\u00e1s colocar a un miembro directivo de la cadena en la presidencia, cuando Roberto Cintr\u00f3n Diaz del Castillo gan\u00f3 las votaciones para cumplir un segundo ciclo, que por cierto qued\u00f3 inconcluso por su inesperado fallecimiento luego de su participaci\u00f3n en aquel 2015 en la Feria Internacional de Turismo en Madrid. <\/p>\n\n\n\n<p>Luego de su periodo extraordinario Carlos Gosselin cumpli\u00f3 adem\u00e1s un par de a\u00f1os m\u00e1s al frente de la asociaci\u00f3n en donde todos reconocieron su excelente labor.<\/p>\n\n\n\n<p>El regreso de Grupo Oasis Hotel &amp; Resorts a la Asociaci\u00f3n de Hoteles de Canc\u00fan, le viene bien a la gesti\u00f3n de Roberto Cintr\u00f3n Gomez, por el peso espec\u00edfico de Oasis que es el primer hotel de Canc\u00fan con arena y casino, adem\u00e1s de representar una parte importante en la historia de Quintana Roo, ya que fue la primera cadena hotelera espa\u00f1ola en invertir en el Caribe Mexicano, y promotor para que el resto de las cadenas de aquel pa\u00eds formaran parte muy importante en el desarrollo de este destino. <\/p>\n","protected":false},"excerpt":{"rendered":"<p>Tuvieron que pasar m\u00e1s de 5 a\u00f1os para que Grupo Oasis, una de las cadenas con el mayor n\u00famero de cuartos en Canc\u00fan, regresara a la Asociaci\u00f3n de Hoteles de Canc\u00fan, luego de su abrupta salida en abril de 2015 despu\u00e9s de la elecci\u00f3n de Carlos Gosselin como presidente interino. El titular de la Asociaci\u00f3n [&hellip;]<\/p>\n","protected":false},"author":2,"featured_media":44916,"comment_status":"open","ping_status":"open","sticky":false,"template":"","format":"standard","meta":{"footnotes":""},"categories":[2],"tags":[19214,357,1224,1130],"yoast_head":"<!-- This site is optimized with the Yoast SEO plugin v22.2 - https:\/\/yoast.com\/wordpress\/plugins\/seo\/ -->\n<title>Vuelve Oasis a la AHC tras pol\u00e9mica salida hace 5 a\u00f1os - Nitu - Noticias de la Industria Turistica<\/title>\n<meta name=\"robots\" content=\"index, follow, max-snippet:-1, max-image-preview:large, max-video-preview:-1\" \/>\n<link rel=\"canonical\" href=\"https:\/\/nitu.mx\/index.php\/2020\/07\/31\/vuelve-oasis-a-la-ahc-tras-polemica-salida-hace-5-anos\/\" \/>\n<meta name=\"twitter:card\" content=\"summary_large_image\" \/>\n<meta name=\"twitter:title\" content=\"Vuelve Oasis a la AHC tras pol\u00e9mica salida hace 5 a\u00f1os - Nitu - Noticias de la Industria Turistica\" \/>\n<meta name=\"twitter:description\" content=\"Tuvieron que pasar m\u00e1s de 5 a\u00f1os para que Grupo Oasis, una de las cadenas con el mayor n\u00famero de cuartos en Canc\u00fan, regresara a la Asociaci\u00f3n de Hoteles de Canc\u00fan, luego de su abrupta salida en abril de 2015 despu\u00e9s de la elecci\u00f3n de Carlos Gosselin como presidente interino. El titular de la Asociaci\u00f3n [&hellip;]\" \/>\n<meta name=\"twitter:image\" content=\"https:\/\/nitu.mx\/wp-content\/uploads\/2020\/07\/Grupo-Oasis.jpg\" \/>\n<meta name=\"twitter:creator\" content=\"@Arturo_Medina_G\" \/>\n<meta name=\"twitter:site\" content=\"@Arturo_Medina_G\" \/>\n<meta name=\"twitter:label1\" content=\"Escrito por\" \/>\n\t<meta name=\"twitter:data1\" content=\"Arturo Medina\" \/>\n\t<meta name=\"twitter:label2\" content=\"Tiempo de lectura\" \/>\n\t<meta name=\"twitter:data2\" content=\"2 minutos\" \/>\n<script type=\"application\/ld+json\" class=\"yoast-schema-graph\">{\"@context\":\"https:\/\/schema.org\",\"@graph\":[{\"@type\":\"Article\",\"@id\":\"https:\/\/nitu.mx\/index.php\/2020\/07\/31\/vuelve-oasis-a-la-ahc-tras-polemica-salida-hace-5-anos\/#article\",\"isPartOf\":{\"@id\":\"https:\/\/nitu.mx\/index.php\/2020\/07\/31\/vuelve-oasis-a-la-ahc-tras-polemica-salida-hace-5-anos\/\"},\"author\":{\"name\":\"Arturo Medina\",\"@id\":\"https:\/\/nitu.mx\/#\/schema\/person\/ae7a53426417292d3dd07b45a33e01bc\"},\"headline\":\"Vuelve Oasis a la AHC tras pol\u00e9mica salida hace 5 a\u00f1os\",\"datePublished\":\"2020-07-31T06:18:44+00:00\",\"dateModified\":\"2020-07-31T06:35:24+00:00\",\"mainEntityOfPage\":{\"@id\":\"https:\/\/nitu.mx\/index.php\/2020\/07\/31\/vuelve-oasis-a-la-ahc-tras-polemica-salida-hace-5-anos\/\"},\"wordCount\":419,\"commentCount\":0,\"publisher\":{\"@id\":\"https:\/\/nitu.mx\/#\/schema\/person\/ae7a53426417292d3dd07b45a33e01bc\"},\"image\":{\"@id\":\"https:\/\/nitu.mx\/index.php\/2020\/07\/31\/vuelve-oasis-a-la-ahc-tras-polemica-salida-hace-5-anos\/#primaryimage\"},\"thumbnailUrl\":\"https:\/\/nitu.mx\/wp-content\/uploads\/2020\/07\/Grupo-Oasis.jpg\",\"keywords\":[\"AHC\",\"Carlos Gosselin\",\"Grupo Oasis\",\"Roberto Cintr\u00f3n\"],\"articleSection\":[\"Hoteles\"],\"inLanguage\":\"es-MX\",\"potentialAction\":[{\"@type\":\"CommentAction\",\"name\":\"Comment\",\"target\":[\"https:\/\/nitu.mx\/index.php\/2020\/07\/31\/vuelve-oasis-a-la-ahc-tras-polemica-salida-hace-5-anos\/#respond\"]}]},{\"@type\":\"WebPage\",\"@id\":\"https:\/\/nitu.mx\/index.php\/2020\/07\/31\/vuelve-oasis-a-la-ahc-tras-polemica-salida-hace-5-anos\/\",\"url\":\"https:\/\/nitu.mx\/index.php\/2020\/07\/31\/vuelve-oasis-a-la-ahc-tras-polemica-salida-hace-5-anos\/\",\"name\":\"Vuelve Oasis a la AHC tras pol\u00e9mica salida hace 5 a\u00f1os - Nitu - Noticias de la Industria Turistica\",\"isPartOf\":{\"@id\":\"https:\/\/nitu.mx\/#website\"},\"primaryImageOfPage\":{\"@id\":\"https:\/\/nitu.mx\/index.php\/2020\/07\/31\/vuelve-oasis-a-la-ahc-tras-polemica-salida-hace-5-anos\/#primaryimage\"},\"image\":{\"@id\":\"https:\/\/nitu.mx\/index.php\/2020\/07\/31\/vuelve-oasis-a-la-ahc-tras-polemica-salida-hace-5-anos\/#primaryimage\"},\"thumbnailUrl\":\"https:\/\/nitu.mx\/wp-content\/uploads\/2020\/07\/Grupo-Oasis.jpg\",\"datePublished\":\"2020-07-31T06:18:44+00:00\",\"dateModified\":\"2020-07-31T06:35:24+00:00\",\"breadcrumb\":{\"@id\":\"https:\/\/nitu.mx\/index.php\/2020\/07\/31\/vuelve-oasis-a-la-ahc-tras-polemica-salida-hace-5-anos\/#breadcrumb\"},\"inLanguage\":\"es-MX\",\"potentialAction\":[{\"@type\":\"ReadAction\",\"target\":[\"https:\/\/nitu.mx\/index.php\/2020\/07\/31\/vuelve-oasis-a-la-ahc-tras-polemica-salida-hace-5-anos\/\"]}]},{\"@type\":\"ImageObject\",\"inLanguage\":\"es-MX\",\"@id\":\"https:\/\/nitu.mx\/index.php\/2020\/07\/31\/vuelve-oasis-a-la-ahc-tras-polemica-salida-hace-5-anos\/#primaryimage\",\"url\":\"https:\/\/nitu.mx\/wp-content\/uploads\/2020\/07\/Grupo-Oasis.jpg\",\"contentUrl\":\"https:\/\/nitu.mx\/wp-content\/uploads\/2020\/07\/Grupo-Oasis.jpg\",\"width\":850,\"height\":480,\"caption\":\"Oasis\"},{\"@type\":\"BreadcrumbList\",\"@id\":\"https:\/\/nitu.mx\/index.php\/2020\/07\/31\/vuelve-oasis-a-la-ahc-tras-polemica-salida-hace-5-anos\/#breadcrumb\",\"itemListElement\":[{\"@type\":\"ListItem\",\"position\":1,\"name\":\"Inicio\",\"item\":\"https:\/\/nitu.mx\/\"},{\"@type\":\"ListItem\",\"position\":2,\"name\":\"Vuelve Oasis a la AHC tras pol\u00e9mica salida hace 5 a\u00f1os\"}]},{\"@type\":\"WebSite\",\"@id\":\"https:\/\/nitu.mx\/#website\",\"url\":\"https:\/\/nitu.mx\/\",\"name\":\"Nitu - Noticias de la Industria Turistica\",\"description\":\"Noticias de la Industria Turistica\",\"publisher\":{\"@id\":\"https:\/\/nitu.mx\/#\/schema\/person\/ae7a53426417292d3dd07b45a33e01bc\"},\"alternateName\":\"Noticias de la Industria Turistica\",\"potentialAction\":[{\"@type\":\"SearchAction\",\"target\":{\"@type\":\"EntryPoint\",\"urlTemplate\":\"https:\/\/nitu.mx\/?s={search_term_string}\"},\"query-input\":\"required name=search_term_string\"}],\"inLanguage\":\"es-MX\"},{\"@type\":[\"Person\",\"Organization\"],\"@id\":\"https:\/\/nitu.mx\/#\/schema\/person\/ae7a53426417292d3dd07b45a33e01bc\",\"name\":\"Arturo Medina\",\"image\":{\"@type\":\"ImageObject\",\"inLanguage\":\"es-MX\",\"@id\":\"https:\/\/nitu.mx\/#\/schema\/person\/image\/\",\"url\":\"https:\/\/nitu.mx\/wp-content\/uploads\/2024\/04\/4A315622-1904-4D5C-B022-878CDC840E04-90x90-1.jpeg\",\"contentUrl\":\"https:\/\/nitu.mx\/wp-content\/uploads\/2024\/04\/4A315622-1904-4D5C-B022-878CDC840E04-90x90-1.jpeg\",\"width\":90,\"height\":90,\"caption\":\"Arturo Medina\"},\"logo\":{\"@id\":\"https:\/\/nitu.mx\/#\/schema\/person\/image\/\"},\"description\":\"Director NITU.mx, Egresado de la Escuela de Periodismo Carlos Septi\u00e9n Garc\u00eda. Periodista y analista especializado en turismo desde hace 35 a\u00f1os, radicado en Canc\u00fan Q.Roo. arturo@nitu.mx\",\"sameAs\":[\"https:\/\/nitu.mx\",\"https:\/\/www.facebook.com\/NITUmx\/\",\"medinacancun\",\"https:\/\/twitter.com\/@Arturo_Medina_G\"],\"url\":\"https:\/\/nitu.mx\/index.php\/author\/arturo-medina\/\"}]}<\/script>\n<!-- \/ Yoast SEO plugin. -->","yoast_head_json":{"title":"Vuelve Oasis a la AHC tras pol\u00e9mica salida hace 5 a\u00f1os - Nitu - Noticias de la Industria Turistica","robots":{"index":"index","follow":"follow","max-snippet":"max-snippet:-1","max-image-preview":"max-image-preview:large","max-video-preview":"max-video-preview:-1"},"canonical":"https:\/\/nitu.mx\/index.php\/2020\/07\/31\/vuelve-oasis-a-la-ahc-tras-polemica-salida-hace-5-anos\/","twitter_card":"summary_large_image","twitter_title":"Vuelve Oasis a la AHC tras pol\u00e9mica salida hace 5 a\u00f1os - Nitu - Noticias de la Industria Turistica","twitter_description":"Tuvieron que pasar m\u00e1s de 5 a\u00f1os para que Grupo Oasis, una de las cadenas con el mayor n\u00famero de cuartos en Canc\u00fan, regresara a la Asociaci\u00f3n de Hoteles de Canc\u00fan, luego de su abrupta salida en abril de 2015 despu\u00e9s de la elecci\u00f3n de Carlos Gosselin como presidente interino. El titular de la Asociaci\u00f3n [&hellip;]","twitter_image":"https:\/\/nitu.mx\/wp-content\/uploads\/2020\/07\/Grupo-Oasis.jpg","twitter_creator":"@Arturo_Medina_G","twitter_site":"@Arturo_Medina_G","twitter_misc":{"Escrito por":"Arturo Medina","Tiempo de lectura":"2 minutos"},"schema":{"@context":"https:\/\/schema.org","@graph":[{"@type":"Article","@id":"https:\/\/nitu.mx\/index.php\/2020\/07\/31\/vuelve-oasis-a-la-ahc-tras-polemica-salida-hace-5-anos\/#article","isPartOf":{"@id":"https:\/\/nitu.mx\/index.php\/2020\/07\/31\/vuelve-oasis-a-la-ahc-tras-polemica-salida-hace-5-anos\/"},"author":{"name":"Arturo Medina","@id":"https:\/\/nitu.mx\/#\/schema\/person\/ae7a53426417292d3dd07b45a33e01bc"},"headline":"Vuelve Oasis a la AHC tras pol\u00e9mica salida hace 5 a\u00f1os","datePublished":"2020-07-31T06:18:44+00:00","dateModified":"2020-07-31T06:35:24+00:00","mainEntityOfPage":{"@id":"https:\/\/nitu.mx\/index.php\/2020\/07\/31\/vuelve-oasis-a-la-ahc-tras-polemica-salida-hace-5-anos\/"},"wordCount":419,"commentCount":0,"publisher":{"@id":"https:\/\/nitu.mx\/#\/schema\/person\/ae7a53426417292d3dd07b45a33e01bc"},"image":{"@id":"https:\/\/nitu.mx\/index.php\/2020\/07\/31\/vuelve-oasis-a-la-ahc-tras-polemica-salida-hace-5-anos\/#primaryimage"},"thumbnailUrl":"https:\/\/nitu.mx\/wp-content\/uploads\/2020\/07\/Grupo-Oasis.jpg","keywords":["AHC","Carlos Gosselin","Grupo Oasis","Roberto Cintr\u00f3n"],"articleSection":["Hoteles"],"inLanguage":"es-MX","potentialAction":[{"@type":"CommentAction","name":"Comment","target":["https:\/\/nitu.mx\/index.php\/2020\/07\/31\/vuelve-oasis-a-la-ahc-tras-polemica-salida-hace-5-anos\/#respond"]}]},{"@type":"WebPage","@id":"https:\/\/nitu.mx\/index.php\/2020\/07\/31\/vuelve-oasis-a-la-ahc-tras-polemica-salida-hace-5-anos\/","url":"https:\/\/nitu.mx\/index.php\/2020\/07\/31\/vuelve-oasis-a-la-ahc-tras-polemica-salida-hace-5-anos\/","name":"Vuelve Oasis a la AHC tras pol\u00e9mica salida hace 5 a\u00f1os - Nitu - Noticias de la Industria Turistica","isPartOf":{"@id":"https:\/\/nitu.mx\/#website"},"primaryImageOfPage":{"@id":"https:\/\/nitu.mx\/index.php\/2020\/07\/31\/vuelve-oasis-a-la-ahc-tras-polemica-salida-hace-5-anos\/#primaryimage"},"image":{"@id":"https:\/\/nitu.mx\/index.php\/2020\/07\/31\/vuelve-oasis-a-la-ahc-tras-polemica-salida-hace-5-anos\/#primaryimage"},"thumbnailUrl":"https:\/\/nitu.mx\/wp-content\/uploads\/2020\/07\/Grupo-Oasis.jpg","datePublished":"2020-07-31T06:18:44+00:00","dateModified":"2020-07-31T06:35:24+00:00","breadcrumb":{"@id":"https:\/\/nitu.mx\/index.php\/2020\/07\/31\/vuelve-oasis-a-la-ahc-tras-polemica-salida-hace-5-anos\/#breadcrumb"},"inLanguage":"es-MX","potentialAction":[{"@type":"ReadAction","target":["https:\/\/nitu.mx\/index.php\/2020\/07\/31\/vuelve-oasis-a-la-ahc-tras-polemica-salida-hace-5-anos\/"]}]},{"@type":"ImageObject","inLanguage":"es-MX","@id":"https:\/\/nitu.mx\/index.php\/2020\/07\/31\/vuelve-oasis-a-la-ahc-tras-polemica-salida-hace-5-anos\/#primaryimage","url":"https:\/\/nitu.mx\/wp-content\/uploads\/2020\/07\/Grupo-Oasis.jpg","contentUrl":"https:\/\/nitu.mx\/wp-content\/uploads\/2020\/07\/Grupo-Oasis.jpg","width":850,"height":480,"caption":"Oasis"},{"@type":"BreadcrumbList","@id":"https:\/\/nitu.mx\/index.php\/2020\/07\/31\/vuelve-oasis-a-la-ahc-tras-polemica-salida-hace-5-anos\/#breadcrumb","itemListElement":[{"@type":"ListItem","position":1,"name":"Inicio","item":"https:\/\/nitu.mx\/"},{"@type":"ListItem","position":2,"name":"Vuelve Oasis a la AHC tras pol\u00e9mica salida hace 5 a\u00f1os"}]},{"@type":"WebSite","@id":"https:\/\/nitu.mx\/#website","url":"https:\/\/nitu.mx\/","name":"Nitu - Noticias de la Industria Turistica","description":"Noticias de la Industria Turistica","publisher":{"@id":"https:\/\/nitu.mx\/#\/schema\/person\/ae7a53426417292d3dd07b45a33e01bc"},"alternateName":"Noticias de la Industria Turistica","potentialAction":[{"@type":"SearchAction","target":{"@type":"EntryPoint","urlTemplate":"https:\/\/nitu.mx\/?s={search_term_string}"},"query-input":"required name=search_term_string"}],"inLanguage":"es-MX"},{"@type":["Person","Organization"],"@id":"https:\/\/nitu.mx\/#\/schema\/person\/ae7a53426417292d3dd07b45a33e01bc","name":"Arturo Medina","image":{"@type":"ImageObject","inLanguage":"es-MX","@id":"https:\/\/nitu.mx\/#\/schema\/person\/image\/","url":"https:\/\/nitu.mx\/wp-content\/uploads\/2024\/04\/4A315622-1904-4D5C-B022-878CDC840E04-90x90-1.jpeg","contentUrl":"https:\/\/nitu.mx\/wp-content\/uploads\/2024\/04\/4A315622-1904-4D5C-B022-878CDC840E04-90x90-1.jpeg","width":90,"height":90,"caption":"Arturo Medina"},"logo":{"@id":"https:\/\/nitu.mx\/#\/schema\/person\/image\/"},"description":"Director NITU.mx, Egresado de la Escuela de Periodismo Carlos Septi\u00e9n Garc\u00eda. Periodista y analista especializado en turismo desde hace 35 a\u00f1os, radicado en Canc\u00fan Q.Roo. arturo@nitu.mx","sameAs":["https:\/\/nitu.mx","https:\/\/www.facebook.com\/NITUmx\/","medinacancun","https:\/\/twitter.com\/@Arturo_Medina_G"],"url":"https:\/\/nitu.mx\/index.php\/author\/arturo-medina\/"}]}},"views":263,"_links":{"self":[{"href":"https:\/\/nitu.mx\/index.php\/wp-json\/wp\/v2\/posts\/44903"}],"collection":[{"href":"https:\/\/nitu.mx\/index.php\/wp-json\/wp\/v2\/posts"}],"about":[{"href":"https:\/\/nitu.mx\/index.php\/wp-json\/wp\/v2\/types\/post"}],"author":[{"embeddable":true,"href":"https:\/\/nitu.mx\/index.php\/wp-json\/wp\/v2\/users\/2"}],"replies":[{"embeddable":true,"href":"https:\/\/nitu.mx\/index.php\/wp-json\/wp\/v2\/comments?post=44903"}],"version-history":[{"count":5,"href":"https:\/\/nitu.mx\/index.php\/wp-json\/wp\/v2\/posts\/44903\/revisions"}],"predecessor-version":[{"id":44917,"href":"https:\/\/nitu.mx\/index.php\/wp-json\/wp\/v2\/posts\/44903\/revisions\/44917"}],"wp:featuredmedia":[{"embeddable":true,"href":"https:\/\/nitu.mx\/index.php\/wp-json\/wp\/v2\/media\/44916"}],"wp:attachment":[{"href":"https:\/\/nitu.mx\/index.php\/wp-json\/wp\/v2\/media?parent=44903"}],"wp:term":[{"taxonomy":"category","embeddable":true,"href":"https:\/\/nitu.mx\/index.php\/wp-json\/wp\/v2\/categories?post=44903"},{"taxonomy":"post_tag","embeddable":true,"href":"https:\/\/nitu.mx\/index.php\/wp-json\/wp\/v2\/tags?post=44903"}],"curies":[{"name":"wp","href":"https:\/\/api.w.org\/{rel}","templated":true}]}}