{"id":4489,"date":"2016-12-01T00:19:52","date_gmt":"2016-12-01T05:19:52","guid":{"rendered":"http:\/\/www.dev.nitu.mx\/?p=4489"},"modified":"2016-12-01T01:08:54","modified_gmt":"2016-12-01T06:08:54","slug":"aeromexico-volaris-e-interjet-sacrifican-espacio-para-poner-mas-asientos","status":"publish","type":"post","link":"https:\/\/nitu.mx\/index.php\/2016\/12\/01\/aeromexico-volaris-e-interjet-sacrifican-espacio-para-poner-mas-asientos\/","title":{"rendered":"Aerom\u00e9xico, Volaris e Interjet sacrifican espacio para poner m\u00e1s asientos"},"content":{"rendered":"<p><span style=\"color: #000000; font-family: Calibri;\">En 2015, Aerom\u00e9xico, Volaris, Interjet y VivaAerobus registraron en promedio 140 asientos por aeronave, 16 por ciento m\u00e1s que en 2010, seg\u00fan cifras de la Direcci\u00f3n General de Aeron\u00e1utica Civil (DGAC). Esto, aunado a mejores factores de ocupaci\u00f3n, permiti\u00f3 a las aerol\u00edneas aumentar 17.4 por ciento sus ingresos por aeronave en el mismo periodo.<\/span><\/p>\n<p><span style=\"color: #000000; font-family: Calibri;\">Desde el aspecto de las tarifas a\u00e9reas, Aerom\u00e9xico y Volaris, empresas listadas en la BMV, registraron disminuciones desde 2012 a la fecha de 11 y 8.4 por ciento en el precio de sus boletos, respectivamente.<\/span><\/p>\n<p><span style=\"color: #000000; font-family: Calibri;\">Sin embargo, hay casos en que los pasajeros no pueden reclinar sus asientos o estirar los pies para descansar, a\u00fan cuando son vuelos de m\u00e1s de dos horas, lo cual no suced\u00eda hace cinco o 10 a\u00f1os.<\/span><\/p>\n<p><span style=\"color: #000000; font-family: Calibri;\">Miguel Pel\u00e1ez Lira, titular de la DGAC, dijo que las situaciones incomodas que padecen los pasajeros se explican, porque hay mayor demanda de viajeros e implica un alza de ingresos para las empresas.<\/span><\/p>\n<p><span style=\"color: #000000; font-family: Calibri;\">\u201cEn un vuelo, una aeronave con 50 asientos te da un ingreso determinado, respecto a la misma con 100 asientos. Esto se asocia \u00edntimamente con el fabricante, que estipula los asientos m\u00e1ximos y los m\u00ednimos para una aeronave, y en eso juegan las aerol\u00edneas a su conveniencia\u201d, explic\u00f3.<\/span><\/p>\n<p><span style=\"color: #000000; font-family: Calibri;\">\u201cUna aerol\u00ednea que le mete menos asientos a sus aviones, deja m\u00e1s espacios entre pasajeros, pero el boleto te va costar m\u00e1s que con la aerol\u00ednea de bajo costo, donde el pasajero va a estar m\u00e1s apretado\u201d, agreg\u00f3 el funcionario.<\/span><\/p>\n<p><span style=\"color: #000000; font-family: Calibri;\">Aerom\u00e9xico, la l\u00ednea a\u00e9rea m\u00e1s grande del pa\u00eds por tr\u00e1fico movilizado, registr\u00f3 en 2010 un promedio de 104 asientos por avi\u00f3n, y al finalizar 2015 alcanz\u00f3 125, un incremento de 20.2 por ciento.<\/span><\/p>\n<p><span style=\"color: #000000; font-family: Calibri;\">En el caso de las aerol\u00edneas de bajo costo, Volaris operaba en 2010, aviones de 145 asientos en promedio, y ahora aument\u00f3 a 168, un alza de 16 por ciento en sus plazas.<\/span><\/p>\n<p><span style=\"color: #000000; font-family: Calibri;\">VivaAerobus, que est\u00e1 por finalizar un proceso de renovaci\u00f3n de flota, ahora maneja equipos Airbus A320 y dej\u00f3 en el pasado los Boeing 737. Con esto, sus aeronaves tienen en promedio 170 butacas, 15 por ciento m\u00e1s que las 148 de 2010.<\/span><\/p>\n<p><span style=\"color: #000000; font-family: Calibri;\">Interjet es un caso particular. Adem\u00e1s de seguir con la operaci\u00f3n de los A320 con 150 asientos que ya ten\u00eda en 2010, ahora tambi\u00e9n maneja los Superjet de 103 plazas. As\u00ed, sus asientos por aeronave se han reducido de 150 a 132.<\/span><\/p>\n","protected":false},"excerpt":{"rendered":"<p>En 2015, Aerom\u00e9xico, Volaris, Interjet y VivaAerobus registraron en promedio 140 asientos por aeronave, 16 por ciento m\u00e1s que en 2010, seg\u00fan cifras de la Direcci\u00f3n General de Aeron\u00e1utica Civil (DGAC). Esto, aunado a mejores factores de ocupaci\u00f3n, permiti\u00f3 a las aerol\u00edneas aumentar 17.4 por ciento sus ingresos por aeronave en el mismo periodo. Desde [&hellip;]<\/p>\n","protected":false},"author":17,"featured_media":4514,"comment_status":"open","ping_status":"open","sticky":false,"template":"","format":"standard","meta":{"footnotes":""},"categories":[29,6],"tags":[30,1966,1965,1828,172,1797,293,131],"yoast_head":"<!-- This site is optimized with the Yoast SEO plugin v22.2 - https:\/\/yoast.com\/wordpress\/plugins\/seo\/ -->\n<title>Aerom\u00e9xico, Volaris e Interjet sacrifican espacio para poner m\u00e1s asientos - Nitu - Noticias de la Industria Turistica<\/title>\n<meta name=\"description\" content=\"Aerom\u00e9xico, Volaris, Interjet y VivaAerobus registraron en promedio 140 asientos por aeronave, 16 por ciento m\u00e1s que en 2010, seg\u00fan cifras de la DGAC.\" \/>\n<meta name=\"robots\" content=\"index, follow, max-snippet:-1, max-image-preview:large, max-video-preview:-1\" \/>\n<link rel=\"canonical\" href=\"https:\/\/nitu.mx\/index.php\/2016\/12\/01\/aeromexico-volaris-e-interjet-sacrifican-espacio-para-poner-mas-asientos\/\" \/>\n<meta name=\"twitter:card\" content=\"summary_large_image\" \/>\n<meta name=\"twitter:title\" content=\"Aerom\u00e9xico, Volaris e Interjet sacrifican espacio para poner m\u00e1s asientos - Nitu - Noticias de la Industria Turistica\" \/>\n<meta name=\"twitter:description\" content=\"Aerom\u00e9xico, Volaris, Interjet y VivaAerobus registraron en promedio 140 asientos por aeronave, 16 por ciento m\u00e1s que en 2010, seg\u00fan cifras de la DGAC.\" \/>\n<meta name=\"twitter:image\" content=\"https:\/\/nitu.mx\/wp-content\/uploads\/2016\/11\/volaris-asientos-m\u00e9xico.jpg\" \/>\n<meta name=\"twitter:creator\" content=\"@NITUmx\" \/>\n<meta name=\"twitter:site\" content=\"@Arturo_Medina_G\" \/>\n<meta name=\"twitter:label1\" content=\"Escrito por\" \/>\n\t<meta name=\"twitter:data1\" content=\"Redacci\u00f3n\" \/>\n\t<meta name=\"twitter:label2\" content=\"Tiempo de lectura\" \/>\n\t<meta name=\"twitter:data2\" content=\"2 minutos\" \/>\n<script type=\"application\/ld+json\" class=\"yoast-schema-graph\">{\"@context\":\"https:\/\/schema.org\",\"@graph\":[{\"@type\":\"Article\",\"@id\":\"https:\/\/nitu.mx\/index.php\/2016\/12\/01\/aeromexico-volaris-e-interjet-sacrifican-espacio-para-poner-mas-asientos\/#article\",\"isPartOf\":{\"@id\":\"https:\/\/nitu.mx\/index.php\/2016\/12\/01\/aeromexico-volaris-e-interjet-sacrifican-espacio-para-poner-mas-asientos\/\"},\"author\":{\"name\":\"Redacci\u00f3n\",\"@id\":\"https:\/\/nitu.mx\/#\/schema\/person\/4a28fe9bd65924f7c90623773daf1b0b\"},\"headline\":\"Aerom\u00e9xico, Volaris e Interjet sacrifican espacio para poner m\u00e1s asientos\",\"datePublished\":\"2016-12-01T05:19:52+00:00\",\"dateModified\":\"2016-12-01T06:08:54+00:00\",\"mainEntityOfPage\":{\"@id\":\"https:\/\/nitu.mx\/index.php\/2016\/12\/01\/aeromexico-volaris-e-interjet-sacrifican-espacio-para-poner-mas-asientos\/\"},\"wordCount\":415,\"commentCount\":0,\"publisher\":{\"@id\":\"https:\/\/nitu.mx\/#\/schema\/person\/ae7a53426417292d3dd07b45a33e01bc\"},\"image\":{\"@id\":\"https:\/\/nitu.mx\/index.php\/2016\/12\/01\/aeromexico-volaris-e-interjet-sacrifican-espacio-para-poner-mas-asientos\/#primaryimage\"},\"thumbnailUrl\":\"https:\/\/nitu.mx\/wp-content\/uploads\/2016\/11\/volaris-asientos-m\u00e9xico.jpg\",\"keywords\":[\"Aerom\u00e9xico\",\"AirbusA320\",\"Boeing 737\",\"Direcci\u00f3n General de Aeron\u00e1utica Civil (DGAC)\",\"Interjet\",\"Miguel Pel\u00e1ez Lira\",\"VivaAerobus\",\"Volaris\"],\"articleSection\":[\"Aerol\u00edneas\",\"M\u00e9xico\"],\"inLanguage\":\"es-MX\",\"potentialAction\":[{\"@type\":\"CommentAction\",\"name\":\"Comment\",\"target\":[\"https:\/\/nitu.mx\/index.php\/2016\/12\/01\/aeromexico-volaris-e-interjet-sacrifican-espacio-para-poner-mas-asientos\/#respond\"]}]},{\"@type\":\"WebPage\",\"@id\":\"https:\/\/nitu.mx\/index.php\/2016\/12\/01\/aeromexico-volaris-e-interjet-sacrifican-espacio-para-poner-mas-asientos\/\",\"url\":\"https:\/\/nitu.mx\/index.php\/2016\/12\/01\/aeromexico-volaris-e-interjet-sacrifican-espacio-para-poner-mas-asientos\/\",\"name\":\"Aerom\u00e9xico, Volaris e Interjet sacrifican espacio para poner m\u00e1s asientos - Nitu - Noticias de la Industria Turistica\",\"isPartOf\":{\"@id\":\"https:\/\/nitu.mx\/#website\"},\"primaryImageOfPage\":{\"@id\":\"https:\/\/nitu.mx\/index.php\/2016\/12\/01\/aeromexico-volaris-e-interjet-sacrifican-espacio-para-poner-mas-asientos\/#primaryimage\"},\"image\":{\"@id\":\"https:\/\/nitu.mx\/index.php\/2016\/12\/01\/aeromexico-volaris-e-interjet-sacrifican-espacio-para-poner-mas-asientos\/#primaryimage\"},\"thumbnailUrl\":\"https:\/\/nitu.mx\/wp-content\/uploads\/2016\/11\/volaris-asientos-m\u00e9xico.jpg\",\"datePublished\":\"2016-12-01T05:19:52+00:00\",\"dateModified\":\"2016-12-01T06:08:54+00:00\",\"description\":\"Aerom\u00e9xico, Volaris, Interjet y VivaAerobus registraron en promedio 140 asientos por aeronave, 16 por ciento m\u00e1s que en 2010, seg\u00fan cifras de la DGAC.\",\"breadcrumb\":{\"@id\":\"https:\/\/nitu.mx\/index.php\/2016\/12\/01\/aeromexico-volaris-e-interjet-sacrifican-espacio-para-poner-mas-asientos\/#breadcrumb\"},\"inLanguage\":\"es-MX\",\"potentialAction\":[{\"@type\":\"ReadAction\",\"target\":[\"https:\/\/nitu.mx\/index.php\/2016\/12\/01\/aeromexico-volaris-e-interjet-sacrifican-espacio-para-poner-mas-asientos\/\"]}]},{\"@type\":\"ImageObject\",\"inLanguage\":\"es-MX\",\"@id\":\"https:\/\/nitu.mx\/index.php\/2016\/12\/01\/aeromexico-volaris-e-interjet-sacrifican-espacio-para-poner-mas-asientos\/#primaryimage\",\"url\":\"https:\/\/nitu.mx\/wp-content\/uploads\/2016\/11\/volaris-asientos-m\u00e9xico.jpg\",\"contentUrl\":\"https:\/\/nitu.mx\/wp-content\/uploads\/2016\/11\/volaris-asientos-m\u00e9xico.jpg\",\"width\":3049,\"height\":1915,\"caption\":\"volaris asientos mexico\"},{\"@type\":\"BreadcrumbList\",\"@id\":\"https:\/\/nitu.mx\/index.php\/2016\/12\/01\/aeromexico-volaris-e-interjet-sacrifican-espacio-para-poner-mas-asientos\/#breadcrumb\",\"itemListElement\":[{\"@type\":\"ListItem\",\"position\":1,\"name\":\"Inicio\",\"item\":\"https:\/\/nitu.mx\/\"},{\"@type\":\"ListItem\",\"position\":2,\"name\":\"Aerom\u00e9xico, Volaris e Interjet sacrifican espacio para poner m\u00e1s asientos\"}]},{\"@type\":\"WebSite\",\"@id\":\"https:\/\/nitu.mx\/#website\",\"url\":\"https:\/\/nitu.mx\/\",\"name\":\"Nitu - Noticias de la Industria Turistica\",\"description\":\"Noticias de la Industria Turistica\",\"publisher\":{\"@id\":\"https:\/\/nitu.mx\/#\/schema\/person\/ae7a53426417292d3dd07b45a33e01bc\"},\"alternateName\":\"Noticias de la Industria Turistica\",\"potentialAction\":[{\"@type\":\"SearchAction\",\"target\":{\"@type\":\"EntryPoint\",\"urlTemplate\":\"https:\/\/nitu.mx\/?s={search_term_string}\"},\"query-input\":\"required name=search_term_string\"}],\"inLanguage\":\"es-MX\"},{\"@type\":[\"Person\",\"Organization\"],\"@id\":\"https:\/\/nitu.mx\/#\/schema\/person\/ae7a53426417292d3dd07b45a33e01bc\",\"name\":\"Arturo Medina\",\"image\":{\"@type\":\"ImageObject\",\"inLanguage\":\"es-MX\",\"@id\":\"https:\/\/nitu.mx\/#\/schema\/person\/image\/\",\"url\":\"https:\/\/nitu.mx\/wp-content\/uploads\/2024\/04\/4A315622-1904-4D5C-B022-878CDC840E04-90x90-1.jpeg\",\"contentUrl\":\"https:\/\/nitu.mx\/wp-content\/uploads\/2024\/04\/4A315622-1904-4D5C-B022-878CDC840E04-90x90-1.jpeg\",\"width\":90,\"height\":90,\"caption\":\"Arturo Medina\"},\"logo\":{\"@id\":\"https:\/\/nitu.mx\/#\/schema\/person\/image\/\"},\"description\":\"Director NITU.mx, Egresado de la Escuela de Periodismo Carlos Septi\u00e9n Garc\u00eda. Periodista y analista especializado en turismo desde hace 35 a\u00f1os, radicado en Canc\u00fan Q.Roo. arturo@nitu.mx\",\"sameAs\":[\"https:\/\/nitu.mx\",\"https:\/\/www.facebook.com\/NITUmx\/\",\"medinacancun\",\"https:\/\/twitter.com\/@Arturo_Medina_G\"]},{\"@type\":\"Person\",\"@id\":\"https:\/\/nitu.mx\/#\/schema\/person\/4a28fe9bd65924f7c90623773daf1b0b\",\"name\":\"Redacci\u00f3n\",\"image\":{\"@type\":\"ImageObject\",\"inLanguage\":\"es-MX\",\"@id\":\"https:\/\/nitu.mx\/#\/schema\/person\/image\/\",\"url\":\"https:\/\/secure.gravatar.com\/avatar\/5dd011c8ccfc5cd7e4c81e42252aab38?s=96&d=mm&r=g\",\"contentUrl\":\"https:\/\/secure.gravatar.com\/avatar\/5dd011c8ccfc5cd7e4c81e42252aab38?s=96&d=mm&r=g\",\"caption\":\"Redacci\u00f3n\"},\"url\":\"https:\/\/nitu.mx\/index.php\/author\/redaccion\/\"}]}<\/script>\n<!-- \/ Yoast SEO plugin. -->","yoast_head_json":{"title":"Aerom\u00e9xico, Volaris e Interjet sacrifican espacio para poner m\u00e1s asientos - Nitu - Noticias de la Industria Turistica","description":"Aerom\u00e9xico, Volaris, Interjet y VivaAerobus registraron en promedio 140 asientos por aeronave, 16 por ciento m\u00e1s que en 2010, seg\u00fan cifras de la DGAC.","robots":{"index":"index","follow":"follow","max-snippet":"max-snippet:-1","max-image-preview":"max-image-preview:large","max-video-preview":"max-video-preview:-1"},"canonical":"https:\/\/nitu.mx\/index.php\/2016\/12\/01\/aeromexico-volaris-e-interjet-sacrifican-espacio-para-poner-mas-asientos\/","twitter_card":"summary_large_image","twitter_title":"Aerom\u00e9xico, Volaris e Interjet sacrifican espacio para poner m\u00e1s asientos - Nitu - Noticias de la Industria Turistica","twitter_description":"Aerom\u00e9xico, Volaris, Interjet y VivaAerobus registraron en promedio 140 asientos por aeronave, 16 por ciento m\u00e1s que en 2010, seg\u00fan cifras de la DGAC.","twitter_image":"https:\/\/nitu.mx\/wp-content\/uploads\/2016\/11\/volaris-asientos-m\u00e9xico.jpg","twitter_creator":"@NITUmx","twitter_site":"@Arturo_Medina_G","twitter_misc":{"Escrito por":"Redacci\u00f3n","Tiempo de lectura":"2 minutos"},"schema":{"@context":"https:\/\/schema.org","@graph":[{"@type":"Article","@id":"https:\/\/nitu.mx\/index.php\/2016\/12\/01\/aeromexico-volaris-e-interjet-sacrifican-espacio-para-poner-mas-asientos\/#article","isPartOf":{"@id":"https:\/\/nitu.mx\/index.php\/2016\/12\/01\/aeromexico-volaris-e-interjet-sacrifican-espacio-para-poner-mas-asientos\/"},"author":{"name":"Redacci\u00f3n","@id":"https:\/\/nitu.mx\/#\/schema\/person\/4a28fe9bd65924f7c90623773daf1b0b"},"headline":"Aerom\u00e9xico, Volaris e Interjet sacrifican espacio para poner m\u00e1s asientos","datePublished":"2016-12-01T05:19:52+00:00","dateModified":"2016-12-01T06:08:54+00:00","mainEntityOfPage":{"@id":"https:\/\/nitu.mx\/index.php\/2016\/12\/01\/aeromexico-volaris-e-interjet-sacrifican-espacio-para-poner-mas-asientos\/"},"wordCount":415,"commentCount":0,"publisher":{"@id":"https:\/\/nitu.mx\/#\/schema\/person\/ae7a53426417292d3dd07b45a33e01bc"},"image":{"@id":"https:\/\/nitu.mx\/index.php\/2016\/12\/01\/aeromexico-volaris-e-interjet-sacrifican-espacio-para-poner-mas-asientos\/#primaryimage"},"thumbnailUrl":"https:\/\/nitu.mx\/wp-content\/uploads\/2016\/11\/volaris-asientos-m\u00e9xico.jpg","keywords":["Aerom\u00e9xico","AirbusA320","Boeing 737","Direcci\u00f3n General de Aeron\u00e1utica Civil (DGAC)","Interjet","Miguel Pel\u00e1ez Lira","VivaAerobus","Volaris"],"articleSection":["Aerol\u00edneas","M\u00e9xico"],"inLanguage":"es-MX","potentialAction":[{"@type":"CommentAction","name":"Comment","target":["https:\/\/nitu.mx\/index.php\/2016\/12\/01\/aeromexico-volaris-e-interjet-sacrifican-espacio-para-poner-mas-asientos\/#respond"]}]},{"@type":"WebPage","@id":"https:\/\/nitu.mx\/index.php\/2016\/12\/01\/aeromexico-volaris-e-interjet-sacrifican-espacio-para-poner-mas-asientos\/","url":"https:\/\/nitu.mx\/index.php\/2016\/12\/01\/aeromexico-volaris-e-interjet-sacrifican-espacio-para-poner-mas-asientos\/","name":"Aerom\u00e9xico, Volaris e Interjet sacrifican espacio para poner m\u00e1s asientos - Nitu - Noticias de la Industria Turistica","isPartOf":{"@id":"https:\/\/nitu.mx\/#website"},"primaryImageOfPage":{"@id":"https:\/\/nitu.mx\/index.php\/2016\/12\/01\/aeromexico-volaris-e-interjet-sacrifican-espacio-para-poner-mas-asientos\/#primaryimage"},"image":{"@id":"https:\/\/nitu.mx\/index.php\/2016\/12\/01\/aeromexico-volaris-e-interjet-sacrifican-espacio-para-poner-mas-asientos\/#primaryimage"},"thumbnailUrl":"https:\/\/nitu.mx\/wp-content\/uploads\/2016\/11\/volaris-asientos-m\u00e9xico.jpg","datePublished":"2016-12-01T05:19:52+00:00","dateModified":"2016-12-01T06:08:54+00:00","description":"Aerom\u00e9xico, Volaris, Interjet y VivaAerobus registraron en promedio 140 asientos por aeronave, 16 por ciento m\u00e1s que en 2010, seg\u00fan cifras de la DGAC.","breadcrumb":{"@id":"https:\/\/nitu.mx\/index.php\/2016\/12\/01\/aeromexico-volaris-e-interjet-sacrifican-espacio-para-poner-mas-asientos\/#breadcrumb"},"inLanguage":"es-MX","potentialAction":[{"@type":"ReadAction","target":["https:\/\/nitu.mx\/index.php\/2016\/12\/01\/aeromexico-volaris-e-interjet-sacrifican-espacio-para-poner-mas-asientos\/"]}]},{"@type":"ImageObject","inLanguage":"es-MX","@id":"https:\/\/nitu.mx\/index.php\/2016\/12\/01\/aeromexico-volaris-e-interjet-sacrifican-espacio-para-poner-mas-asientos\/#primaryimage","url":"https:\/\/nitu.mx\/wp-content\/uploads\/2016\/11\/volaris-asientos-m\u00e9xico.jpg","contentUrl":"https:\/\/nitu.mx\/wp-content\/uploads\/2016\/11\/volaris-asientos-m\u00e9xico.jpg","width":3049,"height":1915,"caption":"volaris asientos mexico"},{"@type":"BreadcrumbList","@id":"https:\/\/nitu.mx\/index.php\/2016\/12\/01\/aeromexico-volaris-e-interjet-sacrifican-espacio-para-poner-mas-asientos\/#breadcrumb","itemListElement":[{"@type":"ListItem","position":1,"name":"Inicio","item":"https:\/\/nitu.mx\/"},{"@type":"ListItem","position":2,"name":"Aerom\u00e9xico, Volaris e Interjet sacrifican espacio para poner m\u00e1s asientos"}]},{"@type":"WebSite","@id":"https:\/\/nitu.mx\/#website","url":"https:\/\/nitu.mx\/","name":"Nitu - Noticias de la Industria Turistica","description":"Noticias de la Industria Turistica","publisher":{"@id":"https:\/\/nitu.mx\/#\/schema\/person\/ae7a53426417292d3dd07b45a33e01bc"},"alternateName":"Noticias de la Industria Turistica","potentialAction":[{"@type":"SearchAction","target":{"@type":"EntryPoint","urlTemplate":"https:\/\/nitu.mx\/?s={search_term_string}"},"query-input":"required name=search_term_string"}],"inLanguage":"es-MX"},{"@type":["Person","Organization"],"@id":"https:\/\/nitu.mx\/#\/schema\/person\/ae7a53426417292d3dd07b45a33e01bc","name":"Arturo Medina","image":{"@type":"ImageObject","inLanguage":"es-MX","@id":"https:\/\/nitu.mx\/#\/schema\/person\/image\/","url":"https:\/\/nitu.mx\/wp-content\/uploads\/2024\/04\/4A315622-1904-4D5C-B022-878CDC840E04-90x90-1.jpeg","contentUrl":"https:\/\/nitu.mx\/wp-content\/uploads\/2024\/04\/4A315622-1904-4D5C-B022-878CDC840E04-90x90-1.jpeg","width":90,"height":90,"caption":"Arturo Medina"},"logo":{"@id":"https:\/\/nitu.mx\/#\/schema\/person\/image\/"},"description":"Director NITU.mx, Egresado de la Escuela de Periodismo Carlos Septi\u00e9n Garc\u00eda. Periodista y analista especializado en turismo desde hace 35 a\u00f1os, radicado en Canc\u00fan Q.Roo. arturo@nitu.mx","sameAs":["https:\/\/nitu.mx","https:\/\/www.facebook.com\/NITUmx\/","medinacancun","https:\/\/twitter.com\/@Arturo_Medina_G"]},{"@type":"Person","@id":"https:\/\/nitu.mx\/#\/schema\/person\/4a28fe9bd65924f7c90623773daf1b0b","name":"Redacci\u00f3n","image":{"@type":"ImageObject","inLanguage":"es-MX","@id":"https:\/\/nitu.mx\/#\/schema\/person\/image\/","url":"https:\/\/secure.gravatar.com\/avatar\/5dd011c8ccfc5cd7e4c81e42252aab38?s=96&d=mm&r=g","contentUrl":"https:\/\/secure.gravatar.com\/avatar\/5dd011c8ccfc5cd7e4c81e42252aab38?s=96&d=mm&r=g","caption":"Redacci\u00f3n"},"url":"https:\/\/nitu.mx\/index.php\/author\/redaccion\/"}]}},"views":1658,"_links":{"self":[{"href":"https:\/\/nitu.mx\/index.php\/wp-json\/wp\/v2\/posts\/4489"}],"collection":[{"href":"https:\/\/nitu.mx\/index.php\/wp-json\/wp\/v2\/posts"}],"about":[{"href":"https:\/\/nitu.mx\/index.php\/wp-json\/wp\/v2\/types\/post"}],"author":[{"embeddable":true,"href":"https:\/\/nitu.mx\/index.php\/wp-json\/wp\/v2\/users\/17"}],"replies":[{"embeddable":true,"href":"https:\/\/nitu.mx\/index.php\/wp-json\/wp\/v2\/comments?post=4489"}],"version-history":[{"count":3,"href":"https:\/\/nitu.mx\/index.php\/wp-json\/wp\/v2\/posts\/4489\/revisions"}],"predecessor-version":[{"id":4501,"href":"https:\/\/nitu.mx\/index.php\/wp-json\/wp\/v2\/posts\/4489\/revisions\/4501"}],"wp:featuredmedia":[{"embeddable":true,"href":"https:\/\/nitu.mx\/index.php\/wp-json\/wp\/v2\/media\/4514"}],"wp:attachment":[{"href":"https:\/\/nitu.mx\/index.php\/wp-json\/wp\/v2\/media?parent=4489"}],"wp:term":[{"taxonomy":"category","embeddable":true,"href":"https:\/\/nitu.mx\/index.php\/wp-json\/wp\/v2\/categories?post=4489"},{"taxonomy":"post_tag","embeddable":true,"href":"https:\/\/nitu.mx\/index.php\/wp-json\/wp\/v2\/tags?post=4489"}],"curies":[{"name":"wp","href":"https:\/\/api.w.org\/{rel}","templated":true}]}}